{"id":6329,"date":"2026-02-24T10:37:36","date_gmt":"2026-02-24T10:37:36","guid":{"rendered":"https:\/\/celina-tours.com\/blog\/?p=6329"},"modified":"2026-02-24T12:45:59","modified_gmt":"2026-02-24T12:45:59","slug":"gastronomia-dos-acores-guia-completo-de-sabores-e-pratos-tipicos","status":"publish","type":"post","link":"https:\/\/celina-tours.com\/blog\/pt\/gastronomia-dos-acores-guia-completo-de-sabores-e-pratos-tipicos\/","title":{"rendered":"Gastronomia dos A\u00e7ores: Guia Completo de Sabores e Pratos T\u00edpicos"},"content":{"rendered":"<article>Explorar a <strong>gastronomia dos A\u00e7ores<\/strong> \u00e9 embarcar numa viagem onde o paladar \u00e9 a b\u00fassola e os elementos \u2014 terra, fogo e mar \u2014 s\u00e3o os cozinheiros. Este arquip\u00e9lago de nove ilhas, ancorado no cora\u00e7\u00e3o do Atl\u00e2ntico Norte, oferece uma das experi\u00eancias culin\u00e1rias mais honestas e sensoriais do mundo.Aqui, a comida n\u00e3o \u00e9 apenas sustento; \u00e9 uma narrativa de resili\u00eancia e harmonia com a natureza vulc\u00e2nica. Mergulhamos agora nas texturas, aromas e tradi\u00e7\u00f5es que fazem dos A\u00e7ores um destino de peregrina\u00e7\u00e3o para qualquer amante da boa mesa.<\/p>\n<hr \/>\n<h2>O Alquimia do Fogo: O Cozido das Furnas (S\u00e3o Miguel)<\/h2>\n<p><img decoding=\"async\" class=\"alignnone wp-image-6330 size-full lazyload\" data-src=\"https:\/\/celina-tours.com\/blog\/wp-content\/uploads\/2026\/02\/BLOG-4-26.jpg\" alt=\"Prepara\u00e7\u00e3o do Cozido das Furnas nas caldeiras vulc\u00e2nicas de S\u00e3o Miguel, A\u00e7ores\" width=\"600\" height=\"353\" data-srcset=\"https:\/\/celina-tours.com\/blog\/wp-content\/uploads\/2026\/02\/BLOG-4-26.jpg 600w, https:\/\/celina-tours.com\/blog\/wp-content\/uploads\/2026\/02\/BLOG-4-26-300x177.jpg 300w\" data-sizes=\"(max-width: 600px) 100vw, 600px\" src=\"data:image\/svg+xml;base64,PHN2ZyB3aWR0aD0iMSIgaGVpZ2h0PSIxIiB4bWxucz0iaHR0cDovL3d3dy53My5vcmcvMjAwMC9zdmciPjwvc3ZnPg==\" style=\"--smush-placeholder-width: 600px; --smush-placeholder-aspect-ratio: 600\/353;\" \/><\/p>\n<p>Nenhum roteiro gastron\u00f3mico pelos A\u00e7ores pode come\u00e7ar sem mencionar o <strong>Cozido das Furnas<\/strong>. Na ilha de S\u00e3o Miguel, o vulcanismo ativo n\u00e3o \u00e9 apenas uma atra\u00e7\u00e3o geol\u00f3gica; \u00e9 o &#8220;fog\u00e3o&#8221; da comunidade.<\/p>\n<p>O ritual come\u00e7a cedo, junto \u00e0s caldeiras da Lagoa das Furnas. Grandes panelas s\u00e3o preenchidas com carnes de vaca, porco, frango, enchidos tradicionais (chouri\u00e7o e a ic\u00f3nica morcela com canela) e vegetais. As panelas s\u00e3o descidas para &#8220;covas&#8221; no solo quente, onde cozinham com calor geot\u00e9rmico por 6 a 7 horas. O resultado \u00e9 um sabor mineral \u00fanico que nenhum fog\u00e3o consegue replicar.<\/p>\n<h2>O Mar em Estado Bruto: Lapas, Cracas e Peixe de Profundidade<\/h2>\n<p><img decoding=\"async\" class=\"alignnone wp-image-6331 lazyload\" data-src=\"https:\/\/celina-tours.com\/blog\/wp-content\/uploads\/2026\/02\/BLOG-4-27.jpg\" alt=\"Prato de lapas grelhadas com molho de afonso e pimenta da terra, petisco t\u00edpico dos A\u00e7ores\" width=\"600\" height=\"353\" data-srcset=\"https:\/\/celina-tours.com\/blog\/wp-content\/uploads\/2026\/02\/BLOG-4-27.jpg 600w, https:\/\/celina-tours.com\/blog\/wp-content\/uploads\/2026\/02\/BLOG-4-27-300x177.jpg 300w\" data-sizes=\"(max-width: 600px) 100vw, 600px\" src=\"data:image\/svg+xml;base64,PHN2ZyB3aWR0aD0iMSIgaGVpZ2h0PSIxIiB4bWxucz0iaHR0cDovL3d3dy53My5vcmcvMjAwMC9zdmciPjwvc3ZnPg==\" style=\"--smush-placeholder-width: 600px; --smush-placeholder-aspect-ratio: 600\/353;\" \/><\/p>\n<p>O mar dos A\u00e7ores \u00e9 profundo e rico, traduzindo-se em peixe de textura firme e sabor l\u00edmpido.<\/p>\n<h3>As Lapas Grelhadas<\/h3>\n<p>Se as ilhas tivessem um hino em forma de petisco, seriam as <strong>lapas<\/strong>. Servidas a chiar numa placa de metal com um molho de manteiga, alho e a indispens\u00e1vel <strong>pimenta da terra<\/strong> (pasta de malagueta salgada).<\/p>\n<h3>As Cracas: Um Desafio para os Sentidos<\/h3>\n<p>As <strong>cracas<\/strong> parecem peda\u00e7os de rocha vulc\u00e2nica. O sabor \u00e9 uma concentra\u00e7\u00e3o absoluta de \u00e1gua do mar; \u00e9 como beber o oceano num pequeno c\u00e1lice de pedra.<\/p>\n<div style=\"background-color: #f4f4f4; border-left: 5px solid #0073aa; padding: 20px; margin: 20px 0;\">\n<div style=\"display: flex; flex-wrap: wrap; align-items: center; gap: 20px;\">\n<p><img decoding=\"async\" style=\"--smush-placeholder-width: 120px; --smush-placeholder-aspect-ratio: 120\/120;border-radius: 50%; object-fit: cover;\" data-src=\"https:\/\/celina-tours.com\/blog\/wp-content\/uploads\/2026\/02\/acores.jpg\" alt=\"Tour gastron\u00f3mico e cultural em S\u00e3o Miguel\" width=\"120\" height=\"120\" src=\"data:image\/svg+xml;base64,PHN2ZyB3aWR0aD0iMSIgaGVpZ2h0PSIxIiB4bWxucz0iaHR0cDovL3d3dy53My5vcmcvMjAwMC9zdmciPjwvc3ZnPg==\" class=\"lazyload\" \/><\/p>\n<div>\n<h4 style=\"margin-top: 0;\">Experi\u00eancias em S\u00e3o Miguel<\/h4>\n<p style=\"margin-bottom: 15px;\">Explore a Ilha de S\u00e3o Miguel com os nossos guias especialistas.<\/p>\n<p><a style=\"background: #0073aa; color: #fff; padding: 8px 15px; text-decoration: none; border-radius: 4px; font-weight: bold; display: inline-block;\" href=\"https:\/\/celina-tours.com\/passeios-barco-helicopetro-experienicas-acores.php#a1\" target=\"_blank\" rel=\"noopener\">Toda a informa\u00e7\u00e3o aqui &gt;&gt;&gt;<\/a><\/p>\n<\/div>\n<\/div>\n<\/div>\n<h3>Peixe Fresco de Profundidade<\/h3>\n<p>Nos mercados como o de Ponta Delgada, brilham o <strong>Boca Negra<\/strong>, o <strong>Imperador<\/strong> e o <strong>Cherne<\/strong>. Grelhados simplesmente com sal grosso, exemplificam a pureza do produto a\u00e7oriano.<\/p>\n<h2>A Heran\u00e7a das &#8220;Vacas Felizes&#8221;: Carne e Queijo<\/h2>\n<p>Diz-se que nos A\u00e7ores h\u00e1 mais vacas do que pessoas. O gado vive em pastoreio livre, elevando a qualidade da carne e do leite a padr\u00f5es de excel\u00eancia.<\/p>\n<h3>O Bife \u00e0 Regional<\/h3>\n<p>O bife de S\u00e3o Miguel \u00e9 uma institui\u00e7\u00e3o: uma pe\u00e7a suculenta frita em azeite e alho, coroada com pimenta da terra e um ovo estrelado.<\/p>\n<h3>O Imp\u00e9rio do Queijo de S\u00e3o Jorge (DOP)<\/h3>\n<p><img decoding=\"async\" class=\"alignnone wp-image-6332 size-full lazyload\" data-src=\"https:\/\/celina-tours.com\/blog\/wp-content\/uploads\/2026\/02\/BLOG-4-28.jpg\" alt=\"Fatia de Queijo de S\u00e3o Jorge DOP, o queijo mais famoso de Portugal\" width=\"600\" height=\"353\" data-srcset=\"https:\/\/celina-tours.com\/blog\/wp-content\/uploads\/2026\/02\/BLOG-4-28.jpg 600w, https:\/\/celina-tours.com\/blog\/wp-content\/uploads\/2026\/02\/BLOG-4-28-300x177.jpg 300w\" data-sizes=\"(max-width: 600px) 100vw, 600px\" src=\"data:image\/svg+xml;base64,PHN2ZyB3aWR0aD0iMSIgaGVpZ2h0PSIxIiB4bWxucz0iaHR0cDovL3d3dy53My5vcmcvMjAwMC9zdmciPjwvc3ZnPg==\" style=\"--smush-placeholder-width: 600px; --smush-placeholder-aspect-ratio: 600\/353;\" \/><\/p>\n<p>Produzido na Ilha de S\u00e3o Jorge, este queijo de cura longa tem um sabor que evolui do amanteigado para um picante persistente. Combina perfeitamente com um vinho licoroso do Pico.<\/p>\n<h2>A Do\u00e7ura Conventual e Tropical<\/h2>\n<p><img decoding=\"async\" class=\"alignnone wp-image-6333 size-full lazyload\" data-src=\"https:\/\/celina-tours.com\/blog\/wp-content\/uploads\/2026\/02\/BLOG-4-29.jpg\" alt=\"Sobremesas t\u00edpicas dos A\u00e7ores: Anan\u00e1s de S\u00e3o Miguel e Queijadas\" width=\"600\" height=\"353\" data-srcset=\"https:\/\/celina-tours.com\/blog\/wp-content\/uploads\/2026\/02\/BLOG-4-29.jpg 600w, https:\/\/celina-tours.com\/blog\/wp-content\/uploads\/2026\/02\/BLOG-4-29-300x177.jpg 300w\" data-sizes=\"(max-width: 600px) 100vw, 600px\" src=\"data:image\/svg+xml;base64,PHN2ZyB3aWR0aD0iMSIgaGVpZ2h0PSIxIiB4bWxucz0iaHR0cDovL3d3dy53My5vcmcvMjAwMC9zdmciPjwvc3ZnPg==\" style=\"--smush-placeholder-width: 600px; --smush-placeholder-aspect-ratio: 600\/353;\" \/><\/p>\n<ul>\n<li><strong>Anan\u00e1s de S\u00e3o Miguel:<\/strong> Cultivado em estufas de vidro, \u00e9 mais doce e menos \u00e1cido que o tropical.<\/li>\n<li><strong>Queijadas da Vila e da Graciosa:<\/strong> Doces conventuais que contam a hist\u00f3ria das ilhas atrav\u00e9s do a\u00e7\u00facar e gemas.<\/li>\n<li><strong>Dona Am\u00e9lia (Terceira):<\/strong> Bolos especiados criados para a visita da Rainha D. Am\u00e9lia em 1901.<\/li>\n<\/ul>\n<p><strong>Leia Tamb\u00e9m:<\/strong><br \/>\n\u2022 <a href=\"https:\/\/celina-tours.com\/blog\/pt\/como-ver-baleias-sao-miguel\/\">Como Ver Baleias em S\u00e3o Miguel: Guia Completo<\/a><br \/>\n\u2022 <a href=\"https:\/\/celina-tours.com\/blog\/pt\/o-que-visitar-ilha-sao-miguel\/\">O que visitar na Ilha de S\u00e3o Miguel<\/a><br \/>\n\u2022 <a href=\"https:\/\/celina-tours.com\/blog\/pt\/ilhas-acores-quais-visitar\/\">Melhores Ilhas dos A\u00e7ores para Visitar<\/a><\/p>\n<h2>O Vinho que Nasce das Pedras: Patrim\u00f3nio do Pico<\/h2>\n<p><img decoding=\"async\" class=\"alignnone wp-image-6334 size-full lazyload\" data-src=\"https:\/\/celina-tours.com\/blog\/wp-content\/uploads\/2026\/02\/BLOG-4-30.jpg\" alt=\"Vinhas da Ilha do Pico protegidas por muros de pedra bas\u00e1ltica, Patrim\u00f3nio da UNESCO\" width=\"600\" height=\"353\" data-srcset=\"https:\/\/celina-tours.com\/blog\/wp-content\/uploads\/2026\/02\/BLOG-4-30.jpg 600w, https:\/\/celina-tours.com\/blog\/wp-content\/uploads\/2026\/02\/BLOG-4-30-300x177.jpg 300w\" data-sizes=\"(max-width: 600px) 100vw, 600px\" src=\"data:image\/svg+xml;base64,PHN2ZyB3aWR0aD0iMSIgaGVpZ2h0PSIxIiB4bWxucz0iaHR0cDovL3d3dy53My5vcmcvMjAwMC9zdmciPjwvc3ZnPg==\" style=\"--smush-placeholder-width: 600px; --smush-placeholder-aspect-ratio: 600\/353;\" \/><\/p>\n<p>As vinhas da ilha do Pico s\u00e3o Patrim\u00f3nio Mundial da UNESCO. O <strong>Vinho do Pico<\/strong> (especialmente o Verdelho) cresce em &#8220;currais&#8221; de pedra negra que protegem as uvas do vento mar\u00edtimo, conferindo-lhe uma salinidade \u00fanica.<\/p>\n<h2>O Ritual do Ch\u00e1: \u00danico na Europa<\/h2>\n<p><img decoding=\"async\" class=\"alignnone wp-image-6335 size-full lazyload\" data-src=\"https:\/\/celina-tours.com\/blog\/wp-content\/uploads\/2026\/02\/BLOG-4-31.jpg\" alt=\"Planta\u00e7\u00f5es de ch\u00e1 Gorreana em S\u00e3o Miguel, as \u00fanicas da Europa\" width=\"600\" height=\"353\" data-srcset=\"https:\/\/celina-tours.com\/blog\/wp-content\/uploads\/2026\/02\/BLOG-4-31.jpg 600w, https:\/\/celina-tours.com\/blog\/wp-content\/uploads\/2026\/02\/BLOG-4-31-300x177.jpg 300w\" data-sizes=\"(max-width: 600px) 100vw, 600px\" src=\"data:image\/svg+xml;base64,PHN2ZyB3aWR0aD0iMSIgaGVpZ2h0PSIxIiB4bWxucz0iaHR0cDovL3d3dy53My5vcmcvMjAwMC9zdmciPjwvc3ZnPg==\" style=\"--smush-placeholder-width: 600px; --smush-placeholder-aspect-ratio: 600\/353;\" \/><\/p>\n<p>Em S\u00e3o Miguel situam-se as \u00fanicas planta\u00e7\u00f5es de ch\u00e1 da Europa para fins industriais: <strong>Gorreana<\/strong> e <strong>Porto Formoso<\/strong>. O ch\u00e1 \u00e9 biol\u00f3gico e possui um aroma suave e floral.<\/p>\n<hr \/>\n<h3>Conclus\u00e3o: O Luxo da Simplicidade A\u00e7oriana<\/h3>\n<p>A <strong>gastronomia dos A\u00e7ores<\/strong> \u00e9 um ant\u00eddoto para o mundo moderno. \u00c9 uma cozinha que exige tempo e conex\u00e3o com a origem de cada ingrediente. Quem visita estas ilhas leva consigo a alma alimentada pela verdade de uma terra que ainda sabe a vida.<\/p>\n<\/article>\n","protected":false},"excerpt":{"rendered":"<p>Explorar a gastronomia dos A\u00e7ores \u00e9 embarcar numa viagem onde o paladar \u00e9 a b\u00fassola e os elementos \u2014 terra,&hellip;<\/p>\n","protected":false},"author":1,"featured_media":6297,"comment_status":"closed","ping_status":"closed","sticky":false,"template":"","format":"standard","meta":{"om_disable_all_campaigns":false,"footnotes":""},"categories":[34],"tags":[],"class_list":["post-6329","post","type-post","status-publish","format-standard","has-post-thumbnail","hentry","category-gastronomia"],"yoast_head":"<!-- This site is optimized with the Yoast SEO plugin v27.0 - https:\/\/yoast.com\/product\/yoast-seo-wordpress\/ -->\n<title>Gastronomia dos A\u00e7ores: O que comer e beber<\/title>\n<meta name=\"description\" content=\"Descubra a aut\u00eantica gastronomia dos A\u00e7ores. Do Cozido das Furnas ao Queijo de S\u00e3o Jorge e vinhos do Pico, explore os sabores vulc\u00e2nicos deste arquip\u00e9lago \u00fanico.\" \/>\n<meta name=\"robots\" content=\"index, follow, max-snippet:-1, max-image-preview:large, max-video-preview:-1\" \/>\n<link rel=\"canonical\" href=\"https:\/\/celina-tours.com\/blog\/pt\/gastronomia-dos-acores-guia-completo-de-sabores-e-pratos-tipicos\/\" \/>\n<meta property=\"og:locale\" content=\"pt_PT\" \/>\n<meta property=\"og:type\" content=\"article\" \/>\n<meta property=\"og:title\" content=\"Gastronomia dos A\u00e7ores: O que comer e beber\" \/>\n<meta property=\"og:description\" content=\"Descubra a aut\u00eantica gastronomia dos A\u00e7ores. Do Cozido das Furnas ao Queijo de S\u00e3o Jorge e vinhos do Pico, explore os sabores vulc\u00e2nicos deste arquip\u00e9lago \u00fanico.\" \/>\n<meta property=\"og:url\" content=\"https:\/\/celina-tours.com\/blog\/pt\/gastronomia-dos-acores-guia-completo-de-sabores-e-pratos-tipicos\/\" \/>\n<meta property=\"article:publisher\" content=\"https:\/\/www.instagram.com\/celinatourspt\/\" \/>\n<meta property=\"article:published_time\" content=\"2026-02-24T10:37:36+00:00\" \/>\n<meta property=\"article:modified_time\" content=\"2026-02-24T12:45:59+00:00\" \/>\n<meta property=\"og:image\" content=\"https:\/\/celina-tours.com\/blog\/wp-content\/uploads\/2026\/02\/BLOG-4-19.jpg\" \/>\n\t<meta property=\"og:image:width\" content=\"600\" \/>\n\t<meta property=\"og:image:height\" content=\"353\" \/>\n\t<meta property=\"og:image:type\" content=\"image\/jpeg\" \/>\n<meta name=\"author\" content=\"ctours_blog\" \/>\n<meta name=\"twitter:card\" content=\"summary_large_image\" \/>\n<meta name=\"twitter:label1\" content=\"Escrito por\" \/>\n\t<meta name=\"twitter:data1\" content=\"ctours_blog\" \/>\n\t<meta name=\"twitter:label2\" content=\"Tempo estimado de leitura\" \/>\n\t<meta name=\"twitter:data2\" content=\"6 minutos\" \/>\n<script type=\"application\/ld+json\" class=\"yoast-schema-graph\">{\"@context\":\"https:\/\/schema.org\",\"@graph\":[{\"@type\":\"Article\",\"@id\":\"https:\/\/celina-tours.com\/blog\/pt\/gastronomia-dos-acores-guia-completo-de-sabores-e-pratos-tipicos\/#article\",\"isPartOf\":{\"@id\":\"https:\/\/celina-tours.com\/blog\/pt\/gastronomia-dos-acores-guia-completo-de-sabores-e-pratos-tipicos\/\"},\"author\":{\"name\":\"ctours_blog\",\"@id\":\"https:\/\/celina-tours.com\/blog\/#\/schema\/person\/e4611dfff819107474e643eb3c25e040\"},\"headline\":\"Gastronomia dos A\u00e7ores: Guia Completo de Sabores e Pratos T\u00edpicos\",\"datePublished\":\"2026-02-24T10:37:36+00:00\",\"dateModified\":\"2026-02-24T12:45:59+00:00\",\"mainEntityOfPage\":{\"@id\":\"https:\/\/celina-tours.com\/blog\/pt\/gastronomia-dos-acores-guia-completo-de-sabores-e-pratos-tipicos\/\"},\"wordCount\":728,\"publisher\":{\"@id\":\"https:\/\/celina-tours.com\/blog\/#organization\"},\"image\":{\"@id\":\"https:\/\/celina-tours.com\/blog\/pt\/gastronomia-dos-acores-guia-completo-de-sabores-e-pratos-tipicos\/#primaryimage\"},\"thumbnailUrl\":\"https:\/\/celina-tours.com\/blog\/wp-content\/uploads\/2026\/02\/BLOG-4-19.jpg\",\"articleSection\":[\"Gastronomia\"],\"inLanguage\":\"pt-PT\"},{\"@type\":\"WebPage\",\"@id\":\"https:\/\/celina-tours.com\/blog\/pt\/gastronomia-dos-acores-guia-completo-de-sabores-e-pratos-tipicos\/\",\"url\":\"https:\/\/celina-tours.com\/blog\/pt\/gastronomia-dos-acores-guia-completo-de-sabores-e-pratos-tipicos\/\",\"name\":\"Gastronomia dos A\u00e7ores: O que comer e beber\",\"isPartOf\":{\"@id\":\"https:\/\/celina-tours.com\/blog\/#website\"},\"primaryImageOfPage\":{\"@id\":\"https:\/\/celina-tours.com\/blog\/pt\/gastronomia-dos-acores-guia-completo-de-sabores-e-pratos-tipicos\/#primaryimage\"},\"image\":{\"@id\":\"https:\/\/celina-tours.com\/blog\/pt\/gastronomia-dos-acores-guia-completo-de-sabores-e-pratos-tipicos\/#primaryimage\"},\"thumbnailUrl\":\"https:\/\/celina-tours.com\/blog\/wp-content\/uploads\/2026\/02\/BLOG-4-19.jpg\",\"datePublished\":\"2026-02-24T10:37:36+00:00\",\"dateModified\":\"2026-02-24T12:45:59+00:00\",\"description\":\"Descubra a aut\u00eantica gastronomia dos A\u00e7ores. Do Cozido das Furnas ao Queijo de S\u00e3o Jorge e vinhos do Pico, explore os sabores vulc\u00e2nicos deste arquip\u00e9lago \u00fanico.\",\"breadcrumb\":{\"@id\":\"https:\/\/celina-tours.com\/blog\/pt\/gastronomia-dos-acores-guia-completo-de-sabores-e-pratos-tipicos\/#breadcrumb\"},\"inLanguage\":\"pt-PT\",\"potentialAction\":[{\"@type\":\"ReadAction\",\"target\":[\"https:\/\/celina-tours.com\/blog\/pt\/gastronomia-dos-acores-guia-completo-de-sabores-e-pratos-tipicos\/\"]}]},{\"@type\":\"ImageObject\",\"inLanguage\":\"pt-PT\",\"@id\":\"https:\/\/celina-tours.com\/blog\/pt\/gastronomia-dos-acores-guia-completo-de-sabores-e-pratos-tipicos\/#primaryimage\",\"url\":\"https:\/\/celina-tours.com\/blog\/wp-content\/uploads\/2026\/02\/BLOG-4-19.jpg\",\"contentUrl\":\"https:\/\/celina-tours.com\/blog\/wp-content\/uploads\/2026\/02\/BLOG-4-19.jpg\",\"width\":600,\"height\":353},{\"@type\":\"BreadcrumbList\",\"@id\":\"https:\/\/celina-tours.com\/blog\/pt\/gastronomia-dos-acores-guia-completo-de-sabores-e-pratos-tipicos\/#breadcrumb\",\"itemListElement\":[{\"@type\":\"ListItem\",\"position\":1,\"name\":\"In\u00edcio\",\"item\":\"https:\/\/celina-tours.com\/blog\/pt\/\"},{\"@type\":\"ListItem\",\"position\":2,\"name\":\"Gastronomia dos A\u00e7ores: Guia Completo de Sabores e Pratos T\u00edpicos\"}]},{\"@type\":\"WebSite\",\"@id\":\"https:\/\/celina-tours.com\/blog\/#website\",\"url\":\"https:\/\/celina-tours.com\/blog\/\",\"name\":\"Celina Tours\",\"description\":\"\",\"publisher\":{\"@id\":\"https:\/\/celina-tours.com\/blog\/#organization\"},\"potentialAction\":[{\"@type\":\"SearchAction\",\"target\":{\"@type\":\"EntryPoint\",\"urlTemplate\":\"https:\/\/celina-tours.com\/blog\/?s={search_term_string}\"},\"query-input\":{\"@type\":\"PropertyValueSpecification\",\"valueRequired\":true,\"valueName\":\"search_term_string\"}}],\"inLanguage\":\"pt-PT\"},{\"@type\":\"Organization\",\"@id\":\"https:\/\/celina-tours.com\/blog\/#organization\",\"name\":\"Celina Tours\",\"url\":\"https:\/\/celina-tours.com\/blog\/\",\"logo\":{\"@type\":\"ImageObject\",\"inLanguage\":\"pt-PT\",\"@id\":\"https:\/\/celina-tours.com\/blog\/#\/schema\/logo\/image\/\",\"url\":\"https:\/\/celina-tours.com\/blog\/wp-content\/uploads\/2025\/01\/cropped-1-1.png\",\"contentUrl\":\"https:\/\/celina-tours.com\/blog\/wp-content\/uploads\/2025\/01\/cropped-1-1.png\",\"width\":300,\"height\":94,\"caption\":\"Celina Tours\"},\"image\":{\"@id\":\"https:\/\/celina-tours.com\/blog\/#\/schema\/logo\/image\/\"},\"sameAs\":[\"https:\/\/www.instagram.com\/celinatourspt\/\"]},{\"@type\":\"Person\",\"@id\":\"https:\/\/celina-tours.com\/blog\/#\/schema\/person\/e4611dfff819107474e643eb3c25e040\",\"name\":\"ctours_blog\",\"sameAs\":[\"https:\/\/celina-tours.com\/blog\"],\"url\":\"https:\/\/celina-tours.com\/blog\/author\/ctours_blog\/\"}]}<\/script>\n<!-- \/ Yoast SEO plugin. -->","yoast_head_json":{"title":"Gastronomia dos A\u00e7ores: O que comer e beber","description":"Descubra a aut\u00eantica gastronomia dos A\u00e7ores. Do Cozido das Furnas ao Queijo de S\u00e3o Jorge e vinhos do Pico, explore os sabores vulc\u00e2nicos deste arquip\u00e9lago \u00fanico.","robots":{"index":"index","follow":"follow","max-snippet":"max-snippet:-1","max-image-preview":"max-image-preview:large","max-video-preview":"max-video-preview:-1"},"canonical":"https:\/\/celina-tours.com\/blog\/pt\/gastronomia-dos-acores-guia-completo-de-sabores-e-pratos-tipicos\/","og_locale":"pt_PT","og_type":"article","og_title":"Gastronomia dos A\u00e7ores: O que comer e beber","og_description":"Descubra a aut\u00eantica gastronomia dos A\u00e7ores. Do Cozido das Furnas ao Queijo de S\u00e3o Jorge e vinhos do Pico, explore os sabores vulc\u00e2nicos deste arquip\u00e9lago \u00fanico.","og_url":"https:\/\/celina-tours.com\/blog\/pt\/gastronomia-dos-acores-guia-completo-de-sabores-e-pratos-tipicos\/","article_publisher":"https:\/\/www.instagram.com\/celinatourspt\/","article_published_time":"2026-02-24T10:37:36+00:00","article_modified_time":"2026-02-24T12:45:59+00:00","og_image":[{"width":600,"height":353,"url":"https:\/\/celina-tours.com\/blog\/wp-content\/uploads\/2026\/02\/BLOG-4-19.jpg","type":"image\/jpeg"}],"author":"ctours_blog","twitter_card":"summary_large_image","twitter_misc":{"Escrito por":"ctours_blog","Tempo estimado de leitura":"6 minutos"},"schema":{"@context":"https:\/\/schema.org","@graph":[{"@type":"Article","@id":"https:\/\/celina-tours.com\/blog\/pt\/gastronomia-dos-acores-guia-completo-de-sabores-e-pratos-tipicos\/#article","isPartOf":{"@id":"https:\/\/celina-tours.com\/blog\/pt\/gastronomia-dos-acores-guia-completo-de-sabores-e-pratos-tipicos\/"},"author":{"name":"ctours_blog","@id":"https:\/\/celina-tours.com\/blog\/#\/schema\/person\/e4611dfff819107474e643eb3c25e040"},"headline":"Gastronomia dos A\u00e7ores: Guia Completo de Sabores e Pratos T\u00edpicos","datePublished":"2026-02-24T10:37:36+00:00","dateModified":"2026-02-24T12:45:59+00:00","mainEntityOfPage":{"@id":"https:\/\/celina-tours.com\/blog\/pt\/gastronomia-dos-acores-guia-completo-de-sabores-e-pratos-tipicos\/"},"wordCount":728,"publisher":{"@id":"https:\/\/celina-tours.com\/blog\/#organization"},"image":{"@id":"https:\/\/celina-tours.com\/blog\/pt\/gastronomia-dos-acores-guia-completo-de-sabores-e-pratos-tipicos\/#primaryimage"},"thumbnailUrl":"https:\/\/celina-tours.com\/blog\/wp-content\/uploads\/2026\/02\/BLOG-4-19.jpg","articleSection":["Gastronomia"],"inLanguage":"pt-PT"},{"@type":"WebPage","@id":"https:\/\/celina-tours.com\/blog\/pt\/gastronomia-dos-acores-guia-completo-de-sabores-e-pratos-tipicos\/","url":"https:\/\/celina-tours.com\/blog\/pt\/gastronomia-dos-acores-guia-completo-de-sabores-e-pratos-tipicos\/","name":"Gastronomia dos A\u00e7ores: O que comer e beber","isPartOf":{"@id":"https:\/\/celina-tours.com\/blog\/#website"},"primaryImageOfPage":{"@id":"https:\/\/celina-tours.com\/blog\/pt\/gastronomia-dos-acores-guia-completo-de-sabores-e-pratos-tipicos\/#primaryimage"},"image":{"@id":"https:\/\/celina-tours.com\/blog\/pt\/gastronomia-dos-acores-guia-completo-de-sabores-e-pratos-tipicos\/#primaryimage"},"thumbnailUrl":"https:\/\/celina-tours.com\/blog\/wp-content\/uploads\/2026\/02\/BLOG-4-19.jpg","datePublished":"2026-02-24T10:37:36+00:00","dateModified":"2026-02-24T12:45:59+00:00","description":"Descubra a aut\u00eantica gastronomia dos A\u00e7ores. Do Cozido das Furnas ao Queijo de S\u00e3o Jorge e vinhos do Pico, explore os sabores vulc\u00e2nicos deste arquip\u00e9lago \u00fanico.","breadcrumb":{"@id":"https:\/\/celina-tours.com\/blog\/pt\/gastronomia-dos-acores-guia-completo-de-sabores-e-pratos-tipicos\/#breadcrumb"},"inLanguage":"pt-PT","potentialAction":[{"@type":"ReadAction","target":["https:\/\/celina-tours.com\/blog\/pt\/gastronomia-dos-acores-guia-completo-de-sabores-e-pratos-tipicos\/"]}]},{"@type":"ImageObject","inLanguage":"pt-PT","@id":"https:\/\/celina-tours.com\/blog\/pt\/gastronomia-dos-acores-guia-completo-de-sabores-e-pratos-tipicos\/#primaryimage","url":"https:\/\/celina-tours.com\/blog\/wp-content\/uploads\/2026\/02\/BLOG-4-19.jpg","contentUrl":"https:\/\/celina-tours.com\/blog\/wp-content\/uploads\/2026\/02\/BLOG-4-19.jpg","width":600,"height":353},{"@type":"BreadcrumbList","@id":"https:\/\/celina-tours.com\/blog\/pt\/gastronomia-dos-acores-guia-completo-de-sabores-e-pratos-tipicos\/#breadcrumb","itemListElement":[{"@type":"ListItem","position":1,"name":"In\u00edcio","item":"https:\/\/celina-tours.com\/blog\/pt\/"},{"@type":"ListItem","position":2,"name":"Gastronomia dos A\u00e7ores: Guia Completo de Sabores e Pratos T\u00edpicos"}]},{"@type":"WebSite","@id":"https:\/\/celina-tours.com\/blog\/#website","url":"https:\/\/celina-tours.com\/blog\/","name":"Celina Tours","description":"","publisher":{"@id":"https:\/\/celina-tours.com\/blog\/#organization"},"potentialAction":[{"@type":"SearchAction","target":{"@type":"EntryPoint","urlTemplate":"https:\/\/celina-tours.com\/blog\/?s={search_term_string}"},"query-input":{"@type":"PropertyValueSpecification","valueRequired":true,"valueName":"search_term_string"}}],"inLanguage":"pt-PT"},{"@type":"Organization","@id":"https:\/\/celina-tours.com\/blog\/#organization","name":"Celina Tours","url":"https:\/\/celina-tours.com\/blog\/","logo":{"@type":"ImageObject","inLanguage":"pt-PT","@id":"https:\/\/celina-tours.com\/blog\/#\/schema\/logo\/image\/","url":"https:\/\/celina-tours.com\/blog\/wp-content\/uploads\/2025\/01\/cropped-1-1.png","contentUrl":"https:\/\/celina-tours.com\/blog\/wp-content\/uploads\/2025\/01\/cropped-1-1.png","width":300,"height":94,"caption":"Celina Tours"},"image":{"@id":"https:\/\/celina-tours.com\/blog\/#\/schema\/logo\/image\/"},"sameAs":["https:\/\/www.instagram.com\/celinatourspt\/"]},{"@type":"Person","@id":"https:\/\/celina-tours.com\/blog\/#\/schema\/person\/e4611dfff819107474e643eb3c25e040","name":"ctours_blog","sameAs":["https:\/\/celina-tours.com\/blog"],"url":"https:\/\/celina-tours.com\/blog\/author\/ctours_blog\/"}]}},"_links":{"self":[{"href":"https:\/\/celina-tours.com\/blog\/wp-json\/wp\/v2\/posts\/6329","targetHints":{"allow":["GET"]}}],"collection":[{"href":"https:\/\/celina-tours.com\/blog\/wp-json\/wp\/v2\/posts"}],"about":[{"href":"https:\/\/celina-tours.com\/blog\/wp-json\/wp\/v2\/types\/post"}],"author":[{"embeddable":true,"href":"https:\/\/celina-tours.com\/blog\/wp-json\/wp\/v2\/users\/1"}],"replies":[{"embeddable":true,"href":"https:\/\/celina-tours.com\/blog\/wp-json\/wp\/v2\/comments?post=6329"}],"version-history":[{"count":4,"href":"https:\/\/celina-tours.com\/blog\/wp-json\/wp\/v2\/posts\/6329\/revisions"}],"predecessor-version":[{"id":6358,"href":"https:\/\/celina-tours.com\/blog\/wp-json\/wp\/v2\/posts\/6329\/revisions\/6358"}],"wp:featuredmedia":[{"embeddable":true,"href":"https:\/\/celina-tours.com\/blog\/wp-json\/wp\/v2\/media\/6297"}],"wp:attachment":[{"href":"https:\/\/celina-tours.com\/blog\/wp-json\/wp\/v2\/media?parent=6329"}],"wp:term":[{"taxonomy":"category","embeddable":true,"href":"https:\/\/celina-tours.com\/blog\/wp-json\/wp\/v2\/categories?post=6329"},{"taxonomy":"post_tag","embeddable":true,"href":"https:\/\/celina-tours.com\/blog\/wp-json\/wp\/v2\/tags?post=6329"}],"curies":[{"name":"wp","href":"https:\/\/api.w.org\/{rel}","templated":true}]}}