{"id":6207,"date":"2026-02-22T15:46:38","date_gmt":"2026-02-22T15:46:38","guid":{"rendered":"https:\/\/celina-tours.com\/blog\/?p=6207"},"modified":"2026-02-23T12:40:57","modified_gmt":"2026-02-23T12:40:57","slug":"excursion-sintra-cascais-desde-lisboa","status":"publish","type":"post","link":"https:\/\/celina-tours.com\/blog\/es\/excursion-sintra-cascais-desde-lisboa\/","title":{"rendered":"Excursi\u00f3n a Sintra y Cascais desde Lisboa en Van"},"content":{"rendered":"<h2 id=\"tour-sintra-cascais-desde-lisboa\">Tour Sintra y Cascais desde Lisboa en Van<\/h2>\n<p>Si existe un destino en Portugal que parece salido de un cuento de hadas, ese lugar es <strong>Sintra<\/strong>. Pero para vivir esta experiencia con el m\u00e1ximo confort, flexibilidad y atenci\u00f3n personalizada, la elecci\u00f3n del transporte y del gu\u00eda marca la diferencia.<\/p>\n<p>En <strong>Celina Tours<\/strong> somos especialistas en ofrecer rutas inolvidables mediante <strong>Vans modernas de hasta 8 plazas<\/strong>. Este formato de &#8220;Grupo Reducido&#8221; o &#8220;Tour Privado&#8221; le permite escapar de las grandes excursiones en autob\u00fas, acceder a lugares donde los veh\u00edculos grandes no llegan y recibir una atenci\u00f3n mucho m\u00e1s cercana y amable.<\/p>\n<hr \/>\n<h2>\u00bfPor qu\u00e9 elegir un Tour en Van de 8 plazas?<\/h2>\n<p>Viajar en una Van de 8 plazas ofrece el equilibrio perfecto entre la econom\u00eda de un tour compartido y la exclusividad de un servicio VIP.<\/p>\n<ul>\n<li><strong>Agilidad y Confort:<\/strong> Nuestras Vans est\u00e1n climatizadas y preparadas para las curvas de la Sierra de Sintra, garantizando un viaje suave.<\/li>\n<li><strong>Acceso Facilitado:<\/strong> En Sintra, el tr\u00e1fico y el aparcamiento son retos constantes. Con nuestra Van, el <em>pickup<\/em> y <em>drop-off<\/em> (recogida y regreso) en su hotel de Lisboa son sencillos y eficientes.<\/li>\n<li><strong>Ambiente \u00cdntimo:<\/strong> Con un m\u00e1ximo de 8 personas, el gu\u00eda de Celina Tours puede interactuar con todos, resolver dudas y adaptar el ritmo del paseo a las necesidades del grupo.<\/li>\n<\/ul>\n<hr \/>\n<table style=\"width: 732px; height: 210px;\">\n<tbody>\n<tr>\n<td style=\"width: 644.8px;\">\n<h3><img decoding=\"async\" class=\"alignleft wp-image-3974 lazyload\" data-src=\"https:\/\/celina-tours.com\/blog\/wp-content\/uploads\/2025\/02\/sintra.jpg\" alt=\"\" width=\"182\" height=\"182\" src=\"data:image\/svg+xml;base64,PHN2ZyB3aWR0aD0iMSIgaGVpZ2h0PSIxIiB4bWxucz0iaHR0cDovL3d3dy53My5vcmcvMjAwMC9zdmciPjwvc3ZnPg==\" style=\"--smush-placeholder-width: 182px; --smush-placeholder-aspect-ratio: 182\/182;\" \/><br \/>\nEXCURSION SINTRA CASCAIS<\/h3>\n<p><a href=\"https:\/\/celina-tours.com\/es\/excursion-privada-sintra-tours-lisboa.php\" target=\"_blank\" rel=\"noopener\">Excursion Privada Sintra Cascais &gt;&gt;&gt;<\/a><\/p>\n<p><a href=\"https:\/\/celina-tours.com\/es\/excursion-sintra-desde-lisboa.php\" target=\"_blank\" rel=\"noopener\">Excursion grupo Sintra Cascais &gt;&gt;&gt;<\/a><\/td>\n<\/tr>\n<\/tbody>\n<\/table>\n<hr \/>\n<h2>El Itinerario M\u00edstico: El Coraz\u00f3n de Sintra<\/h2>\n<h3>Palacio Nacional de la Pena: La Cima del Romanticismo<\/h3>\n<p>El tour comienza con la subida a la Sierra para visitar el <strong>Palacio de la Pena<\/strong>. Con Celina Tours, contar\u00e1 con un gu\u00eda especializado que le ayudar\u00e1 a navegar por los colores vibrantes (amarillo, rojo y azul) y los estilos neomanuelino y morisco que definen esta &#8220;Maravilla de Portugal&#8221;.<\/p>\n<h3>Quinta da Regaleira: Misterio y Simbolismo<\/h3>\n<p>Uno de los puntos fuertes de nuestro tour es la <strong>Quinta da Regaleira<\/strong>. Famosa por su <strong>Pozo Inici\u00e1tico<\/strong>, esta propiedad es un laberinto de t\u00faneles y jardines repletos de s\u00edmbolos mas\u00f3nicos y templarios. Nuestro gu\u00eda acompa\u00f1ar\u00e1 su descubrimiento, revelando los secretos ocultos en cada gruta y estatua.<\/p>\n<h3>Centro Hist\u00f3rico y la Famosa &#8220;Piriquita&#8221;<\/h3>\n<p>Tras la inmersi\u00f3n en la arquitectura, haremos una parada en el <strong>Centro de Sintra<\/strong>. Es el momento ideal para caminar por las callejuelas medievales y, por supuesto, probar los tradicionales <strong>Travesseiros y Queijadas en la Casa Piriquita<\/strong>, una parada obligatoria recomendada por el equipo de Celina Tours.<\/p>\n<hr \/>\n<h2>La Ruta de la Costa: Del Cabo de Roca a Cascais<\/h2>\n<h3>Cabo de Roca: Donde la Tierra Acaba<\/h3>\n<p>A bordo de nuestra Van de 8 plazas, nos dirigimos al punto m\u00e1s occidental de la Europa Continental. El <strong>Cabo de Roca<\/strong> ofrece acantilados dram\u00e1ticos de 140 metros de altura y una vista infinita al Atl\u00e1ntico. Es el escenario perfecto para fotos panor\u00e1micas inolvidables.<\/p>\n<h3>Boca del Infierno y el Encanto de Cascais<\/h3>\n<p>Camino a la villa, pasamos por la <strong>Boca del Infierno<\/strong>, una formaci\u00f3n rocosa impresionante donde la fuerza del mar ha creado una cueva abierta.<\/p>\n<p>Finalmente, llegamos a <strong>Cascais<\/strong>. Antigua residencia de verano de la familia real portuguesa, Cascais combina la tradici\u00f3n de un pueblo de pescadores con el lujo de un destino balneario cosmopolita. Tendr\u00e1 tiempo libre para explorar la marina, el centro hist\u00f3rico y las playas de arena dorada.<\/p>\n<hr \/>\n<h2>Diferenciales de Celina Tours<\/h2>\n<p>Al reservar su tour con nosotros, no solo contrata transporte; invierte en una experiencia completa:<\/p>\n<ol>\n<li><strong>Recogida y Regreso (Pickup):<\/strong> Le buscamos y dejamos en la puerta de su alojamiento en Lisboa.<\/li>\n<li><strong>Gu\u00edas Apasionados:<\/strong> Nuestros gu\u00edas no solo cuentan historias, viven la cultura local y tratan a los clientes como amigos.<\/li>\n<li><strong>Flexibilidad:<\/strong> A diferencia de los grupos grandes, nuestra Van permite peque\u00f1as paradas fotogr\u00e1ficas en miradores estrat\u00e9gicos que los autobuses ignoran.<\/li>\n<\/ol>\n<hr \/>\n<h2>Consejos para su Tour con Celina Tours<\/h2>\n<ul>\n<li><strong>Reserve con Antelaci\u00f3n:<\/strong> Al operar con grupos peque\u00f1os (m\u00e1x. 8 personas), las plazas se agotan r\u00e1pido, especialmente en temporada alta.<\/li>\n<li><strong>Ropa C\u00f3moda:<\/strong> Sintra tiene su propio microclima. Recomendamos calzado c\u00f3modo para caminar por los palacios y una chaqueta ligera, incluso en verano.<\/li>\n<li><strong>Entradas:<\/strong> Para optimizar el tiempo, sugerimos la compra anticipada de las entradas al Palacio de la Pena (horario de ma\u00f1ana).<\/li>\n<\/ul>\n<h3>Conclusi\u00f3n<\/h3>\n<p>Un d\u00eda con <strong>Celina Tours<\/strong> en Sintra y Cascais es la garant\u00eda de ver lo mejor de Portugal sin prisas y con total comodidad. A bordo de nuestra Van de 8 plazas, cada detalle est\u00e1 pensado para que su \u00fanica preocupaci\u00f3n sea disfrutar del paisaje.<\/p>\n","protected":false},"excerpt":{"rendered":"<p>Tour Sintra y Cascais desde Lisboa en Van Si existe un destino en Portugal que parece salido de un cuento&hellip;<\/p>\n","protected":false},"author":1,"featured_media":5582,"comment_status":"closed","ping_status":"closed","sticky":false,"template":"","format":"standard","meta":{"om_disable_all_campaigns":false,"footnotes":""},"categories":[191],"tags":[],"class_list":["post-6207","post","type-post","status-publish","format-standard","has-post-thumbnail","hentry","category-lisboa-es"],"yoast_head":"<!-- This site is optimized with the Yoast SEO plugin v27.0 - https:\/\/yoast.com\/product\/yoast-seo-wordpress\/ -->\n<title>Sintra, Palacio de la Pena y Cascais en Van<\/title>\n<meta name=\"description\" content=\"Explora Sintra y Cascais en un grupo reducido desde Lisboa. Visita el Palacio de la Pena y la Regaleira en una c\u00f3moda van de 8 plazas. \u00a1Reserva tu experiencia!\" \/>\n<meta name=\"robots\" content=\"index, follow, max-snippet:-1, max-image-preview:large, max-video-preview:-1\" \/>\n<link rel=\"canonical\" href=\"https:\/\/celina-tours.com\/blog\/es\/excursion-sintra-cascais-desde-lisboa\/\" \/>\n<meta property=\"og:locale\" content=\"pt_PT\" \/>\n<meta property=\"og:type\" content=\"article\" \/>\n<meta property=\"og:title\" content=\"Sintra, Palacio de la Pena y Cascais en Van\" \/>\n<meta property=\"og:description\" content=\"Explora Sintra y Cascais en un grupo reducido desde Lisboa. Visita el Palacio de la Pena y la Regaleira en una c\u00f3moda van de 8 plazas. \u00a1Reserva tu experiencia!\" \/>\n<meta property=\"og:url\" content=\"https:\/\/celina-tours.com\/blog\/es\/excursion-sintra-cascais-desde-lisboa\/\" \/>\n<meta property=\"article:publisher\" content=\"https:\/\/www.instagram.com\/celinatourspt\/\" \/>\n<meta property=\"article:published_time\" content=\"2026-02-22T15:46:38+00:00\" \/>\n<meta property=\"article:modified_time\" content=\"2026-02-23T12:40:57+00:00\" \/>\n<meta property=\"og:image\" content=\"https:\/\/celina-tours.com\/blog\/wp-content\/uploads\/2025\/03\/BLOG-4-21.jpg\" \/>\n\t<meta property=\"og:image:width\" content=\"600\" \/>\n\t<meta property=\"og:image:height\" content=\"353\" \/>\n\t<meta property=\"og:image:type\" content=\"image\/jpeg\" \/>\n<meta name=\"author\" content=\"ctours_blog\" \/>\n<meta name=\"twitter:card\" content=\"summary_large_image\" \/>\n<meta name=\"twitter:label1\" content=\"Escrito por\" \/>\n\t<meta name=\"twitter:data1\" content=\"ctours_blog\" \/>\n\t<meta name=\"twitter:label2\" content=\"Tempo estimado de leitura\" \/>\n\t<meta name=\"twitter:data2\" content=\"5 minutos\" \/>\n<script type=\"application\/ld+json\" class=\"yoast-schema-graph\">{\"@context\":\"https:\/\/schema.org\",\"@graph\":[{\"@type\":\"Article\",\"@id\":\"https:\/\/celina-tours.com\/blog\/es\/excursion-sintra-cascais-desde-lisboa\/#article\",\"isPartOf\":{\"@id\":\"https:\/\/celina-tours.com\/blog\/es\/excursion-sintra-cascais-desde-lisboa\/\"},\"author\":{\"name\":\"ctours_blog\",\"@id\":\"https:\/\/celina-tours.com\/blog\/#\/schema\/person\/e4611dfff819107474e643eb3c25e040\"},\"headline\":\"Excursi\u00f3n a Sintra y Cascais desde Lisboa en Van\",\"datePublished\":\"2026-02-22T15:46:38+00:00\",\"dateModified\":\"2026-02-23T12:40:57+00:00\",\"mainEntityOfPage\":{\"@id\":\"https:\/\/celina-tours.com\/blog\/es\/excursion-sintra-cascais-desde-lisboa\/\"},\"wordCount\":783,\"publisher\":{\"@id\":\"https:\/\/celina-tours.com\/blog\/#organization\"},\"image\":{\"@id\":\"https:\/\/celina-tours.com\/blog\/es\/excursion-sintra-cascais-desde-lisboa\/#primaryimage\"},\"thumbnailUrl\":\"https:\/\/celina-tours.com\/blog\/wp-content\/uploads\/2025\/03\/BLOG-4-21.jpg\",\"articleSection\":[\"Regi\u00f3n de Lisboa\"],\"inLanguage\":\"pt-PT\"},{\"@type\":\"WebPage\",\"@id\":\"https:\/\/celina-tours.com\/blog\/es\/excursion-sintra-cascais-desde-lisboa\/\",\"url\":\"https:\/\/celina-tours.com\/blog\/es\/excursion-sintra-cascais-desde-lisboa\/\",\"name\":\"Sintra, Palacio de la Pena y Cascais en Van\",\"isPartOf\":{\"@id\":\"https:\/\/celina-tours.com\/blog\/#website\"},\"primaryImageOfPage\":{\"@id\":\"https:\/\/celina-tours.com\/blog\/es\/excursion-sintra-cascais-desde-lisboa\/#primaryimage\"},\"image\":{\"@id\":\"https:\/\/celina-tours.com\/blog\/es\/excursion-sintra-cascais-desde-lisboa\/#primaryimage\"},\"thumbnailUrl\":\"https:\/\/celina-tours.com\/blog\/wp-content\/uploads\/2025\/03\/BLOG-4-21.jpg\",\"datePublished\":\"2026-02-22T15:46:38+00:00\",\"dateModified\":\"2026-02-23T12:40:57+00:00\",\"description\":\"Explora Sintra y Cascais en un grupo reducido desde Lisboa. Visita el Palacio de la Pena y la Regaleira en una c\u00f3moda van de 8 plazas. \u00a1Reserva tu experiencia!\",\"breadcrumb\":{\"@id\":\"https:\/\/celina-tours.com\/blog\/es\/excursion-sintra-cascais-desde-lisboa\/#breadcrumb\"},\"inLanguage\":\"pt-PT\",\"potentialAction\":[{\"@type\":\"ReadAction\",\"target\":[\"https:\/\/celina-tours.com\/blog\/es\/excursion-sintra-cascais-desde-lisboa\/\"]}]},{\"@type\":\"ImageObject\",\"inLanguage\":\"pt-PT\",\"@id\":\"https:\/\/celina-tours.com\/blog\/es\/excursion-sintra-cascais-desde-lisboa\/#primaryimage\",\"url\":\"https:\/\/celina-tours.com\/blog\/wp-content\/uploads\/2025\/03\/BLOG-4-21.jpg\",\"contentUrl\":\"https:\/\/celina-tours.com\/blog\/wp-content\/uploads\/2025\/03\/BLOG-4-21.jpg\",\"width\":600,\"height\":353},{\"@type\":\"BreadcrumbList\",\"@id\":\"https:\/\/celina-tours.com\/blog\/es\/excursion-sintra-cascais-desde-lisboa\/#breadcrumb\",\"itemListElement\":[{\"@type\":\"ListItem\",\"position\":1,\"name\":\"In\u00edcio\",\"item\":\"https:\/\/celina-tours.com\/blog\/pt\/\"},{\"@type\":\"ListItem\",\"position\":2,\"name\":\"Excursi\u00f3n a Sintra y Cascais desde Lisboa en Van\"}]},{\"@type\":\"WebSite\",\"@id\":\"https:\/\/celina-tours.com\/blog\/#website\",\"url\":\"https:\/\/celina-tours.com\/blog\/\",\"name\":\"Celina Tours\",\"description\":\"\",\"publisher\":{\"@id\":\"https:\/\/celina-tours.com\/blog\/#organization\"},\"potentialAction\":[{\"@type\":\"SearchAction\",\"target\":{\"@type\":\"EntryPoint\",\"urlTemplate\":\"https:\/\/celina-tours.com\/blog\/?s={search_term_string}\"},\"query-input\":{\"@type\":\"PropertyValueSpecification\",\"valueRequired\":true,\"valueName\":\"search_term_string\"}}],\"inLanguage\":\"pt-PT\"},{\"@type\":\"Organization\",\"@id\":\"https:\/\/celina-tours.com\/blog\/#organization\",\"name\":\"Celina Tours\",\"url\":\"https:\/\/celina-tours.com\/blog\/\",\"logo\":{\"@type\":\"ImageObject\",\"inLanguage\":\"pt-PT\",\"@id\":\"https:\/\/celina-tours.com\/blog\/#\/schema\/logo\/image\/\",\"url\":\"https:\/\/celina-tours.com\/blog\/wp-content\/uploads\/2025\/01\/cropped-1-1.png\",\"contentUrl\":\"https:\/\/celina-tours.com\/blog\/wp-content\/uploads\/2025\/01\/cropped-1-1.png\",\"width\":300,\"height\":94,\"caption\":\"Celina Tours\"},\"image\":{\"@id\":\"https:\/\/celina-tours.com\/blog\/#\/schema\/logo\/image\/\"},\"sameAs\":[\"https:\/\/www.instagram.com\/celinatourspt\/\"]},{\"@type\":\"Person\",\"@id\":\"https:\/\/celina-tours.com\/blog\/#\/schema\/person\/e4611dfff819107474e643eb3c25e040\",\"name\":\"ctours_blog\",\"sameAs\":[\"https:\/\/celina-tours.com\/blog\"],\"url\":\"https:\/\/celina-tours.com\/blog\/author\/ctours_blog\/\"}]}<\/script>\n<!-- \/ Yoast SEO plugin. -->","yoast_head_json":{"title":"Sintra, Palacio de la Pena y Cascais en Van","description":"Explora Sintra y Cascais en un grupo reducido desde Lisboa. Visita el Palacio de la Pena y la Regaleira en una c\u00f3moda van de 8 plazas. \u00a1Reserva tu experiencia!","robots":{"index":"index","follow":"follow","max-snippet":"max-snippet:-1","max-image-preview":"max-image-preview:large","max-video-preview":"max-video-preview:-1"},"canonical":"https:\/\/celina-tours.com\/blog\/es\/excursion-sintra-cascais-desde-lisboa\/","og_locale":"pt_PT","og_type":"article","og_title":"Sintra, Palacio de la Pena y Cascais en Van","og_description":"Explora Sintra y Cascais en un grupo reducido desde Lisboa. Visita el Palacio de la Pena y la Regaleira en una c\u00f3moda van de 8 plazas. \u00a1Reserva tu experiencia!","og_url":"https:\/\/celina-tours.com\/blog\/es\/excursion-sintra-cascais-desde-lisboa\/","article_publisher":"https:\/\/www.instagram.com\/celinatourspt\/","article_published_time":"2026-02-22T15:46:38+00:00","article_modified_time":"2026-02-23T12:40:57+00:00","og_image":[{"width":600,"height":353,"url":"https:\/\/celina-tours.com\/blog\/wp-content\/uploads\/2025\/03\/BLOG-4-21.jpg","type":"image\/jpeg"}],"author":"ctours_blog","twitter_card":"summary_large_image","twitter_misc":{"Escrito por":"ctours_blog","Tempo estimado de leitura":"5 minutos"},"schema":{"@context":"https:\/\/schema.org","@graph":[{"@type":"Article","@id":"https:\/\/celina-tours.com\/blog\/es\/excursion-sintra-cascais-desde-lisboa\/#article","isPartOf":{"@id":"https:\/\/celina-tours.com\/blog\/es\/excursion-sintra-cascais-desde-lisboa\/"},"author":{"name":"ctours_blog","@id":"https:\/\/celina-tours.com\/blog\/#\/schema\/person\/e4611dfff819107474e643eb3c25e040"},"headline":"Excursi\u00f3n a Sintra y Cascais desde Lisboa en Van","datePublished":"2026-02-22T15:46:38+00:00","dateModified":"2026-02-23T12:40:57+00:00","mainEntityOfPage":{"@id":"https:\/\/celina-tours.com\/blog\/es\/excursion-sintra-cascais-desde-lisboa\/"},"wordCount":783,"publisher":{"@id":"https:\/\/celina-tours.com\/blog\/#organization"},"image":{"@id":"https:\/\/celina-tours.com\/blog\/es\/excursion-sintra-cascais-desde-lisboa\/#primaryimage"},"thumbnailUrl":"https:\/\/celina-tours.com\/blog\/wp-content\/uploads\/2025\/03\/BLOG-4-21.jpg","articleSection":["Regi\u00f3n de Lisboa"],"inLanguage":"pt-PT"},{"@type":"WebPage","@id":"https:\/\/celina-tours.com\/blog\/es\/excursion-sintra-cascais-desde-lisboa\/","url":"https:\/\/celina-tours.com\/blog\/es\/excursion-sintra-cascais-desde-lisboa\/","name":"Sintra, Palacio de la Pena y Cascais en Van","isPartOf":{"@id":"https:\/\/celina-tours.com\/blog\/#website"},"primaryImageOfPage":{"@id":"https:\/\/celina-tours.com\/blog\/es\/excursion-sintra-cascais-desde-lisboa\/#primaryimage"},"image":{"@id":"https:\/\/celina-tours.com\/blog\/es\/excursion-sintra-cascais-desde-lisboa\/#primaryimage"},"thumbnailUrl":"https:\/\/celina-tours.com\/blog\/wp-content\/uploads\/2025\/03\/BLOG-4-21.jpg","datePublished":"2026-02-22T15:46:38+00:00","dateModified":"2026-02-23T12:40:57+00:00","description":"Explora Sintra y Cascais en un grupo reducido desde Lisboa. Visita el Palacio de la Pena y la Regaleira en una c\u00f3moda van de 8 plazas. \u00a1Reserva tu experiencia!","breadcrumb":{"@id":"https:\/\/celina-tours.com\/blog\/es\/excursion-sintra-cascais-desde-lisboa\/#breadcrumb"},"inLanguage":"pt-PT","potentialAction":[{"@type":"ReadAction","target":["https:\/\/celina-tours.com\/blog\/es\/excursion-sintra-cascais-desde-lisboa\/"]}]},{"@type":"ImageObject","inLanguage":"pt-PT","@id":"https:\/\/celina-tours.com\/blog\/es\/excursion-sintra-cascais-desde-lisboa\/#primaryimage","url":"https:\/\/celina-tours.com\/blog\/wp-content\/uploads\/2025\/03\/BLOG-4-21.jpg","contentUrl":"https:\/\/celina-tours.com\/blog\/wp-content\/uploads\/2025\/03\/BLOG-4-21.jpg","width":600,"height":353},{"@type":"BreadcrumbList","@id":"https:\/\/celina-tours.com\/blog\/es\/excursion-sintra-cascais-desde-lisboa\/#breadcrumb","itemListElement":[{"@type":"ListItem","position":1,"name":"In\u00edcio","item":"https:\/\/celina-tours.com\/blog\/pt\/"},{"@type":"ListItem","position":2,"name":"Excursi\u00f3n a Sintra y Cascais desde Lisboa en Van"}]},{"@type":"WebSite","@id":"https:\/\/celina-tours.com\/blog\/#website","url":"https:\/\/celina-tours.com\/blog\/","name":"Celina Tours","description":"","publisher":{"@id":"https:\/\/celina-tours.com\/blog\/#organization"},"potentialAction":[{"@type":"SearchAction","target":{"@type":"EntryPoint","urlTemplate":"https:\/\/celina-tours.com\/blog\/?s={search_term_string}"},"query-input":{"@type":"PropertyValueSpecification","valueRequired":true,"valueName":"search_term_string"}}],"inLanguage":"pt-PT"},{"@type":"Organization","@id":"https:\/\/celina-tours.com\/blog\/#organization","name":"Celina Tours","url":"https:\/\/celina-tours.com\/blog\/","logo":{"@type":"ImageObject","inLanguage":"pt-PT","@id":"https:\/\/celina-tours.com\/blog\/#\/schema\/logo\/image\/","url":"https:\/\/celina-tours.com\/blog\/wp-content\/uploads\/2025\/01\/cropped-1-1.png","contentUrl":"https:\/\/celina-tours.com\/blog\/wp-content\/uploads\/2025\/01\/cropped-1-1.png","width":300,"height":94,"caption":"Celina Tours"},"image":{"@id":"https:\/\/celina-tours.com\/blog\/#\/schema\/logo\/image\/"},"sameAs":["https:\/\/www.instagram.com\/celinatourspt\/"]},{"@type":"Person","@id":"https:\/\/celina-tours.com\/blog\/#\/schema\/person\/e4611dfff819107474e643eb3c25e040","name":"ctours_blog","sameAs":["https:\/\/celina-tours.com\/blog"],"url":"https:\/\/celina-tours.com\/blog\/author\/ctours_blog\/"}]}},"_links":{"self":[{"href":"https:\/\/celina-tours.com\/blog\/wp-json\/wp\/v2\/posts\/6207","targetHints":{"allow":["GET"]}}],"collection":[{"href":"https:\/\/celina-tours.com\/blog\/wp-json\/wp\/v2\/posts"}],"about":[{"href":"https:\/\/celina-tours.com\/blog\/wp-json\/wp\/v2\/types\/post"}],"author":[{"embeddable":true,"href":"https:\/\/celina-tours.com\/blog\/wp-json\/wp\/v2\/users\/1"}],"replies":[{"embeddable":true,"href":"https:\/\/celina-tours.com\/blog\/wp-json\/wp\/v2\/comments?post=6207"}],"version-history":[{"count":2,"href":"https:\/\/celina-tours.com\/blog\/wp-json\/wp\/v2\/posts\/6207\/revisions"}],"predecessor-version":[{"id":6299,"href":"https:\/\/celina-tours.com\/blog\/wp-json\/wp\/v2\/posts\/6207\/revisions\/6299"}],"wp:featuredmedia":[{"embeddable":true,"href":"https:\/\/celina-tours.com\/blog\/wp-json\/wp\/v2\/media\/5582"}],"wp:attachment":[{"href":"https:\/\/celina-tours.com\/blog\/wp-json\/wp\/v2\/media?parent=6207"}],"wp:term":[{"taxonomy":"category","embeddable":true,"href":"https:\/\/celina-tours.com\/blog\/wp-json\/wp\/v2\/categories?post=6207"},{"taxonomy":"post_tag","embeddable":true,"href":"https:\/\/celina-tours.com\/blog\/wp-json\/wp\/v2\/tags?post=6207"}],"curies":[{"name":"wp","href":"https:\/\/api.w.org\/{rel}","templated":true}]}}