{"id":5961,"date":"2025-04-05T10:39:33","date_gmt":"2025-04-05T10:39:33","guid":{"rendered":"https:\/\/celina-tours.com\/blog\/?p=5961"},"modified":"2025-04-05T11:23:11","modified_gmt":"2025-04-05T11:23:11","slug":"les-principaux-sites-touristiques-de-sintra-portugal","status":"publish","type":"post","link":"https:\/\/celina-tours.com\/blog\/fr\/les-principaux-sites-touristiques-de-sintra-portugal\/","title":{"rendered":"Les principaux sites touristiques de Sintra, Portugal"},"content":{"rendered":"<h2 data-start=\"324\" data-end=\"379\">Les principaux sites touristiques de Sintra, Portugal<\/h2>\n<p class=\"\" data-start=\"381\" data-end=\"917\">Situ\u00e9e \u00e0 une trentaine de kilom\u00e8tres de Lisbonne, <strong data-start=\"431\" data-end=\"441\">Sintra<\/strong> est l&#8217;une des villes les plus fascinantes et pittoresques du Portugal. Nich\u00e9e dans les collines verdoyantes de la <strong data-start=\"556\" data-end=\"575\">Serra de Sintra<\/strong>, cette ville regorge de palais somptueux, de ch\u00e2teaux m\u00e9di\u00e9vaux, de jardins romantiques et de myst\u00e8res \u00e9sot\u00e9riques. Class\u00e9e <strong data-start=\"700\" data-end=\"734\">patrimoine mondial de l&#8217;UNESCO<\/strong> depuis 1995, Sintra s\u00e9duit les visiteurs par sa beaut\u00e9 naturelle, son architecture \u00e9clectique et son atmosph\u00e8re envo\u00fbtante. C&#8217;est une v\u00e9ritable invitation au r\u00eave et \u00e0 la d\u00e9couverte.<\/p>\n<p class=\"\" data-start=\"919\" data-end=\"1138\">Dans ce texte, nous vous proposons une exploration d\u00e9taill\u00e9e des <strong data-start=\"984\" data-end=\"1037\">principaux points d\u2019int\u00e9r\u00eat touristique de Sintra<\/strong>, en mettant l&#8217;accent sur leur histoire, leur architecture et les exp\u00e9riences uniques qu\u2019ils offrent.<\/p>\n<h3 data-start=\"1145\" data-end=\"1204\">1. Le Palais National de Pena (Pal\u00e1cio Nacional da Pena)<\/h3>\n<p class=\"\" data-start=\"1206\" data-end=\"1440\"><img decoding=\"async\" class=\"alignnone wp-image-5582 size-full lazyload\" data-src=\"https:\/\/celina-tours.com\/blog\/wp-content\/uploads\/2025\/03\/BLOG-4-21.jpg\" alt=\"\" width=\"600\" height=\"353\" data-srcset=\"https:\/\/celina-tours.com\/blog\/wp-content\/uploads\/2025\/03\/BLOG-4-21.jpg 600w, https:\/\/celina-tours.com\/blog\/wp-content\/uploads\/2025\/03\/BLOG-4-21-300x177.jpg 300w\" data-sizes=\"(max-width: 600px) 100vw, 600px\" src=\"data:image\/svg+xml;base64,PHN2ZyB3aWR0aD0iMSIgaGVpZ2h0PSIxIiB4bWxucz0iaHR0cDovL3d3dy53My5vcmcvMjAwMC9zdmciPjwvc3ZnPg==\" style=\"--smush-placeholder-width: 600px; --smush-placeholder-aspect-ratio: 600\/353;\" \/><\/p>\n<p class=\"\" data-start=\"1206\" data-end=\"1440\">Le <strong data-start=\"1209\" data-end=\"1227\">Palais de Pena<\/strong> est sans conteste l&#8217;embl\u00e8me le plus c\u00e9l\u00e8bre de Sintra. Perch\u00e9 au sommet de la colline, il attire l\u2019attention de loin gr\u00e2ce \u00e0 ses couleurs vives \u2014 rouge, jaune et violet \u2014 et \u00e0 son style architectural fantaisiste.<\/p>\n<h4 data-start=\"1442\" data-end=\"1472\">Histoire et architecture<\/h4>\n<p class=\"\" data-start=\"1473\" data-end=\"1820\">Construit au XIXe si\u00e8cle par le roi <strong data-start=\"1509\" data-end=\"1525\">Ferdinand II<\/strong>, un prince allemand devenu roi du Portugal par mariage, le palais a \u00e9t\u00e9 \u00e9rig\u00e9 sur les ruines d\u2019un ancien monast\u00e8re. Influenc\u00e9 par le romantisme allemand, Ferdinand a combin\u00e9 plusieurs styles architecturaux \u2014 gothique, manu\u00e9lin, islamique et Renaissance \u2014 pour cr\u00e9er un ch\u00e2teau de conte de f\u00e9es.<\/p>\n<h4 data-start=\"1822\" data-end=\"1834\">Visite<\/h4>\n<p class=\"\" data-start=\"1835\" data-end=\"2173\">\u00c0 l\u2019int\u00e9rieur, les visiteurs d\u00e9couvrent des salons richement d\u00e9cor\u00e9s, des meubles d&#8217;\u00e9poque, des carreaux d\u2019azulejos et une atmosph\u00e8re typiquement royale. Le <strong data-start=\"1992\" data-end=\"2008\">Parc de Pena<\/strong>, qui entoure le palais, est tout aussi impressionnant, avec ses sentiers sinueux, ses esp\u00e8ces v\u00e9g\u00e9tales exotiques et ses points de vue spectaculaires sur la r\u00e9gion.<\/p>\n<h3 data-start=\"2180\" data-end=\"2228\">2. Le Ch\u00e2teau des Maures (Castelo dos Mouros)<\/h3>\n<p class=\"\" data-start=\"2230\" data-end=\"2413\"><img decoding=\"async\" class=\"alignnone wp-image-5583 size-full lazyload\" data-src=\"https:\/\/celina-tours.com\/blog\/wp-content\/uploads\/2025\/03\/BLOG-4-22.jpg\" alt=\"\" width=\"600\" height=\"353\" data-srcset=\"https:\/\/celina-tours.com\/blog\/wp-content\/uploads\/2025\/03\/BLOG-4-22.jpg 600w, https:\/\/celina-tours.com\/blog\/wp-content\/uploads\/2025\/03\/BLOG-4-22-300x177.jpg 300w\" data-sizes=\"(max-width: 600px) 100vw, 600px\" src=\"data:image\/svg+xml;base64,PHN2ZyB3aWR0aD0iMSIgaGVpZ2h0PSIxIiB4bWxucz0iaHR0cDovL3d3dy53My5vcmcvMjAwMC9zdmciPjwvc3ZnPg==\" style=\"--smush-placeholder-width: 600px; --smush-placeholder-aspect-ratio: 600\/353;\" \/><\/p>\n<p class=\"\" data-start=\"2230\" data-end=\"2413\">\u00c0 quelques pas du Palais de Pena se trouve le <strong data-start=\"2276\" data-end=\"2298\">Ch\u00e2teau des Maures<\/strong>, une forteresse m\u00e9di\u00e9vale qui date du VIIIe si\u00e8cle, \u00e0 l\u2019\u00e9poque de l\u2019occupation musulmane de la p\u00e9ninsule Ib\u00e9rique.<\/p>\n<h4 data-start=\"2415\" data-end=\"2446\">Un lieu charg\u00e9 d\u2019histoire<\/h4>\n<p class=\"\" data-start=\"2447\" data-end=\"2765\">Apr\u00e8s la reconqu\u00eate chr\u00e9tienne men\u00e9e par le roi <strong data-start=\"2495\" data-end=\"2515\">Afonso Henriques<\/strong> au XIIe si\u00e8cle, le ch\u00e2teau a \u00e9t\u00e9 partiellement abandonn\u00e9, puis restaur\u00e9 au XIXe si\u00e8cle. Aujourd\u2019hui, ses murs sinueux et ses tours cr\u00e9nel\u00e9es offrent une <strong data-start=\"2669\" data-end=\"2703\">vue panoramique \u00e9poustouflante<\/strong> sur Sintra, la c\u00f4te atlantique et les collines environnantes.<\/p>\n<h4 data-start=\"2767\" data-end=\"2789\">\u00c0 ne pas manquer<\/h4>\n<p class=\"\" data-start=\"2790\" data-end=\"2943\">Se promener le long des remparts du ch\u00e2teau est une exp\u00e9rience inoubliable : on y sent le poids de l\u2019histoire et la majest\u00e9 du paysage naturel portugais.<\/p>\n<table style=\"width: 732px; height: 210px;\">\n<tbody>\n<tr>\n<td style=\"width: 644.8px;\">\n<h3><img decoding=\"async\" class=\"alignleft wp-image-3974 lazyload\" data-src=\"https:\/\/celina-tours.com\/blog\/wp-content\/uploads\/2025\/02\/sintra.jpg\" alt=\"\" width=\"182\" height=\"182\" src=\"data:image\/svg+xml;base64,PHN2ZyB3aWR0aD0iMSIgaGVpZ2h0PSIxIiB4bWxucz0iaHR0cDovL3d3dy53My5vcmcvMjAwMC9zdmciPjwvc3ZnPg==\" style=\"--smush-placeholder-width: 182px; --smush-placeholder-aspect-ratio: 182\/182;\" \/><br \/>\nVISITES DE SINTRA CASCAIS<\/h3>\n<p><a href=\"https:\/\/celina-tours.com\/fr-visite-privee-sintra-excursion-lisbonne.php\" target=\"_blank\" rel=\"noopener\">Visiste Priv\u00e9e Sintra Cascais &gt;&gt;&gt;<\/a><\/p>\n<p><a href=\"https:\/\/celina-tours.com\/fr-visite-sintra-excursion-sintra-lisbonne.php\" target=\"_blank\" rel=\"noopener\">Visite en Groupe Sintra Cascais &gt;&gt;&gt;<\/a><\/td>\n<\/tr>\n<\/tbody>\n<\/table>\n<h3 data-start=\"2950\" data-end=\"2978\">3. La Quinta da Regaleira<\/h3>\n<p class=\"\" data-start=\"2980\" data-end=\"3265\"><img decoding=\"async\" class=\"alignnone wp-image-5584 size-full lazyload\" data-src=\"https:\/\/celina-tours.com\/blog\/wp-content\/uploads\/2025\/03\/BLOG-4-23.jpg\" alt=\"\" width=\"600\" height=\"353\" data-srcset=\"https:\/\/celina-tours.com\/blog\/wp-content\/uploads\/2025\/03\/BLOG-4-23.jpg 600w, https:\/\/celina-tours.com\/blog\/wp-content\/uploads\/2025\/03\/BLOG-4-23-300x177.jpg 300w\" data-sizes=\"(max-width: 600px) 100vw, 600px\" src=\"data:image\/svg+xml;base64,PHN2ZyB3aWR0aD0iMSIgaGVpZ2h0PSIxIiB4bWxucz0iaHR0cDovL3d3dy53My5vcmcvMjAwMC9zdmciPjwvc3ZnPg==\" style=\"--smush-placeholder-width: 600px; --smush-placeholder-aspect-ratio: 600\/353;\" \/><\/p>\n<p class=\"\" data-start=\"2980\" data-end=\"3265\">Parmi les sites les plus myst\u00e9rieux de Sintra, la <strong data-start=\"3030\" data-end=\"3053\">Quinta da Regaleira<\/strong> occupe une place \u00e0 part. Ce domaine, construit au d\u00e9but du XXe si\u00e8cle, est un <strong data-start=\"3132\" data-end=\"3167\">v\u00e9ritable labyrinthe \u00e9sot\u00e9rique<\/strong> compos\u00e9 de jardins luxuriants, de tours, de grottes, de tunnels secrets et de symboles mystiques.<\/p>\n<h4 data-start=\"3267\" data-end=\"3295\">Histoire et symbolisme<\/h4>\n<p class=\"\" data-start=\"3296\" data-end=\"3609\">Command\u00e9e par <strong data-start=\"3310\" data-end=\"3347\">Ant\u00f3nio Augusto Carvalho Monteiro<\/strong>, un riche collectionneur passionn\u00e9 par l\u2019\u00e9sot\u00e9risme, et con\u00e7ue par l\u2019architecte Luigi Manini, la Quinta da Regaleira m\u00eale les influences gothiques, manu\u00e9lines et Renaissance. Elle est impr\u00e9gn\u00e9e de r\u00e9f\u00e9rences \u00e0 la franc-ma\u00e7onnerie, \u00e0 l\u2019alchimie et aux Templiers.<\/p>\n<h4 data-start=\"3611\" data-end=\"3629\">Points forts<\/h4>\n<p class=\"\" data-start=\"3630\" data-end=\"3929\">Le site le plus embl\u00e9matique est sans doute le <strong data-start=\"3677\" data-end=\"3698\">Puits initiatique<\/strong>, une tour invers\u00e9e creus\u00e9e dans le sol, que l\u2019on descend par un escalier en spirale, \u00e9voquant un chemin initiatique. On y trouve \u00e9galement des tunnels souterrains, une chapelle richement d\u00e9cor\u00e9e et un palais au charme \u00e9nigmatique.<\/p>\n<h3 data-start=\"3936\" data-end=\"3999\">4. Le Palais National de Sintra (Pal\u00e1cio Nacional de Sintra)<\/h3>\n<p class=\"\" data-start=\"4001\" data-end=\"4234\"><img decoding=\"async\" class=\"alignnone wp-image-4241 size-full lazyload\" data-src=\"https:\/\/celina-tours.com\/blog\/wp-content\/uploads\/2025\/02\/BLOG-4-4.jpg\" alt=\"\" width=\"600\" height=\"353\" data-srcset=\"https:\/\/celina-tours.com\/blog\/wp-content\/uploads\/2025\/02\/BLOG-4-4.jpg 600w, https:\/\/celina-tours.com\/blog\/wp-content\/uploads\/2025\/02\/BLOG-4-4-300x177.jpg 300w\" data-sizes=\"(max-width: 600px) 100vw, 600px\" src=\"data:image\/svg+xml;base64,PHN2ZyB3aWR0aD0iMSIgaGVpZ2h0PSIxIiB4bWxucz0iaHR0cDovL3d3dy53My5vcmcvMjAwMC9zdmciPjwvc3ZnPg==\" style=\"--smush-placeholder-width: 600px; --smush-placeholder-aspect-ratio: 600\/353;\" \/><\/p>\n<p class=\"\" data-start=\"4001\" data-end=\"4234\">Situ\u00e9 au c\u0153ur du centre historique, le <strong data-start=\"4040\" data-end=\"4069\">Palais National de Sintra<\/strong> est facilement reconnaissable gr\u00e2ce \u00e0 ses <strong data-start=\"4112\" data-end=\"4148\">deux chemin\u00e9es coniques blanches<\/strong>. Il s\u2019agit de l\u2019un des palais royaux les plus anciens et les mieux conserv\u00e9s du pays.<\/p>\n<h4 data-start=\"4236\" data-end=\"4257\">Un palais royal<\/h4>\n<p class=\"\" data-start=\"4258\" data-end=\"4517\">Ancienne r\u00e9sidence des rois portugais depuis le Moyen \u00c2ge jusqu\u2019au XIXe si\u00e8cle, le palais a connu plusieurs phases d\u2019agrandissement, notamment sous les r\u00e8gnes de D. Jo\u00e3o I et de D. Manuel I. Il offre un <strong data-start=\"4461\" data-end=\"4487\">panorama architectural<\/strong> unique sur plusieurs \u00e9poques.<\/p>\n<h4 data-start=\"4519\" data-end=\"4546\">Int\u00e9rieur remarquable<\/h4>\n<p class=\"\" data-start=\"4547\" data-end=\"4862\">\u00c0 l\u2019int\u00e9rieur, on peut admirer la <strong data-start=\"4581\" data-end=\"4601\">salle des Cygnes<\/strong>, la <strong data-start=\"4606\" data-end=\"4624\">salle des Pies<\/strong> (aux plafonds peints de 136 pies) et la <strong data-start=\"4665\" data-end=\"4686\">salle des Blasons<\/strong>, orn\u00e9e de 72 armoiries nobiliaires. Les carreaux d\u2019azulejos, les plafonds en bois sculpt\u00e9 et les meubles anciens \u00e9voquent la richesse et la culture de la monarchie portugaise.<\/p>\n<p data-start=\"4547\" data-end=\"4862\">\n<p data-start=\"4547\" data-end=\"4862\"><span class=\"HwtZe\" lang=\"fr\"><span class=\"jCAhz ChMk0b\"><span class=\"ryNqvb\"><strong>Lire aussi<\/strong><br \/>\n<a href=\"https:\/\/celina-tours.com\/blog\/fr\/les-meilleurs-point-de-vue-de-lisbonne-guide-complet-des-plus-belles-vues-de-la-ville\/\">Les Meilleurs point de vue de Lisbonne : Guide Complet des Plus Belles Vues de la Ville<\/a><br \/>\n<a href=\"https:\/\/celina-tours.com\/blog\/fr\/comment-visiter-le-chateau-dalmourol-guide-complet\/\">Que Voir et Faire \u00e0 Lisbonne Guide pour Explorer Lisbonne<\/a><br \/>\n<a href=\"https:\/\/celina-tours.com\/blog\/fr\/comment-visiter-le-chateau-dalmourol-guide-complet\/\">Comment Visiter le Ch\u00e2teau d\u2019Almourol : Guide Complet<\/a><br \/>\n<\/span><\/span><\/span><\/p>\n<p data-start=\"4547\" data-end=\"4862\">\n<p data-start=\"4547\" data-end=\"4862\">\n<h3 data-start=\"4869\" data-end=\"4922\">5. Le Palais de Monserrate (Pal\u00e1cio de Monserrate)<\/h3>\n<p class=\"\" data-start=\"4924\" data-end=\"5088\"><img decoding=\"async\" class=\"alignnone wp-image-4915 size-full lazyload\" data-src=\"https:\/\/celina-tours.com\/blog\/wp-content\/uploads\/2025\/02\/BLOG-4-121.jpg\" alt=\"\" width=\"600\" height=\"353\" data-srcset=\"https:\/\/celina-tours.com\/blog\/wp-content\/uploads\/2025\/02\/BLOG-4-121.jpg 600w, https:\/\/celina-tours.com\/blog\/wp-content\/uploads\/2025\/02\/BLOG-4-121-300x177.jpg 300w\" data-sizes=\"(max-width: 600px) 100vw, 600px\" src=\"data:image\/svg+xml;base64,PHN2ZyB3aWR0aD0iMSIgaGVpZ2h0PSIxIiB4bWxucz0iaHR0cDovL3d3dy53My5vcmcvMjAwMC9zdmciPjwvc3ZnPg==\" style=\"--smush-placeholder-width: 600px; --smush-placeholder-aspect-ratio: 600\/353;\" \/><\/p>\n<p class=\"\" data-start=\"4924\" data-end=\"5088\">Moins fr\u00e9quent\u00e9 que les autres sites, le <strong data-start=\"4965\" data-end=\"4989\">Palais de Monserrate<\/strong> est un joyau de l\u2019architecture romantique, nich\u00e9 au milieu d\u2019un <strong data-start=\"5054\" data-end=\"5087\">jardin botanique exceptionnel<\/strong>.<\/p>\n<h4 data-start=\"5090\" data-end=\"5117\">Inspiration orientale<\/h4>\n<p class=\"\" data-start=\"5118\" data-end=\"5378\">Construit par l\u2019Anglais <strong data-start=\"5142\" data-end=\"5158\">Francis Cook<\/strong> au XIXe si\u00e8cle, le palais combine des \u00e9l\u00e9ments gothiques, mauresques et indiens dans un ensemble harmonieux et exotique. Il servait de r\u00e9sidence d\u2019\u00e9t\u00e9 \u00e0 sa famille et t\u00e9moigne de la fascination romantique pour l\u2019Orient.<\/p>\n<h4 data-start=\"5380\" data-end=\"5397\">Les jardins<\/h4>\n<p class=\"\" data-start=\"5398\" data-end=\"5670\">Le <strong data-start=\"5401\" data-end=\"5423\">parc de Monserrate<\/strong> est une merveille botanique, avec plus de 3 000 esp\u00e8ces de plantes provenant des cinq continents. Des sentiers vous m\u00e8nent \u00e0 travers des vall\u00e9es de foug\u00e8res, des jardins mexicains, des lacs, des ruines artificielles et des belv\u00e9d\u00e8res romantiques.<\/p>\n<h3 data-start=\"5677\" data-end=\"5714\">6. Le Chalet de la Comtesse d\u2019Edla<\/h3>\n<p class=\"\" data-start=\"5716\" data-end=\"5884\"><img decoding=\"async\" class=\"alignnone wp-image-5947 size-full lazyload\" data-src=\"https:\/\/celina-tours.com\/blog\/wp-content\/uploads\/2025\/04\/BLOG-4.jpg\" alt=\"\" width=\"600\" height=\"353\" data-srcset=\"https:\/\/celina-tours.com\/blog\/wp-content\/uploads\/2025\/04\/BLOG-4.jpg 600w, https:\/\/celina-tours.com\/blog\/wp-content\/uploads\/2025\/04\/BLOG-4-300x177.jpg 300w\" data-sizes=\"(max-width: 600px) 100vw, 600px\" src=\"data:image\/svg+xml;base64,PHN2ZyB3aWR0aD0iMSIgaGVpZ2h0PSIxIiB4bWxucz0iaHR0cDovL3d3dy53My5vcmcvMjAwMC9zdmciPjwvc3ZnPg==\" style=\"--smush-placeholder-width: 600px; --smush-placeholder-aspect-ratio: 600\/353;\" \/><\/p>\n<p class=\"\" data-start=\"5716\" data-end=\"5884\">Cach\u00e9 dans le <strong data-start=\"5730\" data-end=\"5746\">Parc de Pena<\/strong>, le <strong data-start=\"5751\" data-end=\"5783\">Chalet de la Comtesse d\u2019Edla<\/strong> a \u00e9t\u00e9 construit par D. Fernando II pour sa seconde \u00e9pouse, <strong data-start=\"5843\" data-end=\"5860\">Elise Hensler<\/strong>, une cantatrice suisse.<\/p>\n<h4 data-start=\"5886\" data-end=\"5912\">Un refuge romantique<\/h4>\n<p class=\"\" data-start=\"5913\" data-end=\"6114\">Inspir\u00e9 des chalets alpins, il est d\u00e9cor\u00e9 de bois sculpt\u00e9, de li\u00e8ge et de peintures florales. Le chalet servait de r\u00e9sidence priv\u00e9e au couple et refl\u00e8te leur go\u00fbt artistique et leur amour de la nature.<\/p>\n<h4 data-start=\"6116\" data-end=\"6134\">Restauration<\/h4>\n<p class=\"\" data-start=\"6135\" data-end=\"6308\">Endommag\u00e9 par un incendie, le chalet a \u00e9t\u00e9 restaur\u00e9 et rouvert au public. Son charme discret et ses jardins tranquilles en font un endroit id\u00e9al pour une promenade paisible.<\/p>\n<h3 data-start=\"6315\" data-end=\"6368\">7. Le Couvent des Capucins (Convento dos Capuchos)<\/h3>\n<p class=\"\" data-start=\"6370\" data-end=\"6586\"><img decoding=\"async\" class=\"alignnone wp-image-4242 size-full lazyload\" data-src=\"https:\/\/celina-tours.com\/blog\/wp-content\/uploads\/2025\/02\/BLOG-4-5.jpg\" alt=\"\" width=\"600\" height=\"353\" data-srcset=\"https:\/\/celina-tours.com\/blog\/wp-content\/uploads\/2025\/02\/BLOG-4-5.jpg 600w, https:\/\/celina-tours.com\/blog\/wp-content\/uploads\/2025\/02\/BLOG-4-5-300x177.jpg 300w\" data-sizes=\"(max-width: 600px) 100vw, 600px\" src=\"data:image\/svg+xml;base64,PHN2ZyB3aWR0aD0iMSIgaGVpZ2h0PSIxIiB4bWxucz0iaHR0cDovL3d3dy53My5vcmcvMjAwMC9zdmciPjwvc3ZnPg==\" style=\"--smush-placeholder-width: 600px; --smush-placeholder-aspect-ratio: 600\/353;\" \/><\/p>\n<p class=\"\" data-start=\"6370\" data-end=\"6586\">\u00c0 l\u2019oppos\u00e9 des palais luxueux, le <strong data-start=\"6404\" data-end=\"6429\">Convento dos Capuchos<\/strong> offre une <strong data-start=\"6440\" data-end=\"6481\">exp\u00e9rience spirituelle et minimaliste<\/strong>. Ce monast\u00e8re franciscain, fond\u00e9 en 1560, est un exemple parfait de l\u2019architecture int\u00e9gr\u00e9e \u00e0 la nature.<\/p>\n<h4 data-start=\"6588\" data-end=\"6608\">Vie monastique<\/h4>\n<p class=\"\" data-start=\"6609\" data-end=\"6836\">Les moines y vivaient dans l\u2019aust\u00e9rit\u00e9 la plus totale, dans de minuscules cellules, sans ornement, en parfaite communion avec la nature. Le li\u00e8ge, utilis\u00e9 pour isoler les murs et les portes, donne au lieu une atmosph\u00e8re unique.<\/p>\n<h4 data-start=\"6838\" data-end=\"6865\">Une visite m\u00e9ditative<\/h4>\n<p class=\"\" data-start=\"6866\" data-end=\"7057\">Marcher dans ce lieu silencieux, envelopp\u00e9 par la for\u00eat, est une <strong data-start=\"6931\" data-end=\"6959\">exp\u00e9rience introspective<\/strong> qui permet de r\u00e9fl\u00e9chir \u00e0 d&#8217;autres valeurs \u2014 simplicit\u00e9, solitude, harmonie avec l\u2019environnement.<\/p>\n<h3 data-start=\"7064\" data-end=\"7100\">8. Le Centre historique de Sintra<\/h3>\n<p class=\"\" data-start=\"7102\" data-end=\"7319\"><img decoding=\"async\" class=\"alignnone wp-image-4307 size-full lazyload\" data-src=\"https:\/\/celina-tours.com\/blog\/wp-content\/uploads\/2025\/02\/BLOG-4-15.jpg\" alt=\"\" width=\"600\" height=\"353\" data-srcset=\"https:\/\/celina-tours.com\/blog\/wp-content\/uploads\/2025\/02\/BLOG-4-15.jpg 600w, https:\/\/celina-tours.com\/blog\/wp-content\/uploads\/2025\/02\/BLOG-4-15-300x177.jpg 300w\" data-sizes=\"(max-width: 600px) 100vw, 600px\" src=\"data:image\/svg+xml;base64,PHN2ZyB3aWR0aD0iMSIgaGVpZ2h0PSIxIiB4bWxucz0iaHR0cDovL3d3dy53My5vcmcvMjAwMC9zdmciPjwvc3ZnPg==\" style=\"--smush-placeholder-width: 600px; --smush-placeholder-aspect-ratio: 600\/353;\" \/><\/p>\n<p class=\"\" data-start=\"7102\" data-end=\"7319\">Le <strong data-start=\"7105\" data-end=\"7136\">centre historique de Sintra<\/strong> est un lieu pittoresque, parfait pour fl\u00e2ner. Ses ruelles pav\u00e9es, ses maisons color\u00e9es, ses boutiques artisanales et ses terrasses anim\u00e9es forment un d\u00e9cor digne d\u2019une carte postale.<\/p>\n<h4 data-start=\"7321\" data-end=\"7342\">Saveurs locales<\/h4>\n<p class=\"\" data-start=\"7343\" data-end=\"7615\">C\u2019est ici que vous pourrez go\u00fbter les fameuses <strong data-start=\"7390\" data-end=\"7403\">queijadas<\/strong> (petits g\u00e2teaux au fromage) et les <strong data-start=\"7439\" data-end=\"7455\">travesseiros<\/strong> (p\u00e2tisseries \u00e0 la p\u00e2te feuillet\u00e9e fourr\u00e9es \u00e0 la cr\u00e8me d\u2019amande). De nombreuses p\u00e2tisseries et caf\u00e9s traditionnels proposent ces sp\u00e9cialit\u00e9s typiques de Sintra.<\/p>\n<h3 data-start=\"7622\" data-end=\"7669\">9. Le Palais de Seteais (Pal\u00e1cio de Seteais)<\/h3>\n<p class=\"\" data-start=\"7671\" data-end=\"7832\"><img decoding=\"async\" class=\"alignnone wp-image-5948 size-full lazyload\" data-src=\"https:\/\/celina-tours.com\/blog\/wp-content\/uploads\/2025\/04\/BLOG-4-1.jpg\" alt=\"\" width=\"600\" height=\"353\" data-srcset=\"https:\/\/celina-tours.com\/blog\/wp-content\/uploads\/2025\/04\/BLOG-4-1.jpg 600w, https:\/\/celina-tours.com\/blog\/wp-content\/uploads\/2025\/04\/BLOG-4-1-300x177.jpg 300w\" data-sizes=\"(max-width: 600px) 100vw, 600px\" src=\"data:image\/svg+xml;base64,PHN2ZyB3aWR0aD0iMSIgaGVpZ2h0PSIxIiB4bWxucz0iaHR0cDovL3d3dy53My5vcmcvMjAwMC9zdmciPjwvc3ZnPg==\" style=\"--smush-placeholder-width: 600px; --smush-placeholder-aspect-ratio: 600\/353;\" \/><\/p>\n<p class=\"\" data-start=\"7671\" data-end=\"7832\">Aujourd\u2019hui transform\u00e9 en <strong data-start=\"7697\" data-end=\"7714\">h\u00f4tel de luxe<\/strong>, le <strong data-start=\"7719\" data-end=\"7740\">Palais de Seteais<\/strong> est un \u00e9l\u00e9gant b\u00e2timent n\u00e9oclassique du XVIIIe si\u00e8cle, construit pour un consul hollandais.<\/p>\n<h4 data-start=\"7834\" data-end=\"7858\">Un cadre somptueux<\/h4>\n<p class=\"\" data-start=\"7859\" data-end=\"8075\">M\u00eame si vous n\u2019\u00eates pas client de l\u2019h\u00f4tel, vous pouvez visiter les jardins, boire un caf\u00e9 sur la terrasse et admirer l\u2019<strong data-start=\"7978\" data-end=\"7996\">arc monumental<\/strong> qui encadre une vue spectaculaire sur la Serra de Sintra et le Palais de Pena.<\/p>\n<h3 data-start=\"8082\" data-end=\"8155\">10. Le Parc Naturel de Sintra-Cascais et le Cap de Roca (Cabo da Roca)<\/h3>\n<p class=\"\" data-start=\"8157\" data-end=\"8398\"><img decoding=\"async\" class=\"alignnone wp-image-5949 size-full lazyload\" data-src=\"https:\/\/celina-tours.com\/blog\/wp-content\/uploads\/2025\/04\/BLOG-4-2.jpg\" alt=\"\" width=\"600\" height=\"353\" data-srcset=\"https:\/\/celina-tours.com\/blog\/wp-content\/uploads\/2025\/04\/BLOG-4-2.jpg 600w, https:\/\/celina-tours.com\/blog\/wp-content\/uploads\/2025\/04\/BLOG-4-2-300x177.jpg 300w\" data-sizes=\"(max-width: 600px) 100vw, 600px\" src=\"data:image\/svg+xml;base64,PHN2ZyB3aWR0aD0iMSIgaGVpZ2h0PSIxIiB4bWxucz0iaHR0cDovL3d3dy53My5vcmcvMjAwMC9zdmciPjwvc3ZnPg==\" style=\"--smush-placeholder-width: 600px; --smush-placeholder-aspect-ratio: 600\/353;\" \/><\/p>\n<p class=\"\" data-start=\"8157\" data-end=\"8398\">Sintra ne se limite pas \u00e0 ses monuments : ses <strong data-start=\"8203\" data-end=\"8224\">paysages naturels<\/strong> sont tout aussi remarquables. Le <strong data-start=\"8258\" data-end=\"8292\">Parc Naturel de Sintra-Cascais<\/strong> prot\u00e8ge une grande vari\u00e9t\u00e9 d\u2019\u00e9cosyst\u00e8mes allant des for\u00eats montagneuses aux falaises surplombant l\u2019oc\u00e9an.<\/p>\n<h4 data-start=\"8400\" data-end=\"8420\">Le Cap de Roca<\/h4>\n<p class=\"\" data-start=\"8421\" data-end=\"8743\">Le <strong data-start=\"8424\" data-end=\"8440\">Cabo da Roca<\/strong> est le <strong data-start=\"8448\" data-end=\"8501\">point le plus occidental de l\u2019Europe continentale<\/strong>. Une falaise impressionnante battue par les vents et les vagues, offrant une vue imprenable sur l\u2019Atlantique. On peut y lire cette c\u00e9l\u00e8bre inscription : <em data-start=\"8655\" data-end=\"8695\">\u201cOnde a terra se acaba e o mar come\u00e7a\u201d<\/em> (l\u00e0 o\u00f9 la terre se termine et la mer commence).<\/p>\n<h4 data-start=\"8745\" data-end=\"8773\">Activit\u00e9s de plein air<\/h4>\n<p class=\"\" data-start=\"8774\" data-end=\"8973\">Le parc est id\u00e9al pour les <strong data-start=\"8801\" data-end=\"8858\">randonn\u00e9es, les promenades \u00e0 v\u00e9lo ou les pique-niques<\/strong> en pleine nature. On y trouve aussi de charmants villages et des plages sauvages \u00e0 proximit\u00e9, comme Praia da Ursa.<\/p>\n<table style=\"width: 732px; height: 210px;\">\n<tbody>\n<tr>\n<td style=\"width: 644.8px;\">\n<h3><img decoding=\"async\" class=\"alignleft wp-image-3974 lazyload\" data-src=\"https:\/\/celina-tours.com\/blog\/wp-content\/uploads\/2025\/02\/mafra.jpg\" alt=\"\" width=\"182\" height=\"182\" src=\"data:image\/svg+xml;base64,PHN2ZyB3aWR0aD0iMSIgaGVpZ2h0PSIxIiB4bWxucz0iaHR0cDovL3d3dy53My5vcmcvMjAwMC9zdmciPjwvc3ZnPg==\" style=\"--smush-placeholder-width: 182px; --smush-placeholder-aspect-ratio: 182\/182;\" \/><br \/>\nVISITE PRIV\u00c9E MAFRA<\/h3>\n<p><a href=\"https:\/\/celina-tours.com\/fr-visite-privee-queluz-mafra-ericeira-lisbonne.php\" target=\"_blank\" rel=\"noopener\">Visite Priv\u00e9e &#8211; Mafra et Ericeira<\/a><\/td>\n<\/tr>\n<\/tbody>\n<\/table>\n<h3 data-start=\"8980\" data-end=\"9015\">11. Le Palais National de Queluz<\/h3>\n<p class=\"\" data-start=\"9017\" data-end=\"9226\"><img decoding=\"async\" class=\"alignnone wp-image-5950 size-full lazyload\" data-src=\"https:\/\/celina-tours.com\/blog\/wp-content\/uploads\/2025\/04\/BLOG-4-3.jpg\" alt=\"\" width=\"600\" height=\"353\" data-srcset=\"https:\/\/celina-tours.com\/blog\/wp-content\/uploads\/2025\/04\/BLOG-4-3.jpg 600w, https:\/\/celina-tours.com\/blog\/wp-content\/uploads\/2025\/04\/BLOG-4-3-300x177.jpg 300w\" data-sizes=\"(max-width: 600px) 100vw, 600px\" src=\"data:image\/svg+xml;base64,PHN2ZyB3aWR0aD0iMSIgaGVpZ2h0PSIxIiB4bWxucz0iaHR0cDovL3d3dy53My5vcmcvMjAwMC9zdmciPjwvc3ZnPg==\" style=\"--smush-placeholder-width: 600px; --smush-placeholder-aspect-ratio: 600\/353;\" \/><\/p>\n<p class=\"\" data-start=\"9017\" data-end=\"9226\">Situ\u00e9 \u00e0 mi-chemin entre Lisbonne et Sintra, le <strong data-start=\"9064\" data-end=\"9084\">Palais de Queluz<\/strong> m\u00e9rite \u00e9galement une visite. Ce palais du XVIIIe si\u00e8cle, surnomm\u00e9 le \u201c<strong data-start=\"9155\" data-end=\"9179\">Versailles portugais<\/strong>\u201d, fut la r\u00e9sidence d\u2019\u00e9t\u00e9 de la famille royale.<\/p>\n<h4 data-start=\"9228\" data-end=\"9256\">Un chef-d\u2019\u0153uvre rococo<\/h4>\n<p class=\"\" data-start=\"9257\" data-end=\"9510\">Le palais allie l\u2019\u00e9l\u00e9gance du <strong data-start=\"9287\" data-end=\"9319\">style rococo et n\u00e9oclassique<\/strong>, avec ses salons richement d\u00e9cor\u00e9s, ses fresques, ses miroirs et ses meubles somptueux. Le jardin \u00e0 la fran\u00e7aise, agr\u00e9ment\u00e9 de statues et de fontaines, compl\u00e8te cette impression de grandeur.<\/p>\n<h2 data-start=\"9517\" data-end=\"9529\">Conclusion<\/h2>\n<p class=\"\" data-start=\"9531\" data-end=\"9741\">Sintra est une destination unique qui marie <strong data-start=\"9575\" data-end=\"9618\">histoire, nature, romantisme et myst\u00e8re<\/strong>. Chaque monument, chaque jardin, chaque ruelle raconte une partie de l\u2019histoire du Portugal et de son patrimoine culturel.<\/p>\n<p class=\"\" data-start=\"9743\" data-end=\"9973\">Qu\u2019il s\u2019agisse du <strong data-start=\"9761\" data-end=\"9788\">charme royal des palais<\/strong>, de l\u2019<strong data-start=\"9795\" data-end=\"9835\">introspection spirituelle du couvent<\/strong>, de l\u2019<strong data-start=\"9842\" data-end=\"9872\">\u00e9sot\u00e9risme de la Regaleira<\/strong> ou des <strong data-start=\"9880\" data-end=\"9916\">paysages c\u00f4tiers du Cabo da Roca<\/strong>, Sintra offre une diversit\u00e9 d\u2019exp\u00e9riences incomparables.<\/p>\n<p class=\"\" data-start=\"9975\" data-end=\"10173\">C\u2019est un lieu qui m\u00e9rite d\u2019\u00eatre explor\u00e9 lentement, avec curiosit\u00e9 et \u00e9merveillement. Sintra ne se visite pas : elle se <strong data-start=\"10094\" data-end=\"10101\">vit<\/strong>, et elle reste grav\u00e9e \u00e0 jamais dans le c\u0153ur de ceux qui s\u2019y aventurent.<\/p>\n","protected":false},"excerpt":{"rendered":"<p>Les principaux sites touristiques de Sintra, Portugal Situ\u00e9e \u00e0 une trentaine de kilom\u00e8tres de Lisbonne, Sintra est l&#8217;une des villes&hellip;<\/p>\n","protected":false},"author":1,"featured_media":4307,"comment_status":"closed","ping_status":"closed","sticky":false,"template":"","format":"standard","meta":{"om_disable_all_campaigns":false,"footnotes":""},"categories":[181,189],"tags":[],"class_list":["post-5961","post","type-post","status-publish","format-standard","has-post-thumbnail","hentry","category-que-visiter","category-lisbonne"],"yoast_head":"<!-- This site is optimized with the Yoast SEO plugin v27.0 - https:\/\/yoast.com\/product\/yoast-seo-wordpress\/ -->\n<title>Les principaux sites touristiques de Sintra, Portugal -<\/title>\n<meta name=\"description\" content=\"Principales attractions touristiques \u00e0 Sintra : Un itin\u00e9raire magique et inoubliable Palais national de Pena Ch\u00e2teau maure Quinta da Regaleira\" \/>\n<meta name=\"robots\" content=\"index, follow, max-snippet:-1, max-image-preview:large, max-video-preview:-1\" \/>\n<link rel=\"canonical\" href=\"https:\/\/celina-tours.com\/blog\/fr\/les-principaux-sites-touristiques-de-sintra-portugal\/\" \/>\n<meta property=\"og:locale\" content=\"pt_PT\" \/>\n<meta property=\"og:type\" content=\"article\" \/>\n<meta property=\"og:title\" content=\"Les principaux sites touristiques de Sintra, Portugal -\" \/>\n<meta property=\"og:description\" content=\"Principales attractions touristiques \u00e0 Sintra : Un itin\u00e9raire magique et inoubliable Palais national de Pena Ch\u00e2teau maure Quinta da Regaleira\" \/>\n<meta property=\"og:url\" content=\"https:\/\/celina-tours.com\/blog\/fr\/les-principaux-sites-touristiques-de-sintra-portugal\/\" \/>\n<meta property=\"article:publisher\" content=\"https:\/\/www.instagram.com\/celinatourspt\/\" \/>\n<meta property=\"article:published_time\" content=\"2025-04-05T10:39:33+00:00\" \/>\n<meta property=\"article:modified_time\" content=\"2025-04-05T11:23:11+00:00\" \/>\n<meta property=\"og:image\" content=\"https:\/\/celina-tours.com\/blog\/wp-content\/uploads\/2025\/02\/BLOG-4-15.jpg\" \/>\n\t<meta property=\"og:image:width\" content=\"600\" \/>\n\t<meta property=\"og:image:height\" content=\"353\" \/>\n\t<meta property=\"og:image:type\" content=\"image\/jpeg\" \/>\n<meta name=\"author\" content=\"ctours_blog\" \/>\n<meta name=\"twitter:card\" content=\"summary_large_image\" \/>\n<meta name=\"twitter:label1\" content=\"Escrito por\" \/>\n\t<meta name=\"twitter:data1\" content=\"ctours_blog\" \/>\n\t<meta name=\"twitter:label2\" content=\"Tempo estimado de leitura\" \/>\n\t<meta name=\"twitter:data2\" content=\"12 minutos\" \/>\n<script type=\"application\/ld+json\" class=\"yoast-schema-graph\">{\"@context\":\"https:\/\/schema.org\",\"@graph\":[{\"@type\":\"Article\",\"@id\":\"https:\/\/celina-tours.com\/blog\/fr\/les-principaux-sites-touristiques-de-sintra-portugal\/#article\",\"isPartOf\":{\"@id\":\"https:\/\/celina-tours.com\/blog\/fr\/les-principaux-sites-touristiques-de-sintra-portugal\/\"},\"author\":{\"name\":\"ctours_blog\",\"@id\":\"https:\/\/celina-tours.com\/blog\/#\/schema\/person\/e4611dfff819107474e643eb3c25e040\"},\"headline\":\"Les principaux sites touristiques de Sintra, Portugal\",\"datePublished\":\"2025-04-05T10:39:33+00:00\",\"dateModified\":\"2025-04-05T11:23:11+00:00\",\"mainEntityOfPage\":{\"@id\":\"https:\/\/celina-tours.com\/blog\/fr\/les-principaux-sites-touristiques-de-sintra-portugal\/\"},\"wordCount\":1739,\"publisher\":{\"@id\":\"https:\/\/celina-tours.com\/blog\/#organization\"},\"image\":{\"@id\":\"https:\/\/celina-tours.com\/blog\/fr\/les-principaux-sites-touristiques-de-sintra-portugal\/#primaryimage\"},\"thumbnailUrl\":\"https:\/\/celina-tours.com\/blog\/wp-content\/uploads\/2025\/02\/BLOG-4-15.jpg\",\"articleSection\":[\"Que faire\",\"R\u00e9gion de Lisbonne\"],\"inLanguage\":\"pt-PT\"},{\"@type\":\"WebPage\",\"@id\":\"https:\/\/celina-tours.com\/blog\/fr\/les-principaux-sites-touristiques-de-sintra-portugal\/\",\"url\":\"https:\/\/celina-tours.com\/blog\/fr\/les-principaux-sites-touristiques-de-sintra-portugal\/\",\"name\":\"Les principaux sites touristiques de Sintra, Portugal -\",\"isPartOf\":{\"@id\":\"https:\/\/celina-tours.com\/blog\/#website\"},\"primaryImageOfPage\":{\"@id\":\"https:\/\/celina-tours.com\/blog\/fr\/les-principaux-sites-touristiques-de-sintra-portugal\/#primaryimage\"},\"image\":{\"@id\":\"https:\/\/celina-tours.com\/blog\/fr\/les-principaux-sites-touristiques-de-sintra-portugal\/#primaryimage\"},\"thumbnailUrl\":\"https:\/\/celina-tours.com\/blog\/wp-content\/uploads\/2025\/02\/BLOG-4-15.jpg\",\"datePublished\":\"2025-04-05T10:39:33+00:00\",\"dateModified\":\"2025-04-05T11:23:11+00:00\",\"description\":\"Principales attractions touristiques \u00e0 Sintra : Un itin\u00e9raire magique et inoubliable Palais national de Pena Ch\u00e2teau maure Quinta da Regaleira\",\"breadcrumb\":{\"@id\":\"https:\/\/celina-tours.com\/blog\/fr\/les-principaux-sites-touristiques-de-sintra-portugal\/#breadcrumb\"},\"inLanguage\":\"pt-PT\",\"potentialAction\":[{\"@type\":\"ReadAction\",\"target\":[\"https:\/\/celina-tours.com\/blog\/fr\/les-principaux-sites-touristiques-de-sintra-portugal\/\"]}]},{\"@type\":\"ImageObject\",\"inLanguage\":\"pt-PT\",\"@id\":\"https:\/\/celina-tours.com\/blog\/fr\/les-principaux-sites-touristiques-de-sintra-portugal\/#primaryimage\",\"url\":\"https:\/\/celina-tours.com\/blog\/wp-content\/uploads\/2025\/02\/BLOG-4-15.jpg\",\"contentUrl\":\"https:\/\/celina-tours.com\/blog\/wp-content\/uploads\/2025\/02\/BLOG-4-15.jpg\",\"width\":600,\"height\":353},{\"@type\":\"BreadcrumbList\",\"@id\":\"https:\/\/celina-tours.com\/blog\/fr\/les-principaux-sites-touristiques-de-sintra-portugal\/#breadcrumb\",\"itemListElement\":[{\"@type\":\"ListItem\",\"position\":1,\"name\":\"In\u00edcio\",\"item\":\"https:\/\/celina-tours.com\/blog\/pt\/\"},{\"@type\":\"ListItem\",\"position\":2,\"name\":\"Les principaux sites touristiques de Sintra, Portugal\"}]},{\"@type\":\"WebSite\",\"@id\":\"https:\/\/celina-tours.com\/blog\/#website\",\"url\":\"https:\/\/celina-tours.com\/blog\/\",\"name\":\"Celina Tours\",\"description\":\"\",\"publisher\":{\"@id\":\"https:\/\/celina-tours.com\/blog\/#organization\"},\"potentialAction\":[{\"@type\":\"SearchAction\",\"target\":{\"@type\":\"EntryPoint\",\"urlTemplate\":\"https:\/\/celina-tours.com\/blog\/?s={search_term_string}\"},\"query-input\":{\"@type\":\"PropertyValueSpecification\",\"valueRequired\":true,\"valueName\":\"search_term_string\"}}],\"inLanguage\":\"pt-PT\"},{\"@type\":\"Organization\",\"@id\":\"https:\/\/celina-tours.com\/blog\/#organization\",\"name\":\"Celina Tours\",\"url\":\"https:\/\/celina-tours.com\/blog\/\",\"logo\":{\"@type\":\"ImageObject\",\"inLanguage\":\"pt-PT\",\"@id\":\"https:\/\/celina-tours.com\/blog\/#\/schema\/logo\/image\/\",\"url\":\"https:\/\/celina-tours.com\/blog\/wp-content\/uploads\/2025\/01\/cropped-1-1.png\",\"contentUrl\":\"https:\/\/celina-tours.com\/blog\/wp-content\/uploads\/2025\/01\/cropped-1-1.png\",\"width\":300,\"height\":94,\"caption\":\"Celina Tours\"},\"image\":{\"@id\":\"https:\/\/celina-tours.com\/blog\/#\/schema\/logo\/image\/\"},\"sameAs\":[\"https:\/\/www.instagram.com\/celinatourspt\/\"]},{\"@type\":\"Person\",\"@id\":\"https:\/\/celina-tours.com\/blog\/#\/schema\/person\/e4611dfff819107474e643eb3c25e040\",\"name\":\"ctours_blog\",\"sameAs\":[\"https:\/\/celina-tours.com\/blog\"],\"url\":\"https:\/\/celina-tours.com\/blog\/author\/ctours_blog\/\"}]}<\/script>\n<!-- \/ Yoast SEO plugin. -->","yoast_head_json":{"title":"Les principaux sites touristiques de Sintra, Portugal -","description":"Principales attractions touristiques \u00e0 Sintra : Un itin\u00e9raire magique et inoubliable Palais national de Pena Ch\u00e2teau maure Quinta da Regaleira","robots":{"index":"index","follow":"follow","max-snippet":"max-snippet:-1","max-image-preview":"max-image-preview:large","max-video-preview":"max-video-preview:-1"},"canonical":"https:\/\/celina-tours.com\/blog\/fr\/les-principaux-sites-touristiques-de-sintra-portugal\/","og_locale":"pt_PT","og_type":"article","og_title":"Les principaux sites touristiques de Sintra, Portugal -","og_description":"Principales attractions touristiques \u00e0 Sintra : Un itin\u00e9raire magique et inoubliable Palais national de Pena Ch\u00e2teau maure Quinta da Regaleira","og_url":"https:\/\/celina-tours.com\/blog\/fr\/les-principaux-sites-touristiques-de-sintra-portugal\/","article_publisher":"https:\/\/www.instagram.com\/celinatourspt\/","article_published_time":"2025-04-05T10:39:33+00:00","article_modified_time":"2025-04-05T11:23:11+00:00","og_image":[{"width":600,"height":353,"url":"https:\/\/celina-tours.com\/blog\/wp-content\/uploads\/2025\/02\/BLOG-4-15.jpg","type":"image\/jpeg"}],"author":"ctours_blog","twitter_card":"summary_large_image","twitter_misc":{"Escrito por":"ctours_blog","Tempo estimado de leitura":"12 minutos"},"schema":{"@context":"https:\/\/schema.org","@graph":[{"@type":"Article","@id":"https:\/\/celina-tours.com\/blog\/fr\/les-principaux-sites-touristiques-de-sintra-portugal\/#article","isPartOf":{"@id":"https:\/\/celina-tours.com\/blog\/fr\/les-principaux-sites-touristiques-de-sintra-portugal\/"},"author":{"name":"ctours_blog","@id":"https:\/\/celina-tours.com\/blog\/#\/schema\/person\/e4611dfff819107474e643eb3c25e040"},"headline":"Les principaux sites touristiques de Sintra, Portugal","datePublished":"2025-04-05T10:39:33+00:00","dateModified":"2025-04-05T11:23:11+00:00","mainEntityOfPage":{"@id":"https:\/\/celina-tours.com\/blog\/fr\/les-principaux-sites-touristiques-de-sintra-portugal\/"},"wordCount":1739,"publisher":{"@id":"https:\/\/celina-tours.com\/blog\/#organization"},"image":{"@id":"https:\/\/celina-tours.com\/blog\/fr\/les-principaux-sites-touristiques-de-sintra-portugal\/#primaryimage"},"thumbnailUrl":"https:\/\/celina-tours.com\/blog\/wp-content\/uploads\/2025\/02\/BLOG-4-15.jpg","articleSection":["Que faire","R\u00e9gion de Lisbonne"],"inLanguage":"pt-PT"},{"@type":"WebPage","@id":"https:\/\/celina-tours.com\/blog\/fr\/les-principaux-sites-touristiques-de-sintra-portugal\/","url":"https:\/\/celina-tours.com\/blog\/fr\/les-principaux-sites-touristiques-de-sintra-portugal\/","name":"Les principaux sites touristiques de Sintra, Portugal -","isPartOf":{"@id":"https:\/\/celina-tours.com\/blog\/#website"},"primaryImageOfPage":{"@id":"https:\/\/celina-tours.com\/blog\/fr\/les-principaux-sites-touristiques-de-sintra-portugal\/#primaryimage"},"image":{"@id":"https:\/\/celina-tours.com\/blog\/fr\/les-principaux-sites-touristiques-de-sintra-portugal\/#primaryimage"},"thumbnailUrl":"https:\/\/celina-tours.com\/blog\/wp-content\/uploads\/2025\/02\/BLOG-4-15.jpg","datePublished":"2025-04-05T10:39:33+00:00","dateModified":"2025-04-05T11:23:11+00:00","description":"Principales attractions touristiques \u00e0 Sintra : Un itin\u00e9raire magique et inoubliable Palais national de Pena Ch\u00e2teau maure Quinta da Regaleira","breadcrumb":{"@id":"https:\/\/celina-tours.com\/blog\/fr\/les-principaux-sites-touristiques-de-sintra-portugal\/#breadcrumb"},"inLanguage":"pt-PT","potentialAction":[{"@type":"ReadAction","target":["https:\/\/celina-tours.com\/blog\/fr\/les-principaux-sites-touristiques-de-sintra-portugal\/"]}]},{"@type":"ImageObject","inLanguage":"pt-PT","@id":"https:\/\/celina-tours.com\/blog\/fr\/les-principaux-sites-touristiques-de-sintra-portugal\/#primaryimage","url":"https:\/\/celina-tours.com\/blog\/wp-content\/uploads\/2025\/02\/BLOG-4-15.jpg","contentUrl":"https:\/\/celina-tours.com\/blog\/wp-content\/uploads\/2025\/02\/BLOG-4-15.jpg","width":600,"height":353},{"@type":"BreadcrumbList","@id":"https:\/\/celina-tours.com\/blog\/fr\/les-principaux-sites-touristiques-de-sintra-portugal\/#breadcrumb","itemListElement":[{"@type":"ListItem","position":1,"name":"In\u00edcio","item":"https:\/\/celina-tours.com\/blog\/pt\/"},{"@type":"ListItem","position":2,"name":"Les principaux sites touristiques de Sintra, Portugal"}]},{"@type":"WebSite","@id":"https:\/\/celina-tours.com\/blog\/#website","url":"https:\/\/celina-tours.com\/blog\/","name":"Celina Tours","description":"","publisher":{"@id":"https:\/\/celina-tours.com\/blog\/#organization"},"potentialAction":[{"@type":"SearchAction","target":{"@type":"EntryPoint","urlTemplate":"https:\/\/celina-tours.com\/blog\/?s={search_term_string}"},"query-input":{"@type":"PropertyValueSpecification","valueRequired":true,"valueName":"search_term_string"}}],"inLanguage":"pt-PT"},{"@type":"Organization","@id":"https:\/\/celina-tours.com\/blog\/#organization","name":"Celina Tours","url":"https:\/\/celina-tours.com\/blog\/","logo":{"@type":"ImageObject","inLanguage":"pt-PT","@id":"https:\/\/celina-tours.com\/blog\/#\/schema\/logo\/image\/","url":"https:\/\/celina-tours.com\/blog\/wp-content\/uploads\/2025\/01\/cropped-1-1.png","contentUrl":"https:\/\/celina-tours.com\/blog\/wp-content\/uploads\/2025\/01\/cropped-1-1.png","width":300,"height":94,"caption":"Celina Tours"},"image":{"@id":"https:\/\/celina-tours.com\/blog\/#\/schema\/logo\/image\/"},"sameAs":["https:\/\/www.instagram.com\/celinatourspt\/"]},{"@type":"Person","@id":"https:\/\/celina-tours.com\/blog\/#\/schema\/person\/e4611dfff819107474e643eb3c25e040","name":"ctours_blog","sameAs":["https:\/\/celina-tours.com\/blog"],"url":"https:\/\/celina-tours.com\/blog\/author\/ctours_blog\/"}]}},"_links":{"self":[{"href":"https:\/\/celina-tours.com\/blog\/wp-json\/wp\/v2\/posts\/5961","targetHints":{"allow":["GET"]}}],"collection":[{"href":"https:\/\/celina-tours.com\/blog\/wp-json\/wp\/v2\/posts"}],"about":[{"href":"https:\/\/celina-tours.com\/blog\/wp-json\/wp\/v2\/types\/post"}],"author":[{"embeddable":true,"href":"https:\/\/celina-tours.com\/blog\/wp-json\/wp\/v2\/users\/1"}],"replies":[{"embeddable":true,"href":"https:\/\/celina-tours.com\/blog\/wp-json\/wp\/v2\/comments?post=5961"}],"version-history":[{"count":3,"href":"https:\/\/celina-tours.com\/blog\/wp-json\/wp\/v2\/posts\/5961\/revisions"}],"predecessor-version":[{"id":5965,"href":"https:\/\/celina-tours.com\/blog\/wp-json\/wp\/v2\/posts\/5961\/revisions\/5965"}],"wp:featuredmedia":[{"embeddable":true,"href":"https:\/\/celina-tours.com\/blog\/wp-json\/wp\/v2\/media\/4307"}],"wp:attachment":[{"href":"https:\/\/celina-tours.com\/blog\/wp-json\/wp\/v2\/media?parent=5961"}],"wp:term":[{"taxonomy":"category","embeddable":true,"href":"https:\/\/celina-tours.com\/blog\/wp-json\/wp\/v2\/categories?post=5961"},{"taxonomy":"post_tag","embeddable":true,"href":"https:\/\/celina-tours.com\/blog\/wp-json\/wp\/v2\/tags?post=5961"}],"curies":[{"name":"wp","href":"https:\/\/api.w.org\/{rel}","templated":true}]}}