{"id":5843,"date":"2025-03-05T16:42:18","date_gmt":"2025-03-05T16:42:18","guid":{"rendered":"https:\/\/celina-tours.com\/blog\/?p=5843"},"modified":"2025-03-05T17:03:38","modified_gmt":"2025-03-05T17:03:38","slug":"tour-de-tomar-et-almourol-la-route-des-templiers-au-portugal","status":"publish","type":"post","link":"https:\/\/celina-tours.com\/blog\/fr\/tour-de-tomar-et-almourol-la-route-des-templiers-au-portugal\/","title":{"rendered":"Tour de Tomar et Almourol : La Route des Templiers au Portugal"},"content":{"rendered":"<h2 data-start=\"0\" data-end=\"70\">Tour de Tomar et Almourol : La Route des Templiers au Portugal<\/h2>\n<p data-start=\"72\" data-end=\"480\">Le Portugal poss\u00e8de un riche patrimoine templier, et l&#8217;une des excursions les plus fascinantes pour les amateurs d&#8217;histoire est la <strong data-start=\"203\" data-end=\"226\">Route des Templiers<\/strong>, qui emm\u00e8ne les visiteurs vers deux sites embl\u00e9matiques : <strong data-start=\"285\" data-end=\"294\">Tomar<\/strong> et le <strong data-start=\"301\" data-end=\"323\">Ch\u00e2teau d&#8217;Almourol<\/strong>. Ce voyage permet d&#8217;explorer des monuments incroyables, de plonger dans l&#8217;histoire des Chevaliers du Temple et d&#8217;admirer des paysages \u00e0 couper le souffle.<\/p>\n<p data-start=\"482\" data-end=\"697\">Si vous souhaitez vivre une exp\u00e9rience compl\u00e8te, ce guide d\u00e9taill\u00e9 vous aidera \u00e0 comprendre \u00e0 quoi vous attendre, quels sont les points d&#8217;int\u00e9r\u00eat essentiels et comment profiter au maximum de cette aventure unique.<\/p>\n<h2 data-start=\"704\" data-end=\"752\">1. L\u2019Histoire des Templiers au Portugal<\/h2>\n<p data-start=\"754\" data-end=\"878\">Avant de partir en voyage, il est important de comprendre le contexte historique des <strong data-start=\"839\" data-end=\"863\">Chevaliers du Temple<\/strong> au Portugal.<\/p>\n<p data-start=\"880\" data-end=\"1181\">L\u2019Ordre des Templiers \u00e9tait un ordre religieux et militaire fond\u00e9 au XIIe si\u00e8cle pour prot\u00e9ger les p\u00e8lerins chr\u00e9tiens se rendant en Terre Sainte. Au Portugal, ils ont jou\u00e9 un r\u00f4le crucial dans la <strong data-start=\"1076\" data-end=\"1101\">Reconqu\u00eate chr\u00e9tienne<\/strong>, aidant \u00e0 expulser les Maures et \u00e0 consolider le territoire du jeune royaume.<\/p>\n<p data-start=\"1183\" data-end=\"1423\">En r\u00e9compense, ils ont re\u00e7u de vastes terres et ont construit des fortifications strat\u00e9giques, notamment le <strong data-start=\"1291\" data-end=\"1313\">Ch\u00e2teau d\u2019Almourol<\/strong> et le fameux <strong data-start=\"1327\" data-end=\"1348\">Couvent du Christ<\/strong> \u00e0 Tomar, qui est devenu l\u2019un des principaux si\u00e8ges de l\u2019ordre en Europe.<\/p>\n<p data-start=\"1425\" data-end=\"1683\">En 1312, l\u2019Ordre des Templiers fut officiellement dissous par le pape Cl\u00e9ment V. Cependant, au Portugal, le roi Dinis r\u00e9ussit \u00e0 prot\u00e9ger les biens et les chevaliers en cr\u00e9ant l\u2019<strong data-start=\"1602\" data-end=\"1621\">Ordre du Christ<\/strong>, qui h\u00e9rita des propri\u00e9t\u00e9s et des traditions des Templiers.<\/p>\n<p data-start=\"1685\" data-end=\"1843\">Aujourd\u2019hui, cet h\u00e9ritage peut \u00eatre d\u00e9couvert \u00e0 travers la <strong data-start=\"1744\" data-end=\"1767\">Route des Templiers<\/strong>, un itin\u00e9raire qui r\u00e9v\u00e8le les secrets de cet ordre puissant du Moyen \u00c2ge.<\/p>\n<h2 data-start=\"1850\" data-end=\"1916\">2. L\u2019Itin\u00e9raire du Tour : De Lisbonne \u00e0 Tomar et Almourol<\/h2>\n<p data-start=\"1918\" data-end=\"2232\">La <strong data-start=\"1921\" data-end=\"1944\">Route des Templiers<\/strong> est l\u2019une des excursions d\u2019une journ\u00e9e les plus populaires au d\u00e9part de Lisbonne. Il est possible de la faire en autonomie, en voiture ou en train, mais de nombreuses agences proposent des visites guid\u00e9es qui optimisent le temps et offrent des explications approfondies \u00e0 chaque \u00e9tape.<\/p>\n<h3 data-start=\"2234\" data-end=\"2276\">Les Principales \u00c9tapes du Tour :<\/h3>\n<ol data-start=\"2277\" data-end=\"2592\">\n<li data-start=\"2277\" data-end=\"2350\"><strong data-start=\"2280\" data-end=\"2302\">Ch\u00e2teau d\u2019Almourol<\/strong> \u2013 Une forteresse templi\u00e8re au milieu du Tage.<\/li>\n<li data-start=\"2351\" data-end=\"2429\"><strong data-start=\"2354\" data-end=\"2363\">Tomar<\/strong> \u2013 La ville templi\u00e8re avec son impressionnant Couvent du Christ.<\/li>\n<li data-start=\"2430\" data-end=\"2519\"><strong data-start=\"2433\" data-end=\"2463\">Centre historique de Tomar<\/strong> \u2013 Rues m\u00e9di\u00e9vales, synagogues et \u00e9glises historiques.<\/li>\n<li data-start=\"2520\" data-end=\"2592\"><strong data-start=\"2523\" data-end=\"2545\">Aqueduc des Peg\u00f5es<\/strong> \u2013 Un chef-d&#8217;\u0153uvre de l&#8217;ing\u00e9nierie m\u00e9di\u00e9vale.<\/li>\n<\/ol>\n<p data-start=\"2594\" data-end=\"2652\">Voyons maintenant en d\u00e9tail chaque \u00e9tape de ce parcours.<\/p>\n<table style=\"width: 732px; height: 210px;\">\n<tbody>\n<tr>\n<td style=\"width: 644.8px;\">\n<h3><img decoding=\"async\" class=\"alignleft wp-image-3974 lazyload\" data-src=\"https:\/\/celina-tours.com\/blog\/wp-content\/uploads\/2025\/02\/tomar.jpg\" alt=\"\" width=\"182\" height=\"182\" src=\"data:image\/svg+xml;base64,PHN2ZyB3aWR0aD0iMSIgaGVpZ2h0PSIxIiB4bWxucz0iaHR0cDovL3d3dy53My5vcmcvMjAwMC9zdmciPjwvc3ZnPg==\" style=\"--smush-placeholder-width: 182px; --smush-placeholder-aspect-ratio: 182\/182;\" \/><br \/>\nVISITE PRIV\u00c9E TOMAR<\/h3>\n<p><a href=\"https:\/\/celina-tours.com\/fr-visite-privee-tomar-excursion-lisbonne.php\" target=\"_blank\" rel=\"noopener\">Visite Priv\u00e9e &#8211; Tomar Route des Templiers<\/a><\/td>\n<\/tr>\n<\/tbody>\n<\/table>\n<h2 data-start=\"2659\" data-end=\"2731\">3. Le Ch\u00e2teau d\u2019Almourol : La Forteresse Mystique des Templiers<\/h2>\n<h3 data-start=\"2523\" data-end=\"2558\"><img decoding=\"async\" class=\"alignnone wp-image-4574 size-full lazyload\" data-src=\"https:\/\/celina-tours.com\/blog\/wp-content\/uploads\/2025\/02\/BLOG-4-60.jpg\" alt=\"\" width=\"600\" height=\"353\" data-srcset=\"https:\/\/celina-tours.com\/blog\/wp-content\/uploads\/2025\/02\/BLOG-4-60.jpg 600w, https:\/\/celina-tours.com\/blog\/wp-content\/uploads\/2025\/02\/BLOG-4-60-300x177.jpg 300w\" data-sizes=\"(max-width: 600px) 100vw, 600px\" src=\"data:image\/svg+xml;base64,PHN2ZyB3aWR0aD0iMSIgaGVpZ2h0PSIxIiB4bWxucz0iaHR0cDovL3d3dy53My5vcmcvMjAwMC9zdmciPjwvc3ZnPg==\" style=\"--smush-placeholder-width: 600px; --smush-placeholder-aspect-ratio: 600\/353;\" \/><\/h3>\n<p>&nbsp;<\/p>\n<h3 data-start=\"2733\" data-end=\"2773\">Un Ch\u00e2teau au Milieu du Fleuve<\/h3>\n<p data-start=\"2775\" data-end=\"3036\">Le <strong data-start=\"2778\" data-end=\"2800\">Ch\u00e2teau d\u2019Almourol<\/strong> est l\u2019un des plus beaux et des plus \u00e9nigmatiques ch\u00e2teaux du Portugal. Construit sur une petite \u00eele au milieu du <strong data-start=\"2914\" data-end=\"2922\">Tage<\/strong>, son emplacement strat\u00e9gique servait \u00e0 contr\u00f4ler la navigation et \u00e0 d\u00e9fendre la r\u00e9gion contre les envahisseurs.<\/p>\n<p data-start=\"3038\" data-end=\"3246\">La forteresse a \u00e9t\u00e9 initialement b\u00e2tie par les Maures, mais apr\u00e8s la <strong data-start=\"3107\" data-end=\"3132\">Reconqu\u00eate chr\u00e9tienne<\/strong>, les <strong data-start=\"3138\" data-end=\"3162\">Chevaliers du Temple<\/strong> l&#8217;ont reconstruite en 1171, en faisant l\u2019une de leurs bases les plus importantes.<\/p>\n<p data-start=\"3248\" data-end=\"3417\">Aujourd\u2019hui, le paysage est digne d\u2019un d\u00e9cor de film m\u00e9di\u00e9val : une forteresse impressionnante entour\u00e9e d\u2019eau, avec ses remparts refl\u00e9t\u00e9s dans les eaux calmes du Tage.<\/p>\n<h3 data-start=\"3419\" data-end=\"3457\">Comment Visiter le Ch\u00e2teau ?<\/h3>\n<p data-start=\"3459\" data-end=\"3705\">Pour acc\u00e9der au <strong data-start=\"3475\" data-end=\"3497\">Ch\u00e2teau d\u2019Almourol<\/strong>, il faut prendre un <strong data-start=\"3518\" data-end=\"3528\">bateau<\/strong> qui traverse le fleuve depuis la rive. Le point d\u2019embarquement se trouve dans le village de <strong data-start=\"3621\" data-end=\"3631\">Tancos<\/strong>, o\u00f9 un petit embarcad\u00e8re permet de prendre une barque jusqu\u2019au ch\u00e2teau.<\/p>\n<h3 data-start=\"3707\" data-end=\"3764\">Points Forts de la Visite du Ch\u00e2teau d\u2019Almourol<\/h3>\n<ul data-start=\"3766\" data-end=\"4155\">\n<li data-start=\"3766\" data-end=\"3898\"><strong data-start=\"3768\" data-end=\"3800\">Les murailles et les tours :<\/strong> Le ch\u00e2teau conserve sa structure m\u00e9di\u00e9vale d\u2019origine, offrant une vue imprenable sur la r\u00e9gion.<\/li>\n<li data-start=\"3899\" data-end=\"4011\"><strong data-start=\"3901\" data-end=\"3931\">L\u2019histoire des Templiers :<\/strong> Le lieu est impr\u00e9gn\u00e9 de myst\u00e8res et de l\u00e9gendes sur les Chevaliers du Temple.<\/li>\n<li data-start=\"4012\" data-end=\"4155\"><strong data-start=\"4014\" data-end=\"4044\">Un paysage spectaculaire :<\/strong> Depuis le sommet des tours, on profite d\u2019un panorama exceptionnel sur le <strong data-start=\"4118\" data-end=\"4126\">Tage<\/strong> et la nature environnante.<\/li>\n<\/ul>\n<p data-start=\"4157\" data-end=\"4308\">La visite du Ch\u00e2teau d\u2019Almourol dure environ <strong data-start=\"4202\" data-end=\"4213\">1 heure<\/strong>, un temps suffisant pour explorer les lieux, prendre des photos et profiter du cadre unique.<\/p>\n<p data-start=\"4310\" data-end=\"4432\">Apr\u00e8s cette visite, le tour se poursuit en direction de <strong data-start=\"4366\" data-end=\"4375\">Tomar<\/strong>, le v\u00e9ritable c\u0153ur de l\u2019h\u00e9ritage templier au Portugal.<\/p>\n<p data-start=\"4310\" data-end=\"4432\">\n<p data-start=\"4310\" data-end=\"4432\"><span class=\"HwtZe\" lang=\"fr\"><span class=\"jCAhz ChMk0b\"><span class=\"ryNqvb\"><strong>Lire aussi<\/strong><br \/>\n<a href=\"https:\/\/celina-tours.com\/blog\/fr\/que-faire-et-visiter-a-obidos-visitez-le-village-dobidos-portugal\/\">Que faire et visiter \u00e0 \u00d3bidos. Visitez le village d\u2019\u00d3bidos Portugal<\/a><br \/>\n<a href=\"https:\/\/celina-tours.com\/blog\/fr\/que-voir-et-faire-a-fatima-visitez-le-sanctuaire-de-fatima-au-portugal\/\">Que voir et faire \u00e0 Fatima Visitez le sanctuaire de Fatima au Portugal<\/a><br \/>\n<a href=\"https:\/\/celina-tours.com\/blog\/fr\/que-voir-et-faire-a-sintra-en-une-journee-visite-sintra-depuis-lisbonne\/\">Que voir et faire \u00e0 Sintra en une journ\u00e9e, Visite Sintra depuis Lisbonne<\/a><br \/>\n<\/span><\/span><\/span><\/p>\n<p data-start=\"4310\" data-end=\"4432\">\n<p data-start=\"4310\" data-end=\"4432\">\n<h2 data-start=\"4439\" data-end=\"4496\">4. Tomar : La Capitale des Templiers au Portugal<\/h2>\n<h3 data-start=\"4498\" data-end=\"4523\">Arriv\u00e9e \u00e0 Tomar<\/h3>\n<p data-start=\"4525\" data-end=\"4612\">Tomar se trouve \u00e0 <strong data-start=\"4543\" data-end=\"4571\">environ 30 km d\u2019Almourol<\/strong>, soit environ <strong data-start=\"4586\" data-end=\"4609\">30 minutes de route<\/strong>.<\/p>\n<p data-start=\"4614\" data-end=\"4813\">Fond\u00e9e au XIIe si\u00e8cle par <strong data-start=\"4640\" data-end=\"4656\">Gualdim Pais<\/strong>, le grand ma\u00eetre des Templiers au Portugal, Tomar est devenue le si\u00e8ge de l\u2019ordre dans le pays et l\u2019un des centres templiers les plus importants du monde.<\/p>\n<h3 data-start=\"4815\" data-end=\"4891\">Le Couvent du Christ : Un Chef-d\u2019\u0152uvre de l\u2019Architecture Templi\u00e8re<\/h3>\n<p data-start=\"4893\" data-end=\"5011\">Le monument le plus remarquable de Tomar est le <strong data-start=\"4941\" data-end=\"4962\">Couvent du Christ<\/strong>, class\u00e9 au <strong data-start=\"4974\" data-end=\"5008\">patrimoine mondial de l\u2019UNESCO<\/strong>.<\/p>\n<h4 data-start=\"5013\" data-end=\"5055\"><img decoding=\"async\" class=\"alignnone wp-image-5831 size-full lazyload\" data-src=\"https:\/\/celina-tours.com\/blog\/wp-content\/uploads\/2025\/03\/BLOG-4-69.jpg\" alt=\"\" width=\"600\" height=\"353\" data-srcset=\"https:\/\/celina-tours.com\/blog\/wp-content\/uploads\/2025\/03\/BLOG-4-69.jpg 600w, https:\/\/celina-tours.com\/blog\/wp-content\/uploads\/2025\/03\/BLOG-4-69-300x177.jpg 300w\" data-sizes=\"(max-width: 600px) 100vw, 600px\" src=\"data:image\/svg+xml;base64,PHN2ZyB3aWR0aD0iMSIgaGVpZ2h0PSIxIiB4bWxucz0iaHR0cDovL3d3dy53My5vcmcvMjAwMC9zdmciPjwvc3ZnPg==\" style=\"--smush-placeholder-width: 600px; --smush-placeholder-aspect-ratio: 600\/353;\" \/><\/h4>\n<h4 data-start=\"5013\" data-end=\"5055\">Que Voir au Couvent du Christ ?<\/h4>\n<ol data-start=\"5057\" data-end=\"5599\">\n<li data-start=\"5057\" data-end=\"5198\"><strong data-start=\"5060\" data-end=\"5084\">La Charola Templi\u00e8re<\/strong> \u2013 Inspir\u00e9e de l\u2019\u00e9glise du Saint-S\u00e9pulcre \u00e0 J\u00e9rusalem, c\u2019est l\u2019une des plus belles \u00e9glises circulaires du monde.<\/li>\n<li data-start=\"5199\" data-end=\"5327\"><strong data-start=\"5202\" data-end=\"5228\">Les Clo\u00eetres M\u00e9di\u00e9vaux<\/strong> \u2013 Le couvent poss\u00e8de plusieurs clo\u00eetres magnifiques, chacun avec son propre style architectural.<\/li>\n<li data-start=\"5328\" data-end=\"5476\"><strong data-start=\"5331\" data-end=\"5355\">La Fen\u00eatre Manu\u00e9line<\/strong> \u2013 La c\u00e9l\u00e8bre <strong data-start=\"5369\" data-end=\"5392\">Fen\u00eatre du Chapitre<\/strong>, un chef-d&#8217;\u0153uvre de l\u2019art manu\u00e9lin, symbolisant l\u2019\u00e9poque des Grandes D\u00e9couvertes.<\/li>\n<li data-start=\"5477\" data-end=\"5599\"><strong data-start=\"5480\" data-end=\"5507\">La Salle des Chevaliers<\/strong> \u2013 O\u00f9 les Templiers se r\u00e9unissaient pour discuter de strat\u00e9gies militaires et religieuses.<\/li>\n<\/ol>\n<p data-start=\"5601\" data-end=\"5704\">La visite du Couvent du Christ dure environ <strong data-start=\"5645\" data-end=\"5657\">2 heures<\/strong> et constitue l\u2019un des moments forts du tour.<\/p>\n<h2 data-start=\"5711\" data-end=\"5752\"><strong data-start=\"5714\" data-end=\"5750\">5. Le Centre<\/strong> Historique<strong data-start=\"5714\" data-end=\"5750\"> de Tomar<\/strong><\/h2>\n<p data-start=\"5754\" data-end=\"5866\"><img decoding=\"async\" class=\"alignnone wp-image-5832 size-full lazyload\" data-src=\"https:\/\/celina-tours.com\/blog\/wp-content\/uploads\/2025\/03\/BLOG-4-70.jpg\" alt=\"\" width=\"600\" height=\"353\" data-srcset=\"https:\/\/celina-tours.com\/blog\/wp-content\/uploads\/2025\/03\/BLOG-4-70.jpg 600w, https:\/\/celina-tours.com\/blog\/wp-content\/uploads\/2025\/03\/BLOG-4-70-300x177.jpg 300w\" data-sizes=\"(max-width: 600px) 100vw, 600px\" src=\"data:image\/svg+xml;base64,PHN2ZyB3aWR0aD0iMSIgaGVpZ2h0PSIxIiB4bWxucz0iaHR0cDovL3d3dy53My5vcmcvMjAwMC9zdmciPjwvc3ZnPg==\" style=\"--smush-placeholder-width: 600px; --smush-placeholder-aspect-ratio: 600\/353;\" \/><\/p>\n<p data-start=\"5754\" data-end=\"5866\">Apr\u00e8s la visite du Couvent du Christ, une promenade dans le <strong data-start=\"5814\" data-end=\"5844\">centre historique de Tomar<\/strong> est incontournable.<\/p>\n<h3 data-start=\"5868\" data-end=\"5916\">Les Incontournables du Centre de Tomar<\/h3>\n<ul data-start=\"5918\" data-end=\"6410\">\n<li data-start=\"5918\" data-end=\"6044\"><strong data-start=\"5920\" data-end=\"5952\">\u00c9glise de S\u00e3o Jo\u00e3o Batista :<\/strong> Situ\u00e9e sur la place principale, elle poss\u00e8de de superbes azulejos et un portail gothique.<\/li>\n<li data-start=\"6045\" data-end=\"6190\"><strong data-start=\"6047\" data-end=\"6071\">Synagogue de Tomar :<\/strong> L\u2019une des plus anciennes synagogues du Portugal, abritant aujourd\u2019hui un mus\u00e9e sur la pr\u00e9sence juive dans la r\u00e9gion.<\/li>\n<li data-start=\"6191\" data-end=\"6273\"><strong data-start=\"6193\" data-end=\"6225\">Pont m\u00e9di\u00e9val sur le Nab\u00e3o :<\/strong> Un lieu parfait pour des photos pittoresques.<\/li>\n<li data-start=\"6274\" data-end=\"6410\"><strong data-start=\"6276\" data-end=\"6297\">Rue Serpa Pinto :<\/strong> La rue commer\u00e7ante principale de Tomar, id\u00e9ale pour acheter des souvenirs et d\u00e9guster des p\u00e2tisseries locales.<\/li>\n<\/ul>\n<h2 data-start=\"6417\" data-end=\"6480\">6. L\u2019Aqueduc des Peg\u00f5es : Un Chef-d\u2019\u0152uvre d\u2019Ing\u00e9nierie<\/h2>\n<p data-start=\"6482\" data-end=\"6576\"><img decoding=\"async\" class=\"alignnone wp-image-5833 size-full lazyload\" data-src=\"https:\/\/celina-tours.com\/blog\/wp-content\/uploads\/2025\/03\/BLOG-4-71.jpg\" alt=\"\" width=\"600\" height=\"353\" data-srcset=\"https:\/\/celina-tours.com\/blog\/wp-content\/uploads\/2025\/03\/BLOG-4-71.jpg 600w, https:\/\/celina-tours.com\/blog\/wp-content\/uploads\/2025\/03\/BLOG-4-71-300x177.jpg 300w\" data-sizes=\"(max-width: 600px) 100vw, 600px\" src=\"data:image\/svg+xml;base64,PHN2ZyB3aWR0aD0iMSIgaGVpZ2h0PSIxIiB4bWxucz0iaHR0cDovL3d3dy53My5vcmcvMjAwMC9zdmciPjwvc3ZnPg==\" style=\"--smush-placeholder-width: 600px; --smush-placeholder-aspect-ratio: 600\/353;\" \/><\/p>\n<p data-start=\"6482\" data-end=\"6576\">Avant de retourner \u00e0 Lisbonne, un arr\u00eat \u00e0 l\u2019<strong data-start=\"6526\" data-end=\"6548\">Aqueduc des Peg\u00f5es<\/strong> est fortement recommand\u00e9.<\/p>\n<p data-start=\"6578\" data-end=\"6721\">Construit au XVIe si\u00e8cle pour alimenter le Couvent du Christ en eau, cet aqueduc s\u2019\u00e9tend sur <strong data-start=\"6671\" data-end=\"6679\">6 km<\/strong> et poss\u00e8de des arches impressionnantes.<\/p>\n<p data-start=\"6723\" data-end=\"6805\">C\u2019est un site spectaculaire pour les amateurs de photographie et d\u2019architecture.<\/p>\n<h2 data-start=\"6812\" data-end=\"6863\">7. Conseils pour Profiter au Mieux du Tour<\/h2>\n<ul data-start=\"6865\" data-end=\"7291\">\n<li data-start=\"6865\" data-end=\"6974\"><strong data-start=\"6867\" data-end=\"6903\">Meilleure p\u00e9riode pour visiter :<\/strong> Printemps et automne, pour un climat agr\u00e9able et moins de touristes.<\/li>\n<li data-start=\"6975\" data-end=\"7083\"><strong data-start=\"6977\" data-end=\"6993\">Que porter :<\/strong> Des v\u00eatements confortables, des chaussures adapt\u00e9es \u00e0 la marche et une bouteille d\u2019eau.<\/li>\n<li data-start=\"7084\" data-end=\"7188\"><strong data-start=\"7086\" data-end=\"7123\">R\u00e9server les billets \u00e0 l\u2019avance :<\/strong> Pour \u00e9viter les files d\u2019attente, surtout au Couvent du Christ.<\/li>\n<li data-start=\"7189\" data-end=\"7291\"><strong data-start=\"7191\" data-end=\"7216\">Opter pour un guide :<\/strong> Pour une exp\u00e9rience plus enrichissante avec des explications d\u00e9taill\u00e9es.<\/li>\n<\/ul>\n<h2 data-start=\"7298\" data-end=\"7367\">8. Conclusion : Faut-il Faire le Tour de Tomar et Almourol ?<\/h2>\n<p data-start=\"7369\" data-end=\"7556\">Sans aucun doute <strong data-start=\"7386\" data-end=\"7395\">oui !<\/strong> Pour les passionn\u00e9s d\u2019histoire, d\u2019architecture et de myst\u00e8res m\u00e9di\u00e9vaux, la <strong data-start=\"7472\" data-end=\"7495\">Route des Templiers<\/strong> est l\u2019une des excursions les plus fascinantes au Portugal.<\/p>\n<p data-start=\"7558\" data-end=\"7743\" data-is-last-node=\"\" data-is-only-node=\"\">Avec ses ch\u00e2teaux majestueux, ses monast\u00e8res impressionnants et son atmosph\u00e8re charg\u00e9e de l\u00e9gendes, ce circuit est une v\u00e9ritable immersion dans le pass\u00e9 des <strong data-start=\"7715\" data-end=\"7739\">Chevaliers du Temple<\/strong>. \ud83d\ude80<\/p>\n","protected":false},"excerpt":{"rendered":"<p>Tour de Tomar et Almourol : La Route des Templiers au Portugal Le Portugal poss\u00e8de un riche patrimoine templier, et&hellip;<\/p>\n","protected":false},"author":1,"featured_media":5830,"comment_status":"closed","ping_status":"closed","sticky":false,"template":"","format":"standard","meta":{"om_disable_all_campaigns":false,"footnotes":""},"categories":[201],"tags":[],"class_list":["post-5843","post","type-post","status-publish","format-standard","has-post-thumbnail","hentry","category-autres-informations"],"yoast_head":"<!-- This site is optimized with the Yoast SEO plugin v27.0 - https:\/\/yoast.com\/product\/yoast-seo-wordpress\/ -->\n<title>Tour de Tomar et Almourol : La Route des Templiers au Portugal -<\/title>\n<meta name=\"description\" content=\"Visite priv\u00e9e \u00e0 Tomar depuis Lisbonne. Visitez la cit\u00e9 des Templiers, Visite priv\u00e9e du Ch\u00e2teau de Tomar, Ch\u00e2teau d&#039;Almourol.\" \/>\n<meta name=\"robots\" content=\"index, follow, max-snippet:-1, max-image-preview:large, max-video-preview:-1\" \/>\n<link rel=\"canonical\" href=\"https:\/\/celina-tours.com\/blog\/fr\/tour-de-tomar-et-almourol-la-route-des-templiers-au-portugal\/\" \/>\n<meta property=\"og:locale\" content=\"pt_PT\" \/>\n<meta property=\"og:type\" content=\"article\" \/>\n<meta property=\"og:title\" content=\"Tour de Tomar et Almourol : La Route des Templiers au Portugal -\" \/>\n<meta property=\"og:description\" content=\"Visite priv\u00e9e \u00e0 Tomar depuis Lisbonne. Visitez la cit\u00e9 des Templiers, Visite priv\u00e9e du Ch\u00e2teau de Tomar, Ch\u00e2teau d&#039;Almourol.\" \/>\n<meta property=\"og:url\" content=\"https:\/\/celina-tours.com\/blog\/fr\/tour-de-tomar-et-almourol-la-route-des-templiers-au-portugal\/\" \/>\n<meta property=\"article:publisher\" content=\"https:\/\/www.instagram.com\/celinatourspt\/\" \/>\n<meta property=\"article:published_time\" content=\"2025-03-05T16:42:18+00:00\" \/>\n<meta property=\"article:modified_time\" content=\"2025-03-05T17:03:38+00:00\" \/>\n<meta property=\"og:image\" content=\"https:\/\/celina-tours.com\/blog\/wp-content\/uploads\/2025\/03\/BLOG-4-68.jpg\" \/>\n\t<meta property=\"og:image:width\" content=\"600\" \/>\n\t<meta property=\"og:image:height\" content=\"353\" \/>\n\t<meta property=\"og:image:type\" content=\"image\/jpeg\" \/>\n<meta name=\"author\" content=\"ctours_blog\" \/>\n<meta name=\"twitter:card\" content=\"summary_large_image\" \/>\n<meta name=\"twitter:label1\" content=\"Escrito por\" \/>\n\t<meta name=\"twitter:data1\" content=\"ctours_blog\" \/>\n\t<meta name=\"twitter:label2\" content=\"Tempo estimado de leitura\" \/>\n\t<meta name=\"twitter:data2\" content=\"8 minutos\" \/>\n<script type=\"application\/ld+json\" class=\"yoast-schema-graph\">{\"@context\":\"https:\/\/schema.org\",\"@graph\":[{\"@type\":\"Article\",\"@id\":\"https:\/\/celina-tours.com\/blog\/fr\/tour-de-tomar-et-almourol-la-route-des-templiers-au-portugal\/#article\",\"isPartOf\":{\"@id\":\"https:\/\/celina-tours.com\/blog\/fr\/tour-de-tomar-et-almourol-la-route-des-templiers-au-portugal\/\"},\"author\":{\"name\":\"ctours_blog\",\"@id\":\"https:\/\/celina-tours.com\/blog\/#\/schema\/person\/e4611dfff819107474e643eb3c25e040\"},\"headline\":\"Tour de Tomar et Almourol : La Route des Templiers au Portugal\",\"datePublished\":\"2025-03-05T16:42:18+00:00\",\"dateModified\":\"2025-03-05T17:03:38+00:00\",\"mainEntityOfPage\":{\"@id\":\"https:\/\/celina-tours.com\/blog\/fr\/tour-de-tomar-et-almourol-la-route-des-templiers-au-portugal\/\"},\"wordCount\":1351,\"publisher\":{\"@id\":\"https:\/\/celina-tours.com\/blog\/#organization\"},\"image\":{\"@id\":\"https:\/\/celina-tours.com\/blog\/fr\/tour-de-tomar-et-almourol-la-route-des-templiers-au-portugal\/#primaryimage\"},\"thumbnailUrl\":\"https:\/\/celina-tours.com\/blog\/wp-content\/uploads\/2025\/03\/BLOG-4-68.jpg\",\"articleSection\":[\"Autres informations\"],\"inLanguage\":\"pt-PT\"},{\"@type\":\"WebPage\",\"@id\":\"https:\/\/celina-tours.com\/blog\/fr\/tour-de-tomar-et-almourol-la-route-des-templiers-au-portugal\/\",\"url\":\"https:\/\/celina-tours.com\/blog\/fr\/tour-de-tomar-et-almourol-la-route-des-templiers-au-portugal\/\",\"name\":\"Tour de Tomar et Almourol : La Route des Templiers au Portugal -\",\"isPartOf\":{\"@id\":\"https:\/\/celina-tours.com\/blog\/#website\"},\"primaryImageOfPage\":{\"@id\":\"https:\/\/celina-tours.com\/blog\/fr\/tour-de-tomar-et-almourol-la-route-des-templiers-au-portugal\/#primaryimage\"},\"image\":{\"@id\":\"https:\/\/celina-tours.com\/blog\/fr\/tour-de-tomar-et-almourol-la-route-des-templiers-au-portugal\/#primaryimage\"},\"thumbnailUrl\":\"https:\/\/celina-tours.com\/blog\/wp-content\/uploads\/2025\/03\/BLOG-4-68.jpg\",\"datePublished\":\"2025-03-05T16:42:18+00:00\",\"dateModified\":\"2025-03-05T17:03:38+00:00\",\"description\":\"Visite priv\u00e9e \u00e0 Tomar depuis Lisbonne. Visitez la cit\u00e9 des Templiers, Visite priv\u00e9e du Ch\u00e2teau de Tomar, Ch\u00e2teau d'Almourol.\",\"breadcrumb\":{\"@id\":\"https:\/\/celina-tours.com\/blog\/fr\/tour-de-tomar-et-almourol-la-route-des-templiers-au-portugal\/#breadcrumb\"},\"inLanguage\":\"pt-PT\",\"potentialAction\":[{\"@type\":\"ReadAction\",\"target\":[\"https:\/\/celina-tours.com\/blog\/fr\/tour-de-tomar-et-almourol-la-route-des-templiers-au-portugal\/\"]}]},{\"@type\":\"ImageObject\",\"inLanguage\":\"pt-PT\",\"@id\":\"https:\/\/celina-tours.com\/blog\/fr\/tour-de-tomar-et-almourol-la-route-des-templiers-au-portugal\/#primaryimage\",\"url\":\"https:\/\/celina-tours.com\/blog\/wp-content\/uploads\/2025\/03\/BLOG-4-68.jpg\",\"contentUrl\":\"https:\/\/celina-tours.com\/blog\/wp-content\/uploads\/2025\/03\/BLOG-4-68.jpg\",\"width\":600,\"height\":353},{\"@type\":\"BreadcrumbList\",\"@id\":\"https:\/\/celina-tours.com\/blog\/fr\/tour-de-tomar-et-almourol-la-route-des-templiers-au-portugal\/#breadcrumb\",\"itemListElement\":[{\"@type\":\"ListItem\",\"position\":1,\"name\":\"In\u00edcio\",\"item\":\"https:\/\/celina-tours.com\/blog\/pt\/\"},{\"@type\":\"ListItem\",\"position\":2,\"name\":\"Tour de Tomar et Almourol : La Route des Templiers au Portugal\"}]},{\"@type\":\"WebSite\",\"@id\":\"https:\/\/celina-tours.com\/blog\/#website\",\"url\":\"https:\/\/celina-tours.com\/blog\/\",\"name\":\"Celina Tours\",\"description\":\"\",\"publisher\":{\"@id\":\"https:\/\/celina-tours.com\/blog\/#organization\"},\"potentialAction\":[{\"@type\":\"SearchAction\",\"target\":{\"@type\":\"EntryPoint\",\"urlTemplate\":\"https:\/\/celina-tours.com\/blog\/?s={search_term_string}\"},\"query-input\":{\"@type\":\"PropertyValueSpecification\",\"valueRequired\":true,\"valueName\":\"search_term_string\"}}],\"inLanguage\":\"pt-PT\"},{\"@type\":\"Organization\",\"@id\":\"https:\/\/celina-tours.com\/blog\/#organization\",\"name\":\"Celina Tours\",\"url\":\"https:\/\/celina-tours.com\/blog\/\",\"logo\":{\"@type\":\"ImageObject\",\"inLanguage\":\"pt-PT\",\"@id\":\"https:\/\/celina-tours.com\/blog\/#\/schema\/logo\/image\/\",\"url\":\"https:\/\/celina-tours.com\/blog\/wp-content\/uploads\/2025\/01\/cropped-1-1.png\",\"contentUrl\":\"https:\/\/celina-tours.com\/blog\/wp-content\/uploads\/2025\/01\/cropped-1-1.png\",\"width\":300,\"height\":94,\"caption\":\"Celina Tours\"},\"image\":{\"@id\":\"https:\/\/celina-tours.com\/blog\/#\/schema\/logo\/image\/\"},\"sameAs\":[\"https:\/\/www.instagram.com\/celinatourspt\/\"]},{\"@type\":\"Person\",\"@id\":\"https:\/\/celina-tours.com\/blog\/#\/schema\/person\/e4611dfff819107474e643eb3c25e040\",\"name\":\"ctours_blog\",\"sameAs\":[\"https:\/\/celina-tours.com\/blog\"],\"url\":\"https:\/\/celina-tours.com\/blog\/author\/ctours_blog\/\"}]}<\/script>\n<!-- \/ Yoast SEO plugin. -->","yoast_head_json":{"title":"Tour de Tomar et Almourol : La Route des Templiers au Portugal -","description":"Visite priv\u00e9e \u00e0 Tomar depuis Lisbonne. Visitez la cit\u00e9 des Templiers, Visite priv\u00e9e du Ch\u00e2teau de Tomar, Ch\u00e2teau d'Almourol.","robots":{"index":"index","follow":"follow","max-snippet":"max-snippet:-1","max-image-preview":"max-image-preview:large","max-video-preview":"max-video-preview:-1"},"canonical":"https:\/\/celina-tours.com\/blog\/fr\/tour-de-tomar-et-almourol-la-route-des-templiers-au-portugal\/","og_locale":"pt_PT","og_type":"article","og_title":"Tour de Tomar et Almourol : La Route des Templiers au Portugal -","og_description":"Visite priv\u00e9e \u00e0 Tomar depuis Lisbonne. Visitez la cit\u00e9 des Templiers, Visite priv\u00e9e du Ch\u00e2teau de Tomar, Ch\u00e2teau d'Almourol.","og_url":"https:\/\/celina-tours.com\/blog\/fr\/tour-de-tomar-et-almourol-la-route-des-templiers-au-portugal\/","article_publisher":"https:\/\/www.instagram.com\/celinatourspt\/","article_published_time":"2025-03-05T16:42:18+00:00","article_modified_time":"2025-03-05T17:03:38+00:00","og_image":[{"width":600,"height":353,"url":"https:\/\/celina-tours.com\/blog\/wp-content\/uploads\/2025\/03\/BLOG-4-68.jpg","type":"image\/jpeg"}],"author":"ctours_blog","twitter_card":"summary_large_image","twitter_misc":{"Escrito por":"ctours_blog","Tempo estimado de leitura":"8 minutos"},"schema":{"@context":"https:\/\/schema.org","@graph":[{"@type":"Article","@id":"https:\/\/celina-tours.com\/blog\/fr\/tour-de-tomar-et-almourol-la-route-des-templiers-au-portugal\/#article","isPartOf":{"@id":"https:\/\/celina-tours.com\/blog\/fr\/tour-de-tomar-et-almourol-la-route-des-templiers-au-portugal\/"},"author":{"name":"ctours_blog","@id":"https:\/\/celina-tours.com\/blog\/#\/schema\/person\/e4611dfff819107474e643eb3c25e040"},"headline":"Tour de Tomar et Almourol : La Route des Templiers au Portugal","datePublished":"2025-03-05T16:42:18+00:00","dateModified":"2025-03-05T17:03:38+00:00","mainEntityOfPage":{"@id":"https:\/\/celina-tours.com\/blog\/fr\/tour-de-tomar-et-almourol-la-route-des-templiers-au-portugal\/"},"wordCount":1351,"publisher":{"@id":"https:\/\/celina-tours.com\/blog\/#organization"},"image":{"@id":"https:\/\/celina-tours.com\/blog\/fr\/tour-de-tomar-et-almourol-la-route-des-templiers-au-portugal\/#primaryimage"},"thumbnailUrl":"https:\/\/celina-tours.com\/blog\/wp-content\/uploads\/2025\/03\/BLOG-4-68.jpg","articleSection":["Autres informations"],"inLanguage":"pt-PT"},{"@type":"WebPage","@id":"https:\/\/celina-tours.com\/blog\/fr\/tour-de-tomar-et-almourol-la-route-des-templiers-au-portugal\/","url":"https:\/\/celina-tours.com\/blog\/fr\/tour-de-tomar-et-almourol-la-route-des-templiers-au-portugal\/","name":"Tour de Tomar et Almourol : La Route des Templiers au Portugal -","isPartOf":{"@id":"https:\/\/celina-tours.com\/blog\/#website"},"primaryImageOfPage":{"@id":"https:\/\/celina-tours.com\/blog\/fr\/tour-de-tomar-et-almourol-la-route-des-templiers-au-portugal\/#primaryimage"},"image":{"@id":"https:\/\/celina-tours.com\/blog\/fr\/tour-de-tomar-et-almourol-la-route-des-templiers-au-portugal\/#primaryimage"},"thumbnailUrl":"https:\/\/celina-tours.com\/blog\/wp-content\/uploads\/2025\/03\/BLOG-4-68.jpg","datePublished":"2025-03-05T16:42:18+00:00","dateModified":"2025-03-05T17:03:38+00:00","description":"Visite priv\u00e9e \u00e0 Tomar depuis Lisbonne. Visitez la cit\u00e9 des Templiers, Visite priv\u00e9e du Ch\u00e2teau de Tomar, Ch\u00e2teau d'Almourol.","breadcrumb":{"@id":"https:\/\/celina-tours.com\/blog\/fr\/tour-de-tomar-et-almourol-la-route-des-templiers-au-portugal\/#breadcrumb"},"inLanguage":"pt-PT","potentialAction":[{"@type":"ReadAction","target":["https:\/\/celina-tours.com\/blog\/fr\/tour-de-tomar-et-almourol-la-route-des-templiers-au-portugal\/"]}]},{"@type":"ImageObject","inLanguage":"pt-PT","@id":"https:\/\/celina-tours.com\/blog\/fr\/tour-de-tomar-et-almourol-la-route-des-templiers-au-portugal\/#primaryimage","url":"https:\/\/celina-tours.com\/blog\/wp-content\/uploads\/2025\/03\/BLOG-4-68.jpg","contentUrl":"https:\/\/celina-tours.com\/blog\/wp-content\/uploads\/2025\/03\/BLOG-4-68.jpg","width":600,"height":353},{"@type":"BreadcrumbList","@id":"https:\/\/celina-tours.com\/blog\/fr\/tour-de-tomar-et-almourol-la-route-des-templiers-au-portugal\/#breadcrumb","itemListElement":[{"@type":"ListItem","position":1,"name":"In\u00edcio","item":"https:\/\/celina-tours.com\/blog\/pt\/"},{"@type":"ListItem","position":2,"name":"Tour de Tomar et Almourol : La Route des Templiers au Portugal"}]},{"@type":"WebSite","@id":"https:\/\/celina-tours.com\/blog\/#website","url":"https:\/\/celina-tours.com\/blog\/","name":"Celina Tours","description":"","publisher":{"@id":"https:\/\/celina-tours.com\/blog\/#organization"},"potentialAction":[{"@type":"SearchAction","target":{"@type":"EntryPoint","urlTemplate":"https:\/\/celina-tours.com\/blog\/?s={search_term_string}"},"query-input":{"@type":"PropertyValueSpecification","valueRequired":true,"valueName":"search_term_string"}}],"inLanguage":"pt-PT"},{"@type":"Organization","@id":"https:\/\/celina-tours.com\/blog\/#organization","name":"Celina Tours","url":"https:\/\/celina-tours.com\/blog\/","logo":{"@type":"ImageObject","inLanguage":"pt-PT","@id":"https:\/\/celina-tours.com\/blog\/#\/schema\/logo\/image\/","url":"https:\/\/celina-tours.com\/blog\/wp-content\/uploads\/2025\/01\/cropped-1-1.png","contentUrl":"https:\/\/celina-tours.com\/blog\/wp-content\/uploads\/2025\/01\/cropped-1-1.png","width":300,"height":94,"caption":"Celina Tours"},"image":{"@id":"https:\/\/celina-tours.com\/blog\/#\/schema\/logo\/image\/"},"sameAs":["https:\/\/www.instagram.com\/celinatourspt\/"]},{"@type":"Person","@id":"https:\/\/celina-tours.com\/blog\/#\/schema\/person\/e4611dfff819107474e643eb3c25e040","name":"ctours_blog","sameAs":["https:\/\/celina-tours.com\/blog"],"url":"https:\/\/celina-tours.com\/blog\/author\/ctours_blog\/"}]}},"_links":{"self":[{"href":"https:\/\/celina-tours.com\/blog\/wp-json\/wp\/v2\/posts\/5843","targetHints":{"allow":["GET"]}}],"collection":[{"href":"https:\/\/celina-tours.com\/blog\/wp-json\/wp\/v2\/posts"}],"about":[{"href":"https:\/\/celina-tours.com\/blog\/wp-json\/wp\/v2\/types\/post"}],"author":[{"embeddable":true,"href":"https:\/\/celina-tours.com\/blog\/wp-json\/wp\/v2\/users\/1"}],"replies":[{"embeddable":true,"href":"https:\/\/celina-tours.com\/blog\/wp-json\/wp\/v2\/comments?post=5843"}],"version-history":[{"count":1,"href":"https:\/\/celina-tours.com\/blog\/wp-json\/wp\/v2\/posts\/5843\/revisions"}],"predecessor-version":[{"id":5844,"href":"https:\/\/celina-tours.com\/blog\/wp-json\/wp\/v2\/posts\/5843\/revisions\/5844"}],"wp:featuredmedia":[{"embeddable":true,"href":"https:\/\/celina-tours.com\/blog\/wp-json\/wp\/v2\/media\/5830"}],"wp:attachment":[{"href":"https:\/\/celina-tours.com\/blog\/wp-json\/wp\/v2\/media?parent=5843"}],"wp:term":[{"taxonomy":"category","embeddable":true,"href":"https:\/\/celina-tours.com\/blog\/wp-json\/wp\/v2\/categories?post=5843"},{"taxonomy":"post_tag","embeddable":true,"href":"https:\/\/celina-tours.com\/blog\/wp-json\/wp\/v2\/tags?post=5843"}],"curies":[{"name":"wp","href":"https:\/\/api.w.org\/{rel}","templated":true}]}}