{"id":5695,"date":"2025-03-03T21:28:55","date_gmt":"2025-03-03T21:28:55","guid":{"rendered":"https:\/\/celina-tours.com\/blog\/?p=5695"},"modified":"2025-03-03T22:01:10","modified_gmt":"2025-03-03T22:01:10","slug":"la-meilleure-periode-pour-voir-les-vagues-geantes-a-nazare","status":"publish","type":"post","link":"https:\/\/celina-tours.com\/blog\/fr\/la-meilleure-periode-pour-voir-les-vagues-geantes-a-nazare\/","title":{"rendered":"La Meilleure P\u00e9riode pour Voir les Vagues G\u00e9antes \u00e0 Nazar\u00e9"},"content":{"rendered":"<h2 data-pm-slice=\"1 1 []\">La Meilleure P\u00e9riode pour Voir les Vagues G\u00e9antes \u00e0 Nazar\u00e9<\/h2>\n<p>Le village de Nazar\u00e9, situ\u00e9 sur la c\u00f4te ouest du Portugal, est l&#8217;une des destinations les plus c\u00e9l\u00e8bres au monde pour observer les vagues g\u00e9antes. Sa renomm\u00e9e est principalement due au Canyon de Nazar\u00e9, une formation g\u00e9ologique sous-marine unique qui amplifie la taille des vagues et cr\u00e9e des conditions exceptionnelles pour le surf de grosses vagues. Depuis que le surfeur hawa\u00efen Garrett McNamara a battu des records en surfant une vague colossale en 2011, Nazar\u00e9 est devenue un sanctuaire pour les athl\u00e8tes et les passionn\u00e9s de surf extr\u00eame.<\/p>\n<p>Si vous souhaitez visiter Nazar\u00e9 pour assister \u00e0 ce spectacle naturel, il est essentiel de choisir le bon moment. Mais quelle est la meilleure p\u00e9riode pour voir les vagues g\u00e9antes \u00e0 Nazar\u00e9 ?<\/p>\n<h2><strong>La Saison des Vagues G\u00e9antes<\/strong><\/h2>\n<p><img decoding=\"async\" class=\"alignnone wp-image-5701 size-full lazyload\" data-src=\"https:\/\/celina-tours.com\/blog\/wp-content\/uploads\/2025\/03\/BLOG-4-48.jpg\" alt=\"\" width=\"600\" height=\"353\" data-srcset=\"https:\/\/celina-tours.com\/blog\/wp-content\/uploads\/2025\/03\/BLOG-4-48.jpg 600w, https:\/\/celina-tours.com\/blog\/wp-content\/uploads\/2025\/03\/BLOG-4-48-300x177.jpg 300w\" data-sizes=\"(max-width: 600px) 100vw, 600px\" src=\"data:image\/svg+xml;base64,PHN2ZyB3aWR0aD0iMSIgaGVpZ2h0PSIxIiB4bWxucz0iaHR0cDovL3d3dy53My5vcmcvMjAwMC9zdmciPjwvc3ZnPg==\" style=\"--smush-placeholder-width: 600px; --smush-placeholder-aspect-ratio: 600\/353;\" \/><\/p>\n<p>La meilleure p\u00e9riode pour observer les vagues g\u00e9antes \u00e0 Nazar\u00e9 s&#8217;\u00e9tend d&#8217;octobre \u00e0 mars. Pendant cette p\u00e9riode, les temp\u00eates dans l&#8217;Atlantique Nord g\u00e9n\u00e8rent de puissantes houles qui atteignent la c\u00f4te portugaise, cr\u00e9ant des vagues qui peuvent d\u00e9passer 30 m\u00e8tres (100 pieds) de hauteur.<\/p>\n<p>Parmi ces mois, novembre, d\u00e9cembre et janvier sont g\u00e9n\u00e9ralement les plus favorables, car les conditions atmosph\u00e9riques et oc\u00e9aniques sont plus propices \u00e0 la formation de vagues colossales. Cependant, il est important de surveiller les pr\u00e9visions m\u00e9t\u00e9orologiques et les conditions oc\u00e9aniques, car toutes les journ\u00e9es ne produisent pas des vagues gigantesques.<\/p>\n<p>&nbsp;<\/p>\n<table style=\"width: 732px; height: 210px;\">\n<tbody>\n<tr>\n<td style=\"width: 644.8px;\">\n<h3><img decoding=\"async\" class=\"alignleft wp-image-3974 lazyload\" data-src=\"https:\/\/celina-tours.com\/blog\/wp-content\/uploads\/2025\/02\/fatima.jpg\" alt=\"\" width=\"182\" height=\"182\" src=\"data:image\/svg+xml;base64,PHN2ZyB3aWR0aD0iMSIgaGVpZ2h0PSIxIiB4bWxucz0iaHR0cDovL3d3dy53My5vcmcvMjAwMC9zdmciPjwvc3ZnPg==\" style=\"--smush-placeholder-width: 182px; --smush-placeholder-aspect-ratio: 182\/182;\" \/><br \/>\nVISITES DE FATIMA<\/h3>\n<p><a href=\"https:\/\/celina-tours.com\/fr-visite-privee-fatima-depuis-lisbonne.php\" target=\"_blank\" rel=\"noopener\">Visiste Priv\u00e9e Fatima Batalha Nazare et \u00d3bidos &gt;&gt;&gt;<\/a><\/p>\n<p><a href=\"https:\/\/celina-tours.com\/fr-visite-fatima-excursion-fatima-lisbonne.php\" target=\"_blank\" rel=\"noopener\">Visite en Groupe Fatima Batalha Nazare et \u00d3bidos &gt;&gt;&gt;<\/a><\/td>\n<\/tr>\n<\/tbody>\n<\/table>\n<h2><strong>Facteurs Influant sur la Formation des Vagues G\u00e9antes<\/strong><\/h2>\n<p>Plusieurs facteurs naturels contribuent \u00e0 la formation des c\u00e9l\u00e8bres vagues g\u00e9antes de Nazar\u00e9. Les plus importants sont :<\/p>\n<h3><strong>1. Le Canyon de Nazar\u00e9<\/strong><\/h3>\n<p><img decoding=\"async\" class=\"alignnone wp-image-5702 size-full lazyload\" data-src=\"https:\/\/celina-tours.com\/blog\/wp-content\/uploads\/2025\/03\/BLOG-4-49.jpg\" alt=\"\" width=\"600\" height=\"353\" data-srcset=\"https:\/\/celina-tours.com\/blog\/wp-content\/uploads\/2025\/03\/BLOG-4-49.jpg 600w, https:\/\/celina-tours.com\/blog\/wp-content\/uploads\/2025\/03\/BLOG-4-49-300x177.jpg 300w\" data-sizes=\"(max-width: 600px) 100vw, 600px\" src=\"data:image\/svg+xml;base64,PHN2ZyB3aWR0aD0iMSIgaGVpZ2h0PSIxIiB4bWxucz0iaHR0cDovL3d3dy53My5vcmcvMjAwMC9zdmciPjwvc3ZnPg==\" style=\"--smush-placeholder-width: 600px; --smush-placeholder-aspect-ratio: 600\/353;\" \/><\/p>\n<p>Le Canyon de Nazar\u00e9 est une fosse sous-marine qui s&#8217;\u00e9tend sur environ 230 kilom\u00e8tres (143 miles) et atteint des profondeurs allant jusqu&#8217;\u00e0 5 000 m\u00e8tres (16 400 pieds). Cette structure g\u00e9ologique agit comme un canal qui dirige et amplifie l&#8217;\u00e9nergie des houles oc\u00e9aniques, rendant les vagues beaucoup plus grandes et puissantes lorsqu&#8217;elles atteignent le rivage.<\/p>\n<h3><strong>2. Les Conditions M\u00e9t\u00e9orologiques<\/strong><\/h3>\n<p>Les temp\u00eates dans l&#8217;Atlantique Nord sont un moteur majeur des grandes houles. Les syst\u00e8mes de basse pression, les vents forts et les fronts froids contribuent \u00e0 la formation de vagues g\u00e9antes qui parcourent des milliers de kilom\u00e8tres avant d&#8217;atteindre la c\u00f4te de Nazar\u00e9.<\/p>\n<h3><strong>3. La Direction de la Houle<\/strong><\/h3>\n<p>La houle, c&#8217;est-\u00e0-dire la s\u00e9rie de vagues g\u00e9n\u00e9r\u00e9es par les temp\u00eates oc\u00e9aniques, doit provenir d&#8217;une direction favorable pour que les vagues atteignent leur plein potentiel \u00e0 Praia do Norte, o\u00f9 se d\u00e9roule le spectacle des vagues g\u00e9antes. Les houles venant du nord-ouest et de l&#8217;ouest sont les plus efficaces pour produire les plus grandes vagues.<\/p>\n<h3><strong>4. Les Mar\u00e9es et les Vents Locaux<\/strong><\/h3>\n<p>Les conditions locales jouent \u00e9galement un r\u00f4le fondamental. Les vents offshore (soufflant de la terre vers l&#8217;oc\u00e9an) aident \u00e0 maintenir la forme des vagues et emp\u00eachent leur d\u00e9ferlement pr\u00e9matur\u00e9. De plus, la mar\u00e9e peut influencer la qualit\u00e9 des vagues, la mar\u00e9e mi-haute \u00e9tant g\u00e9n\u00e9ralement le meilleur moment pour observer les vagues g\u00e9antes.<\/p>\n<p>&nbsp;<\/p>\n<p><span class=\"HwtZe\" lang=\"fr\"><span class=\"jCAhz ChMk0b\"><span class=\"ryNqvb\"><strong>Lire aussi<\/strong><br \/>\n<a href=\"https:\/\/celina-tours.com\/blog\/fr\/que-voir-et-faire-a-nazare\/\">Que voir et faire \u00e0 Nazar\u00e9<\/a><br \/>\n<a href=\"https:\/\/celina-tours.com\/blog\/fr\/que-faire-et-visiter-a-obidos-visitez-le-village-dobidos-portugal\/\">Que faire et visiter \u00e0 \u00d3bidos. Visitez le village d\u2019\u00d3bidos Portugal<\/a><br \/>\n<a href=\"https:\/\/celina-tours.com\/blog\/fr\/comment-visiter-le-chateau-dalmourol-guide-complet\/\">Comment Visiter le Ch\u00e2teau d\u2019Almourol : Guide Complet<\/a><br \/>\n<\/span><\/span><\/span><\/p>\n<p>&nbsp;<\/p>\n<p>&nbsp;<\/p>\n<h2><strong>Meilleurs Endroits pour Observer les Vagues G\u00e9antes<\/strong><\/h2>\n<p>Si votre objectif est simplement d&#8217;observer les vagues g\u00e9antes, voici quelques lieux strat\u00e9giques \u00e0 Nazar\u00e9 offrant des vues privil\u00e9gi\u00e9es :<\/p>\n<h3><strong>1. Fort de S\u00e3o Miguel Arcanjo<\/strong><\/h3>\n<p><img decoding=\"async\" class=\"alignnone wp-image-5703 size-full lazyload\" data-src=\"https:\/\/celina-tours.com\/blog\/wp-content\/uploads\/2025\/03\/BLOG-4-50.jpg\" alt=\"\" width=\"600\" height=\"353\" data-srcset=\"https:\/\/celina-tours.com\/blog\/wp-content\/uploads\/2025\/03\/BLOG-4-50.jpg 600w, https:\/\/celina-tours.com\/blog\/wp-content\/uploads\/2025\/03\/BLOG-4-50-300x177.jpg 300w\" data-sizes=\"(max-width: 600px) 100vw, 600px\" src=\"data:image\/svg+xml;base64,PHN2ZyB3aWR0aD0iMSIgaGVpZ2h0PSIxIiB4bWxucz0iaHR0cDovL3d3dy53My5vcmcvMjAwMC9zdmciPjwvc3ZnPg==\" style=\"--smush-placeholder-width: 600px; --smush-placeholder-aspect-ratio: 600\/353;\" \/><\/p>\n<p>C&#8217;est l&#8217;endroit le plus embl\u00e9matique pour observer les vagues g\u00e9antes. Le fort, situ\u00e9 au sommet d&#8217;une falaise, offre une vue panoramique incroyable sur les vagues colossales d\u00e9ferlant \u00e0 Praia do Norte. Il abrite \u00e9galement le phare de Nazar\u00e9 et une exposition sur l&#8217;histoire du surf de grosses vagues dans la r\u00e9gion.<\/p>\n<h3><strong>2. Miradouro do Suberco<\/strong><\/h3>\n<p>Situ\u00e9 dans la partie haute du village, ce belv\u00e9d\u00e8re offre une vue spectaculaire sur Praia do Norte et Praia da Nazar\u00e9. Bien qu&#8217;il soit l\u00e9g\u00e8rement plus \u00e9loign\u00e9 des vagues g\u00e9antes, il permet toujours une observation privil\u00e9gi\u00e9e du ph\u00e9nom\u00e8ne.<\/p>\n<h3><strong>3. Praia do Norte<\/strong><\/h3>\n<p><img decoding=\"async\" class=\"alignnone wp-image-5704 size-full lazyload\" data-src=\"https:\/\/celina-tours.com\/blog\/wp-content\/uploads\/2025\/03\/BLOG-4-51.jpg\" alt=\"\" width=\"600\" height=\"353\" data-srcset=\"https:\/\/celina-tours.com\/blog\/wp-content\/uploads\/2025\/03\/BLOG-4-51.jpg 600w, https:\/\/celina-tours.com\/blog\/wp-content\/uploads\/2025\/03\/BLOG-4-51-300x177.jpg 300w\" data-sizes=\"(max-width: 600px) 100vw, 600px\" src=\"data:image\/svg+xml;base64,PHN2ZyB3aWR0aD0iMSIgaGVpZ2h0PSIxIiB4bWxucz0iaHR0cDovL3d3dy53My5vcmcvMjAwMC9zdmciPjwvc3ZnPg==\" style=\"--smush-placeholder-width: 600px; --smush-placeholder-aspect-ratio: 600\/353;\" \/><\/p>\n<p>Pour ceux qui souhaitent ressentir la puissance des vagues de pr\u00e8s (mais en toute s\u00e9curit\u00e9), Praia do Norte est une excellente option. Cependant, en raison des vagues violentes et des courants dangereux, il est fortement recommand\u00e9 de garder une distance de s\u00e9curit\u00e9 par rapport \u00e0 l&#8217;eau.<\/p>\n<h2><strong>\u00c9v\u00e9nements et Comp\u00e9titions de Surf de Grosses Vagues<\/strong><\/h2>\n<p>Pendant la saison des vagues g\u00e9antes, Nazar\u00e9 accueille plusieurs comp\u00e9titions et \u00e9v\u00e9nements de surf extr\u00eame qui attirent l&#8217;\u00e9lite des surfeurs du monde entier. Les plus importants sont :<\/p>\n<h3><strong>1. WSL Nazar\u00e9 Tow Surfing Challenge<\/strong><\/h3>\n<p>Cet \u00e9v\u00e9nement de la World Surf League (WSL) r\u00e9unit les meilleurs surfeurs de grosses vagues du monde pour affronter les vagues monstrueuses de Praia do Norte. Contrairement au surf traditionnel, les athl\u00e8tes de cette comp\u00e9tition sont tract\u00e9s dans les vagues par des jet-skis, car il serait presque impossible de les prendre \u00e0 la rame en raison de leur taille et de leur puissance.<\/p>\n<h3><strong>2. Records de la Plus Grande Vague Jamais Surf\u00e9e<\/strong><\/h3>\n<p><img decoding=\"async\" class=\"alignnone wp-image-5705 size-full lazyload\" data-src=\"https:\/\/celina-tours.com\/blog\/wp-content\/uploads\/2025\/03\/BLOG-4-52.jpg\" alt=\"\" width=\"600\" height=\"353\" data-srcset=\"https:\/\/celina-tours.com\/blog\/wp-content\/uploads\/2025\/03\/BLOG-4-52.jpg 600w, https:\/\/celina-tours.com\/blog\/wp-content\/uploads\/2025\/03\/BLOG-4-52-300x177.jpg 300w\" data-sizes=\"(max-width: 600px) 100vw, 600px\" src=\"data:image\/svg+xml;base64,PHN2ZyB3aWR0aD0iMSIgaGVpZ2h0PSIxIiB4bWxucz0iaHR0cDovL3d3dy53My5vcmcvMjAwMC9zdmciPjwvc3ZnPg==\" style=\"--smush-placeholder-width: 600px; --smush-placeholder-aspect-ratio: 600\/353;\" \/><\/p>\n<p>Nazar\u00e9 a \u00e9t\u00e9 le th\u00e9\u00e2tre de plusieurs records du monde de la plus grande vague jamais surf\u00e9e. Des surfeurs comme Garrett McNamara, Rodrigo Koxa et Maya Gabeira ont marqu\u00e9 l&#8217;histoire en chevauchant des vagues d&#8217;une ampleur \u00e9pique \u00e0 Praia do Norte.<\/p>\n<h2><strong>Conseils pour Visiter Nazar\u00e9 Pendant la Saison des Vagues G\u00e9antes<\/strong><\/h2>\n<p>Si vous envisagez de visiter Nazar\u00e9 pour assister au spectacle des vagues g\u00e9antes, voici quelques conseils utiles :<\/p>\n<ul data-spread=\"false\">\n<li><strong>V\u00e9rifiez les Pr\u00e9visions<\/strong> : Utilisez des sites sp\u00e9cialis\u00e9s comme Surfline, Windguru et MagicSeaweed pour surveiller les conditions oc\u00e9aniques et d\u00e9terminer quand des houles favorables sont attendues.<\/li>\n<li><strong>Arrivez T\u00f4t<\/strong> : Les jours de grosses vagues, le Fort de S\u00e3o Miguel Arcanjo et les autres points d&#8217;observation peuvent \u00eatre bond\u00e9s. Arriver t\u00f4t vous assure une bonne place pour observer.<\/li>\n<li><strong>Habillez-vous en Cons\u00e9quence<\/strong> : L&#8217;hiver \u00e0 Nazar\u00e9 peut \u00eatre froid et venteux, donc portez des v\u00eatements chauds et confortables.<\/li>\n<li><strong>Apportez du Mat\u00e9riel Photographique<\/strong> : Si vous aimez la photographie, emportez un appareil photo avec un bon zoom pour capturer les vagues et les surfeurs en action.<\/li>\n<li><strong>Priorisez la S\u00e9curit\u00e9<\/strong> : Ne vous approchez jamais trop pr\u00e8s de l&#8217;eau ni ne vous tenez sur des falaises instables. La mer \u00e0 Praia do Norte est extr\u00eamement dangereuse et impr\u00e9visible.<\/li>\n<\/ul>\n<h2><strong>Conclusion<\/strong><\/h2>\n<p>Nazar\u00e9 est sans aucun doute l&#8217;un des meilleurs endroits au monde pour voir des vagues g\u00e9antes. Si vous souhaitez \u00eatre t\u00e9moin de ce ph\u00e9nom\u00e8ne impressionnant, la meilleure p\u00e9riode pour visiter est entre octobre et mars, avec un pic entre novembre et janvier. Gr\u00e2ce \u00e0 la combinaison id\u00e9ale des temp\u00eates atlantiques, des houles puissantes et de l&#8217;effet du Canyon de Nazar\u00e9, le village devient le th\u00e9\u00e2tre d&#8217;un des spectacles naturels les plus fascinants de la plan\u00e8te. Ne manquez pas l&#8217;opportunit\u00e9 de vivre cette merveille naturelle et de ressentir la puissance \u00e9crasante de l&#8217;oc\u00e9an de pr\u00e8s.<\/p>\n","protected":false},"excerpt":{"rendered":"<p>La Meilleure P\u00e9riode pour Voir les Vagues G\u00e9antes \u00e0 Nazar\u00e9 Le village de Nazar\u00e9, situ\u00e9 sur la c\u00f4te ouest du&hellip;<\/p>\n","protected":false},"author":1,"featured_media":5700,"comment_status":"closed","ping_status":"closed","sticky":false,"template":"","format":"standard","meta":{"om_disable_all_campaigns":false,"footnotes":""},"categories":[216,181],"tags":[],"class_list":["post-5695","post","type-post","status-publish","format-standard","has-post-thumbnail","hentry","category-centre-du-portugal","category-que-visiter"],"yoast_head":"<!-- This site is optimized with the Yoast SEO plugin v27.0 - https:\/\/yoast.com\/product\/yoast-seo-wordpress\/ -->\n<title>La Meilleure P\u00e9riode pour Voir les Vagues G\u00e9antes \u00e0 Nazar\u00e9 -<\/title>\n<meta name=\"description\" content=\"Les plus grosses vagues du monde frappent la c\u00f4te de Nazar\u00e9 au Portugal entre octobre et mars (pas tous les jours). Voir les informations ici\" \/>\n<meta name=\"robots\" content=\"index, follow, max-snippet:-1, max-image-preview:large, max-video-preview:-1\" \/>\n<link rel=\"canonical\" href=\"https:\/\/celina-tours.com\/blog\/fr\/la-meilleure-periode-pour-voir-les-vagues-geantes-a-nazare\/\" \/>\n<meta property=\"og:locale\" content=\"pt_PT\" \/>\n<meta property=\"og:type\" content=\"article\" \/>\n<meta property=\"og:title\" content=\"La Meilleure P\u00e9riode pour Voir les Vagues G\u00e9antes \u00e0 Nazar\u00e9 -\" \/>\n<meta property=\"og:description\" content=\"Les plus grosses vagues du monde frappent la c\u00f4te de Nazar\u00e9 au Portugal entre octobre et mars (pas tous les jours). Voir les informations ici\" \/>\n<meta property=\"og:url\" content=\"https:\/\/celina-tours.com\/blog\/fr\/la-meilleure-periode-pour-voir-les-vagues-geantes-a-nazare\/\" \/>\n<meta property=\"article:publisher\" content=\"https:\/\/www.instagram.com\/celinatourspt\/\" \/>\n<meta property=\"article:published_time\" content=\"2025-03-03T21:28:55+00:00\" \/>\n<meta property=\"article:modified_time\" content=\"2025-03-03T22:01:10+00:00\" \/>\n<meta property=\"og:image\" content=\"https:\/\/celina-tours.com\/blog\/wp-content\/uploads\/2025\/03\/BLOG-4-47.jpg\" \/>\n\t<meta property=\"og:image:width\" content=\"600\" \/>\n\t<meta property=\"og:image:height\" content=\"353\" \/>\n\t<meta property=\"og:image:type\" content=\"image\/jpeg\" \/>\n<meta name=\"author\" content=\"ctours_blog\" \/>\n<meta name=\"twitter:card\" content=\"summary_large_image\" \/>\n<meta name=\"twitter:label1\" content=\"Escrito por\" \/>\n\t<meta name=\"twitter:data1\" content=\"ctours_blog\" \/>\n\t<meta name=\"twitter:label2\" content=\"Tempo estimado de leitura\" \/>\n\t<meta name=\"twitter:data2\" content=\"8 minutos\" \/>\n<script type=\"application\/ld+json\" class=\"yoast-schema-graph\">{\"@context\":\"https:\/\/schema.org\",\"@graph\":[{\"@type\":\"Article\",\"@id\":\"https:\/\/celina-tours.com\/blog\/fr\/la-meilleure-periode-pour-voir-les-vagues-geantes-a-nazare\/#article\",\"isPartOf\":{\"@id\":\"https:\/\/celina-tours.com\/blog\/fr\/la-meilleure-periode-pour-voir-les-vagues-geantes-a-nazare\/\"},\"author\":{\"name\":\"ctours_blog\",\"@id\":\"https:\/\/celina-tours.com\/blog\/#\/schema\/person\/e4611dfff819107474e643eb3c25e040\"},\"headline\":\"La Meilleure P\u00e9riode pour Voir les Vagues G\u00e9antes \u00e0 Nazar\u00e9\",\"datePublished\":\"2025-03-03T21:28:55+00:00\",\"dateModified\":\"2025-03-03T22:01:10+00:00\",\"mainEntityOfPage\":{\"@id\":\"https:\/\/celina-tours.com\/blog\/fr\/la-meilleure-periode-pour-voir-les-vagues-geantes-a-nazare\/\"},\"wordCount\":1260,\"publisher\":{\"@id\":\"https:\/\/celina-tours.com\/blog\/#organization\"},\"image\":{\"@id\":\"https:\/\/celina-tours.com\/blog\/fr\/la-meilleure-periode-pour-voir-les-vagues-geantes-a-nazare\/#primaryimage\"},\"thumbnailUrl\":\"https:\/\/celina-tours.com\/blog\/wp-content\/uploads\/2025\/03\/BLOG-4-47.jpg\",\"articleSection\":[\"Centre du Portugal\",\"Que faire\"],\"inLanguage\":\"pt-PT\"},{\"@type\":\"WebPage\",\"@id\":\"https:\/\/celina-tours.com\/blog\/fr\/la-meilleure-periode-pour-voir-les-vagues-geantes-a-nazare\/\",\"url\":\"https:\/\/celina-tours.com\/blog\/fr\/la-meilleure-periode-pour-voir-les-vagues-geantes-a-nazare\/\",\"name\":\"La Meilleure P\u00e9riode pour Voir les Vagues G\u00e9antes \u00e0 Nazar\u00e9 -\",\"isPartOf\":{\"@id\":\"https:\/\/celina-tours.com\/blog\/#website\"},\"primaryImageOfPage\":{\"@id\":\"https:\/\/celina-tours.com\/blog\/fr\/la-meilleure-periode-pour-voir-les-vagues-geantes-a-nazare\/#primaryimage\"},\"image\":{\"@id\":\"https:\/\/celina-tours.com\/blog\/fr\/la-meilleure-periode-pour-voir-les-vagues-geantes-a-nazare\/#primaryimage\"},\"thumbnailUrl\":\"https:\/\/celina-tours.com\/blog\/wp-content\/uploads\/2025\/03\/BLOG-4-47.jpg\",\"datePublished\":\"2025-03-03T21:28:55+00:00\",\"dateModified\":\"2025-03-03T22:01:10+00:00\",\"description\":\"Les plus grosses vagues du monde frappent la c\u00f4te de Nazar\u00e9 au Portugal entre octobre et mars (pas tous les jours). Voir les informations ici\",\"breadcrumb\":{\"@id\":\"https:\/\/celina-tours.com\/blog\/fr\/la-meilleure-periode-pour-voir-les-vagues-geantes-a-nazare\/#breadcrumb\"},\"inLanguage\":\"pt-PT\",\"potentialAction\":[{\"@type\":\"ReadAction\",\"target\":[\"https:\/\/celina-tours.com\/blog\/fr\/la-meilleure-periode-pour-voir-les-vagues-geantes-a-nazare\/\"]}]},{\"@type\":\"ImageObject\",\"inLanguage\":\"pt-PT\",\"@id\":\"https:\/\/celina-tours.com\/blog\/fr\/la-meilleure-periode-pour-voir-les-vagues-geantes-a-nazare\/#primaryimage\",\"url\":\"https:\/\/celina-tours.com\/blog\/wp-content\/uploads\/2025\/03\/BLOG-4-47.jpg\",\"contentUrl\":\"https:\/\/celina-tours.com\/blog\/wp-content\/uploads\/2025\/03\/BLOG-4-47.jpg\",\"width\":600,\"height\":353},{\"@type\":\"BreadcrumbList\",\"@id\":\"https:\/\/celina-tours.com\/blog\/fr\/la-meilleure-periode-pour-voir-les-vagues-geantes-a-nazare\/#breadcrumb\",\"itemListElement\":[{\"@type\":\"ListItem\",\"position\":1,\"name\":\"In\u00edcio\",\"item\":\"https:\/\/celina-tours.com\/blog\/pt\/\"},{\"@type\":\"ListItem\",\"position\":2,\"name\":\"La Meilleure P\u00e9riode pour Voir les Vagues G\u00e9antes \u00e0 Nazar\u00e9\"}]},{\"@type\":\"WebSite\",\"@id\":\"https:\/\/celina-tours.com\/blog\/#website\",\"url\":\"https:\/\/celina-tours.com\/blog\/\",\"name\":\"Celina Tours\",\"description\":\"\",\"publisher\":{\"@id\":\"https:\/\/celina-tours.com\/blog\/#organization\"},\"potentialAction\":[{\"@type\":\"SearchAction\",\"target\":{\"@type\":\"EntryPoint\",\"urlTemplate\":\"https:\/\/celina-tours.com\/blog\/?s={search_term_string}\"},\"query-input\":{\"@type\":\"PropertyValueSpecification\",\"valueRequired\":true,\"valueName\":\"search_term_string\"}}],\"inLanguage\":\"pt-PT\"},{\"@type\":\"Organization\",\"@id\":\"https:\/\/celina-tours.com\/blog\/#organization\",\"name\":\"Celina Tours\",\"url\":\"https:\/\/celina-tours.com\/blog\/\",\"logo\":{\"@type\":\"ImageObject\",\"inLanguage\":\"pt-PT\",\"@id\":\"https:\/\/celina-tours.com\/blog\/#\/schema\/logo\/image\/\",\"url\":\"https:\/\/celina-tours.com\/blog\/wp-content\/uploads\/2025\/01\/cropped-1-1.png\",\"contentUrl\":\"https:\/\/celina-tours.com\/blog\/wp-content\/uploads\/2025\/01\/cropped-1-1.png\",\"width\":300,\"height\":94,\"caption\":\"Celina Tours\"},\"image\":{\"@id\":\"https:\/\/celina-tours.com\/blog\/#\/schema\/logo\/image\/\"},\"sameAs\":[\"https:\/\/www.instagram.com\/celinatourspt\/\"]},{\"@type\":\"Person\",\"@id\":\"https:\/\/celina-tours.com\/blog\/#\/schema\/person\/e4611dfff819107474e643eb3c25e040\",\"name\":\"ctours_blog\",\"sameAs\":[\"https:\/\/celina-tours.com\/blog\"],\"url\":\"https:\/\/celina-tours.com\/blog\/author\/ctours_blog\/\"}]}<\/script>\n<!-- \/ Yoast SEO plugin. -->","yoast_head_json":{"title":"La Meilleure P\u00e9riode pour Voir les Vagues G\u00e9antes \u00e0 Nazar\u00e9 -","description":"Les plus grosses vagues du monde frappent la c\u00f4te de Nazar\u00e9 au Portugal entre octobre et mars (pas tous les jours). Voir les informations ici","robots":{"index":"index","follow":"follow","max-snippet":"max-snippet:-1","max-image-preview":"max-image-preview:large","max-video-preview":"max-video-preview:-1"},"canonical":"https:\/\/celina-tours.com\/blog\/fr\/la-meilleure-periode-pour-voir-les-vagues-geantes-a-nazare\/","og_locale":"pt_PT","og_type":"article","og_title":"La Meilleure P\u00e9riode pour Voir les Vagues G\u00e9antes \u00e0 Nazar\u00e9 -","og_description":"Les plus grosses vagues du monde frappent la c\u00f4te de Nazar\u00e9 au Portugal entre octobre et mars (pas tous les jours). Voir les informations ici","og_url":"https:\/\/celina-tours.com\/blog\/fr\/la-meilleure-periode-pour-voir-les-vagues-geantes-a-nazare\/","article_publisher":"https:\/\/www.instagram.com\/celinatourspt\/","article_published_time":"2025-03-03T21:28:55+00:00","article_modified_time":"2025-03-03T22:01:10+00:00","og_image":[{"width":600,"height":353,"url":"https:\/\/celina-tours.com\/blog\/wp-content\/uploads\/2025\/03\/BLOG-4-47.jpg","type":"image\/jpeg"}],"author":"ctours_blog","twitter_card":"summary_large_image","twitter_misc":{"Escrito por":"ctours_blog","Tempo estimado de leitura":"8 minutos"},"schema":{"@context":"https:\/\/schema.org","@graph":[{"@type":"Article","@id":"https:\/\/celina-tours.com\/blog\/fr\/la-meilleure-periode-pour-voir-les-vagues-geantes-a-nazare\/#article","isPartOf":{"@id":"https:\/\/celina-tours.com\/blog\/fr\/la-meilleure-periode-pour-voir-les-vagues-geantes-a-nazare\/"},"author":{"name":"ctours_blog","@id":"https:\/\/celina-tours.com\/blog\/#\/schema\/person\/e4611dfff819107474e643eb3c25e040"},"headline":"La Meilleure P\u00e9riode pour Voir les Vagues G\u00e9antes \u00e0 Nazar\u00e9","datePublished":"2025-03-03T21:28:55+00:00","dateModified":"2025-03-03T22:01:10+00:00","mainEntityOfPage":{"@id":"https:\/\/celina-tours.com\/blog\/fr\/la-meilleure-periode-pour-voir-les-vagues-geantes-a-nazare\/"},"wordCount":1260,"publisher":{"@id":"https:\/\/celina-tours.com\/blog\/#organization"},"image":{"@id":"https:\/\/celina-tours.com\/blog\/fr\/la-meilleure-periode-pour-voir-les-vagues-geantes-a-nazare\/#primaryimage"},"thumbnailUrl":"https:\/\/celina-tours.com\/blog\/wp-content\/uploads\/2025\/03\/BLOG-4-47.jpg","articleSection":["Centre du Portugal","Que faire"],"inLanguage":"pt-PT"},{"@type":"WebPage","@id":"https:\/\/celina-tours.com\/blog\/fr\/la-meilleure-periode-pour-voir-les-vagues-geantes-a-nazare\/","url":"https:\/\/celina-tours.com\/blog\/fr\/la-meilleure-periode-pour-voir-les-vagues-geantes-a-nazare\/","name":"La Meilleure P\u00e9riode pour Voir les Vagues G\u00e9antes \u00e0 Nazar\u00e9 -","isPartOf":{"@id":"https:\/\/celina-tours.com\/blog\/#website"},"primaryImageOfPage":{"@id":"https:\/\/celina-tours.com\/blog\/fr\/la-meilleure-periode-pour-voir-les-vagues-geantes-a-nazare\/#primaryimage"},"image":{"@id":"https:\/\/celina-tours.com\/blog\/fr\/la-meilleure-periode-pour-voir-les-vagues-geantes-a-nazare\/#primaryimage"},"thumbnailUrl":"https:\/\/celina-tours.com\/blog\/wp-content\/uploads\/2025\/03\/BLOG-4-47.jpg","datePublished":"2025-03-03T21:28:55+00:00","dateModified":"2025-03-03T22:01:10+00:00","description":"Les plus grosses vagues du monde frappent la c\u00f4te de Nazar\u00e9 au Portugal entre octobre et mars (pas tous les jours). Voir les informations ici","breadcrumb":{"@id":"https:\/\/celina-tours.com\/blog\/fr\/la-meilleure-periode-pour-voir-les-vagues-geantes-a-nazare\/#breadcrumb"},"inLanguage":"pt-PT","potentialAction":[{"@type":"ReadAction","target":["https:\/\/celina-tours.com\/blog\/fr\/la-meilleure-periode-pour-voir-les-vagues-geantes-a-nazare\/"]}]},{"@type":"ImageObject","inLanguage":"pt-PT","@id":"https:\/\/celina-tours.com\/blog\/fr\/la-meilleure-periode-pour-voir-les-vagues-geantes-a-nazare\/#primaryimage","url":"https:\/\/celina-tours.com\/blog\/wp-content\/uploads\/2025\/03\/BLOG-4-47.jpg","contentUrl":"https:\/\/celina-tours.com\/blog\/wp-content\/uploads\/2025\/03\/BLOG-4-47.jpg","width":600,"height":353},{"@type":"BreadcrumbList","@id":"https:\/\/celina-tours.com\/blog\/fr\/la-meilleure-periode-pour-voir-les-vagues-geantes-a-nazare\/#breadcrumb","itemListElement":[{"@type":"ListItem","position":1,"name":"In\u00edcio","item":"https:\/\/celina-tours.com\/blog\/pt\/"},{"@type":"ListItem","position":2,"name":"La Meilleure P\u00e9riode pour Voir les Vagues G\u00e9antes \u00e0 Nazar\u00e9"}]},{"@type":"WebSite","@id":"https:\/\/celina-tours.com\/blog\/#website","url":"https:\/\/celina-tours.com\/blog\/","name":"Celina Tours","description":"","publisher":{"@id":"https:\/\/celina-tours.com\/blog\/#organization"},"potentialAction":[{"@type":"SearchAction","target":{"@type":"EntryPoint","urlTemplate":"https:\/\/celina-tours.com\/blog\/?s={search_term_string}"},"query-input":{"@type":"PropertyValueSpecification","valueRequired":true,"valueName":"search_term_string"}}],"inLanguage":"pt-PT"},{"@type":"Organization","@id":"https:\/\/celina-tours.com\/blog\/#organization","name":"Celina Tours","url":"https:\/\/celina-tours.com\/blog\/","logo":{"@type":"ImageObject","inLanguage":"pt-PT","@id":"https:\/\/celina-tours.com\/blog\/#\/schema\/logo\/image\/","url":"https:\/\/celina-tours.com\/blog\/wp-content\/uploads\/2025\/01\/cropped-1-1.png","contentUrl":"https:\/\/celina-tours.com\/blog\/wp-content\/uploads\/2025\/01\/cropped-1-1.png","width":300,"height":94,"caption":"Celina Tours"},"image":{"@id":"https:\/\/celina-tours.com\/blog\/#\/schema\/logo\/image\/"},"sameAs":["https:\/\/www.instagram.com\/celinatourspt\/"]},{"@type":"Person","@id":"https:\/\/celina-tours.com\/blog\/#\/schema\/person\/e4611dfff819107474e643eb3c25e040","name":"ctours_blog","sameAs":["https:\/\/celina-tours.com\/blog"],"url":"https:\/\/celina-tours.com\/blog\/author\/ctours_blog\/"}]}},"_links":{"self":[{"href":"https:\/\/celina-tours.com\/blog\/wp-json\/wp\/v2\/posts\/5695","targetHints":{"allow":["GET"]}}],"collection":[{"href":"https:\/\/celina-tours.com\/blog\/wp-json\/wp\/v2\/posts"}],"about":[{"href":"https:\/\/celina-tours.com\/blog\/wp-json\/wp\/v2\/types\/post"}],"author":[{"embeddable":true,"href":"https:\/\/celina-tours.com\/blog\/wp-json\/wp\/v2\/users\/1"}],"replies":[{"embeddable":true,"href":"https:\/\/celina-tours.com\/blog\/wp-json\/wp\/v2\/comments?post=5695"}],"version-history":[{"count":4,"href":"https:\/\/celina-tours.com\/blog\/wp-json\/wp\/v2\/posts\/5695\/revisions"}],"predecessor-version":[{"id":5729,"href":"https:\/\/celina-tours.com\/blog\/wp-json\/wp\/v2\/posts\/5695\/revisions\/5729"}],"wp:featuredmedia":[{"embeddable":true,"href":"https:\/\/celina-tours.com\/blog\/wp-json\/wp\/v2\/media\/5700"}],"wp:attachment":[{"href":"https:\/\/celina-tours.com\/blog\/wp-json\/wp\/v2\/media?parent=5695"}],"wp:term":[{"taxonomy":"category","embeddable":true,"href":"https:\/\/celina-tours.com\/blog\/wp-json\/wp\/v2\/categories?post=5695"},{"taxonomy":"post_tag","embeddable":true,"href":"https:\/\/celina-tours.com\/blog\/wp-json\/wp\/v2\/tags?post=5695"}],"curies":[{"name":"wp","href":"https:\/\/api.w.org\/{rel}","templated":true}]}}