{"id":5691,"date":"2025-03-03T21:28:55","date_gmt":"2025-03-03T21:28:55","guid":{"rendered":"https:\/\/celina-tours.com\/blog\/?p=5691"},"modified":"2025-03-03T21:56:34","modified_gmt":"2025-03-03T21:56:34","slug":"a-melhor-epoca-para-ver-ondas-gigantes-em-nazare","status":"publish","type":"post","link":"https:\/\/celina-tours.com\/blog\/pt\/a-melhor-epoca-para-ver-ondas-gigantes-em-nazare\/","title":{"rendered":"A Melhor \u00c9poca para Ver Ondas Gigantes em Nazar\u00e9"},"content":{"rendered":"<h2>A Melhor \u00c9poca para Ver Ondas Gigantes em Nazar\u00e9<\/h2>\n<p>A vila da Nazar\u00e9, localizada na costa oeste de Portugal, \u00e9 um dos destinos mais famosos do mundo para a observa\u00e7\u00e3o de ondas gigantes. A sua fama deve-se, em grande parte, ao Canh\u00e3o da Nazar\u00e9, uma forma\u00e7\u00e3o geol\u00f3gica submarina que amplifica o tamanho das ondas e cria condi\u00e7\u00f5es \u00fanicas para o surf de ondas gigantes. Desde que o surfista havaiano Garrett McNamara quebrou recordes ao surfar uma onda colossal em 2011, a Nazar\u00e9 tornou-se um verdadeiro santu\u00e1rio para atletas e entusiastas do surf extremo.<\/p>\n<p>Se voc\u00ea deseja visitar a Nazar\u00e9 para testemunhar este espet\u00e1culo da natureza, \u00e9 essencial escolher a \u00e9poca certa. Mas afinal, quando \u00e9 a melhor altura para ver ondas gigantes em Nazar\u00e9?<\/p>\n<h2>A Temporada de Ondas Gigantes<\/h2>\n<p><img decoding=\"async\" class=\"alignnone wp-image-5701 size-full lazyload\" data-src=\"https:\/\/celina-tours.com\/blog\/wp-content\/uploads\/2025\/03\/BLOG-4-48.jpg\" alt=\"\" width=\"600\" height=\"353\" data-srcset=\"https:\/\/celina-tours.com\/blog\/wp-content\/uploads\/2025\/03\/BLOG-4-48.jpg 600w, https:\/\/celina-tours.com\/blog\/wp-content\/uploads\/2025\/03\/BLOG-4-48-300x177.jpg 300w\" data-sizes=\"(max-width: 600px) 100vw, 600px\" src=\"data:image\/svg+xml;base64,PHN2ZyB3aWR0aD0iMSIgaGVpZ2h0PSIxIiB4bWxucz0iaHR0cDovL3d3dy53My5vcmcvMjAwMC9zdmciPjwvc3ZnPg==\" style=\"--smush-placeholder-width: 600px; --smush-placeholder-aspect-ratio: 600\/353;\" \/><\/p>\n<p>A melhor \u00e9poca para ver ondas gigantes na Nazar\u00e9 ocorre entre os <strong>meses de outubro e mar\u00e7o.<\/strong><\/p>\n<p>Durante este per\u00edodo, as tempestades no Atl\u00e2ntico Norte geram ondula\u00e7\u00f5es poderosas que chegam \u00e0 costa portuguesa, resultando em ondas que podem atingir mais de 30 metros de altura.<\/p>\n<p>Entre esses meses, <strong>novembro, dezembro e janeiro<\/strong> costumam ser os mais favor\u00e1veis, pois \u00e9 quando as condi\u00e7\u00f5es atmosf\u00e9ricas e oce\u00e2nicas est\u00e3o mais prop\u00edcias para a forma\u00e7\u00e3o de ondas colossais. No entanto, \u00e9 importante estar atento \u00e0s previs\u00f5es do tempo e \u00e0s condi\u00e7\u00f5es do mar, pois nem todos os dias apresentar\u00e3o ondas gigantes.<\/p>\n<h2>Fatores que Influenciam a Forma\u00e7\u00e3o das Ondas Gigantes<\/h2>\n<p>Diversos fatores naturais contribuem para a forma\u00e7\u00e3o das famosas ondas gigantes da Nazar\u00e9. Entre os principais, destacam-se:<\/p>\n<h3>1. O Canh\u00e3o da Nazar\u00e9<\/h3>\n<p><img decoding=\"async\" class=\"alignnone wp-image-5702 size-full lazyload\" data-src=\"https:\/\/celina-tours.com\/blog\/wp-content\/uploads\/2025\/03\/BLOG-4-49.jpg\" alt=\"\" width=\"600\" height=\"353\" data-srcset=\"https:\/\/celina-tours.com\/blog\/wp-content\/uploads\/2025\/03\/BLOG-4-49.jpg 600w, https:\/\/celina-tours.com\/blog\/wp-content\/uploads\/2025\/03\/BLOG-4-49-300x177.jpg 300w\" data-sizes=\"(max-width: 600px) 100vw, 600px\" src=\"data:image\/svg+xml;base64,PHN2ZyB3aWR0aD0iMSIgaGVpZ2h0PSIxIiB4bWxucz0iaHR0cDovL3d3dy53My5vcmcvMjAwMC9zdmciPjwvc3ZnPg==\" style=\"--smush-placeholder-width: 600px; --smush-placeholder-aspect-ratio: 600\/353;\" \/><\/p>\n<p>O Canh\u00e3o da Nazar\u00e9 \u00e9 uma fenda submarina que se estende por aproximadamente 230 quil\u00f4metros e atinge profundidades de at\u00e9 5.000 metros. Essa estrutura geol\u00f3gica atua como um canal que direciona e amplifica a energia das ondas oce\u00e2nicas, tornando-as muito maiores e mais poderosas ao chegarem \u00e0 costa.<\/p>\n<table style=\"width: 732px; height: 210px;\">\n<tbody>\n<tr>\n<td style=\"width: 644.8px;\">\n<h3><img decoding=\"async\" class=\"alignleft wp-image-3974 lazyload\" data-src=\"https:\/\/celina-tours.com\/blog\/wp-content\/uploads\/2025\/02\/fatima.jpg\" alt=\"\" width=\"182\" height=\"182\" src=\"data:image\/svg+xml;base64,PHN2ZyB3aWR0aD0iMSIgaGVpZ2h0PSIxIiB4bWxucz0iaHR0cDovL3d3dy53My5vcmcvMjAwMC9zdmciPjwvc3ZnPg==\" style=\"--smush-placeholder-width: 182px; --smush-placeholder-aspect-ratio: 182\/182;\" \/><br \/>\nTOUR FATIMA<\/h3>\n<p><a href=\"https:\/\/celina-tours.com\/excursao-privada-fatima-batalha-nazare-obidos-tours.php\" target=\"_blank\" rel=\"noopener\">Tour Privado Fatima Batalha NAzare e \u00d3bidos &gt;&gt;&gt;<\/a><\/p>\n<p><a href=\"https:\/\/celina-tours.com\/excursao-fatima-tour-fatima-saindo-lisboa.php\" target=\"_blank\" rel=\"noopener\">Tour em Grupo Fatima Batalha Nazare e \u00d3bidos &gt;&gt;&gt;<\/a><\/td>\n<\/tr>\n<\/tbody>\n<\/table>\n<p>&nbsp;<\/p>\n<h3>2. Condi\u00e7\u00f5es Meteorol\u00f3gicas<\/h3>\n<p>As tempestades no Atl\u00e2ntico Norte s\u00e3o um dos principais motores para a cria\u00e7\u00e3o de grandes ondula\u00e7\u00f5es. Sistemas de baixa press\u00e3o, ventos fortes e frentes frias contribuem para a forma\u00e7\u00e3o de ondas gigantes, que viajam milhares de quil\u00f4metros antes de atingirem a costa da Nazar\u00e9.<\/p>\n<h3>3. Dire\u00e7\u00e3o do Swell<\/h3>\n<p>O swell, ou seja, a ondula\u00e7\u00e3o gerada pelas tempestades oce\u00e2nicas, deve vir de uma dire\u00e7\u00e3o favor\u00e1vel para que as ondas atinjam o seu m\u00e1ximo potencial na Praia do Norte, onde ocorre o espet\u00e1culo das ondas gigantes. Swells vindos do noroeste e oeste s\u00e3o os mais eficazes para a forma\u00e7\u00e3o das maiores ondas.<\/p>\n<p>&nbsp;<\/p>\n<p>Leia Tambem<br \/>\n<a href=\"https:\/\/celina-tours.com\/blog\/pt\/o-que-ver-e-fazer-na-nazare\/\">O que ver e fazer na Nazar\u00e9<\/a><br \/>\n<a href=\"https:\/\/celina-tours.com\/blog\/pt\/o-que-fazer-e-visitar-em-obidos\/\">O que fazer e visitar em \u00d3bidos<\/a><br \/>\n<a href=\"https:\/\/celina-tours.com\/blog\/pt\/como-visitar-o-castelo-de-almourol-um-guia-completo\/\">Como Visitar o Castelo de Almourol: Um Guia Completo<\/a><\/p>\n<p>&nbsp;<\/p>\n<h3>4. Mar\u00e9s e Ventos Locais<\/h3>\n<p>As condi\u00e7\u00f5es locais tamb\u00e9m desempenham um papel fundamental. O vento offshore (soprando da terra para o mar) ajuda a manter a forma das ondas e evita que elas quebrem antes de atingir sua altura m\u00e1xima. Al\u00e9m disso, a mar\u00e9 pode afetar a qualidade das ondas, sendo geralmente prefer\u00edvel observar as ondas gigantes na mar\u00e9 m\u00e9dia ou alta.<\/p>\n<h2>Melhores Locais para Observar as Ondas Gigantes<\/h2>\n<p>Se o seu objetivo \u00e9 simplesmente assistir ao espet\u00e1culo das ondas gigantes, h\u00e1 alguns pontos estrat\u00e9gicos na Nazar\u00e9 que oferecem vistas privilegiadas:<\/p>\n<h3>1. Forte de S\u00e3o Miguel Arcanjo<\/h3>\n<p><img decoding=\"async\" class=\"alignnone wp-image-5703 size-full lazyload\" data-src=\"https:\/\/celina-tours.com\/blog\/wp-content\/uploads\/2025\/03\/BLOG-4-50.jpg\" alt=\"\" width=\"600\" height=\"353\" data-srcset=\"https:\/\/celina-tours.com\/blog\/wp-content\/uploads\/2025\/03\/BLOG-4-50.jpg 600w, https:\/\/celina-tours.com\/blog\/wp-content\/uploads\/2025\/03\/BLOG-4-50-300x177.jpg 300w\" data-sizes=\"(max-width: 600px) 100vw, 600px\" src=\"data:image\/svg+xml;base64,PHN2ZyB3aWR0aD0iMSIgaGVpZ2h0PSIxIiB4bWxucz0iaHR0cDovL3d3dy53My5vcmcvMjAwMC9zdmciPjwvc3ZnPg==\" style=\"--smush-placeholder-width: 600px; --smush-placeholder-aspect-ratio: 600\/353;\" \/><\/p>\n<p>Este \u00e9 o local mais ic\u00f4nico para observar as ondas gigantes. O forte, localizado no topo de uma fal\u00e9sia, proporciona uma vista panor\u00e2mica incr\u00edvel das ondas colossais que quebram na Praia do Norte. Al\u00e9m disso, abriga o Farol da Nazar\u00e9 e uma exposi\u00e7\u00e3o sobre a hist\u00f3ria do surf de ondas gigantes na regi\u00e3o.<\/p>\n<h3>2. Miradouro do Suberco<\/h3>\n<p>Localizado na parte alta da vila, este miradouro oferece uma vista espetacular tanto da Praia do Norte quanto da Praia da Nazar\u00e9. Embora esteja um pouco mais distante das ondas gigantes, ainda permite uma observa\u00e7\u00e3o privilegiada do fen\u00f4meno.<\/p>\n<h3>3. Praia do Norte<\/h3>\n<p><img decoding=\"async\" class=\"alignnone wp-image-5704 size-full lazyload\" data-src=\"https:\/\/celina-tours.com\/blog\/wp-content\/uploads\/2025\/03\/BLOG-4-51.jpg\" alt=\"\" width=\"600\" height=\"353\" data-srcset=\"https:\/\/celina-tours.com\/blog\/wp-content\/uploads\/2025\/03\/BLOG-4-51.jpg 600w, https:\/\/celina-tours.com\/blog\/wp-content\/uploads\/2025\/03\/BLOG-4-51-300x177.jpg 300w\" data-sizes=\"(max-width: 600px) 100vw, 600px\" src=\"data:image\/svg+xml;base64,PHN2ZyB3aWR0aD0iMSIgaGVpZ2h0PSIxIiB4bWxucz0iaHR0cDovL3d3dy53My5vcmcvMjAwMC9zdmciPjwvc3ZnPg==\" style=\"--smush-placeholder-width: 600px; --smush-placeholder-aspect-ratio: 600\/353;\" \/><\/p>\n<p>Para quem quer sentir a for\u00e7a das ondas de perto (mas com seguran\u00e7a), a Praia do Norte \u00e9 uma excelente op\u00e7\u00e3o. No entanto, devido \u00e0 viol\u00eancia das ondas e \u00e0s correntes perigosas, recomenda-se manter uma dist\u00e2ncia segura da \u00e1gua.<\/p>\n<h2>Eventos e Competi\u00e7\u00f5es de Surf de Ondas Gigantes<\/h2>\n<p>Durante a temporada de ondas gigantes, a Nazar\u00e9 sedia diversas competi\u00e7\u00f5es e eventos de surf extremo que atraem surfistas de elite de todo o mundo. Entre os mais importantes, destacam-se:<\/p>\n<h3>1. WSL Nazare Tow Surfing Challenge<\/h3>\n<p>Este evento da World Surf League (WSL) re\u00fane os melhores surfistas de ondas gigantes do mundo para desafiar as monstruosas ondas da Praia do Norte. Diferente do surf tradicional, aqui os atletas s\u00e3o rebocados por motos de \u00e1gua at\u00e9 as ondas, pois remar manualmente seria praticamente imposs\u00edvel devido ao tamanho e for\u00e7a das ondas.<\/p>\n<h3>2. Recordes de Maior Onda Surfada<\/h3>\n<p><img decoding=\"async\" class=\"alignnone wp-image-5705 size-full lazyload\" data-src=\"https:\/\/celina-tours.com\/blog\/wp-content\/uploads\/2025\/03\/BLOG-4-52.jpg\" alt=\"\" width=\"600\" height=\"353\" data-srcset=\"https:\/\/celina-tours.com\/blog\/wp-content\/uploads\/2025\/03\/BLOG-4-52.jpg 600w, https:\/\/celina-tours.com\/blog\/wp-content\/uploads\/2025\/03\/BLOG-4-52-300x177.jpg 300w\" data-sizes=\"(max-width: 600px) 100vw, 600px\" src=\"data:image\/svg+xml;base64,PHN2ZyB3aWR0aD0iMSIgaGVpZ2h0PSIxIiB4bWxucz0iaHR0cDovL3d3dy53My5vcmcvMjAwMC9zdmciPjwvc3ZnPg==\" style=\"--smush-placeholder-width: 600px; --smush-placeholder-aspect-ratio: 600\/353;\" \/><\/p>\n<p>A Nazar\u00e9 tem sido palco de diversos recordes mundiais de maior onda j\u00e1 surfada. Surfistas como Garrett McNamara, Rodrigo Koxa e Maya Gabeira j\u00e1 entraram para a hist\u00f3ria ao enfrentarem ondas de propor\u00e7\u00f5es \u00e9picas na Praia do Norte.<\/p>\n<h2>Dicas para Quem Quer Visitar Nazar\u00e9 Durante a Temporada de Ondas Gigantes<\/h2>\n<p>Se voc\u00ea est\u00e1 planejando visitar a Nazar\u00e9 para assistir ao espet\u00e1culo das ondas gigantes, aqui est\u00e3o algumas dicas \u00fateis:<\/p>\n<p>Acompanhe as Previs\u00f5es: Use sites especializados, como Surfline, Windguru e MagicSeaweed, para verificar as condi\u00e7\u00f5es do mar e saber quando haver\u00e1 swells favor\u00e1veis.<\/p>\n<p>Chegue Cedo: Nos dias de ondas gigantes, o Forte de S\u00e3o Miguel Arcanjo e outros pontos de observa\u00e7\u00e3o costumam ficar lotados. Chegar cedo garante um bom lugar para assistir.<\/p>\n<p>Vista-se Adequadamente: O inverno na Nazar\u00e9 pode ser frio e ventoso, portanto, use roupas quentes e confort\u00e1veis.<\/p>\n<p>Leve Equipamento Fotogr\u00e1fico: Se voc\u00ea gosta de fotografia, leve uma c\u00e2mera com uma boa lente de zoom para capturar as ondas e os surfistas em a\u00e7\u00e3o.<\/p>\n<p>Seguran\u00e7a em Primeiro Lugar: Nunca se aproxime demais da \u00e1gua ou de fal\u00e9sias inst\u00e1veis. O mar na Praia do Norte \u00e9 extremamente perigoso e imprevis\u00edvel.<\/p>\n<h2>Conclus\u00e3o<\/h2>\n<p>A Nazar\u00e9 \u00e9, sem d\u00favida, um dos melhores lugares do mundo para ver ondas gigantes. Se voc\u00ea deseja testemunhar esse fen\u00f4meno impressionante, a melhor \u00e9poca para visitar \u00e9 entre outubro e mar\u00e7o, com destaque para os meses de novembro a janeiro. Com a combina\u00e7\u00e3o certa de tempestades no Atl\u00e2ntico, swells poderosos e o efeito do Canh\u00e3o da Nazar\u00e9, a vila se transforma no palco de um dos espet\u00e1culos naturais mais emocionantes do planeta. N\u00e3o perca a oportunidade de presenciar essa maravilha da natureza e sentir de perto a for\u00e7a avassaladora do oceano.<\/p>\n<p>&nbsp;<\/p>\n","protected":false},"excerpt":{"rendered":"<p>A Melhor \u00c9poca para Ver Ondas Gigantes em Nazar\u00e9 A vila da Nazar\u00e9, localizada na costa oeste de Portugal, \u00e9&hellip;<\/p>\n","protected":false},"author":1,"featured_media":5700,"comment_status":"closed","ping_status":"closed","sticky":false,"template":"","format":"standard","meta":{"om_disable_all_campaigns":false,"footnotes":""},"categories":[212,29],"tags":[],"class_list":["post-5691","post","type-post","status-publish","format-standard","has-post-thumbnail","hentry","category-centro-portugal","category-o-que-visitar"],"yoast_head":"<!-- This site is optimized with the Yoast SEO plugin v27.0 - https:\/\/yoast.com\/product\/yoast-seo-wordpress\/ -->\n<title>A Melhor \u00c9poca para Ver Ondas Gigantes em Nazar\u00e9 -<\/title>\n<meta name=\"description\" content=\"As maiores ondas do mundo d\u00e3o \u00e0 costa na Nazar\u00e9 em Portugal entre Outubro e Mar\u00e7o (n\u00e3o ocorre todos os dias). Consulte aqui informa\u00e7ao\" \/>\n<meta name=\"robots\" content=\"index, follow, max-snippet:-1, max-image-preview:large, max-video-preview:-1\" \/>\n<link rel=\"canonical\" href=\"https:\/\/celina-tours.com\/blog\/pt\/a-melhor-epoca-para-ver-ondas-gigantes-em-nazare\/\" \/>\n<meta property=\"og:locale\" content=\"pt_PT\" \/>\n<meta property=\"og:type\" content=\"article\" \/>\n<meta property=\"og:title\" content=\"A Melhor \u00c9poca para Ver Ondas Gigantes em Nazar\u00e9 -\" \/>\n<meta property=\"og:description\" content=\"As maiores ondas do mundo d\u00e3o \u00e0 costa na Nazar\u00e9 em Portugal entre Outubro e Mar\u00e7o (n\u00e3o ocorre todos os dias). Consulte aqui informa\u00e7ao\" \/>\n<meta property=\"og:url\" content=\"https:\/\/celina-tours.com\/blog\/pt\/a-melhor-epoca-para-ver-ondas-gigantes-em-nazare\/\" \/>\n<meta property=\"article:publisher\" content=\"https:\/\/www.instagram.com\/celinatourspt\/\" \/>\n<meta property=\"article:published_time\" content=\"2025-03-03T21:28:55+00:00\" \/>\n<meta property=\"article:modified_time\" content=\"2025-03-03T21:56:34+00:00\" \/>\n<meta property=\"og:image\" content=\"https:\/\/celina-tours.com\/blog\/wp-content\/uploads\/2025\/03\/BLOG-4-47.jpg\" \/>\n\t<meta property=\"og:image:width\" content=\"600\" \/>\n\t<meta property=\"og:image:height\" content=\"353\" \/>\n\t<meta property=\"og:image:type\" content=\"image\/jpeg\" \/>\n<meta name=\"author\" content=\"ctours_blog\" \/>\n<meta name=\"twitter:card\" content=\"summary_large_image\" \/>\n<meta name=\"twitter:label1\" content=\"Escrito por\" \/>\n\t<meta name=\"twitter:data1\" content=\"ctours_blog\" \/>\n\t<meta name=\"twitter:label2\" content=\"Tempo estimado de leitura\" \/>\n\t<meta name=\"twitter:data2\" content=\"8 minutos\" \/>\n<script type=\"application\/ld+json\" class=\"yoast-schema-graph\">{\"@context\":\"https:\/\/schema.org\",\"@graph\":[{\"@type\":\"Article\",\"@id\":\"https:\/\/celina-tours.com\/blog\/pt\/a-melhor-epoca-para-ver-ondas-gigantes-em-nazare\/#article\",\"isPartOf\":{\"@id\":\"https:\/\/celina-tours.com\/blog\/pt\/a-melhor-epoca-para-ver-ondas-gigantes-em-nazare\/\"},\"author\":{\"name\":\"ctours_blog\",\"@id\":\"https:\/\/celina-tours.com\/blog\/#\/schema\/person\/e4611dfff819107474e643eb3c25e040\"},\"headline\":\"A Melhor \u00c9poca para Ver Ondas Gigantes em Nazar\u00e9\",\"datePublished\":\"2025-03-03T21:28:55+00:00\",\"dateModified\":\"2025-03-03T21:56:34+00:00\",\"mainEntityOfPage\":{\"@id\":\"https:\/\/celina-tours.com\/blog\/pt\/a-melhor-epoca-para-ver-ondas-gigantes-em-nazare\/\"},\"wordCount\":1165,\"publisher\":{\"@id\":\"https:\/\/celina-tours.com\/blog\/#organization\"},\"image\":{\"@id\":\"https:\/\/celina-tours.com\/blog\/pt\/a-melhor-epoca-para-ver-ondas-gigantes-em-nazare\/#primaryimage\"},\"thumbnailUrl\":\"https:\/\/celina-tours.com\/blog\/wp-content\/uploads\/2025\/03\/BLOG-4-47.jpg\",\"articleSection\":[\"Centro Portugal\",\"O que Fazer\"],\"inLanguage\":\"pt-PT\"},{\"@type\":\"WebPage\",\"@id\":\"https:\/\/celina-tours.com\/blog\/pt\/a-melhor-epoca-para-ver-ondas-gigantes-em-nazare\/\",\"url\":\"https:\/\/celina-tours.com\/blog\/pt\/a-melhor-epoca-para-ver-ondas-gigantes-em-nazare\/\",\"name\":\"A Melhor \u00c9poca para Ver Ondas Gigantes em Nazar\u00e9 -\",\"isPartOf\":{\"@id\":\"https:\/\/celina-tours.com\/blog\/#website\"},\"primaryImageOfPage\":{\"@id\":\"https:\/\/celina-tours.com\/blog\/pt\/a-melhor-epoca-para-ver-ondas-gigantes-em-nazare\/#primaryimage\"},\"image\":{\"@id\":\"https:\/\/celina-tours.com\/blog\/pt\/a-melhor-epoca-para-ver-ondas-gigantes-em-nazare\/#primaryimage\"},\"thumbnailUrl\":\"https:\/\/celina-tours.com\/blog\/wp-content\/uploads\/2025\/03\/BLOG-4-47.jpg\",\"datePublished\":\"2025-03-03T21:28:55+00:00\",\"dateModified\":\"2025-03-03T21:56:34+00:00\",\"description\":\"As maiores ondas do mundo d\u00e3o \u00e0 costa na Nazar\u00e9 em Portugal entre Outubro e Mar\u00e7o (n\u00e3o ocorre todos os dias). Consulte aqui informa\u00e7ao\",\"breadcrumb\":{\"@id\":\"https:\/\/celina-tours.com\/blog\/pt\/a-melhor-epoca-para-ver-ondas-gigantes-em-nazare\/#breadcrumb\"},\"inLanguage\":\"pt-PT\",\"potentialAction\":[{\"@type\":\"ReadAction\",\"target\":[\"https:\/\/celina-tours.com\/blog\/pt\/a-melhor-epoca-para-ver-ondas-gigantes-em-nazare\/\"]}]},{\"@type\":\"ImageObject\",\"inLanguage\":\"pt-PT\",\"@id\":\"https:\/\/celina-tours.com\/blog\/pt\/a-melhor-epoca-para-ver-ondas-gigantes-em-nazare\/#primaryimage\",\"url\":\"https:\/\/celina-tours.com\/blog\/wp-content\/uploads\/2025\/03\/BLOG-4-47.jpg\",\"contentUrl\":\"https:\/\/celina-tours.com\/blog\/wp-content\/uploads\/2025\/03\/BLOG-4-47.jpg\",\"width\":600,\"height\":353},{\"@type\":\"BreadcrumbList\",\"@id\":\"https:\/\/celina-tours.com\/blog\/pt\/a-melhor-epoca-para-ver-ondas-gigantes-em-nazare\/#breadcrumb\",\"itemListElement\":[{\"@type\":\"ListItem\",\"position\":1,\"name\":\"In\u00edcio\",\"item\":\"https:\/\/celina-tours.com\/blog\/pt\/\"},{\"@type\":\"ListItem\",\"position\":2,\"name\":\"A Melhor \u00c9poca para Ver Ondas Gigantes em Nazar\u00e9\"}]},{\"@type\":\"WebSite\",\"@id\":\"https:\/\/celina-tours.com\/blog\/#website\",\"url\":\"https:\/\/celina-tours.com\/blog\/\",\"name\":\"Celina Tours\",\"description\":\"\",\"publisher\":{\"@id\":\"https:\/\/celina-tours.com\/blog\/#organization\"},\"potentialAction\":[{\"@type\":\"SearchAction\",\"target\":{\"@type\":\"EntryPoint\",\"urlTemplate\":\"https:\/\/celina-tours.com\/blog\/?s={search_term_string}\"},\"query-input\":{\"@type\":\"PropertyValueSpecification\",\"valueRequired\":true,\"valueName\":\"search_term_string\"}}],\"inLanguage\":\"pt-PT\"},{\"@type\":\"Organization\",\"@id\":\"https:\/\/celina-tours.com\/blog\/#organization\",\"name\":\"Celina Tours\",\"url\":\"https:\/\/celina-tours.com\/blog\/\",\"logo\":{\"@type\":\"ImageObject\",\"inLanguage\":\"pt-PT\",\"@id\":\"https:\/\/celina-tours.com\/blog\/#\/schema\/logo\/image\/\",\"url\":\"https:\/\/celina-tours.com\/blog\/wp-content\/uploads\/2025\/01\/cropped-1-1.png\",\"contentUrl\":\"https:\/\/celina-tours.com\/blog\/wp-content\/uploads\/2025\/01\/cropped-1-1.png\",\"width\":300,\"height\":94,\"caption\":\"Celina Tours\"},\"image\":{\"@id\":\"https:\/\/celina-tours.com\/blog\/#\/schema\/logo\/image\/\"},\"sameAs\":[\"https:\/\/www.instagram.com\/celinatourspt\/\"]},{\"@type\":\"Person\",\"@id\":\"https:\/\/celina-tours.com\/blog\/#\/schema\/person\/e4611dfff819107474e643eb3c25e040\",\"name\":\"ctours_blog\",\"sameAs\":[\"https:\/\/celina-tours.com\/blog\"],\"url\":\"https:\/\/celina-tours.com\/blog\/author\/ctours_blog\/\"}]}<\/script>\n<!-- \/ Yoast SEO plugin. -->","yoast_head_json":{"title":"A Melhor \u00c9poca para Ver Ondas Gigantes em Nazar\u00e9 -","description":"As maiores ondas do mundo d\u00e3o \u00e0 costa na Nazar\u00e9 em Portugal entre Outubro e Mar\u00e7o (n\u00e3o ocorre todos os dias). Consulte aqui informa\u00e7ao","robots":{"index":"index","follow":"follow","max-snippet":"max-snippet:-1","max-image-preview":"max-image-preview:large","max-video-preview":"max-video-preview:-1"},"canonical":"https:\/\/celina-tours.com\/blog\/pt\/a-melhor-epoca-para-ver-ondas-gigantes-em-nazare\/","og_locale":"pt_PT","og_type":"article","og_title":"A Melhor \u00c9poca para Ver Ondas Gigantes em Nazar\u00e9 -","og_description":"As maiores ondas do mundo d\u00e3o \u00e0 costa na Nazar\u00e9 em Portugal entre Outubro e Mar\u00e7o (n\u00e3o ocorre todos os dias). Consulte aqui informa\u00e7ao","og_url":"https:\/\/celina-tours.com\/blog\/pt\/a-melhor-epoca-para-ver-ondas-gigantes-em-nazare\/","article_publisher":"https:\/\/www.instagram.com\/celinatourspt\/","article_published_time":"2025-03-03T21:28:55+00:00","article_modified_time":"2025-03-03T21:56:34+00:00","og_image":[{"width":600,"height":353,"url":"https:\/\/celina-tours.com\/blog\/wp-content\/uploads\/2025\/03\/BLOG-4-47.jpg","type":"image\/jpeg"}],"author":"ctours_blog","twitter_card":"summary_large_image","twitter_misc":{"Escrito por":"ctours_blog","Tempo estimado de leitura":"8 minutos"},"schema":{"@context":"https:\/\/schema.org","@graph":[{"@type":"Article","@id":"https:\/\/celina-tours.com\/blog\/pt\/a-melhor-epoca-para-ver-ondas-gigantes-em-nazare\/#article","isPartOf":{"@id":"https:\/\/celina-tours.com\/blog\/pt\/a-melhor-epoca-para-ver-ondas-gigantes-em-nazare\/"},"author":{"name":"ctours_blog","@id":"https:\/\/celina-tours.com\/blog\/#\/schema\/person\/e4611dfff819107474e643eb3c25e040"},"headline":"A Melhor \u00c9poca para Ver Ondas Gigantes em Nazar\u00e9","datePublished":"2025-03-03T21:28:55+00:00","dateModified":"2025-03-03T21:56:34+00:00","mainEntityOfPage":{"@id":"https:\/\/celina-tours.com\/blog\/pt\/a-melhor-epoca-para-ver-ondas-gigantes-em-nazare\/"},"wordCount":1165,"publisher":{"@id":"https:\/\/celina-tours.com\/blog\/#organization"},"image":{"@id":"https:\/\/celina-tours.com\/blog\/pt\/a-melhor-epoca-para-ver-ondas-gigantes-em-nazare\/#primaryimage"},"thumbnailUrl":"https:\/\/celina-tours.com\/blog\/wp-content\/uploads\/2025\/03\/BLOG-4-47.jpg","articleSection":["Centro Portugal","O que Fazer"],"inLanguage":"pt-PT"},{"@type":"WebPage","@id":"https:\/\/celina-tours.com\/blog\/pt\/a-melhor-epoca-para-ver-ondas-gigantes-em-nazare\/","url":"https:\/\/celina-tours.com\/blog\/pt\/a-melhor-epoca-para-ver-ondas-gigantes-em-nazare\/","name":"A Melhor \u00c9poca para Ver Ondas Gigantes em Nazar\u00e9 -","isPartOf":{"@id":"https:\/\/celina-tours.com\/blog\/#website"},"primaryImageOfPage":{"@id":"https:\/\/celina-tours.com\/blog\/pt\/a-melhor-epoca-para-ver-ondas-gigantes-em-nazare\/#primaryimage"},"image":{"@id":"https:\/\/celina-tours.com\/blog\/pt\/a-melhor-epoca-para-ver-ondas-gigantes-em-nazare\/#primaryimage"},"thumbnailUrl":"https:\/\/celina-tours.com\/blog\/wp-content\/uploads\/2025\/03\/BLOG-4-47.jpg","datePublished":"2025-03-03T21:28:55+00:00","dateModified":"2025-03-03T21:56:34+00:00","description":"As maiores ondas do mundo d\u00e3o \u00e0 costa na Nazar\u00e9 em Portugal entre Outubro e Mar\u00e7o (n\u00e3o ocorre todos os dias). Consulte aqui informa\u00e7ao","breadcrumb":{"@id":"https:\/\/celina-tours.com\/blog\/pt\/a-melhor-epoca-para-ver-ondas-gigantes-em-nazare\/#breadcrumb"},"inLanguage":"pt-PT","potentialAction":[{"@type":"ReadAction","target":["https:\/\/celina-tours.com\/blog\/pt\/a-melhor-epoca-para-ver-ondas-gigantes-em-nazare\/"]}]},{"@type":"ImageObject","inLanguage":"pt-PT","@id":"https:\/\/celina-tours.com\/blog\/pt\/a-melhor-epoca-para-ver-ondas-gigantes-em-nazare\/#primaryimage","url":"https:\/\/celina-tours.com\/blog\/wp-content\/uploads\/2025\/03\/BLOG-4-47.jpg","contentUrl":"https:\/\/celina-tours.com\/blog\/wp-content\/uploads\/2025\/03\/BLOG-4-47.jpg","width":600,"height":353},{"@type":"BreadcrumbList","@id":"https:\/\/celina-tours.com\/blog\/pt\/a-melhor-epoca-para-ver-ondas-gigantes-em-nazare\/#breadcrumb","itemListElement":[{"@type":"ListItem","position":1,"name":"In\u00edcio","item":"https:\/\/celina-tours.com\/blog\/pt\/"},{"@type":"ListItem","position":2,"name":"A Melhor \u00c9poca para Ver Ondas Gigantes em Nazar\u00e9"}]},{"@type":"WebSite","@id":"https:\/\/celina-tours.com\/blog\/#website","url":"https:\/\/celina-tours.com\/blog\/","name":"Celina Tours","description":"","publisher":{"@id":"https:\/\/celina-tours.com\/blog\/#organization"},"potentialAction":[{"@type":"SearchAction","target":{"@type":"EntryPoint","urlTemplate":"https:\/\/celina-tours.com\/blog\/?s={search_term_string}"},"query-input":{"@type":"PropertyValueSpecification","valueRequired":true,"valueName":"search_term_string"}}],"inLanguage":"pt-PT"},{"@type":"Organization","@id":"https:\/\/celina-tours.com\/blog\/#organization","name":"Celina Tours","url":"https:\/\/celina-tours.com\/blog\/","logo":{"@type":"ImageObject","inLanguage":"pt-PT","@id":"https:\/\/celina-tours.com\/blog\/#\/schema\/logo\/image\/","url":"https:\/\/celina-tours.com\/blog\/wp-content\/uploads\/2025\/01\/cropped-1-1.png","contentUrl":"https:\/\/celina-tours.com\/blog\/wp-content\/uploads\/2025\/01\/cropped-1-1.png","width":300,"height":94,"caption":"Celina Tours"},"image":{"@id":"https:\/\/celina-tours.com\/blog\/#\/schema\/logo\/image\/"},"sameAs":["https:\/\/www.instagram.com\/celinatourspt\/"]},{"@type":"Person","@id":"https:\/\/celina-tours.com\/blog\/#\/schema\/person\/e4611dfff819107474e643eb3c25e040","name":"ctours_blog","sameAs":["https:\/\/celina-tours.com\/blog"],"url":"https:\/\/celina-tours.com\/blog\/author\/ctours_blog\/"}]}},"_links":{"self":[{"href":"https:\/\/celina-tours.com\/blog\/wp-json\/wp\/v2\/posts\/5691","targetHints":{"allow":["GET"]}}],"collection":[{"href":"https:\/\/celina-tours.com\/blog\/wp-json\/wp\/v2\/posts"}],"about":[{"href":"https:\/\/celina-tours.com\/blog\/wp-json\/wp\/v2\/types\/post"}],"author":[{"embeddable":true,"href":"https:\/\/celina-tours.com\/blog\/wp-json\/wp\/v2\/users\/1"}],"replies":[{"embeddable":true,"href":"https:\/\/celina-tours.com\/blog\/wp-json\/wp\/v2\/comments?post=5691"}],"version-history":[{"count":4,"href":"https:\/\/celina-tours.com\/blog\/wp-json\/wp\/v2\/posts\/5691\/revisions"}],"predecessor-version":[{"id":5725,"href":"https:\/\/celina-tours.com\/blog\/wp-json\/wp\/v2\/posts\/5691\/revisions\/5725"}],"wp:featuredmedia":[{"embeddable":true,"href":"https:\/\/celina-tours.com\/blog\/wp-json\/wp\/v2\/media\/5700"}],"wp:attachment":[{"href":"https:\/\/celina-tours.com\/blog\/wp-json\/wp\/v2\/media?parent=5691"}],"wp:term":[{"taxonomy":"category","embeddable":true,"href":"https:\/\/celina-tours.com\/blog\/wp-json\/wp\/v2\/categories?post=5691"},{"taxonomy":"post_tag","embeddable":true,"href":"https:\/\/celina-tours.com\/blog\/wp-json\/wp\/v2\/tags?post=5691"}],"curies":[{"name":"wp","href":"https:\/\/api.w.org\/{rel}","templated":true}]}}