{"id":5673,"date":"2025-03-03T20:27:03","date_gmt":"2025-03-03T20:27:03","guid":{"rendered":"https:\/\/celina-tours.com\/blog\/?p=5673"},"modified":"2025-03-03T21:46:03","modified_gmt":"2025-03-03T21:46:03","slug":"o-que-ver-e-fazer-na-nazare","status":"publish","type":"post","link":"https:\/\/celina-tours.com\/blog\/pt\/o-que-ver-e-fazer-na-nazare\/","title":{"rendered":"O que ver e fazer na Nazar\u00e9"},"content":{"rendered":"<h2>O que ver e fazer na Nazar\u00e9: Guia Completo<\/h2>\n<p>A Nazar\u00e9, localizada na regi\u00e3o Oeste de Portugal, \u00e9 um dos destinos mais encantadores do pa\u00eds. Conhecida pelas suas praias, tradi\u00e7\u00f5es piscat\u00f3rias e pelas ondas gigantes que atraem surfistas do mundo inteiro, a vila combina hist\u00f3ria, cultura e paisagens naturais deslumbrantes.<\/p>\n<p>Seja para um passeio relaxante \u00e0 beira-mar, uma imers\u00e3o na cultura local ou uma aventura radical no oceano, a Nazar\u00e9 tem algo a oferecer para todos os gostos. Neste guia completo, vamos explorar os melhores pontos tur\u00edsticos, atividades imperd\u00edveis e dicas essenciais para aproveitar ao m\u00e1ximo a sua visita.<\/p>\n<h2>1. Explorar o S\u00edtio da Nazar\u00e9 e o Miradouro do Suberco<\/h2>\n<p><img decoding=\"async\" class=\"alignnone wp-image-5682 size-full lazyload\" data-src=\"https:\/\/celina-tours.com\/blog\/wp-content\/uploads\/2025\/03\/BLOG-4-40.jpg\" alt=\"\" width=\"600\" height=\"353\" data-srcset=\"https:\/\/celina-tours.com\/blog\/wp-content\/uploads\/2025\/03\/BLOG-4-40.jpg 600w, https:\/\/celina-tours.com\/blog\/wp-content\/uploads\/2025\/03\/BLOG-4-40-300x177.jpg 300w\" data-sizes=\"(max-width: 600px) 100vw, 600px\" src=\"data:image\/svg+xml;base64,PHN2ZyB3aWR0aD0iMSIgaGVpZ2h0PSIxIiB4bWxucz0iaHR0cDovL3d3dy53My5vcmcvMjAwMC9zdmciPjwvc3ZnPg==\" style=\"--smush-placeholder-width: 600px; --smush-placeholder-aspect-ratio: 600\/353;\" \/><\/p>\n<p>O S\u00edtio da Nazar\u00e9 \u00e9 um dos locais mais emblem\u00e1ticos da vila, situado no topo de uma fal\u00e9sia a cerca de 110 metros de altura. O acesso pode ser feito de carro, a p\u00e9 ou pelo tradicional Ascensor da Nazar\u00e9, um funicular centen\u00e1rio que liga a parte baixa da vila ao S\u00edtio.<\/p>\n<p>Ao chegar, a primeira coisa a fazer \u00e9 visitar o Miradouro do Suberco, que oferece uma vista panor\u00e2mica espetacular sobre a praia e o oceano Atl\u00e2ntico. \u00c9 um local perfeito para tirar fotos e apreciar a imensid\u00e3o do mar.<\/p>\n<h2>2. Visitar o Santu\u00e1rio de Nossa Senhora da Nazar\u00e9<\/h2>\n<p><img decoding=\"async\" class=\"alignnone wp-image-5683 size-full lazyload\" data-src=\"https:\/\/celina-tours.com\/blog\/wp-content\/uploads\/2025\/03\/BLOG-4-41.jpg\" alt=\"\" width=\"600\" height=\"353\" data-srcset=\"https:\/\/celina-tours.com\/blog\/wp-content\/uploads\/2025\/03\/BLOG-4-41.jpg 600w, https:\/\/celina-tours.com\/blog\/wp-content\/uploads\/2025\/03\/BLOG-4-41-300x177.jpg 300w\" data-sizes=\"(max-width: 600px) 100vw, 600px\" src=\"data:image\/svg+xml;base64,PHN2ZyB3aWR0aD0iMSIgaGVpZ2h0PSIxIiB4bWxucz0iaHR0cDovL3d3dy53My5vcmcvMjAwMC9zdmciPjwvc3ZnPg==\" style=\"--smush-placeholder-width: 600px; --smush-placeholder-aspect-ratio: 600\/353;\" \/><\/p>\n<p>No S\u00edtio da Nazar\u00e9, encontra-se tamb\u00e9m o Santu\u00e1rio de Nossa Senhora da Nazar\u00e9, um dos mais importantes templos religiosos de Portugal. A igreja, constru\u00edda no s\u00e9culo XVII, abriga a famosa imagem da Nossa Senhora da Nazar\u00e9, que segundo a lenda salvou o cavaleiro D. Fuas Roupinho de cair no precip\u00edcio em 1182.<\/p>\n<p>O santu\u00e1rio \u00e9 um lugar de peregrina\u00e7\u00e3o e um s\u00edmbolo da f\u00e9 dos pescadores locais. No interior, destacam-se os bel\u00edssimos azulejos e o altar ricamente decorado.<\/p>\n<table style=\"width: 732px; height: 210px;\">\n<tbody>\n<tr>\n<td style=\"width: 644.8px;\">\n<h3><img decoding=\"async\" class=\"alignleft wp-image-3974 lazyload\" data-src=\"https:\/\/celina-tours.com\/blog\/wp-content\/uploads\/2025\/02\/fatima.jpg\" alt=\"\" width=\"182\" height=\"182\" src=\"data:image\/svg+xml;base64,PHN2ZyB3aWR0aD0iMSIgaGVpZ2h0PSIxIiB4bWxucz0iaHR0cDovL3d3dy53My5vcmcvMjAwMC9zdmciPjwvc3ZnPg==\" style=\"--smush-placeholder-width: 182px; --smush-placeholder-aspect-ratio: 182\/182;\" \/><br \/>\nTOUR FATIMA<\/h3>\n<p><a href=\"https:\/\/celina-tours.com\/excursao-privada-fatima-batalha-nazare-obidos-tours.php\" target=\"_blank\" rel=\"noopener\">Tour Privado Fatima Batalha NAzare e \u00d3bidos &gt;&gt;&gt;<\/a><\/p>\n<p><a href=\"https:\/\/celina-tours.com\/excursao-fatima-tour-fatima-saindo-lisboa.php\" target=\"_blank\" rel=\"noopener\">Tour em Grupo Fatima Batalha Nazare e \u00d3bidos &gt;&gt;&gt;<\/a><\/td>\n<\/tr>\n<\/tbody>\n<\/table>\n<h2>3. Conferir a Lenda do Milagre de Nossa Senhora da Nazar\u00e9 no Promont\u00f3rio do S\u00edtio<\/h2>\n<p>Ainda no S\u00edtio da Nazar\u00e9, encontra-se a Capela da Mem\u00f3ria, constru\u00edda em homenagem ao milagre que salvou D. Fuas Roupinho. Pr\u00f3ximo \u00e0 capela, o Promont\u00f3rio do S\u00edtio permite ver as marcas deixadas na pedra, que, segundo a lenda, s\u00e3o pegadas do cavalo do cavaleiro.<\/p>\n<p>A hist\u00f3ria faz parte da identidade da Nazar\u00e9 e \u00e9 um \u00f3timo exemplo da forte liga\u00e7\u00e3o da vila com o mar e a religiosidade.<\/p>\n<h2>4. Admirar as Ondas Gigantes no Forte de S\u00e3o Miguel Arcanjo<\/h2>\n<p><img decoding=\"async\" class=\"alignnone wp-image-5684 size-full lazyload\" data-src=\"https:\/\/celina-tours.com\/blog\/wp-content\/uploads\/2025\/03\/BLOG-4-42.jpg\" alt=\"\" width=\"600\" height=\"353\" data-srcset=\"https:\/\/celina-tours.com\/blog\/wp-content\/uploads\/2025\/03\/BLOG-4-42.jpg 600w, https:\/\/celina-tours.com\/blog\/wp-content\/uploads\/2025\/03\/BLOG-4-42-300x177.jpg 300w\" data-sizes=\"(max-width: 600px) 100vw, 600px\" src=\"data:image\/svg+xml;base64,PHN2ZyB3aWR0aD0iMSIgaGVpZ2h0PSIxIiB4bWxucz0iaHR0cDovL3d3dy53My5vcmcvMjAwMC9zdmciPjwvc3ZnPg==\" style=\"--smush-placeholder-width: 600px; --smush-placeholder-aspect-ratio: 600\/353;\" \/><\/p>\n<p>A Nazar\u00e9 ficou mundialmente conhecida pelas suas ondas gigantes, que podem atingir mais de 30 metros de altura no inverno. O melhor local para ver essa maravilha natural \u00e9 o Forte de S\u00e3o Miguel Arcanjo, situado na extremidade do promont\u00f3rio.<\/p>\n<p>O forte foi constru\u00eddo no s\u00e9culo XVII para defesa da costa e hoje abriga o Centro Interpretativo do Canh\u00e3o da Nazar\u00e9, onde se pode aprender mais sobre o fen\u00f4meno das ondas gigantes e a geologia da regi\u00e3o. L\u00e1 dentro, h\u00e1 ainda uma exposi\u00e7\u00e3o de pranchas de surf usadas por atletas famosos, como Garrett McNamara.<\/p>\n<p>Se visitar entre os meses de outubro e mar\u00e7o, poder\u00e1 testemunhar ao vivo alguns dos maiores surfistas do mundo enfrentando essas ondas colossais.<\/p>\n<p>Leia Tambem<br \/>\n<a href=\"https:\/\/celina-tours.com\/blog\/pt\/a-melhor-epoca-para-ver-ondas-gigantes-em-nazare\/\">A Melhor \u00c9poca para Ver Ondas Gigantes em Nazar\u00e9<\/a><br \/>\n<a href=\"https:\/\/celina-tours.com\/blog\/pt\/qual-e-a-melhor-epoca-para-visitar-lisboa\/\">Qual \u00e9 a Melhor \u00c9poca para Visitar Lisboa?<\/a><br \/>\n<a href=\"https:\/\/celina-tours.com\/blog\/pt\/o-que-visitar-perto-de-lisboa-melhores-destinos-para-um-bate-volta\/\">O que visitar perto de Lisboa \u2013 Melhores destinos para um bate-volta<\/a><\/p>\n<p>&nbsp;<\/p>\n<h2>5. Relaxar na Praia da Nazar\u00e9<\/h2>\n<p>A Praia da Nazar\u00e9 \u00e9 uma das mais bonitas de Portugal, com um extenso areal dourado e um mar azul intenso. \u00c9 o local perfeito para relaxar ao sol, dar um mergulho refrescante ou simplesmente passear pelo cal\u00e7ad\u00e3o.<\/p>\n<p>A praia \u00e9 tamb\u00e9m conhecida pelas barracas de praia tradicionais, coloridas e t\u00edpicas da Nazar\u00e9. Durante o ver\u00e3o, h\u00e1 v\u00e1rias atividades para turistas, como passeios de barco, stand-up paddle e aulas de surf.<\/p>\n<h2>6. Conhecer as Tradi\u00e7\u00f5es dos Pescadores no Museu Dr. Joaquim Manso<\/h2>\n<p><img decoding=\"async\" class=\"alignnone wp-image-5685 size-full lazyload\" data-src=\"https:\/\/celina-tours.com\/blog\/wp-content\/uploads\/2025\/03\/BLOG-4-43.jpg\" alt=\"\" width=\"600\" height=\"353\" data-srcset=\"https:\/\/celina-tours.com\/blog\/wp-content\/uploads\/2025\/03\/BLOG-4-43.jpg 600w, https:\/\/celina-tours.com\/blog\/wp-content\/uploads\/2025\/03\/BLOG-4-43-300x177.jpg 300w\" data-sizes=\"(max-width: 600px) 100vw, 600px\" src=\"data:image\/svg+xml;base64,PHN2ZyB3aWR0aD0iMSIgaGVpZ2h0PSIxIiB4bWxucz0iaHR0cDovL3d3dy53My5vcmcvMjAwMC9zdmciPjwvc3ZnPg==\" style=\"--smush-placeholder-width: 600px; --smush-placeholder-aspect-ratio: 600\/353;\" \/>P<\/p>\n<p>ara entender melhor a cultura e a hist\u00f3ria da Nazar\u00e9, vale a pena visitar o Museu Dr. Joaquim Manso. Localizado numa casa senhorial do in\u00edcio do s\u00e9culo XX, o museu exibe objetos ligados \u00e0 pesca, vestu\u00e1rio tradicional, fotografias antigas e at\u00e9 embarca\u00e7\u00f5es usadas pelos pescadores da regi\u00e3o.<\/p>\n<p>Uma das tradi\u00e7\u00f5es mais marcantes da Nazar\u00e9 \u00e9 o traje das mulheres, que usam as famosas sete saias. No museu, voc\u00ea pode aprender mais sobre essa vestimenta e outros costumes locais.<\/p>\n<h2>7. Passear pelo Centro Hist\u00f3rico e pela Marginal<\/h2>\n<p>A zona baixa da Nazar\u00e9 tem um centro hist\u00f3rico encantador, repleto de ruas estreitas, casas brancas com detalhes azuis e pequenos restaurantes tradicionais. Vale a pena caminhar sem pressa, explorando lojinhas de artesanato e provando especialidades locais.<\/p>\n<p>Ao longo da marginal, h\u00e1 um cal\u00e7ad\u00e3o perfeito para um passeio relaxante, com vista para o mar e para os pescadores que ainda secam o peixe ao sol, uma pr\u00e1tica antiga da vila.<\/p>\n<h2>8. Provar a Gastronomia Nazarena<\/h2>\n<p><img decoding=\"async\" class=\"alignnone wp-image-5686 size-full lazyload\" data-src=\"https:\/\/celina-tours.com\/blog\/wp-content\/uploads\/2025\/03\/BLOG-4-44.jpg\" alt=\"\" width=\"600\" height=\"353\" data-srcset=\"https:\/\/celina-tours.com\/blog\/wp-content\/uploads\/2025\/03\/BLOG-4-44.jpg 600w, https:\/\/celina-tours.com\/blog\/wp-content\/uploads\/2025\/03\/BLOG-4-44-300x177.jpg 300w\" data-sizes=\"(max-width: 600px) 100vw, 600px\" src=\"data:image\/svg+xml;base64,PHN2ZyB3aWR0aD0iMSIgaGVpZ2h0PSIxIiB4bWxucz0iaHR0cDovL3d3dy53My5vcmcvMjAwMC9zdmciPjwvc3ZnPg==\" style=\"--smush-placeholder-width: 600px; --smush-placeholder-aspect-ratio: 600\/353;\" \/><\/p>\n<p>A Nazar\u00e9 \u00e9 um para\u00edso para os amantes da gastronomia, especialmente de peixe e marisco fresco. Algumas especialidades que n\u00e3o pode deixar de provar incluem:<\/p>\n<p><strong>Caldeirada de peixe<\/strong> \u2013 Um ensopado delicioso com diferentes tipos de peixe, batatas e tomate.<br \/>\n<strong>Arroz de marisco<\/strong> \u2013 Rico e cremoso, cheio de sabor do mar.<br \/>\n<strong>Sardinhas assadas<\/strong> \u2013 Servidas com batatas e salada, s\u00e3o um cl\u00e1ssico da culin\u00e1ria portuguesa.<br \/>\n<strong>Polvo \u00e0 lagareiro<\/strong> \u2013 Polvo assado no forno com muito azeite, alho e batatas a murro.<\/p>\n<p>Os restaurantes mais conhecidos da Nazar\u00e9 incluem o Restaurante A Tasquinha, o Taberna d\u2019Ad\u00e9lia e o Maria do Mar.<\/p>\n<h2>9. Fazer um Passeio de Barco<\/h2>\n<p><img decoding=\"async\" class=\"alignnone wp-image-5687 size-full lazyload\" data-src=\"https:\/\/celina-tours.com\/blog\/wp-content\/uploads\/2025\/03\/BLOG-4-45.jpg\" alt=\"\" width=\"600\" height=\"353\" data-srcset=\"https:\/\/celina-tours.com\/blog\/wp-content\/uploads\/2025\/03\/BLOG-4-45.jpg 600w, https:\/\/celina-tours.com\/blog\/wp-content\/uploads\/2025\/03\/BLOG-4-45-300x177.jpg 300w\" data-sizes=\"(max-width: 600px) 100vw, 600px\" src=\"data:image\/svg+xml;base64,PHN2ZyB3aWR0aD0iMSIgaGVpZ2h0PSIxIiB4bWxucz0iaHR0cDovL3d3dy53My5vcmcvMjAwMC9zdmciPjwvc3ZnPg==\" style=\"--smush-placeholder-width: 600px; --smush-placeholder-aspect-ratio: 600\/353;\" \/><\/p>\n<p>Para uma experi\u00eancia diferente, pode fazer um passeio de barco ao longo da costa da Nazar\u00e9. Existem op\u00e7\u00f5es que incluem visitas \u00e0s grutas marinhas e observa\u00e7\u00e3o de golfinhos.<\/p>\n<p>Se gosta de pesca, tamb\u00e9m h\u00e1 excurs\u00f5es que permitem experimentar a pesca tradicional com pescadores locais.<\/p>\n<h2>10. Explorar as Redondezas da Nazar\u00e9<\/h2>\n<p><img decoding=\"async\" class=\"alignnone wp-image-5688 size-full lazyload\" data-src=\"https:\/\/celina-tours.com\/blog\/wp-content\/uploads\/2025\/03\/BLOG-4-46.jpg\" alt=\"\" width=\"600\" height=\"353\" data-srcset=\"https:\/\/celina-tours.com\/blog\/wp-content\/uploads\/2025\/03\/BLOG-4-46.jpg 600w, https:\/\/celina-tours.com\/blog\/wp-content\/uploads\/2025\/03\/BLOG-4-46-300x177.jpg 300w\" data-sizes=\"(max-width: 600px) 100vw, 600px\" src=\"data:image\/svg+xml;base64,PHN2ZyB3aWR0aD0iMSIgaGVpZ2h0PSIxIiB4bWxucz0iaHR0cDovL3d3dy53My5vcmcvMjAwMC9zdmciPjwvc3ZnPg==\" style=\"--smush-placeholder-width: 600px; --smush-placeholder-aspect-ratio: 600\/353;\" \/><\/p>\n<p>Se tiver tempo, aproveite para conhecer outras atra\u00e7\u00f5es pr\u00f3ximas da Nazar\u00e9:<\/p>\n<p><strong>Alcoba\u00e7a (a 15 km)<\/strong>: Visite o famoso Mosteiro de Alcoba\u00e7a, onde est\u00e3o os t\u00famulos de D. Pedro e In\u00eas de Castro.<br \/>\n<strong>\u00d3bidos (a 40 km)<\/strong>: Uma vila medieval encantadora, com um castelo impressionante e ruas de pedra.<br \/>\n<strong>S\u00e3o Martinho do Porto (a 13 km)<\/strong>: Uma bela ba\u00eda em forma de concha, ideal para fam\u00edlias.<\/p>\n<p>&nbsp;<\/p>\n<h2>11. Assistir ao P\u00f4r do Sol no Miradouro da Pederneira<\/h2>\n<p>Para terminar o dia de forma inesquec\u00edvel, v\u00e1 at\u00e9 o Miradouro da Pederneira, um dos segredos mais bem guardados da Nazar\u00e9. Com uma vista deslumbrante sobre a vila e o oceano, \u00e9 o local perfeito para assistir ao p\u00f4r do sol e tirar fotos incr\u00edveis.<\/p>\n<h2>Conclus\u00e3o<\/h2>\n<p>A Nazar\u00e9 \u00e9 um destino fascinante, onde a beleza natural, a cultura e a tradi\u00e7\u00e3o se unem para proporcionar uma experi\u00eancia \u00fanica. Desde praias paradis\u00edacas e ondas gigantes at\u00e9 a gastronomia deliciosa e miradouros incr\u00edveis, h\u00e1 muito para ver e fazer nesta vila encantadora.<\/p>\n<p>Seja para um fim de semana relaxante ou uma aventura cheia de emo\u00e7\u00e3o, a Nazar\u00e9 \u00e9 sempre uma excelente escolha. Planeje a sua visita e deixe-se encantar por este peda\u00e7o aut\u00eantico de Portugal! \ud83c\udf0a\u2728<\/p>\n","protected":false},"excerpt":{"rendered":"<p>O que ver e fazer na Nazar\u00e9: Guia Completo A Nazar\u00e9, localizada na regi\u00e3o Oeste de Portugal, \u00e9 um dos&hellip;<\/p>\n","protected":false},"author":1,"featured_media":5681,"comment_status":"closed","ping_status":"closed","sticky":false,"template":"","format":"standard","meta":{"om_disable_all_campaigns":false,"footnotes":""},"categories":[212,29],"tags":[],"class_list":["post-5673","post","type-post","status-publish","format-standard","has-post-thumbnail","hentry","category-centro-portugal","category-o-que-visitar"],"yoast_head":"<!-- This site is optimized with the Yoast SEO plugin v27.0 - https:\/\/yoast.com\/product\/yoast-seo-wordpress\/ -->\n<title>O que ver e fazer na Nazar\u00e9, Visita Nazar\u00e9 saida de Lisboa<\/title>\n<meta name=\"description\" content=\"Nazar\u00e9 \u00e9 uma das cidades mais visitadas de Portugal, famosa pelas ondas gigantes. Visite Nazar\u00e9 desde Lisboa e prove a Gastronomia da Nazar\u00e9\" \/>\n<meta name=\"robots\" content=\"index, follow, max-snippet:-1, max-image-preview:large, max-video-preview:-1\" \/>\n<link rel=\"canonical\" href=\"https:\/\/celina-tours.com\/blog\/pt\/o-que-ver-e-fazer-na-nazare\/\" \/>\n<meta property=\"og:locale\" content=\"pt_PT\" \/>\n<meta property=\"og:type\" content=\"article\" \/>\n<meta property=\"og:title\" content=\"O que ver e fazer na Nazar\u00e9, Visita Nazar\u00e9 saida de Lisboa\" \/>\n<meta property=\"og:description\" content=\"Nazar\u00e9 \u00e9 uma das cidades mais visitadas de Portugal, famosa pelas ondas gigantes. Visite Nazar\u00e9 desde Lisboa e prove a Gastronomia da Nazar\u00e9\" \/>\n<meta property=\"og:url\" content=\"https:\/\/celina-tours.com\/blog\/pt\/o-que-ver-e-fazer-na-nazare\/\" \/>\n<meta property=\"article:publisher\" content=\"https:\/\/www.instagram.com\/celinatourspt\/\" \/>\n<meta property=\"article:published_time\" content=\"2025-03-03T20:27:03+00:00\" \/>\n<meta property=\"article:modified_time\" content=\"2025-03-03T21:46:03+00:00\" \/>\n<meta property=\"og:image\" content=\"https:\/\/celina-tours.com\/blog\/wp-content\/uploads\/2025\/03\/BLOG-4-39.jpg\" \/>\n\t<meta property=\"og:image:width\" content=\"600\" \/>\n\t<meta property=\"og:image:height\" content=\"353\" \/>\n\t<meta property=\"og:image:type\" content=\"image\/jpeg\" \/>\n<meta name=\"author\" content=\"ctours_blog\" \/>\n<meta name=\"twitter:card\" content=\"summary_large_image\" \/>\n<meta name=\"twitter:label1\" content=\"Escrito por\" \/>\n\t<meta name=\"twitter:data1\" content=\"ctours_blog\" \/>\n\t<meta name=\"twitter:label2\" content=\"Tempo estimado de leitura\" \/>\n\t<meta name=\"twitter:data2\" content=\"9 minutos\" \/>\n<script type=\"application\/ld+json\" class=\"yoast-schema-graph\">{\"@context\":\"https:\/\/schema.org\",\"@graph\":[{\"@type\":\"Article\",\"@id\":\"https:\/\/celina-tours.com\/blog\/pt\/o-que-ver-e-fazer-na-nazare\/#article\",\"isPartOf\":{\"@id\":\"https:\/\/celina-tours.com\/blog\/pt\/o-que-ver-e-fazer-na-nazare\/\"},\"author\":{\"name\":\"ctours_blog\",\"@id\":\"https:\/\/celina-tours.com\/blog\/#\/schema\/person\/e4611dfff819107474e643eb3c25e040\"},\"headline\":\"O que ver e fazer na Nazar\u00e9\",\"datePublished\":\"2025-03-03T20:27:03+00:00\",\"dateModified\":\"2025-03-03T21:46:03+00:00\",\"mainEntityOfPage\":{\"@id\":\"https:\/\/celina-tours.com\/blog\/pt\/o-que-ver-e-fazer-na-nazare\/\"},\"wordCount\":1228,\"publisher\":{\"@id\":\"https:\/\/celina-tours.com\/blog\/#organization\"},\"image\":{\"@id\":\"https:\/\/celina-tours.com\/blog\/pt\/o-que-ver-e-fazer-na-nazare\/#primaryimage\"},\"thumbnailUrl\":\"https:\/\/celina-tours.com\/blog\/wp-content\/uploads\/2025\/03\/BLOG-4-39.jpg\",\"articleSection\":[\"Centro Portugal\",\"O que Fazer\"],\"inLanguage\":\"pt-PT\"},{\"@type\":\"WebPage\",\"@id\":\"https:\/\/celina-tours.com\/blog\/pt\/o-que-ver-e-fazer-na-nazare\/\",\"url\":\"https:\/\/celina-tours.com\/blog\/pt\/o-que-ver-e-fazer-na-nazare\/\",\"name\":\"O que ver e fazer na Nazar\u00e9, Visita Nazar\u00e9 saida de Lisboa\",\"isPartOf\":{\"@id\":\"https:\/\/celina-tours.com\/blog\/#website\"},\"primaryImageOfPage\":{\"@id\":\"https:\/\/celina-tours.com\/blog\/pt\/o-que-ver-e-fazer-na-nazare\/#primaryimage\"},\"image\":{\"@id\":\"https:\/\/celina-tours.com\/blog\/pt\/o-que-ver-e-fazer-na-nazare\/#primaryimage\"},\"thumbnailUrl\":\"https:\/\/celina-tours.com\/blog\/wp-content\/uploads\/2025\/03\/BLOG-4-39.jpg\",\"datePublished\":\"2025-03-03T20:27:03+00:00\",\"dateModified\":\"2025-03-03T21:46:03+00:00\",\"description\":\"Nazar\u00e9 \u00e9 uma das cidades mais visitadas de Portugal, famosa pelas ondas gigantes. Visite Nazar\u00e9 desde Lisboa e prove a Gastronomia da Nazar\u00e9\",\"breadcrumb\":{\"@id\":\"https:\/\/celina-tours.com\/blog\/pt\/o-que-ver-e-fazer-na-nazare\/#breadcrumb\"},\"inLanguage\":\"pt-PT\",\"potentialAction\":[{\"@type\":\"ReadAction\",\"target\":[\"https:\/\/celina-tours.com\/blog\/pt\/o-que-ver-e-fazer-na-nazare\/\"]}]},{\"@type\":\"ImageObject\",\"inLanguage\":\"pt-PT\",\"@id\":\"https:\/\/celina-tours.com\/blog\/pt\/o-que-ver-e-fazer-na-nazare\/#primaryimage\",\"url\":\"https:\/\/celina-tours.com\/blog\/wp-content\/uploads\/2025\/03\/BLOG-4-39.jpg\",\"contentUrl\":\"https:\/\/celina-tours.com\/blog\/wp-content\/uploads\/2025\/03\/BLOG-4-39.jpg\",\"width\":600,\"height\":353},{\"@type\":\"BreadcrumbList\",\"@id\":\"https:\/\/celina-tours.com\/blog\/pt\/o-que-ver-e-fazer-na-nazare\/#breadcrumb\",\"itemListElement\":[{\"@type\":\"ListItem\",\"position\":1,\"name\":\"In\u00edcio\",\"item\":\"https:\/\/celina-tours.com\/blog\/pt\/\"},{\"@type\":\"ListItem\",\"position\":2,\"name\":\"O que ver e fazer na Nazar\u00e9\"}]},{\"@type\":\"WebSite\",\"@id\":\"https:\/\/celina-tours.com\/blog\/#website\",\"url\":\"https:\/\/celina-tours.com\/blog\/\",\"name\":\"Celina Tours\",\"description\":\"\",\"publisher\":{\"@id\":\"https:\/\/celina-tours.com\/blog\/#organization\"},\"potentialAction\":[{\"@type\":\"SearchAction\",\"target\":{\"@type\":\"EntryPoint\",\"urlTemplate\":\"https:\/\/celina-tours.com\/blog\/?s={search_term_string}\"},\"query-input\":{\"@type\":\"PropertyValueSpecification\",\"valueRequired\":true,\"valueName\":\"search_term_string\"}}],\"inLanguage\":\"pt-PT\"},{\"@type\":\"Organization\",\"@id\":\"https:\/\/celina-tours.com\/blog\/#organization\",\"name\":\"Celina Tours\",\"url\":\"https:\/\/celina-tours.com\/blog\/\",\"logo\":{\"@type\":\"ImageObject\",\"inLanguage\":\"pt-PT\",\"@id\":\"https:\/\/celina-tours.com\/blog\/#\/schema\/logo\/image\/\",\"url\":\"https:\/\/celina-tours.com\/blog\/wp-content\/uploads\/2025\/01\/cropped-1-1.png\",\"contentUrl\":\"https:\/\/celina-tours.com\/blog\/wp-content\/uploads\/2025\/01\/cropped-1-1.png\",\"width\":300,\"height\":94,\"caption\":\"Celina Tours\"},\"image\":{\"@id\":\"https:\/\/celina-tours.com\/blog\/#\/schema\/logo\/image\/\"},\"sameAs\":[\"https:\/\/www.instagram.com\/celinatourspt\/\"]},{\"@type\":\"Person\",\"@id\":\"https:\/\/celina-tours.com\/blog\/#\/schema\/person\/e4611dfff819107474e643eb3c25e040\",\"name\":\"ctours_blog\",\"sameAs\":[\"https:\/\/celina-tours.com\/blog\"],\"url\":\"https:\/\/celina-tours.com\/blog\/author\/ctours_blog\/\"}]}<\/script>\n<!-- \/ Yoast SEO plugin. -->","yoast_head_json":{"title":"O que ver e fazer na Nazar\u00e9, Visita Nazar\u00e9 saida de Lisboa","description":"Nazar\u00e9 \u00e9 uma das cidades mais visitadas de Portugal, famosa pelas ondas gigantes. Visite Nazar\u00e9 desde Lisboa e prove a Gastronomia da Nazar\u00e9","robots":{"index":"index","follow":"follow","max-snippet":"max-snippet:-1","max-image-preview":"max-image-preview:large","max-video-preview":"max-video-preview:-1"},"canonical":"https:\/\/celina-tours.com\/blog\/pt\/o-que-ver-e-fazer-na-nazare\/","og_locale":"pt_PT","og_type":"article","og_title":"O que ver e fazer na Nazar\u00e9, Visita Nazar\u00e9 saida de Lisboa","og_description":"Nazar\u00e9 \u00e9 uma das cidades mais visitadas de Portugal, famosa pelas ondas gigantes. Visite Nazar\u00e9 desde Lisboa e prove a Gastronomia da Nazar\u00e9","og_url":"https:\/\/celina-tours.com\/blog\/pt\/o-que-ver-e-fazer-na-nazare\/","article_publisher":"https:\/\/www.instagram.com\/celinatourspt\/","article_published_time":"2025-03-03T20:27:03+00:00","article_modified_time":"2025-03-03T21:46:03+00:00","og_image":[{"width":600,"height":353,"url":"https:\/\/celina-tours.com\/blog\/wp-content\/uploads\/2025\/03\/BLOG-4-39.jpg","type":"image\/jpeg"}],"author":"ctours_blog","twitter_card":"summary_large_image","twitter_misc":{"Escrito por":"ctours_blog","Tempo estimado de leitura":"9 minutos"},"schema":{"@context":"https:\/\/schema.org","@graph":[{"@type":"Article","@id":"https:\/\/celina-tours.com\/blog\/pt\/o-que-ver-e-fazer-na-nazare\/#article","isPartOf":{"@id":"https:\/\/celina-tours.com\/blog\/pt\/o-que-ver-e-fazer-na-nazare\/"},"author":{"name":"ctours_blog","@id":"https:\/\/celina-tours.com\/blog\/#\/schema\/person\/e4611dfff819107474e643eb3c25e040"},"headline":"O que ver e fazer na Nazar\u00e9","datePublished":"2025-03-03T20:27:03+00:00","dateModified":"2025-03-03T21:46:03+00:00","mainEntityOfPage":{"@id":"https:\/\/celina-tours.com\/blog\/pt\/o-que-ver-e-fazer-na-nazare\/"},"wordCount":1228,"publisher":{"@id":"https:\/\/celina-tours.com\/blog\/#organization"},"image":{"@id":"https:\/\/celina-tours.com\/blog\/pt\/o-que-ver-e-fazer-na-nazare\/#primaryimage"},"thumbnailUrl":"https:\/\/celina-tours.com\/blog\/wp-content\/uploads\/2025\/03\/BLOG-4-39.jpg","articleSection":["Centro Portugal","O que Fazer"],"inLanguage":"pt-PT"},{"@type":"WebPage","@id":"https:\/\/celina-tours.com\/blog\/pt\/o-que-ver-e-fazer-na-nazare\/","url":"https:\/\/celina-tours.com\/blog\/pt\/o-que-ver-e-fazer-na-nazare\/","name":"O que ver e fazer na Nazar\u00e9, Visita Nazar\u00e9 saida de Lisboa","isPartOf":{"@id":"https:\/\/celina-tours.com\/blog\/#website"},"primaryImageOfPage":{"@id":"https:\/\/celina-tours.com\/blog\/pt\/o-que-ver-e-fazer-na-nazare\/#primaryimage"},"image":{"@id":"https:\/\/celina-tours.com\/blog\/pt\/o-que-ver-e-fazer-na-nazare\/#primaryimage"},"thumbnailUrl":"https:\/\/celina-tours.com\/blog\/wp-content\/uploads\/2025\/03\/BLOG-4-39.jpg","datePublished":"2025-03-03T20:27:03+00:00","dateModified":"2025-03-03T21:46:03+00:00","description":"Nazar\u00e9 \u00e9 uma das cidades mais visitadas de Portugal, famosa pelas ondas gigantes. Visite Nazar\u00e9 desde Lisboa e prove a Gastronomia da Nazar\u00e9","breadcrumb":{"@id":"https:\/\/celina-tours.com\/blog\/pt\/o-que-ver-e-fazer-na-nazare\/#breadcrumb"},"inLanguage":"pt-PT","potentialAction":[{"@type":"ReadAction","target":["https:\/\/celina-tours.com\/blog\/pt\/o-que-ver-e-fazer-na-nazare\/"]}]},{"@type":"ImageObject","inLanguage":"pt-PT","@id":"https:\/\/celina-tours.com\/blog\/pt\/o-que-ver-e-fazer-na-nazare\/#primaryimage","url":"https:\/\/celina-tours.com\/blog\/wp-content\/uploads\/2025\/03\/BLOG-4-39.jpg","contentUrl":"https:\/\/celina-tours.com\/blog\/wp-content\/uploads\/2025\/03\/BLOG-4-39.jpg","width":600,"height":353},{"@type":"BreadcrumbList","@id":"https:\/\/celina-tours.com\/blog\/pt\/o-que-ver-e-fazer-na-nazare\/#breadcrumb","itemListElement":[{"@type":"ListItem","position":1,"name":"In\u00edcio","item":"https:\/\/celina-tours.com\/blog\/pt\/"},{"@type":"ListItem","position":2,"name":"O que ver e fazer na Nazar\u00e9"}]},{"@type":"WebSite","@id":"https:\/\/celina-tours.com\/blog\/#website","url":"https:\/\/celina-tours.com\/blog\/","name":"Celina Tours","description":"","publisher":{"@id":"https:\/\/celina-tours.com\/blog\/#organization"},"potentialAction":[{"@type":"SearchAction","target":{"@type":"EntryPoint","urlTemplate":"https:\/\/celina-tours.com\/blog\/?s={search_term_string}"},"query-input":{"@type":"PropertyValueSpecification","valueRequired":true,"valueName":"search_term_string"}}],"inLanguage":"pt-PT"},{"@type":"Organization","@id":"https:\/\/celina-tours.com\/blog\/#organization","name":"Celina Tours","url":"https:\/\/celina-tours.com\/blog\/","logo":{"@type":"ImageObject","inLanguage":"pt-PT","@id":"https:\/\/celina-tours.com\/blog\/#\/schema\/logo\/image\/","url":"https:\/\/celina-tours.com\/blog\/wp-content\/uploads\/2025\/01\/cropped-1-1.png","contentUrl":"https:\/\/celina-tours.com\/blog\/wp-content\/uploads\/2025\/01\/cropped-1-1.png","width":300,"height":94,"caption":"Celina Tours"},"image":{"@id":"https:\/\/celina-tours.com\/blog\/#\/schema\/logo\/image\/"},"sameAs":["https:\/\/www.instagram.com\/celinatourspt\/"]},{"@type":"Person","@id":"https:\/\/celina-tours.com\/blog\/#\/schema\/person\/e4611dfff819107474e643eb3c25e040","name":"ctours_blog","sameAs":["https:\/\/celina-tours.com\/blog"],"url":"https:\/\/celina-tours.com\/blog\/author\/ctours_blog\/"}]}},"_links":{"self":[{"href":"https:\/\/celina-tours.com\/blog\/wp-json\/wp\/v2\/posts\/5673","targetHints":{"allow":["GET"]}}],"collection":[{"href":"https:\/\/celina-tours.com\/blog\/wp-json\/wp\/v2\/posts"}],"about":[{"href":"https:\/\/celina-tours.com\/blog\/wp-json\/wp\/v2\/types\/post"}],"author":[{"embeddable":true,"href":"https:\/\/celina-tours.com\/blog\/wp-json\/wp\/v2\/users\/1"}],"replies":[{"embeddable":true,"href":"https:\/\/celina-tours.com\/blog\/wp-json\/wp\/v2\/comments?post=5673"}],"version-history":[{"count":4,"href":"https:\/\/celina-tours.com\/blog\/wp-json\/wp\/v2\/posts\/5673\/revisions"}],"predecessor-version":[{"id":5718,"href":"https:\/\/celina-tours.com\/blog\/wp-json\/wp\/v2\/posts\/5673\/revisions\/5718"}],"wp:featuredmedia":[{"embeddable":true,"href":"https:\/\/celina-tours.com\/blog\/wp-json\/wp\/v2\/media\/5681"}],"wp:attachment":[{"href":"https:\/\/celina-tours.com\/blog\/wp-json\/wp\/v2\/media?parent=5673"}],"wp:term":[{"taxonomy":"category","embeddable":true,"href":"https:\/\/celina-tours.com\/blog\/wp-json\/wp\/v2\/categories?post=5673"},{"taxonomy":"post_tag","embeddable":true,"href":"https:\/\/celina-tours.com\/blog\/wp-json\/wp\/v2\/tags?post=5673"}],"curies":[{"name":"wp","href":"https:\/\/api.w.org\/{rel}","templated":true}]}}