{"id":5648,"date":"2025-03-03T16:38:03","date_gmt":"2025-03-03T16:38:03","guid":{"rendered":"https:\/\/celina-tours.com\/blog\/?p=5648"},"modified":"2025-03-03T17:27:25","modified_gmt":"2025-03-03T17:27:25","slug":"assistir-procissao-velas-fatima-saida-lisboa","status":"publish","type":"post","link":"https:\/\/celina-tours.com\/blog\/pt\/assistir-procissao-velas-fatima-saida-lisboa\/","title":{"rendered":"Assistir \u00e0 Prociss\u00e3o das Velas em F\u00e1tima: Visita Sa\u00edda de Lisboa"},"content":{"rendered":"<h2>Assistir \u00e0 Prociss\u00e3o das Velas em F\u00e1tima: Sa\u00edda de Lisboa e O Que Ver e Fazer<\/h2>\n<p>A Prociss\u00e3o das Velas em F\u00e1tima \u00e9 uma das mais belas e emocionantes manifesta\u00e7\u00f5es de f\u00e9 em Portugal. Realizada todas as noites de 12 para 13 de maio a outubro, a prociss\u00e3o re\u00fane milhares de fi\u00e9is que seguram velas acesas, criando um espet\u00e1culo de luz e devo\u00e7\u00e3o no Santu\u00e1rio de Nossa Senhora de F\u00e1tima.<\/p>\n<p>Se voc\u00ea est\u00e1 em Lisboa e deseja participar desse evento, este guia completo ajudar\u00e1 a planejar a sua visita, incluindo como chegar, o que ver e fazer antes e depois da prociss\u00e3o, al\u00e9m de dicas para tornar a experi\u00eancia ainda mais especial.<\/p>\n<h2>1. Como Ir de Lisboa a F\u00e1tima?<\/h2>\n<p>F\u00e1tima est\u00e1 localizada a cerca de 130 km de Lisboa, e h\u00e1 v\u00e1rias formas de chegar ao santu\u00e1rio para assistir \u00e0 Prociss\u00e3o das Velas:<\/p>\n<h3>1.1. De Carro<\/h3>\n<p>Se estiver de carro, o trajeto mais r\u00e1pido \u00e9 pela autoestrada A1. A viagem dura cerca de 1h30 e h\u00e1 estacionamentos gratuitos pr\u00f3ximos ao santu\u00e1rio. No entanto, nos dias de grandes peregrina\u00e7\u00f5es (maio e outubro), o tr\u00e2nsito pode ser intenso.<\/p>\n<h3>1.2. De \u00d4nibus<\/h3>\n<p>Os \u00f4nibus da Rede Expressos partem da esta\u00e7\u00e3o Sete Rios, em Lisboa, e fazem a viagem em cerca de 1h30 a 2h. O bilhete custa aproximadamente 15 a 20 euros (ida e volta). Ao chegar \u00e0 rodovi\u00e1ria de F\u00e1tima, \u00e9 poss\u00edvel caminhar at\u00e9 o santu\u00e1rio (10 minutos).<\/p>\n<h3>1.3. De Trem<\/h3>\n<p>Embora existam trens para cidades pr\u00f3ximas, F\u00e1tima n\u00e3o tem esta\u00e7\u00e3o ferrovi\u00e1ria pr\u00f3pria. A esta\u00e7\u00e3o mais pr\u00f3xima \u00e9 a de Caxarias, a 20 km do santu\u00e1rio, exigindo um t\u00e1xi ou \u00f4nibus extra. Por isso, essa op\u00e7\u00e3o n\u00e3o \u00e9 a mais recomendada.<\/p>\n<h3>1.4. Excurs\u00f5es Organizadas<\/h3>\n<p>Para quem prefere comodidade, h\u00e1 v\u00e1rias excurs\u00f5es de um dia saindo de Lisboa. Elas incluem transporte de ida e volta e, muitas vezes, visitas guiadas por F\u00e1tima e outros locais religiosos pr\u00f3ximos, como Batalha, Alcoba\u00e7a e Nazar\u00e9.<\/p>\n<table style=\"width: 732px; height: 210px;\">\n<tbody>\n<tr>\n<td style=\"width: 644.8px;\">\n<h3><img decoding=\"async\" class=\"alignleft wp-image-3974 lazyload\" data-src=\"https:\/\/celina-tours.com\/blog\/wp-content\/uploads\/2025\/03\/fatimanoite.jpg\" alt=\"\" width=\"182\" height=\"182\" src=\"data:image\/svg+xml;base64,PHN2ZyB3aWR0aD0iMSIgaGVpZ2h0PSIxIiB4bWxucz0iaHR0cDovL3d3dy53My5vcmcvMjAwMC9zdmciPjwvc3ZnPg==\" style=\"--smush-placeholder-width: 182px; --smush-placeholder-aspect-ratio: 182\/182;\" \/><br \/>\nTOUR PROCISS\u00c3O VELAS<\/h3>\n<p><a href=\"https:\/\/celina-tours.com\/excursao-privada-santuario-fatima-noite-procissao-velas-tours.php\" target=\"_blank\" rel=\"noopener\">Tour Privado Procissao Velas &gt;&gt;&gt;<\/a><\/td>\n<\/tr>\n<\/tbody>\n<\/table>\n<h2>2. A Prociss\u00e3o das Velas: O Que Esperar?<\/h2>\n<p><img decoding=\"async\" class=\"alignnone wp-image-5651 size-full lazyload\" data-src=\"https:\/\/celina-tours.com\/blog\/wp-content\/uploads\/2025\/03\/BLOG-4-33.jpg\" alt=\"\" width=\"600\" height=\"353\" data-srcset=\"https:\/\/celina-tours.com\/blog\/wp-content\/uploads\/2025\/03\/BLOG-4-33.jpg 600w, https:\/\/celina-tours.com\/blog\/wp-content\/uploads\/2025\/03\/BLOG-4-33-300x177.jpg 300w\" data-sizes=\"(max-width: 600px) 100vw, 600px\" src=\"data:image\/svg+xml;base64,PHN2ZyB3aWR0aD0iMSIgaGVpZ2h0PSIxIiB4bWxucz0iaHR0cDovL3d3dy53My5vcmcvMjAwMC9zdmciPjwvc3ZnPg==\" style=\"--smush-placeholder-width: 600px; --smush-placeholder-aspect-ratio: 600\/353;\" \/><\/p>\n<p>A Prociss\u00e3o das Velas acontece todas as noites de 12 para 13 de maio a outubro, come\u00e7ando por volta das 21h30, ap\u00f3s a recita\u00e7\u00e3o do ter\u00e7o na Capelinha das Apari\u00e7\u00f5es. Durante a prociss\u00e3o, os fi\u00e9is caminham pelo recinto do santu\u00e1rio, segurando velas acesas e entoando c\u00e2nticos religiosos.<\/p>\n<h3>2.1. Como \u00e9 a Experi\u00eancia?<\/h3>\n<p>A atmosfera \u00e9 profundamente espiritual. O mar de velas iluminadas e os c\u00e2nticos emocionam peregrinos de todas as partes do mundo. Muitos assistem \u00e0 prociss\u00e3o em sil\u00eancio, enquanto outros cantam e rezam, tornando o momento ainda mais intenso.<\/p>\n<h3>2.2. Como Participar?<\/h3>\n<p>Leve uma vela (dispon\u00edvel no santu\u00e1rio ou em lojas pr\u00f3ximas).<br \/>\nChegue cedo, pois o recinto fica lotado rapidamente.<br \/>\nVista-se confortavelmente e leve agasalho, pois as noites podem ser frias.<br \/>\nMantenha o respeito, evitando conversas altas e distra\u00e7\u00f5es.<\/p>\n<h3>2.3. Melhor Local Para Assistir<\/h3>\n<p>Se quiser apenas assistir sem caminhar na prociss\u00e3o, uma boa op\u00e7\u00e3o \u00e9 ficar perto da Bas\u00edlica de Nossa Senhora do Ros\u00e1rio ou da Capelinha das Apari\u00e7\u00f5es, de onde se tem uma boa vis\u00e3o do evento.<\/p>\n<p>&nbsp;<\/p>\n<table style=\"width: 732px; height: 210px;\">\n<tbody>\n<tr>\n<td style=\"width: 644.8px;\">\n<h3><img decoding=\"async\" class=\"alignleft wp-image-3974 lazyload\" data-src=\"https:\/\/celina-tours.com\/blog\/wp-content\/uploads\/2025\/02\/fatima.jpg\" alt=\"\" width=\"182\" height=\"182\" src=\"data:image\/svg+xml;base64,PHN2ZyB3aWR0aD0iMSIgaGVpZ2h0PSIxIiB4bWxucz0iaHR0cDovL3d3dy53My5vcmcvMjAwMC9zdmciPjwvc3ZnPg==\" style=\"--smush-placeholder-width: 182px; --smush-placeholder-aspect-ratio: 182\/182;\" \/><br \/>\nTOUR FATIMA<\/h3>\n<p><a href=\"https:\/\/celina-tours.com\/excursao-privada-fatima-batalha-nazare-obidos-tours.php\" target=\"_blank\" rel=\"noopener\">Tour Privado Fatima Batalha NAzare e \u00d3bidos &gt;&gt;&gt;<\/a><\/p>\n<p><a href=\"https:\/\/celina-tours.com\/excursao-fatima-tour-fatima-saindo-lisboa.php\" target=\"_blank\" rel=\"noopener\">Tour em Grupo Fatima Batalha Nazare e \u00d3bidos &gt;&gt;&gt;<\/a><\/td>\n<\/tr>\n<\/tbody>\n<\/table>\n<h2>3. O Que Ver e Fazer em F\u00e1tima Antes da Prociss\u00e3o?<\/h2>\n<p>Se chegar a F\u00e1tima algumas horas antes da prociss\u00e3o, h\u00e1 v\u00e1rios locais de interesse para visitar e tornar a experi\u00eancia ainda mais enriquecedora.<\/p>\n<h3><img decoding=\"async\" class=\"alignnone wp-image-5653 size-full lazyload\" data-src=\"https:\/\/celina-tours.com\/blog\/wp-content\/uploads\/2025\/03\/BLOG-4-35.jpg\" alt=\"\" width=\"600\" height=\"353\" data-srcset=\"https:\/\/celina-tours.com\/blog\/wp-content\/uploads\/2025\/03\/BLOG-4-35.jpg 600w, https:\/\/celina-tours.com\/blog\/wp-content\/uploads\/2025\/03\/BLOG-4-35-300x177.jpg 300w\" data-sizes=\"(max-width: 600px) 100vw, 600px\" src=\"data:image\/svg+xml;base64,PHN2ZyB3aWR0aD0iMSIgaGVpZ2h0PSIxIiB4bWxucz0iaHR0cDovL3d3dy53My5vcmcvMjAwMC9zdmciPjwvc3ZnPg==\" style=\"--smush-placeholder-width: 600px; --smush-placeholder-aspect-ratio: 600\/353;\" \/><br \/>\n3.1. Santu\u00e1rio de F\u00e1tima<\/h3>\n<p>O santu\u00e1rio \u00e9 o principal local de visita\u00e7\u00e3o e inclui:<\/p>\n<p><strong>Capelinha das Apari\u00e7\u00f5es<\/strong> \u2013 O local exato onde Nossa Senhora apareceu aos pastorinhos.<br \/>\nBas\u00edlica de Nossa Senhora do Ros\u00e1rio \u2013 Onde est\u00e3o os t\u00famulos de L\u00facia, Francisco e Jacinta.<br \/>\nBas\u00edlica da Sant\u00edssima Trindade \u2013 Uma moderna igreja inaugurada em 2007, com capacidade para 8.600 pessoas.<\/p>\n<h3>3.2. Casas dos Pastorinhos (Aljustrel)<\/h3>\n<p>A aldeia de Aljustrel, a 2 km do santu\u00e1rio, abriga as casas onde viveram L\u00facia, Francisco e Jacinta. \u00c9 um local simples, mas cheio de hist\u00f3ria e emo\u00e7\u00e3o.<\/p>\n<h3>3.3. Locais das Apari\u00e7\u00f5es do Anjo<\/h3>\n<p>Antes das apari\u00e7\u00f5es de Nossa Senhora, os pastorinhos viram o Anjo da Paz em locais como a Loca do Cabe\u00e7o e o Po\u00e7o do Arneiro. Esses locais ficam perto de Aljustrel e podem ser visitados a p\u00e9.<\/p>\n<h3>3.4. Via Sacra e Calv\u00e1rio H\u00fangaro<\/h3>\n<p>A Via Sacra \u00e9 um caminho de ora\u00e7\u00e3o que leva os peregrinos pelas 14 esta\u00e7\u00f5es da Paix\u00e3o de Cristo. O percurso termina no Calv\u00e1rio H\u00fangaro, um pequeno santu\u00e1rio no topo de uma colina.<\/p>\n<h3>3.5. Museu de Cera de F\u00e1tima<\/h3>\n<p>Para quem deseja conhecer a hist\u00f3ria das apari\u00e7\u00f5es de forma interativa, o Museu de Cera apresenta 32 cenas realistas que recriam os acontecimentos de 1917.<\/p>\n<h2><img decoding=\"async\" class=\"alignnone wp-image-5654 size-full lazyload\" data-src=\"https:\/\/celina-tours.com\/blog\/wp-content\/uploads\/2025\/03\/BLOG-4-36.jpg\" alt=\"\" width=\"600\" height=\"353\" data-srcset=\"https:\/\/celina-tours.com\/blog\/wp-content\/uploads\/2025\/03\/BLOG-4-36.jpg 600w, https:\/\/celina-tours.com\/blog\/wp-content\/uploads\/2025\/03\/BLOG-4-36-300x177.jpg 300w\" data-sizes=\"(max-width: 600px) 100vw, 600px\" src=\"data:image\/svg+xml;base64,PHN2ZyB3aWR0aD0iMSIgaGVpZ2h0PSIxIiB4bWxucz0iaHR0cDovL3d3dy53My5vcmcvMjAwMC9zdmciPjwvc3ZnPg==\" style=\"--smush-placeholder-width: 600px; --smush-placeholder-aspect-ratio: 600\/353;\" \/><\/h2>\n<p><strong>Leia Tambem<\/strong><br \/>\n<a href=\"https:\/\/celina-tours.com\/blog\/pt\/o-que-ver-e-fazer-em-fatima-portugal\/\">O Que Ver e Fazer em F\u00e1tima Portugal<\/a><br \/>\n<a href=\"https:\/\/celina-tours.com\/blog\/pt\/como-visitar-o-castelo-de-almourol-um-guia-completo\/\">Como Visitar o Castelo de Almourol: Um Guia Completo<\/a><br \/>\n<a href=\"https:\/\/celina-tours.com\/blog\/pt\/o-que-fazer-e-visitar-em-obidos\/\">O que fazer e visitar em \u00d3bidos<\/a><\/p>\n<h2>4. O Que Fazer Depois da Prociss\u00e3o?<\/h2>\n<h3>4.1. Participar da Missa da Meia-Noite<\/h3>\n<p>Ap\u00f3s a prociss\u00e3o, h\u00e1 uma missa na Bas\u00edlica da Sant\u00edssima Trindade, especialmente em maio e outubro, para quem deseja prolongar o momento de ora\u00e7\u00e3o.<\/p>\n<h3><img decoding=\"async\" class=\"alignnone wp-image-5655 size-full lazyload\" data-src=\"https:\/\/celina-tours.com\/blog\/wp-content\/uploads\/2025\/03\/BLOG-4-37.jpg\" alt=\"\" width=\"600\" height=\"353\" data-srcset=\"https:\/\/celina-tours.com\/blog\/wp-content\/uploads\/2025\/03\/BLOG-4-37.jpg 600w, https:\/\/celina-tours.com\/blog\/wp-content\/uploads\/2025\/03\/BLOG-4-37-300x177.jpg 300w\" data-sizes=\"(max-width: 600px) 100vw, 600px\" src=\"data:image\/svg+xml;base64,PHN2ZyB3aWR0aD0iMSIgaGVpZ2h0PSIxIiB4bWxucz0iaHR0cDovL3d3dy53My5vcmcvMjAwMC9zdmciPjwvc3ZnPg==\" style=\"--smush-placeholder-width: 600px; --smush-placeholder-aspect-ratio: 600\/353;\" \/><br \/>\n4.2. Caminhar pelo Santu\u00e1rio \u00e0 Noite<\/h3>\n<p>Depois da prociss\u00e3o, o ambiente do santu\u00e1rio fica mais tranquilo e iluminado apenas pelas velas e luzes suaves, criando um clima de paz ideal para reflex\u00e3o.<\/p>\n<h3>4.3. Jantar em um Restaurante Local<\/h3>\n<p>Se ainda estiver em F\u00e1tima, pode aproveitar para jantar em um dos restaurantes tradicionais. Algumas boas op\u00e7\u00f5es s\u00e3o:<\/p>\n<p>Tia Alice \u2013 Cozinha portuguesa refinada, famosa pelo bacalhau.<br \/>\nManh\u00e3s \u2013 Op\u00e7\u00e3o mais econ\u00f4mica e saborosa.<br \/>\nO Crispim \u2013 Conhecido pela comida caseira e ambiente acolhedor.<\/p>\n<h2>5. Dicas para Voltar a Lisboa Ap\u00f3s a Prociss\u00e3o<\/h2>\n<p>Se for voltar a Lisboa no mesmo dia, planeje-se com anteced\u00eancia:<\/p>\n<p>De carro: O tr\u00e2nsito pode ser intenso ap\u00f3s a prociss\u00e3o, ent\u00e3o tenha paci\u00eancia.<br \/>\nDe \u00f4nibus: A \u00faltima viagem para Lisboa normalmente sai antes da prociss\u00e3o terminar, ent\u00e3o \u00e9 preciso pernoitar ou reservar transporte privado.<br \/>\nExcurs\u00f5es: Algumas excurs\u00f5es organizam o retorno ap\u00f3s a prociss\u00e3o.<\/p>\n<p>Se poss\u00edvel, considere passar a noite em F\u00e1tima e retornar a Lisboa no dia seguinte, aproveitando para visitar outras atra\u00e7\u00f5es pela manh\u00e3.<\/p>\n<h2>Conclus\u00e3o<\/h2>\n<p>Assistir \u00e0 Prociss\u00e3o das Velas em F\u00e1tima saindo de Lisboa \u00e9 uma experi\u00eancia inesquec\u00edvel, tanto pela beleza do evento quanto pelo significado espiritual. Planejando bem a viagem, voc\u00ea pode aproveitar ao m\u00e1ximo a visita, explorando os principais pontos do santu\u00e1rio e sentindo a atmosfera \u00fanica de f\u00e9 e devo\u00e7\u00e3o.<\/p>\n<p>Seja para uma peregrina\u00e7\u00e3o ou apenas para conhecer a hist\u00f3ria de F\u00e1tima, essa jornada certamente deixar\u00e1 marcas na sua mem\u00f3ria e no seu cora\u00e7\u00e3o.<\/p>\n","protected":false},"excerpt":{"rendered":"<p>Assistir \u00e0 Prociss\u00e3o das Velas em F\u00e1tima: Sa\u00edda de Lisboa e O Que Ver e Fazer A Prociss\u00e3o das Velas&hellip;<\/p>\n","protected":false},"author":1,"featured_media":5650,"comment_status":"closed","ping_status":"closed","sticky":false,"template":"","format":"standard","meta":{"om_disable_all_campaigns":false,"footnotes":""},"categories":[212,29],"tags":[],"class_list":["post-5648","post","type-post","status-publish","format-standard","has-post-thumbnail","hentry","category-centro-portugal","category-o-que-visitar"],"yoast_head":"<!-- This site is optimized with the Yoast SEO plugin v27.0 - https:\/\/yoast.com\/product\/yoast-seo-wordpress\/ -->\n<title>Assistir \u00e0 Prociss\u00e3o das Velas em F\u00e1tima: Visita Sa\u00edda de Lisboa -<\/title>\n<meta name=\"description\" content=\"prociss\u00e3o das velas saindo de Lisboa Visita F\u00e1tima com excurs\u00e3o com saida de Lisboa, assista \u00e1 Missa \u00e1 Noite no Santu\u00e1rio Fatima\" \/>\n<meta name=\"robots\" content=\"index, follow, max-snippet:-1, max-image-preview:large, max-video-preview:-1\" \/>\n<link rel=\"canonical\" href=\"https:\/\/celina-tours.com\/blog\/pt\/assistir-procissao-velas-fatima-saida-lisboa\/\" \/>\n<meta property=\"og:locale\" content=\"pt_PT\" \/>\n<meta property=\"og:type\" content=\"article\" \/>\n<meta property=\"og:title\" content=\"Assistir \u00e0 Prociss\u00e3o das Velas em F\u00e1tima: Visita Sa\u00edda de Lisboa -\" \/>\n<meta property=\"og:description\" content=\"prociss\u00e3o das velas saindo de Lisboa Visita F\u00e1tima com excurs\u00e3o com saida de Lisboa, assista \u00e1 Missa \u00e1 Noite no Santu\u00e1rio Fatima\" \/>\n<meta property=\"og:url\" content=\"https:\/\/celina-tours.com\/blog\/pt\/assistir-procissao-velas-fatima-saida-lisboa\/\" \/>\n<meta property=\"article:publisher\" content=\"https:\/\/www.instagram.com\/celinatourspt\/\" \/>\n<meta property=\"article:published_time\" content=\"2025-03-03T16:38:03+00:00\" \/>\n<meta property=\"article:modified_time\" content=\"2025-03-03T17:27:25+00:00\" \/>\n<meta property=\"og:image\" content=\"https:\/\/celina-tours.com\/blog\/wp-content\/uploads\/2025\/03\/BLOG-4-32.jpg\" \/>\n\t<meta property=\"og:image:width\" content=\"600\" \/>\n\t<meta property=\"og:image:height\" content=\"353\" \/>\n\t<meta property=\"og:image:type\" content=\"image\/jpeg\" \/>\n<meta name=\"author\" content=\"ctours_blog\" \/>\n<meta name=\"twitter:card\" content=\"summary_large_image\" \/>\n<meta name=\"twitter:label1\" content=\"Escrito por\" \/>\n\t<meta name=\"twitter:data1\" content=\"ctours_blog\" \/>\n\t<meta name=\"twitter:label2\" content=\"Tempo estimado de leitura\" \/>\n\t<meta name=\"twitter:data2\" content=\"8 minutos\" \/>\n<script type=\"application\/ld+json\" class=\"yoast-schema-graph\">{\"@context\":\"https:\/\/schema.org\",\"@graph\":[{\"@type\":\"Article\",\"@id\":\"https:\/\/celina-tours.com\/blog\/pt\/assistir-procissao-velas-fatima-saida-lisboa\/#article\",\"isPartOf\":{\"@id\":\"https:\/\/celina-tours.com\/blog\/pt\/assistir-procissao-velas-fatima-saida-lisboa\/\"},\"author\":{\"name\":\"ctours_blog\",\"@id\":\"https:\/\/celina-tours.com\/blog\/#\/schema\/person\/e4611dfff819107474e643eb3c25e040\"},\"headline\":\"Assistir \u00e0 Prociss\u00e3o das Velas em F\u00e1tima: Visita Sa\u00edda de Lisboa\",\"datePublished\":\"2025-03-03T16:38:03+00:00\",\"dateModified\":\"2025-03-03T17:27:25+00:00\",\"mainEntityOfPage\":{\"@id\":\"https:\/\/celina-tours.com\/blog\/pt\/assistir-procissao-velas-fatima-saida-lisboa\/\"},\"wordCount\":1186,\"publisher\":{\"@id\":\"https:\/\/celina-tours.com\/blog\/#organization\"},\"image\":{\"@id\":\"https:\/\/celina-tours.com\/blog\/pt\/assistir-procissao-velas-fatima-saida-lisboa\/#primaryimage\"},\"thumbnailUrl\":\"https:\/\/celina-tours.com\/blog\/wp-content\/uploads\/2025\/03\/BLOG-4-32.jpg\",\"articleSection\":[\"Centro Portugal\",\"O que Fazer\"],\"inLanguage\":\"pt-PT\"},{\"@type\":\"WebPage\",\"@id\":\"https:\/\/celina-tours.com\/blog\/pt\/assistir-procissao-velas-fatima-saida-lisboa\/\",\"url\":\"https:\/\/celina-tours.com\/blog\/pt\/assistir-procissao-velas-fatima-saida-lisboa\/\",\"name\":\"Assistir \u00e0 Prociss\u00e3o das Velas em F\u00e1tima: Visita Sa\u00edda de Lisboa -\",\"isPartOf\":{\"@id\":\"https:\/\/celina-tours.com\/blog\/#website\"},\"primaryImageOfPage\":{\"@id\":\"https:\/\/celina-tours.com\/blog\/pt\/assistir-procissao-velas-fatima-saida-lisboa\/#primaryimage\"},\"image\":{\"@id\":\"https:\/\/celina-tours.com\/blog\/pt\/assistir-procissao-velas-fatima-saida-lisboa\/#primaryimage\"},\"thumbnailUrl\":\"https:\/\/celina-tours.com\/blog\/wp-content\/uploads\/2025\/03\/BLOG-4-32.jpg\",\"datePublished\":\"2025-03-03T16:38:03+00:00\",\"dateModified\":\"2025-03-03T17:27:25+00:00\",\"description\":\"prociss\u00e3o das velas saindo de Lisboa Visita F\u00e1tima com excurs\u00e3o com saida de Lisboa, assista \u00e1 Missa \u00e1 Noite no Santu\u00e1rio Fatima\",\"breadcrumb\":{\"@id\":\"https:\/\/celina-tours.com\/blog\/pt\/assistir-procissao-velas-fatima-saida-lisboa\/#breadcrumb\"},\"inLanguage\":\"pt-PT\",\"potentialAction\":[{\"@type\":\"ReadAction\",\"target\":[\"https:\/\/celina-tours.com\/blog\/pt\/assistir-procissao-velas-fatima-saida-lisboa\/\"]}]},{\"@type\":\"ImageObject\",\"inLanguage\":\"pt-PT\",\"@id\":\"https:\/\/celina-tours.com\/blog\/pt\/assistir-procissao-velas-fatima-saida-lisboa\/#primaryimage\",\"url\":\"https:\/\/celina-tours.com\/blog\/wp-content\/uploads\/2025\/03\/BLOG-4-32.jpg\",\"contentUrl\":\"https:\/\/celina-tours.com\/blog\/wp-content\/uploads\/2025\/03\/BLOG-4-32.jpg\",\"width\":600,\"height\":353},{\"@type\":\"BreadcrumbList\",\"@id\":\"https:\/\/celina-tours.com\/blog\/pt\/assistir-procissao-velas-fatima-saida-lisboa\/#breadcrumb\",\"itemListElement\":[{\"@type\":\"ListItem\",\"position\":1,\"name\":\"In\u00edcio\",\"item\":\"https:\/\/celina-tours.com\/blog\/pt\/\"},{\"@type\":\"ListItem\",\"position\":2,\"name\":\"Assistir \u00e0 Prociss\u00e3o das Velas em F\u00e1tima: Visita Sa\u00edda de Lisboa\"}]},{\"@type\":\"WebSite\",\"@id\":\"https:\/\/celina-tours.com\/blog\/#website\",\"url\":\"https:\/\/celina-tours.com\/blog\/\",\"name\":\"Celina Tours\",\"description\":\"\",\"publisher\":{\"@id\":\"https:\/\/celina-tours.com\/blog\/#organization\"},\"potentialAction\":[{\"@type\":\"SearchAction\",\"target\":{\"@type\":\"EntryPoint\",\"urlTemplate\":\"https:\/\/celina-tours.com\/blog\/?s={search_term_string}\"},\"query-input\":{\"@type\":\"PropertyValueSpecification\",\"valueRequired\":true,\"valueName\":\"search_term_string\"}}],\"inLanguage\":\"pt-PT\"},{\"@type\":\"Organization\",\"@id\":\"https:\/\/celina-tours.com\/blog\/#organization\",\"name\":\"Celina Tours\",\"url\":\"https:\/\/celina-tours.com\/blog\/\",\"logo\":{\"@type\":\"ImageObject\",\"inLanguage\":\"pt-PT\",\"@id\":\"https:\/\/celina-tours.com\/blog\/#\/schema\/logo\/image\/\",\"url\":\"https:\/\/celina-tours.com\/blog\/wp-content\/uploads\/2025\/01\/cropped-1-1.png\",\"contentUrl\":\"https:\/\/celina-tours.com\/blog\/wp-content\/uploads\/2025\/01\/cropped-1-1.png\",\"width\":300,\"height\":94,\"caption\":\"Celina Tours\"},\"image\":{\"@id\":\"https:\/\/celina-tours.com\/blog\/#\/schema\/logo\/image\/\"},\"sameAs\":[\"https:\/\/www.instagram.com\/celinatourspt\/\"]},{\"@type\":\"Person\",\"@id\":\"https:\/\/celina-tours.com\/blog\/#\/schema\/person\/e4611dfff819107474e643eb3c25e040\",\"name\":\"ctours_blog\",\"sameAs\":[\"https:\/\/celina-tours.com\/blog\"],\"url\":\"https:\/\/celina-tours.com\/blog\/author\/ctours_blog\/\"}]}<\/script>\n<!-- \/ Yoast SEO plugin. -->","yoast_head_json":{"title":"Assistir \u00e0 Prociss\u00e3o das Velas em F\u00e1tima: Visita Sa\u00edda de Lisboa -","description":"prociss\u00e3o das velas saindo de Lisboa Visita F\u00e1tima com excurs\u00e3o com saida de Lisboa, assista \u00e1 Missa \u00e1 Noite no Santu\u00e1rio Fatima","robots":{"index":"index","follow":"follow","max-snippet":"max-snippet:-1","max-image-preview":"max-image-preview:large","max-video-preview":"max-video-preview:-1"},"canonical":"https:\/\/celina-tours.com\/blog\/pt\/assistir-procissao-velas-fatima-saida-lisboa\/","og_locale":"pt_PT","og_type":"article","og_title":"Assistir \u00e0 Prociss\u00e3o das Velas em F\u00e1tima: Visita Sa\u00edda de Lisboa -","og_description":"prociss\u00e3o das velas saindo de Lisboa Visita F\u00e1tima com excurs\u00e3o com saida de Lisboa, assista \u00e1 Missa \u00e1 Noite no Santu\u00e1rio Fatima","og_url":"https:\/\/celina-tours.com\/blog\/pt\/assistir-procissao-velas-fatima-saida-lisboa\/","article_publisher":"https:\/\/www.instagram.com\/celinatourspt\/","article_published_time":"2025-03-03T16:38:03+00:00","article_modified_time":"2025-03-03T17:27:25+00:00","og_image":[{"width":600,"height":353,"url":"https:\/\/celina-tours.com\/blog\/wp-content\/uploads\/2025\/03\/BLOG-4-32.jpg","type":"image\/jpeg"}],"author":"ctours_blog","twitter_card":"summary_large_image","twitter_misc":{"Escrito por":"ctours_blog","Tempo estimado de leitura":"8 minutos"},"schema":{"@context":"https:\/\/schema.org","@graph":[{"@type":"Article","@id":"https:\/\/celina-tours.com\/blog\/pt\/assistir-procissao-velas-fatima-saida-lisboa\/#article","isPartOf":{"@id":"https:\/\/celina-tours.com\/blog\/pt\/assistir-procissao-velas-fatima-saida-lisboa\/"},"author":{"name":"ctours_blog","@id":"https:\/\/celina-tours.com\/blog\/#\/schema\/person\/e4611dfff819107474e643eb3c25e040"},"headline":"Assistir \u00e0 Prociss\u00e3o das Velas em F\u00e1tima: Visita Sa\u00edda de Lisboa","datePublished":"2025-03-03T16:38:03+00:00","dateModified":"2025-03-03T17:27:25+00:00","mainEntityOfPage":{"@id":"https:\/\/celina-tours.com\/blog\/pt\/assistir-procissao-velas-fatima-saida-lisboa\/"},"wordCount":1186,"publisher":{"@id":"https:\/\/celina-tours.com\/blog\/#organization"},"image":{"@id":"https:\/\/celina-tours.com\/blog\/pt\/assistir-procissao-velas-fatima-saida-lisboa\/#primaryimage"},"thumbnailUrl":"https:\/\/celina-tours.com\/blog\/wp-content\/uploads\/2025\/03\/BLOG-4-32.jpg","articleSection":["Centro Portugal","O que Fazer"],"inLanguage":"pt-PT"},{"@type":"WebPage","@id":"https:\/\/celina-tours.com\/blog\/pt\/assistir-procissao-velas-fatima-saida-lisboa\/","url":"https:\/\/celina-tours.com\/blog\/pt\/assistir-procissao-velas-fatima-saida-lisboa\/","name":"Assistir \u00e0 Prociss\u00e3o das Velas em F\u00e1tima: Visita Sa\u00edda de Lisboa -","isPartOf":{"@id":"https:\/\/celina-tours.com\/blog\/#website"},"primaryImageOfPage":{"@id":"https:\/\/celina-tours.com\/blog\/pt\/assistir-procissao-velas-fatima-saida-lisboa\/#primaryimage"},"image":{"@id":"https:\/\/celina-tours.com\/blog\/pt\/assistir-procissao-velas-fatima-saida-lisboa\/#primaryimage"},"thumbnailUrl":"https:\/\/celina-tours.com\/blog\/wp-content\/uploads\/2025\/03\/BLOG-4-32.jpg","datePublished":"2025-03-03T16:38:03+00:00","dateModified":"2025-03-03T17:27:25+00:00","description":"prociss\u00e3o das velas saindo de Lisboa Visita F\u00e1tima com excurs\u00e3o com saida de Lisboa, assista \u00e1 Missa \u00e1 Noite no Santu\u00e1rio Fatima","breadcrumb":{"@id":"https:\/\/celina-tours.com\/blog\/pt\/assistir-procissao-velas-fatima-saida-lisboa\/#breadcrumb"},"inLanguage":"pt-PT","potentialAction":[{"@type":"ReadAction","target":["https:\/\/celina-tours.com\/blog\/pt\/assistir-procissao-velas-fatima-saida-lisboa\/"]}]},{"@type":"ImageObject","inLanguage":"pt-PT","@id":"https:\/\/celina-tours.com\/blog\/pt\/assistir-procissao-velas-fatima-saida-lisboa\/#primaryimage","url":"https:\/\/celina-tours.com\/blog\/wp-content\/uploads\/2025\/03\/BLOG-4-32.jpg","contentUrl":"https:\/\/celina-tours.com\/blog\/wp-content\/uploads\/2025\/03\/BLOG-4-32.jpg","width":600,"height":353},{"@type":"BreadcrumbList","@id":"https:\/\/celina-tours.com\/blog\/pt\/assistir-procissao-velas-fatima-saida-lisboa\/#breadcrumb","itemListElement":[{"@type":"ListItem","position":1,"name":"In\u00edcio","item":"https:\/\/celina-tours.com\/blog\/pt\/"},{"@type":"ListItem","position":2,"name":"Assistir \u00e0 Prociss\u00e3o das Velas em F\u00e1tima: Visita Sa\u00edda de Lisboa"}]},{"@type":"WebSite","@id":"https:\/\/celina-tours.com\/blog\/#website","url":"https:\/\/celina-tours.com\/blog\/","name":"Celina Tours","description":"","publisher":{"@id":"https:\/\/celina-tours.com\/blog\/#organization"},"potentialAction":[{"@type":"SearchAction","target":{"@type":"EntryPoint","urlTemplate":"https:\/\/celina-tours.com\/blog\/?s={search_term_string}"},"query-input":{"@type":"PropertyValueSpecification","valueRequired":true,"valueName":"search_term_string"}}],"inLanguage":"pt-PT"},{"@type":"Organization","@id":"https:\/\/celina-tours.com\/blog\/#organization","name":"Celina Tours","url":"https:\/\/celina-tours.com\/blog\/","logo":{"@type":"ImageObject","inLanguage":"pt-PT","@id":"https:\/\/celina-tours.com\/blog\/#\/schema\/logo\/image\/","url":"https:\/\/celina-tours.com\/blog\/wp-content\/uploads\/2025\/01\/cropped-1-1.png","contentUrl":"https:\/\/celina-tours.com\/blog\/wp-content\/uploads\/2025\/01\/cropped-1-1.png","width":300,"height":94,"caption":"Celina Tours"},"image":{"@id":"https:\/\/celina-tours.com\/blog\/#\/schema\/logo\/image\/"},"sameAs":["https:\/\/www.instagram.com\/celinatourspt\/"]},{"@type":"Person","@id":"https:\/\/celina-tours.com\/blog\/#\/schema\/person\/e4611dfff819107474e643eb3c25e040","name":"ctours_blog","sameAs":["https:\/\/celina-tours.com\/blog"],"url":"https:\/\/celina-tours.com\/blog\/author\/ctours_blog\/"}]}},"_links":{"self":[{"href":"https:\/\/celina-tours.com\/blog\/wp-json\/wp\/v2\/posts\/5648","targetHints":{"allow":["GET"]}}],"collection":[{"href":"https:\/\/celina-tours.com\/blog\/wp-json\/wp\/v2\/posts"}],"about":[{"href":"https:\/\/celina-tours.com\/blog\/wp-json\/wp\/v2\/types\/post"}],"author":[{"embeddable":true,"href":"https:\/\/celina-tours.com\/blog\/wp-json\/wp\/v2\/users\/1"}],"replies":[{"embeddable":true,"href":"https:\/\/celina-tours.com\/blog\/wp-json\/wp\/v2\/comments?post=5648"}],"version-history":[{"count":5,"href":"https:\/\/celina-tours.com\/blog\/wp-json\/wp\/v2\/posts\/5648\/revisions"}],"predecessor-version":[{"id":5661,"href":"https:\/\/celina-tours.com\/blog\/wp-json\/wp\/v2\/posts\/5648\/revisions\/5661"}],"wp:featuredmedia":[{"embeddable":true,"href":"https:\/\/celina-tours.com\/blog\/wp-json\/wp\/v2\/media\/5650"}],"wp:attachment":[{"href":"https:\/\/celina-tours.com\/blog\/wp-json\/wp\/v2\/media?parent=5648"}],"wp:term":[{"taxonomy":"category","embeddable":true,"href":"https:\/\/celina-tours.com\/blog\/wp-json\/wp\/v2\/categories?post=5648"},{"taxonomy":"post_tag","embeddable":true,"href":"https:\/\/celina-tours.com\/blog\/wp-json\/wp\/v2\/tags?post=5648"}],"curies":[{"name":"wp","href":"https:\/\/api.w.org\/{rel}","templated":true}]}}