{"id":5393,"date":"2025-02-23T21:35:34","date_gmt":"2025-02-23T21:35:34","guid":{"rendered":"https:\/\/celina-tours.com\/blog\/?p=5393"},"modified":"2025-02-26T12:28:19","modified_gmt":"2025-02-26T12:28:19","slug":"que-ver-y-hacer-en-la-region-vinicola-del-duero","status":"publish","type":"post","link":"https:\/\/celina-tours.com\/blog\/es\/que-ver-y-hacer-en-la-region-vinicola-del-duero\/","title":{"rendered":"Qu\u00e9 ver y hacer en la regi\u00f3n vin\u00edcola del Duero"},"content":{"rendered":"<h2>Qu\u00e9 ver y hacer en la regi\u00f3n vin\u00edcola del Duero: una gu\u00eda completa<\/h2>\n<p>El valle del Duero, situado al norte de Portugal, es uno de los destinos m\u00e1s espectaculares de Europa. Por sus vi\u00f1edos en terrazas, sus bodegas hist\u00f3ricas y la producci\u00f3n del famoso vino de Oporto, esta regi\u00f3n est\u00e1 clasificada como Patrimonio Mundial de la UNESCO desde 2001.<\/p>\n<p>Con sus paisajes llenos de sufl\u00e9, su rica cultura, su refinada gastronom\u00eda y un turismo de calidad, la regi\u00f3n vin\u00edcola del Duero es un destino ideal para los amantes del vino, la naturaleza y la historia. En esta gu\u00eda te presentamos todo lo que necesitas ver y hacer para disfrutar al m\u00e1ximo de tu viaje en esta magn\u00edfica regi\u00f3n.<\/p>\n<h2>1. Admira los espectaculares paisajes del valle del Duero<\/h2>\n<p><img decoding=\"async\" class=\"alignnone wp-image-5396 size-full lazyload\" data-src=\"https:\/\/celina-tours.com\/blog\/wp-content\/uploads\/2025\/02\/BLOG-4-226.jpg\" alt=\"\" width=\"600\" height=\"353\" data-srcset=\"https:\/\/celina-tours.com\/blog\/wp-content\/uploads\/2025\/02\/BLOG-4-226.jpg 600w, https:\/\/celina-tours.com\/blog\/wp-content\/uploads\/2025\/02\/BLOG-4-226-300x177.jpg 300w\" data-sizes=\"(max-width: 600px) 100vw, 600px\" src=\"data:image\/svg+xml;base64,PHN2ZyB3aWR0aD0iMSIgaGVpZ2h0PSIxIiB4bWxucz0iaHR0cDovL3d3dy53My5vcmcvMjAwMC9zdmciPjwvc3ZnPg==\" style=\"--smush-placeholder-width: 600px; --smush-placeholder-aspect-ratio: 600\/353;\" \/><\/p>\n<p>El Duero es una de las regiones vin\u00edcolas m\u00e1s bellas del mundo. Los vi\u00f1edos en las terrazas que descienden hacia el r\u00edo crean un paisaje \u00fanico e inolvidable. Para admirar esta belleza natural se ofrecen varias opciones:<\/p>\n<p>Miradores: Algunos miradores ofrecen espectaculares panor\u00e1micas sobre el valle. Entre los m\u00e1s impresionantes encontr\u00e9 el Miradouro de S\u00e3o Leonardo da Galafura, que inspir\u00f3 al escritor Miguel Torga, y el Miradouro de Casal de Loivos, uno de los m\u00e1s bonitos de la regi\u00f3n.<br \/>\nRuta N222: La ruta de Peso da R\u00e9gua a Pinh\u00e3o es considerada una de las rutas panor\u00e1micas m\u00e1s bonitas del mundo.<br \/>\nLos excursionistas: Numerosos senderos recorren los vi\u00f1edos y las colinas, lo que permite explorar la regi\u00f3n de una manera inmersiva.<\/p>\n<p>&nbsp;<\/p>\n<table style=\"width: 732px; height: 210px;\">\n<tbody>\n<tr>\n<td style=\"width: 644.8px;\">\n<h3><img decoding=\"async\" class=\"alignleft wp-image-3974 lazyload\" data-src=\"https:\/\/celina-tours.com\/blog\/wp-content\/uploads\/2025\/02\/douro.jpg\" alt=\"\" width=\"182\" height=\"182\" src=\"data:image\/svg+xml;base64,PHN2ZyB3aWR0aD0iMSIgaGVpZ2h0PSIxIiB4bWxucz0iaHR0cDovL3d3dy53My5vcmcvMjAwMC9zdmciPjwvc3ZnPg==\" style=\"--smush-placeholder-width: 182px; --smush-placeholder-aspect-ratio: 182\/182;\" \/><br \/>\nEXCURSION PRIVADA DOURO<\/h3>\n<p><a href=\"https:\/\/celina-tours.com\/esp-excursion-privada-region-duero-salida-porto.php\" target=\"_blank\" rel=\"noopener\">Excursion Privada Douro Degustaci\u00f3n de vinos &gt;&gt;&gt;<\/a><\/td>\n<\/tr>\n<\/tbody>\n<\/table>\n<h2>2. Explora los pueblos y ciudades del Duero<\/h2>\n<h3>Peso da R\u00e9gua \u2013 La capital del Duero<\/h3>\n<p><img decoding=\"async\" class=\"alignnone wp-image-5397 size-full lazyload\" data-src=\"https:\/\/celina-tours.com\/blog\/wp-content\/uploads\/2025\/02\/BLOG-4-227.jpg\" alt=\"\" width=\"600\" height=\"353\" data-srcset=\"https:\/\/celina-tours.com\/blog\/wp-content\/uploads\/2025\/02\/BLOG-4-227.jpg 600w, https:\/\/celina-tours.com\/blog\/wp-content\/uploads\/2025\/02\/BLOG-4-227-300x177.jpg 300w\" data-sizes=\"(max-width: 600px) 100vw, 600px\" src=\"data:image\/svg+xml;base64,PHN2ZyB3aWR0aD0iMSIgaGVpZ2h0PSIxIiB4bWxucz0iaHR0cDovL3d3dy53My5vcmcvMjAwMC9zdmciPjwvc3ZnPg==\" style=\"--smush-placeholder-width: 600px; --smush-placeholder-aspect-ratio: 600\/353;\" \/><\/p>\n<p>Peso da R\u00e9gua es el centro neur\u00e1lgico de la regi\u00f3n vin\u00edcola y un excelente punto de partida para explorar el Duero.<\/p>\n<p>El Museo del Duero: recorre la historia de la viticultura y las tradiciones de la regi\u00f3n.<br \/>\nEl Quai de R\u00e9gua: Es un lugar agradable para pasear y anclar un crucero.<br \/>\nCatas de vino: Numerosas bodegas cercanas ofrecen visitas y catas.<\/p>\n<h3>Pi\u00f1ones \u2013 El tesoro del Duero<\/h3>\n<p><img decoding=\"async\" class=\"alignnone wp-image-5398 size-full lazyload\" data-src=\"https:\/\/celina-tours.com\/blog\/wp-content\/uploads\/2025\/02\/BLOG-4-228.jpg\" alt=\"\" width=\"600\" height=\"353\" data-srcset=\"https:\/\/celina-tours.com\/blog\/wp-content\/uploads\/2025\/02\/BLOG-4-228.jpg 600w, https:\/\/celina-tours.com\/blog\/wp-content\/uploads\/2025\/02\/BLOG-4-228-300x177.jpg 300w\" data-sizes=\"(max-width: 600px) 100vw, 600px\" src=\"data:image\/svg+xml;base64,PHN2ZyB3aWR0aD0iMSIgaGVpZ2h0PSIxIiB4bWxucz0iaHR0cDovL3d3dy53My5vcmcvMjAwMC9zdmciPjwvc3ZnPg==\" style=\"--smush-placeholder-width: 600px; --smush-placeholder-aspect-ratio: 600\/353;\" \/><\/p>\n<p>Este peque\u00f1o pueblo, situado en el coraz\u00f3n del valle del Duero, est\u00e1 rodeado de algunos de los vinos m\u00e1s prestigiosos.<\/p>\n<p>Estaci\u00f3n de Pinh\u00e3o: Sus magn\u00edficos azulejos (tallas de hadas) cuentan la historia de la producci\u00f3n del vino de Oporto.<br \/>\nPaseos en barco: Pinh\u00e3o es una de las mejores opciones para embarcar en un barco tradicional del Duero.<br \/>\nVisita a Fincas Vin\u00edcolas: Aqu\u00ed se encuentran numerosas fincas de renombre, como la Quinta do Bomfim.<\/p>\n<h3>Lamego \u2013 Ciudad de Historia y Cultura<\/h3>\n<p><img decoding=\"async\" class=\"alignnone wp-image-5399 size-full lazyload\" data-src=\"https:\/\/celina-tours.com\/blog\/wp-content\/uploads\/2025\/02\/BLOG-4-229.jpg\" alt=\"\" width=\"600\" height=\"353\" data-srcset=\"https:\/\/celina-tours.com\/blog\/wp-content\/uploads\/2025\/02\/BLOG-4-229.jpg 600w, https:\/\/celina-tours.com\/blog\/wp-content\/uploads\/2025\/02\/BLOG-4-229-300x177.jpg 300w\" data-sizes=\"(max-width: 600px) 100vw, 600px\" src=\"data:image\/svg+xml;base64,PHN2ZyB3aWR0aD0iMSIgaGVpZ2h0PSIxIiB4bWxucz0iaHR0cDovL3d3dy53My5vcmcvMjAwMC9zdmciPjwvc3ZnPg==\" style=\"--smush-placeholder-width: 600px; --smush-placeholder-aspect-ratio: 600\/353;\" \/><\/p>\n<p>Lamego es una ciudad rica en patrimonio cultural y religioso.<\/p>\n<p>Santuario de Nuestra Se\u00f1ora de los Remedios: Accesible a trav\u00e9s de una monumental escalera de 686 escalones.<br \/>\nEl Castillo de Lamego: Ofrece una vista inolvidable de la ciudad.<br \/>\nGastronom\u00eda local: No faltan ni el famoso jam\u00f3n de Lamego ni la bola de Lamego, una especie de guarnici\u00f3n de pan de carne.<\/p>\n<h3>Otros pueblos por descubrir<\/h3>\n<p>S\u00e3o Jo\u00e3o da Pesqueira: Capital del vino de Oporto, cuenta con numerosos miradores impresionantes.<br \/>\nFavaios: Conocido como un vino dulce, el Moscatel de Favaios.<br \/>\nFreixo de Espada \u00e0 Cinta: Un pueblo hist\u00f3rico con magn\u00edficos paisajes en el Parque Natural del Duero Internacional.<\/p>\n<p>&nbsp;<\/p>\n<h3>Te proponemos varias opciones<\/h3>\n<div data-vi-partner-id=\"P00241970\" data-vi-widget-ref=\"W-94ef8364-f7f2-4aa8-a0a2-3c9a87e67369\"><\/div>\n<p><script async src=\"https:\/\/www.viator.com\/orion\/partner\/widget.js\"><\/script><\/p>\n<p>&nbsp;<\/p>\n<h2>3. Haz un crucero por el r\u00edo Duero<\/h2>\n<p><img decoding=\"async\" class=\"alignnone wp-image-5400 size-full lazyload\" data-src=\"https:\/\/celina-tours.com\/blog\/wp-content\/uploads\/2025\/02\/BLOG-4-230.jpg\" alt=\"\" width=\"600\" height=\"353\" data-srcset=\"https:\/\/celina-tours.com\/blog\/wp-content\/uploads\/2025\/02\/BLOG-4-230.jpg 600w, https:\/\/celina-tours.com\/blog\/wp-content\/uploads\/2025\/02\/BLOG-4-230-300x177.jpg 300w\" data-sizes=\"(max-width: 600px) 100vw, 600px\" src=\"data:image\/svg+xml;base64,PHN2ZyB3aWR0aD0iMSIgaGVpZ2h0PSIxIiB4bWxucz0iaHR0cDovL3d3dy53My5vcmcvMjAwMC9zdmciPjwvc3ZnPg==\" style=\"--smush-placeholder-width: 600px; --smush-placeholder-aspect-ratio: 600\/353;\" \/><\/p>\n<p>Una de las mejores maneras de descubrir el valle del Duero es navegar por su r\u00edo. Se ofrecen varias opciones a los visitantes:<\/p>\n<p>Excursi\u00f3n de un d\u00eda entre Oporto y R\u00e9gua\/Pinh\u00e3o: Un viaje relajante a trav\u00e9s de magn\u00edficos paisajes, con parada a bordo.<br \/>\nPaseos en barco tradicionales (Rabelo): Estas embarcaciones de madera tambi\u00e9n transportaban barriles de vino de Oporto.<br \/>\nCruceros privados: Para una experiencia m\u00e1s \u00edntima, ciertos barcos ofrecen recorridos personalizados con catas de vino.<\/p>\n<h2>4. Visita las bodegas y degusta los mejores caldos<\/h2>\n<p><img decoding=\"async\" class=\"alignnone wp-image-5401 size-full lazyload\" data-src=\"https:\/\/celina-tours.com\/blog\/wp-content\/uploads\/2025\/02\/BLOG-4-231.jpg\" alt=\"\" width=\"600\" height=\"353\" data-srcset=\"https:\/\/celina-tours.com\/blog\/wp-content\/uploads\/2025\/02\/BLOG-4-231.jpg 600w, https:\/\/celina-tours.com\/blog\/wp-content\/uploads\/2025\/02\/BLOG-4-231-300x177.jpg 300w\" data-sizes=\"(max-width: 600px) 100vw, 600px\" src=\"data:image\/svg+xml;base64,PHN2ZyB3aWR0aD0iMSIgaGVpZ2h0PSIxIiB4bWxucz0iaHR0cDovL3d3dy53My5vcmcvMjAwMC9zdmciPjwvc3ZnPg==\" style=\"--smush-placeholder-width: 600px; --smush-placeholder-aspect-ratio: 600\/353;\" \/><\/p>\n<p>La regi\u00f3n del Duero es mundialmente famosa por sus vinos, especialmente el vino de Oporto. Numerosos dominios ofrecen sus servicios a los visitantes para visitas guiadas y catas. Para aquellos que est\u00e9n m\u00e1s familiarizados con el tema, encontrar\u00e1n:<\/p>\n<p>Finca Crasto (Sabrosa)<br \/>\nFinca Vallado<br \/>\nGranja Carvalhas (Pinhao)<br \/>\nGranja Bomfim (Pinh\u00e3o)<br \/>\nFinca Pacheca (Lamego)<\/p>\n<p>Adem\u00e1s de Oporto, la regi\u00f3n produce vinos tintos y blancos excepcionales, apreciados en todo el mundo.<\/p>\n<h2>5. Pruebe la cocina local<\/h2>\n<p><img decoding=\"async\" class=\"alignnone wp-image-5400 size-full lazyload\" data-src=\"https:\/\/celina-tours.com\/blog\/wp-content\/uploads\/2025\/02\/BLOG-4-230.jpg\" alt=\"\" width=\"600\" height=\"353\" data-srcset=\"https:\/\/celina-tours.com\/blog\/wp-content\/uploads\/2025\/02\/BLOG-4-230.jpg 600w, https:\/\/celina-tours.com\/blog\/wp-content\/uploads\/2025\/02\/BLOG-4-230-300x177.jpg 300w\" data-sizes=\"(max-width: 600px) 100vw, 600px\" src=\"data:image\/svg+xml;base64,PHN2ZyB3aWR0aD0iMSIgaGVpZ2h0PSIxIiB4bWxucz0iaHR0cDovL3d3dy53My5vcmcvMjAwMC9zdmciPjwvc3ZnPg==\" style=\"--smush-placeholder-width: 600px; --smush-placeholder-aspect-ratio: 600\/353;\" \/><\/p>\n<p>La gastronom\u00eda del Duero es rica y deliciosa, perfecta para acompa\u00f1ar tus vinos. Algunas especialidades imprescindibles:<\/p>\n<p>Cabrito asado (Chevreau R\u00f4ti): Servido con arroz y manzanas molidas encima.<br \/>\nPosta Mirandesa: Un delicioso filete de carne de res t\u00edpico de la regi\u00f3n.<br \/>\nPescado de agua dulce: Al igual que el r\u00e1bano picante a la parrilla, es muy apreciado en la regi\u00f3n.<br \/>\nFromage de la Serra da Estrela: Un queso cremoso que acompa\u00f1a perfectamente a un vino blanco del Duero.<br \/>\nPasteles tradicionales: como los dulces de R\u00e9gua y las cavacas de Resende.<\/p>\n<h2>6. Descubra la l\u00ednea ferroviaria del Duero<\/h2>\n<p><img decoding=\"async\" class=\"alignnone wp-image-5402 size-full lazyload\" data-src=\"https:\/\/celina-tours.com\/blog\/wp-content\/uploads\/2025\/02\/BLOG-4-232.jpg\" alt=\"\" width=\"600\" height=\"353\" data-srcset=\"https:\/\/celina-tours.com\/blog\/wp-content\/uploads\/2025\/02\/BLOG-4-232.jpg 600w, https:\/\/celina-tours.com\/blog\/wp-content\/uploads\/2025\/02\/BLOG-4-232-300x177.jpg 300w\" data-sizes=\"(max-width: 600px) 100vw, 600px\" src=\"data:image\/svg+xml;base64,PHN2ZyB3aWR0aD0iMSIgaGVpZ2h0PSIxIiB4bWxucz0iaHR0cDovL3d3dy53My5vcmcvMjAwMC9zdmciPjwvc3ZnPg==\" style=\"--smush-placeholder-width: 600px; --smush-placeholder-aspect-ratio: 600\/353;\" \/><\/p>\n<p>El tren del Duero es una de las rutas ferroviarias m\u00e1s espectaculares de Europa. El r\u00edo fluye a lo lejos, ofreciendo unas vistas incre\u00edbles sobre los vi\u00f1edos en las terrazas.<\/p>\n<p>El hist\u00f3rico tren del Duero, una locomotora de vapor, ofrece rutas inolvidables durante la temporada de verano.<\/p>\n<h2>7. Explora el Parque Natural del Duero Internacional<\/h2>\n<p>Situado en la frontera entre Portugal y Espa\u00f1a, el Parque Natural del Duero Internacional es un para\u00edso para los amantes de la naturaleza.<\/p>\n<p>Paseos en barco por el r\u00edo Duero para descubrir los acantilados y paisajes salvajes.<br \/>\nObservaci\u00f3n de aves, no de \u00e1guilas reales ni leonadas.<br \/>\nVisita pueblos tradicionales donde podr\u00e1s descubrir la autenticidad de la vida rural portuguesa.<\/p>\n<h2>8. Participar en la cosecha<\/h2>\n<p>Si visitas el Duero entre septiembre y octubre, tendr\u00e1s la oportunidad de participar en las rebajas. Algunos dominios que ofrecen experiencias inmersivas:<\/p>\n<p>Cosechar las pasas en los vi\u00f1edos.<br \/>\nAntiguas incrustaciones de pasas en prensas de piedra.<br \/>\nCatas de vino y refrescos tradicionales con en\u00f3logos.<\/p>\n<p>Es una experiencia \u00fanica que le permitir\u00e1 vivir la tradici\u00f3n del vino del Duero.<\/p>\n<h2>Conclusi\u00f3n<\/h2>\n<p>El valle del Duero es un destino imperdible para los amantes del vino, la naturaleza y la cultura. Entre paisajes espectaculares, vi\u00f1edos hist\u00f3ricos, cruceros fluviales y una gastronom\u00eda excepcional, cada momento pasado en esta regi\u00f3n ser\u00e1 un recuerdo inolvidable.<\/p>\n<p>Si a\u00fan no has visitado el Duero, \u00a1ahora es el momento de planificar tu viaje y descubrir otro de los grandes tesoros de Portugal! \ud83c\udf77\u2728<\/p>\n","protected":false},"excerpt":{"rendered":"<p>Qu\u00e9 ver y hacer en la regi\u00f3n vin\u00edcola del Duero: una gu\u00eda completa El valle del Duero, situado al norte&hellip;<\/p>\n","protected":false},"author":1,"featured_media":5355,"comment_status":"closed","ping_status":"closed","sticky":false,"template":"","format":"standard","meta":{"om_disable_all_campaigns":false,"footnotes":""},"categories":[195],"tags":[],"class_list":["post-5393","post","type-post","status-publish","format-standard","has-post-thumbnail","hentry","category-norte-portugal-es"],"yoast_head":"<!-- This site is optimized with the Yoast SEO plugin v27.0 - https:\/\/yoast.com\/product\/yoast-seo-wordpress\/ -->\n<title>Qu\u00e9 ver y hacer en la regi\u00f3n vin\u00edcola del Duero -<\/title>\n<meta name=\"description\" content=\"La regi\u00f3n vin\u00edcola del Duero es una de las regiones m\u00e1s emblem\u00e1ticas de Portugal, conocida por sus impresionantes paisajes.\" \/>\n<meta name=\"robots\" content=\"index, follow, max-snippet:-1, max-image-preview:large, max-video-preview:-1\" \/>\n<link rel=\"canonical\" href=\"https:\/\/celina-tours.com\/blog\/es\/que-ver-y-hacer-en-la-region-vinicola-del-duero\/\" \/>\n<meta property=\"og:locale\" content=\"pt_PT\" \/>\n<meta property=\"og:type\" content=\"article\" \/>\n<meta property=\"og:title\" content=\"Qu\u00e9 ver y hacer en la regi\u00f3n vin\u00edcola del Duero -\" \/>\n<meta property=\"og:description\" content=\"La regi\u00f3n vin\u00edcola del Duero es una de las regiones m\u00e1s emblem\u00e1ticas de Portugal, conocida por sus impresionantes paisajes.\" \/>\n<meta property=\"og:url\" content=\"https:\/\/celina-tours.com\/blog\/es\/que-ver-y-hacer-en-la-region-vinicola-del-duero\/\" \/>\n<meta property=\"article:publisher\" content=\"https:\/\/www.instagram.com\/celinatourspt\/\" \/>\n<meta property=\"article:published_time\" content=\"2025-02-23T21:35:34+00:00\" \/>\n<meta property=\"article:modified_time\" content=\"2025-02-26T12:28:19+00:00\" \/>\n<meta property=\"og:image\" content=\"https:\/\/celina-tours.com\/blog\/wp-content\/uploads\/2025\/02\/BLOG-4-219.jpg\" \/>\n\t<meta property=\"og:image:width\" content=\"600\" \/>\n\t<meta property=\"og:image:height\" content=\"353\" \/>\n\t<meta property=\"og:image:type\" content=\"image\/jpeg\" \/>\n<meta name=\"author\" content=\"ctours_blog\" \/>\n<meta name=\"twitter:card\" content=\"summary_large_image\" \/>\n<meta name=\"twitter:label1\" content=\"Escrito por\" \/>\n\t<meta name=\"twitter:data1\" content=\"ctours_blog\" \/>\n\t<meta name=\"twitter:label2\" content=\"Tempo estimado de leitura\" \/>\n\t<meta name=\"twitter:data2\" content=\"8 minutos\" \/>\n<script type=\"application\/ld+json\" class=\"yoast-schema-graph\">{\"@context\":\"https:\/\/schema.org\",\"@graph\":[{\"@type\":\"Article\",\"@id\":\"https:\/\/celina-tours.com\/blog\/es\/que-ver-y-hacer-en-la-region-vinicola-del-duero\/#article\",\"isPartOf\":{\"@id\":\"https:\/\/celina-tours.com\/blog\/es\/que-ver-y-hacer-en-la-region-vinicola-del-duero\/\"},\"author\":{\"name\":\"ctours_blog\",\"@id\":\"https:\/\/celina-tours.com\/blog\/#\/schema\/person\/e4611dfff819107474e643eb3c25e040\"},\"headline\":\"Qu\u00e9 ver y hacer en la regi\u00f3n vin\u00edcola del Duero\",\"datePublished\":\"2025-02-23T21:35:34+00:00\",\"dateModified\":\"2025-02-26T12:28:19+00:00\",\"mainEntityOfPage\":{\"@id\":\"https:\/\/celina-tours.com\/blog\/es\/que-ver-y-hacer-en-la-region-vinicola-del-duero\/\"},\"wordCount\":1141,\"publisher\":{\"@id\":\"https:\/\/celina-tours.com\/blog\/#organization\"},\"image\":{\"@id\":\"https:\/\/celina-tours.com\/blog\/es\/que-ver-y-hacer-en-la-region-vinicola-del-duero\/#primaryimage\"},\"thumbnailUrl\":\"https:\/\/celina-tours.com\/blog\/wp-content\/uploads\/2025\/02\/BLOG-4-219.jpg\",\"articleSection\":[\"Norte de Portugal\"],\"inLanguage\":\"pt-PT\"},{\"@type\":\"WebPage\",\"@id\":\"https:\/\/celina-tours.com\/blog\/es\/que-ver-y-hacer-en-la-region-vinicola-del-duero\/\",\"url\":\"https:\/\/celina-tours.com\/blog\/es\/que-ver-y-hacer-en-la-region-vinicola-del-duero\/\",\"name\":\"Qu\u00e9 ver y hacer en la regi\u00f3n vin\u00edcola del Duero -\",\"isPartOf\":{\"@id\":\"https:\/\/celina-tours.com\/blog\/#website\"},\"primaryImageOfPage\":{\"@id\":\"https:\/\/celina-tours.com\/blog\/es\/que-ver-y-hacer-en-la-region-vinicola-del-duero\/#primaryimage\"},\"image\":{\"@id\":\"https:\/\/celina-tours.com\/blog\/es\/que-ver-y-hacer-en-la-region-vinicola-del-duero\/#primaryimage\"},\"thumbnailUrl\":\"https:\/\/celina-tours.com\/blog\/wp-content\/uploads\/2025\/02\/BLOG-4-219.jpg\",\"datePublished\":\"2025-02-23T21:35:34+00:00\",\"dateModified\":\"2025-02-26T12:28:19+00:00\",\"description\":\"La regi\u00f3n vin\u00edcola del Duero es una de las regiones m\u00e1s emblem\u00e1ticas de Portugal, conocida por sus impresionantes paisajes.\",\"breadcrumb\":{\"@id\":\"https:\/\/celina-tours.com\/blog\/es\/que-ver-y-hacer-en-la-region-vinicola-del-duero\/#breadcrumb\"},\"inLanguage\":\"pt-PT\",\"potentialAction\":[{\"@type\":\"ReadAction\",\"target\":[\"https:\/\/celina-tours.com\/blog\/es\/que-ver-y-hacer-en-la-region-vinicola-del-duero\/\"]}]},{\"@type\":\"ImageObject\",\"inLanguage\":\"pt-PT\",\"@id\":\"https:\/\/celina-tours.com\/blog\/es\/que-ver-y-hacer-en-la-region-vinicola-del-duero\/#primaryimage\",\"url\":\"https:\/\/celina-tours.com\/blog\/wp-content\/uploads\/2025\/02\/BLOG-4-219.jpg\",\"contentUrl\":\"https:\/\/celina-tours.com\/blog\/wp-content\/uploads\/2025\/02\/BLOG-4-219.jpg\",\"width\":600,\"height\":353},{\"@type\":\"BreadcrumbList\",\"@id\":\"https:\/\/celina-tours.com\/blog\/es\/que-ver-y-hacer-en-la-region-vinicola-del-duero\/#breadcrumb\",\"itemListElement\":[{\"@type\":\"ListItem\",\"position\":1,\"name\":\"In\u00edcio\",\"item\":\"https:\/\/celina-tours.com\/blog\/pt\/\"},{\"@type\":\"ListItem\",\"position\":2,\"name\":\"Qu\u00e9 ver y hacer en la regi\u00f3n vin\u00edcola del Duero\"}]},{\"@type\":\"WebSite\",\"@id\":\"https:\/\/celina-tours.com\/blog\/#website\",\"url\":\"https:\/\/celina-tours.com\/blog\/\",\"name\":\"Celina Tours\",\"description\":\"\",\"publisher\":{\"@id\":\"https:\/\/celina-tours.com\/blog\/#organization\"},\"potentialAction\":[{\"@type\":\"SearchAction\",\"target\":{\"@type\":\"EntryPoint\",\"urlTemplate\":\"https:\/\/celina-tours.com\/blog\/?s={search_term_string}\"},\"query-input\":{\"@type\":\"PropertyValueSpecification\",\"valueRequired\":true,\"valueName\":\"search_term_string\"}}],\"inLanguage\":\"pt-PT\"},{\"@type\":\"Organization\",\"@id\":\"https:\/\/celina-tours.com\/blog\/#organization\",\"name\":\"Celina Tours\",\"url\":\"https:\/\/celina-tours.com\/blog\/\",\"logo\":{\"@type\":\"ImageObject\",\"inLanguage\":\"pt-PT\",\"@id\":\"https:\/\/celina-tours.com\/blog\/#\/schema\/logo\/image\/\",\"url\":\"https:\/\/celina-tours.com\/blog\/wp-content\/uploads\/2025\/01\/cropped-1-1.png\",\"contentUrl\":\"https:\/\/celina-tours.com\/blog\/wp-content\/uploads\/2025\/01\/cropped-1-1.png\",\"width\":300,\"height\":94,\"caption\":\"Celina Tours\"},\"image\":{\"@id\":\"https:\/\/celina-tours.com\/blog\/#\/schema\/logo\/image\/\"},\"sameAs\":[\"https:\/\/www.instagram.com\/celinatourspt\/\"]},{\"@type\":\"Person\",\"@id\":\"https:\/\/celina-tours.com\/blog\/#\/schema\/person\/e4611dfff819107474e643eb3c25e040\",\"name\":\"ctours_blog\",\"sameAs\":[\"https:\/\/celina-tours.com\/blog\"],\"url\":\"https:\/\/celina-tours.com\/blog\/author\/ctours_blog\/\"}]}<\/script>\n<!-- \/ Yoast SEO plugin. -->","yoast_head_json":{"title":"Qu\u00e9 ver y hacer en la regi\u00f3n vin\u00edcola del Duero -","description":"La regi\u00f3n vin\u00edcola del Duero es una de las regiones m\u00e1s emblem\u00e1ticas de Portugal, conocida por sus impresionantes paisajes.","robots":{"index":"index","follow":"follow","max-snippet":"max-snippet:-1","max-image-preview":"max-image-preview:large","max-video-preview":"max-video-preview:-1"},"canonical":"https:\/\/celina-tours.com\/blog\/es\/que-ver-y-hacer-en-la-region-vinicola-del-duero\/","og_locale":"pt_PT","og_type":"article","og_title":"Qu\u00e9 ver y hacer en la regi\u00f3n vin\u00edcola del Duero -","og_description":"La regi\u00f3n vin\u00edcola del Duero es una de las regiones m\u00e1s emblem\u00e1ticas de Portugal, conocida por sus impresionantes paisajes.","og_url":"https:\/\/celina-tours.com\/blog\/es\/que-ver-y-hacer-en-la-region-vinicola-del-duero\/","article_publisher":"https:\/\/www.instagram.com\/celinatourspt\/","article_published_time":"2025-02-23T21:35:34+00:00","article_modified_time":"2025-02-26T12:28:19+00:00","og_image":[{"width":600,"height":353,"url":"https:\/\/celina-tours.com\/blog\/wp-content\/uploads\/2025\/02\/BLOG-4-219.jpg","type":"image\/jpeg"}],"author":"ctours_blog","twitter_card":"summary_large_image","twitter_misc":{"Escrito por":"ctours_blog","Tempo estimado de leitura":"8 minutos"},"schema":{"@context":"https:\/\/schema.org","@graph":[{"@type":"Article","@id":"https:\/\/celina-tours.com\/blog\/es\/que-ver-y-hacer-en-la-region-vinicola-del-duero\/#article","isPartOf":{"@id":"https:\/\/celina-tours.com\/blog\/es\/que-ver-y-hacer-en-la-region-vinicola-del-duero\/"},"author":{"name":"ctours_blog","@id":"https:\/\/celina-tours.com\/blog\/#\/schema\/person\/e4611dfff819107474e643eb3c25e040"},"headline":"Qu\u00e9 ver y hacer en la regi\u00f3n vin\u00edcola del Duero","datePublished":"2025-02-23T21:35:34+00:00","dateModified":"2025-02-26T12:28:19+00:00","mainEntityOfPage":{"@id":"https:\/\/celina-tours.com\/blog\/es\/que-ver-y-hacer-en-la-region-vinicola-del-duero\/"},"wordCount":1141,"publisher":{"@id":"https:\/\/celina-tours.com\/blog\/#organization"},"image":{"@id":"https:\/\/celina-tours.com\/blog\/es\/que-ver-y-hacer-en-la-region-vinicola-del-duero\/#primaryimage"},"thumbnailUrl":"https:\/\/celina-tours.com\/blog\/wp-content\/uploads\/2025\/02\/BLOG-4-219.jpg","articleSection":["Norte de Portugal"],"inLanguage":"pt-PT"},{"@type":"WebPage","@id":"https:\/\/celina-tours.com\/blog\/es\/que-ver-y-hacer-en-la-region-vinicola-del-duero\/","url":"https:\/\/celina-tours.com\/blog\/es\/que-ver-y-hacer-en-la-region-vinicola-del-duero\/","name":"Qu\u00e9 ver y hacer en la regi\u00f3n vin\u00edcola del Duero -","isPartOf":{"@id":"https:\/\/celina-tours.com\/blog\/#website"},"primaryImageOfPage":{"@id":"https:\/\/celina-tours.com\/blog\/es\/que-ver-y-hacer-en-la-region-vinicola-del-duero\/#primaryimage"},"image":{"@id":"https:\/\/celina-tours.com\/blog\/es\/que-ver-y-hacer-en-la-region-vinicola-del-duero\/#primaryimage"},"thumbnailUrl":"https:\/\/celina-tours.com\/blog\/wp-content\/uploads\/2025\/02\/BLOG-4-219.jpg","datePublished":"2025-02-23T21:35:34+00:00","dateModified":"2025-02-26T12:28:19+00:00","description":"La regi\u00f3n vin\u00edcola del Duero es una de las regiones m\u00e1s emblem\u00e1ticas de Portugal, conocida por sus impresionantes paisajes.","breadcrumb":{"@id":"https:\/\/celina-tours.com\/blog\/es\/que-ver-y-hacer-en-la-region-vinicola-del-duero\/#breadcrumb"},"inLanguage":"pt-PT","potentialAction":[{"@type":"ReadAction","target":["https:\/\/celina-tours.com\/blog\/es\/que-ver-y-hacer-en-la-region-vinicola-del-duero\/"]}]},{"@type":"ImageObject","inLanguage":"pt-PT","@id":"https:\/\/celina-tours.com\/blog\/es\/que-ver-y-hacer-en-la-region-vinicola-del-duero\/#primaryimage","url":"https:\/\/celina-tours.com\/blog\/wp-content\/uploads\/2025\/02\/BLOG-4-219.jpg","contentUrl":"https:\/\/celina-tours.com\/blog\/wp-content\/uploads\/2025\/02\/BLOG-4-219.jpg","width":600,"height":353},{"@type":"BreadcrumbList","@id":"https:\/\/celina-tours.com\/blog\/es\/que-ver-y-hacer-en-la-region-vinicola-del-duero\/#breadcrumb","itemListElement":[{"@type":"ListItem","position":1,"name":"In\u00edcio","item":"https:\/\/celina-tours.com\/blog\/pt\/"},{"@type":"ListItem","position":2,"name":"Qu\u00e9 ver y hacer en la regi\u00f3n vin\u00edcola del Duero"}]},{"@type":"WebSite","@id":"https:\/\/celina-tours.com\/blog\/#website","url":"https:\/\/celina-tours.com\/blog\/","name":"Celina Tours","description":"","publisher":{"@id":"https:\/\/celina-tours.com\/blog\/#organization"},"potentialAction":[{"@type":"SearchAction","target":{"@type":"EntryPoint","urlTemplate":"https:\/\/celina-tours.com\/blog\/?s={search_term_string}"},"query-input":{"@type":"PropertyValueSpecification","valueRequired":true,"valueName":"search_term_string"}}],"inLanguage":"pt-PT"},{"@type":"Organization","@id":"https:\/\/celina-tours.com\/blog\/#organization","name":"Celina Tours","url":"https:\/\/celina-tours.com\/blog\/","logo":{"@type":"ImageObject","inLanguage":"pt-PT","@id":"https:\/\/celina-tours.com\/blog\/#\/schema\/logo\/image\/","url":"https:\/\/celina-tours.com\/blog\/wp-content\/uploads\/2025\/01\/cropped-1-1.png","contentUrl":"https:\/\/celina-tours.com\/blog\/wp-content\/uploads\/2025\/01\/cropped-1-1.png","width":300,"height":94,"caption":"Celina Tours"},"image":{"@id":"https:\/\/celina-tours.com\/blog\/#\/schema\/logo\/image\/"},"sameAs":["https:\/\/www.instagram.com\/celinatourspt\/"]},{"@type":"Person","@id":"https:\/\/celina-tours.com\/blog\/#\/schema\/person\/e4611dfff819107474e643eb3c25e040","name":"ctours_blog","sameAs":["https:\/\/celina-tours.com\/blog"],"url":"https:\/\/celina-tours.com\/blog\/author\/ctours_blog\/"}]}},"_links":{"self":[{"href":"https:\/\/celina-tours.com\/blog\/wp-json\/wp\/v2\/posts\/5393","targetHints":{"allow":["GET"]}}],"collection":[{"href":"https:\/\/celina-tours.com\/blog\/wp-json\/wp\/v2\/posts"}],"about":[{"href":"https:\/\/celina-tours.com\/blog\/wp-json\/wp\/v2\/types\/post"}],"author":[{"embeddable":true,"href":"https:\/\/celina-tours.com\/blog\/wp-json\/wp\/v2\/users\/1"}],"replies":[{"embeddable":true,"href":"https:\/\/celina-tours.com\/blog\/wp-json\/wp\/v2\/comments?post=5393"}],"version-history":[{"count":4,"href":"https:\/\/celina-tours.com\/blog\/wp-json\/wp\/v2\/posts\/5393\/revisions"}],"predecessor-version":[{"id":5462,"href":"https:\/\/celina-tours.com\/blog\/wp-json\/wp\/v2\/posts\/5393\/revisions\/5462"}],"wp:featuredmedia":[{"embeddable":true,"href":"https:\/\/celina-tours.com\/blog\/wp-json\/wp\/v2\/media\/5355"}],"wp:attachment":[{"href":"https:\/\/celina-tours.com\/blog\/wp-json\/wp\/v2\/media?parent=5393"}],"wp:term":[{"taxonomy":"category","embeddable":true,"href":"https:\/\/celina-tours.com\/blog\/wp-json\/wp\/v2\/categories?post=5393"},{"taxonomy":"post_tag","embeddable":true,"href":"https:\/\/celina-tours.com\/blog\/wp-json\/wp\/v2\/tags?post=5393"}],"curies":[{"name":"wp","href":"https:\/\/api.w.org\/{rel}","templated":true}]}}