{"id":5370,"date":"2025-02-23T19:40:26","date_gmt":"2025-02-23T19:40:26","guid":{"rendered":"https:\/\/celina-tours.com\/blog\/?p=5370"},"modified":"2025-02-26T22:29:39","modified_gmt":"2025-02-26T22:29:39","slug":"excursiones-um-dia-desde-oporto","status":"publish","type":"post","link":"https:\/\/celina-tours.com\/blog\/es\/excursiones-um-dia-desde-oporto\/","title":{"rendered":"Excursiones de Un D\u00eda desde Oporto"},"content":{"rendered":"<h2>Mejores Excursiones de Un D\u00eda desde Oporto \ud83d\ude97\ud83c\udff0\ud83c\udf77<\/h2>\n<p>Oporto es una ciudad fascinante, pero sus alrededores est\u00e1n llenos de lugares incre\u00edbles para explorar en un solo d\u00eda. Desde la regi\u00f3n vin\u00edcola del Duero hasta las ciudades medievales de Braga y Guimar\u00e3es, pasando por las playas de Costa Nova o incluso cruzando la frontera hacia Espa\u00f1a, hay much\u00edsimas opciones para un tour de un d\u00eda con salida y regreso a Oporto.<\/p>\n<p>En esta gu\u00eda, te presentamos las mejores excursiones de un d\u00eda desde Oporto, con consejos sobre qu\u00e9 ver, c\u00f3mo llegar y qu\u00e9 experiencias no perderte.<\/p>\n<h2>1. Valle del Duero \u2013 Vino, Paisajes y Crucero por el R\u00edo \ud83c\udf77\ud83d\udea2<\/h2>\n<p><img decoding=\"async\" class=\"alignnone wp-image-5355 size-full lazyload\" data-src=\"https:\/\/celina-tours.com\/blog\/wp-content\/uploads\/2025\/02\/BLOG-4-219.jpg\" alt=\"\" width=\"600\" height=\"353\" data-srcset=\"https:\/\/celina-tours.com\/blog\/wp-content\/uploads\/2025\/02\/BLOG-4-219.jpg 600w, https:\/\/celina-tours.com\/blog\/wp-content\/uploads\/2025\/02\/BLOG-4-219-300x177.jpg 300w\" data-sizes=\"(max-width: 600px) 100vw, 600px\" src=\"data:image\/svg+xml;base64,PHN2ZyB3aWR0aD0iMSIgaGVpZ2h0PSIxIiB4bWxucz0iaHR0cDovL3d3dy53My5vcmcvMjAwMC9zdmciPjwvc3ZnPg==\" style=\"--smush-placeholder-width: 600px; --smush-placeholder-aspect-ratio: 600\/353;\" \/><\/p>\n<p>El Valle del Duero es una de las regiones vin\u00edcolas m\u00e1s famosas del mundo y ha sido declarado Patrimonio de la Humanidad por la UNESCO. Si eres amante del vino y de los paisajes impresionantes, este tour es imperdible.<\/p>\n<h3><span class=\"HwtZe\" lang=\"es\"><span class=\"jCAhz ChMk0b\"><span class=\"ryNqvb\">Nuestras sugerencias<\/span><\/span><\/span><\/h3>\n<div data-vi-partner-id=\"P00241970\" data-vi-widget-ref=\"W-9c07a69f-4889-4a88-8fbd-180c932b348c\"><\/div>\n<p><script async src=\"https:\/\/www.viator.com\/orion\/partner\/widget.js\"><\/script><\/p>\n<h3>\n\u00bfQu\u00e9 hacer en el Valle del Duero?<\/h3>\n<p>\u2714\ufe0f Visitar bodegas (quintas) y degustar vinos de Oporto y vinos DOC Douro<br \/>\n\u2714\ufe0f Realizar un crucero por el r\u00edo Duero, especialmente entre Pinh\u00e3o y Peso da R\u00e9gua<br \/>\n\u2714\ufe0f Explorar pueblos vin\u00edcolas, como Pinh\u00e3o, Peso da R\u00e9gua y Lamego<br \/>\n\u2714\ufe0f Disfrutar de las vistas panor\u00e1micas desde miradores impresionantes, como el Mirador de S\u00e3o Leonardo de Galafura<\/p>\n<h3>\u00bfC\u00f3mo hacer esta excursi\u00f3n?<\/h3>\n<p>\ud83d\ude97 En coche: 1h30 desde Oporto<br \/>\n\ud83d\ude86 En tren: 2 horas en la L\u00ednea del Duero hasta Pinh\u00e3o<br \/>\n\ud83d\ude8d En tour organizado: Incluye transporte, visitas a bodegas, degustaciones y un crucero<\/p>\n<p>\ud83d\udd39 Consejo: Elige un tour que incluya al menos dos catas de vino, un crucero y un almuerzo tradicional en una quinta.<\/p>\n<table style=\"width: 730px; height: 203px;\">\n<tbody>\n<tr>\n<td style=\"width: 644.8px;\">\n<h3><img decoding=\"async\" class=\"alignleft wp-image-3974 lazyload\" data-src=\"https:\/\/celina-tours.com\/blog\/wp-content\/uploads\/2025\/02\/douro.jpg\" alt=\"\" width=\"182\" height=\"182\" src=\"data:image\/svg+xml;base64,PHN2ZyB3aWR0aD0iMSIgaGVpZ2h0PSIxIiB4bWxucz0iaHR0cDovL3d3dy53My5vcmcvMjAwMC9zdmciPjwvc3ZnPg==\" style=\"--smush-placeholder-width: 182px; --smush-placeholder-aspect-ratio: 182\/182;\" \/>EXCURSION PRIVADA DOURO<\/h3>\n<p><a href=\"https:\/\/celina-tours.com\/esp-excursion-privada-region-duero-salida-porto.php\" target=\"_blank\" rel=\"noopener\">Excursion Privada Douro Degustaci\u00f3n de vinos &gt;&gt;&gt;<\/a><\/td>\n<\/tr>\n<\/tbody>\n<\/table>\n<h2>2. Braga y Guimar\u00e3es \u2013 Historia y Cultura en el Norte de Portugal \u26ea\ud83c\udff0<\/h2>\n<p>Si te interesa la historia y la arquitectura medieval, las ciudades de Braga y Guimar\u00e3es son una excelente opci\u00f3n para una excursi\u00f3n de un d\u00eda desde Oporto.<\/p>\n<h3><\/h3>\n<p><img decoding=\"async\" class=\"alignnone wp-image-5357 size-full lazyload\" data-src=\"https:\/\/celina-tours.com\/blog\/wp-content\/uploads\/2025\/02\/BLOG-4-220.jpg\" alt=\"\" width=\"600\" height=\"353\" data-srcset=\"https:\/\/celina-tours.com\/blog\/wp-content\/uploads\/2025\/02\/BLOG-4-220.jpg 600w, https:\/\/celina-tours.com\/blog\/wp-content\/uploads\/2025\/02\/BLOG-4-220-300x177.jpg 300w\" data-sizes=\"(max-width: 600px) 100vw, 600px\" src=\"data:image\/svg+xml;base64,PHN2ZyB3aWR0aD0iMSIgaGVpZ2h0PSIxIiB4bWxucz0iaHR0cDovL3d3dy53My5vcmcvMjAwMC9zdmciPjwvc3ZnPg==\" style=\"--smush-placeholder-width: 600px; --smush-placeholder-aspect-ratio: 600\/353;\" \/><\/p>\n<h3>\u00bfQu\u00e9 ver en Braga?<\/h3>\n<p>\u2714\ufe0f Santuario del Bom Jesus do Monte, famoso por su majestuosa escalera barroca<br \/>\n\u2714\ufe0f Catedral de Braga, la m\u00e1s antigua de Portugal<br \/>\n\u2714\ufe0f Centro hist\u00f3rico y Jard\u00edn de Santa B\u00e1rbara<\/p>\n<h3>\u00bfQu\u00e9 ver en Guimar\u00e3es?<\/h3>\n<p><img decoding=\"async\" class=\"alignnone wp-image-5358 size-full lazyload\" data-src=\"https:\/\/celina-tours.com\/blog\/wp-content\/uploads\/2025\/02\/BLOG-4-221.jpg\" alt=\"\" width=\"600\" height=\"353\" data-srcset=\"https:\/\/celina-tours.com\/blog\/wp-content\/uploads\/2025\/02\/BLOG-4-221.jpg 600w, https:\/\/celina-tours.com\/blog\/wp-content\/uploads\/2025\/02\/BLOG-4-221-300x177.jpg 300w\" data-sizes=\"(max-width: 600px) 100vw, 600px\" src=\"data:image\/svg+xml;base64,PHN2ZyB3aWR0aD0iMSIgaGVpZ2h0PSIxIiB4bWxucz0iaHR0cDovL3d3dy53My5vcmcvMjAwMC9zdmciPjwvc3ZnPg==\" style=\"--smush-placeholder-width: 600px; --smush-placeholder-aspect-ratio: 600\/353;\" \/><\/p>\n<p>\u2714\ufe0f Castillo de Guimar\u00e3es, donde naci\u00f3 Portugal<br \/>\n\u2714\ufe0f Palacio de los Duques de Braganza, un impresionante palacio del siglo XV<br \/>\n\u2714\ufe0f Plaza Largo da Oliveira, la m\u00e1s bonita de la ciudad<br \/>\n\u2714\ufe0f Subir en telef\u00e9rico al Monte da Penha, con vistas panor\u00e1micas impresionantes<\/p>\n<h3>\u00bfC\u00f3mo hacer esta excursi\u00f3n?<\/h3>\n<p>\ud83d\ude97 En coche: 40-50 minutos desde Oporto<br \/>\n\ud83d\ude86 En tren: 1h hasta Braga y 1h15 hasta Guimar\u00e3es<br \/>\n\ud83d\ude8d En tour organizado: Muchas excursiones combinan las dos ciudades en un solo d\u00eda<\/p>\n<p>\ud83d\udd39 Consejo: Prueba platos t\u00edpicos como el Bacalao a la Braga y las Papas de Sarrabulho.<\/p>\n<p>&nbsp;<\/p>\n<table style=\"width: 732px; height: 210px;\">\n<tbody>\n<tr>\n<td style=\"width: 644.8px;\">\n<h3><img decoding=\"async\" class=\"alignleft wp-image-3974 lazyload\" data-src=\"https:\/\/celina-tours.com\/blog\/wp-content\/uploads\/2025\/02\/braga.jpg\" alt=\"\" width=\"182\" height=\"182\" src=\"data:image\/svg+xml;base64,PHN2ZyB3aWR0aD0iMSIgaGVpZ2h0PSIxIiB4bWxucz0iaHR0cDovL3d3dy53My5vcmcvMjAwMC9zdmciPjwvc3ZnPg==\" style=\"--smush-placeholder-width: 182px; --smush-placeholder-aspect-ratio: 182\/182;\" \/><br \/>\nEXCURSION PRIVADA BRAGA GUIMARAES<\/h3>\n<p><a href=\"https:\/\/celina-tours.com\/esp-excursion-privada-braga-visita-guimaraes-salida-porto.php\" target=\"_blank\" rel=\"noopener\">Excursion Privada Braga Guimaraes &gt;&gt;&gt;<\/a><\/td>\n<\/tr>\n<\/tbody>\n<\/table>\n<h2>3. Aveiro y Costa Nova \u2013 La Venecia Portuguesa \ud83d\udea3\ud83c\udfe1<\/h2>\n<p><img decoding=\"async\" class=\"alignnone wp-image-5359 size-full lazyload\" data-src=\"https:\/\/celina-tours.com\/blog\/wp-content\/uploads\/2025\/02\/BLOG-4-222.jpg\" alt=\"\" width=\"600\" height=\"353\" data-srcset=\"https:\/\/celina-tours.com\/blog\/wp-content\/uploads\/2025\/02\/BLOG-4-222.jpg 600w, https:\/\/celina-tours.com\/blog\/wp-content\/uploads\/2025\/02\/BLOG-4-222-300x177.jpg 300w\" data-sizes=\"(max-width: 600px) 100vw, 600px\" src=\"data:image\/svg+xml;base64,PHN2ZyB3aWR0aD0iMSIgaGVpZ2h0PSIxIiB4bWxucz0iaHR0cDovL3d3dy53My5vcmcvMjAwMC9zdmciPjwvc3ZnPg==\" style=\"--smush-placeholder-width: 600px; --smush-placeholder-aspect-ratio: 600\/353;\" \/><\/p>\n<p>Aveiro es una ciudad rom\u00e1ntica y pintoresca, conocida por sus canales y barcos moliceiros. A solo una hora de Oporto, es una excursi\u00f3n perfecta para un d\u00eda de relax.<\/p>\n<h3>\u00bfQu\u00e9 hacer en Aveiro?<\/h3>\n<p>\u2714\ufe0f Paseo en moliceiro por los canales<br \/>\n\u2714\ufe0f Explorar el centro hist\u00f3rico y su arquitectura Art Nouveau<br \/>\n\u2714\ufe0f Probar los famosos ovos moles, un dulce tradicional<\/p>\n<h3>Visitar Costa Nova \ud83c\udfd6\ufe0f<\/h3>\n<p>\u2714\ufe0f Ver las famosas casas de rayas de colores<br \/>\n\u2714\ufe0f Pasear por la playa y la avenida costera<br \/>\n\u2714\ufe0f Degustar mariscos frescos en los restaurantes locales<\/p>\n<h2>\u00bfC\u00f3mo hacer esta excursi\u00f3n?<\/h2>\n<p>\ud83d\ude97 En coche: 50 minutos desde Oporto<br \/>\n\ud83d\ude86 En tren: 1 hora de viaje<br \/>\n\ud83d\ude8d En tour organizado: Algunas excursiones combinan Aveiro con Costa Nova<\/p>\n<p>\ud83d\udd39 Consejo: Almuerza en D\u00f3ri, un restaurante especializado en mariscos con vistas al mar.<\/p>\n<p>&nbsp;<\/p>\n<table style=\"width: 732px; height: 210px;\">\n<tbody>\n<tr>\n<td style=\"width: 644.8px;\">\n<h3><img decoding=\"async\" class=\"alignleft wp-image-3974 lazyload\" data-src=\"https:\/\/celina-tours.com\/blog\/wp-content\/uploads\/2025\/02\/aveiro.jpg\" alt=\"\" width=\"182\" height=\"182\" src=\"data:image\/svg+xml;base64,PHN2ZyB3aWR0aD0iMSIgaGVpZ2h0PSIxIiB4bWxucz0iaHR0cDovL3d3dy53My5vcmcvMjAwMC9zdmciPjwvc3ZnPg==\" style=\"--smush-placeholder-width: 182px; --smush-placeholder-aspect-ratio: 182\/182;\" \/><br \/>\nEXCURSION PRIVADA AVEIRO COIMBRA<\/h3>\n<p><a href=\"https:\/\/celina-tours.com\/esp-excursion-privada-aveiro-coimbra-desde-porto.php\" target=\"_blank\" rel=\"noopener\">Excursion Privada Aveiro Coimbra &gt;&gt;&gt;<\/a><\/td>\n<\/tr>\n<\/tbody>\n<\/table>\n<h2>4. Viana do Castelo \u2013 Cultura, Mar y Tradici\u00f3n \ud83c\udf0a\ud83c\udff0<\/h2>\n<p><img decoding=\"async\" class=\"alignnone wp-image-5360 size-full lazyload\" data-src=\"https:\/\/celina-tours.com\/blog\/wp-content\/uploads\/2025\/02\/BLOG-4-223.jpg\" alt=\"\" width=\"600\" height=\"353\" data-srcset=\"https:\/\/celina-tours.com\/blog\/wp-content\/uploads\/2025\/02\/BLOG-4-223.jpg 600w, https:\/\/celina-tours.com\/blog\/wp-content\/uploads\/2025\/02\/BLOG-4-223-300x177.jpg 300w\" data-sizes=\"(max-width: 600px) 100vw, 600px\" src=\"data:image\/svg+xml;base64,PHN2ZyB3aWR0aD0iMSIgaGVpZ2h0PSIxIiB4bWxucz0iaHR0cDovL3d3dy53My5vcmcvMjAwMC9zdmciPjwvc3ZnPg==\" style=\"--smush-placeholder-width: 600px; --smush-placeholder-aspect-ratio: 600\/353;\" \/><\/p>\n<p>Viana do Castelo es una de las ciudades m\u00e1s hermosas del norte de Portugal, ideal para los amantes de la naturaleza, la historia y la playa.<\/p>\n<h3>\u00bfQu\u00e9 hacer en Viana do Castelo?<\/h3>\n<p>\u2714\ufe0f Subir al Santuario de Santa Luzia, con una de las mejores vistas del Atl\u00e1ntico<br \/>\n\u2714\ufe0f Explorar el centro hist\u00f3rico, con sus plazas y calles encantadoras<br \/>\n\u2714\ufe0f Visitar el barco-hospital Gil Eannes, un museo flotante<br \/>\n\u2714\ufe0f Disfrutar de la Playa de Cabedelo, perfecta para surf y kitesurf<\/p>\n<h3>\u00bfC\u00f3mo hacer esta excursi\u00f3n?<\/h3>\n<p>\ud83d\ude97 En coche: 1 hora desde Oporto<br \/>\n\ud83d\ude86 En tren: 1h20 de viaje<br \/>\n\ud83d\ude8d En tour organizado: Algunas excursiones incluyen tambi\u00e9n Ponte de Lima<\/p>\n<p>\ud83d\udd39 Consejo: Si visitas en agosto, no te pierdas la Festa da Senhora da Agonia, una de las fiestas m\u00e1s importantes de Portugal.<\/p>\n<p>&nbsp;<\/p>\n<table style=\"width: 732px; height: 210px;\">\n<tbody>\n<tr>\n<td style=\"width: 644.8px;\">\n<h3><img decoding=\"async\" class=\"alignleft wp-image-3974 lazyload\" data-src=\"https:\/\/celina-tours.com\/blog\/wp-content\/uploads\/2025\/02\/viana.jpg\" alt=\"\" width=\"182\" height=\"182\" src=\"data:image\/svg+xml;base64,PHN2ZyB3aWR0aD0iMSIgaGVpZ2h0PSIxIiB4bWxucz0iaHR0cDovL3d3dy53My5vcmcvMjAwMC9zdmciPjwvc3ZnPg==\" style=\"--smush-placeholder-width: 182px; --smush-placeholder-aspect-ratio: 182\/182;\" \/><br \/>\nEXCURSION PRIVADA VIANA<\/h3>\n<p><a href=\"https:\/\/celina-tours.com\/esp-excursion-privada-viana-castelo-desde-porto.php\" target=\"_blank\" rel=\"noopener\">Excursion Privada Viana &gt;&gt;&gt;<\/a><\/td>\n<\/tr>\n<\/tbody>\n<\/table>\n<h2>5. Santiago de Compostela \u2013 Un Viaje a Espa\u00f1a \ud83c\uddea\ud83c\uddf8\u26ea<\/h2>\n<p><img decoding=\"async\" class=\"alignnone wp-image-5362 size-full lazyload\" data-src=\"https:\/\/celina-tours.com\/blog\/wp-content\/uploads\/2025\/02\/BLOG-4-225.jpg\" alt=\"\" width=\"600\" height=\"353\" data-srcset=\"https:\/\/celina-tours.com\/blog\/wp-content\/uploads\/2025\/02\/BLOG-4-225.jpg 600w, https:\/\/celina-tours.com\/blog\/wp-content\/uploads\/2025\/02\/BLOG-4-225-300x177.jpg 300w\" data-sizes=\"(max-width: 600px) 100vw, 600px\" src=\"data:image\/svg+xml;base64,PHN2ZyB3aWR0aD0iMSIgaGVpZ2h0PSIxIiB4bWxucz0iaHR0cDovL3d3dy53My5vcmcvMjAwMC9zdmciPjwvc3ZnPg==\" style=\"--smush-placeholder-width: 600px; --smush-placeholder-aspect-ratio: 600\/353;\" \/><\/p>\n<p>Si quieres cruzar la frontera, Santiago de Compostela es un destino ideal para un tour de un d\u00eda desde Oporto.<\/p>\n<h3>\u00bfQu\u00e9 hacer en Santiago de Compostela?<\/h3>\n<p>\u2714\ufe0f Visitar la Catedral de Santiago, destino final del famoso Camino de Santiago<br \/>\n\u2714\ufe0f Explorar el centro hist\u00f3rico, declarado Patrimonio de la Humanidad por la UNESCO<br \/>\n\u2714\ufe0f Probar la Tarta de Santiago, un pastel de almendras t\u00edpico<\/p>\n<h3>\u00bfC\u00f3mo hacer esta excursi\u00f3n?<\/h3>\n<p>\ud83d\ude97 En coche: 2h30 desde Oporto<br \/>\n\ud83d\ude8d En tour organizado: Incluye transporte y visita guiada<\/p>\n<p>\ud83d\udd39 Consejo: Asiste a la misa del peregrino en la catedral para vivir una experiencia \u00fanica.<\/p>\n<p>&nbsp;<\/p>\n<table style=\"width: 732px; height: 210px;\">\n<tbody>\n<tr>\n<td style=\"width: 644.8px;\">\n<h3><img decoding=\"async\" class=\"alignleft wp-image-3974 lazyload\" data-src=\"https:\/\/celina-tours.com\/blog\/wp-content\/uploads\/2025\/02\/santiago.jpg\" alt=\"\" width=\"182\" height=\"182\" src=\"data:image\/svg+xml;base64,PHN2ZyB3aWR0aD0iMSIgaGVpZ2h0PSIxIiB4bWxucz0iaHR0cDovL3d3dy53My5vcmcvMjAwMC9zdmciPjwvc3ZnPg==\" style=\"--smush-placeholder-width: 182px; --smush-placeholder-aspect-ratio: 182\/182;\" \/><br \/>\nEXCURSION PRIVADA SANTIAGO COMPOSTELA<\/h3>\n<p><a href=\"https:\/\/celina-tours.com\/esp-excursion-privada-santiago-compostela-salida-porto.php\" target=\"_blank\" rel=\"noopener\">Excursion Privada Santiago Compostela &gt;&gt;&gt;<\/a><\/td>\n<\/tr>\n<\/tbody>\n<\/table>\n<p>&nbsp;<\/p>\n<h2 data-start=\"5397\" data-end=\"5438\"><strong data-start=\"5400\" data-end=\"5436\">\u00bfQu\u00e9 excursi\u00f3n de un d\u00eda elegir?<\/strong><\/h2>\n<table data-start=\"5440\" data-end=\"6121\">\n<thead data-start=\"5440\" data-end=\"5550\">\n<tr data-start=\"5440\" data-end=\"5550\">\n<th data-start=\"5440\" data-end=\"5454\"><strong data-start=\"5442\" data-end=\"5453\">Destino<\/strong><\/th>\n<th data-start=\"5454\" data-end=\"5472\"><strong data-start=\"5456\" data-end=\"5471\">Ideal para\u2026<\/strong><\/th>\n<th data-start=\"5472\" data-end=\"5501\"><strong data-start=\"5474\" data-end=\"5500\">Distancia desde Oporto<\/strong><\/th>\n<th data-start=\"5501\" data-end=\"5525\"><strong data-start=\"5503\" data-end=\"5524\">Duraci\u00f3n del tour<\/strong><\/th>\n<th data-start=\"5525\" data-end=\"5550\"><strong data-start=\"5527\" data-end=\"5548\">Mejor forma de ir<\/strong><\/th>\n<\/tr>\n<\/thead>\n<tbody data-start=\"5633\" data-end=\"6121\">\n<tr data-start=\"5633\" data-end=\"5728\">\n<td>\ud83c\udf77 <strong data-start=\"5638\" data-end=\"5657\">Valle del Duero<\/strong><\/td>\n<td>Amantes del vino<\/td>\n<td>100-150 km<\/td>\n<td>D\u00eda completo<\/td>\n<td>Coche o tour guiado<\/td>\n<\/tr>\n<tr data-start=\"5729\" data-end=\"5821\">\n<td>\u26ea <strong data-start=\"5733\" data-end=\"5754\">Braga y Guimar\u00e3es<\/strong><\/td>\n<td>Historia y cultura<\/td>\n<td>55 km<\/td>\n<td>D\u00eda completo<\/td>\n<td>Tren o tour guiado<\/td>\n<\/tr>\n<tr data-start=\"5822\" data-end=\"5921\">\n<td>\ud83d\udea3 <strong data-start=\"5827\" data-end=\"5850\">Aveiro y Costa Nova<\/strong><\/td>\n<td>Paisajes y relax<\/td>\n<td>75 km<\/td>\n<td>Medio d\u00eda o d\u00eda completo<\/td>\n<td>Tren o coche<\/td>\n<\/tr>\n<tr data-start=\"5922\" data-end=\"6019\">\n<td>\ud83c\udf0a <strong data-start=\"5927\" data-end=\"5947\">Viana do Castelo<\/strong><\/td>\n<td>Playa y tradici\u00f3n<\/td>\n<td>75 km<\/td>\n<td>Medio d\u00eda o d\u00eda completo<\/td>\n<td>Coche o tren<\/td>\n<\/tr>\n<tr data-start=\"6020\" data-end=\"6121\">\n<td>\ud83c\uddea\ud83c\uddf8 <strong data-start=\"6027\" data-end=\"6053\">Santiago de Compostela<\/strong><\/td>\n<td>Turismo religioso<\/td>\n<td>230 km<\/td>\n<td>D\u00eda completo<\/td>\n<td>Coche o tour guiado<\/td>\n<\/tr>\n<\/tbody>\n<\/table>\n<p data-start=\"6123\" data-end=\"6204\" data-is-last-node=\"\" data-is-only-node=\"\">Con tantas opciones incre\u00edbles, <strong data-start=\"6155\" data-end=\"6200\">\u00bfcu\u00e1l de estas excursiones har\u00e1s primero?<\/strong> \ud83d\ude97\u2728<\/p>\n","protected":false},"excerpt":{"rendered":"<p>Mejores Excursiones de Un D\u00eda desde Oporto \ud83d\ude97\ud83c\udff0\ud83c\udf77 Oporto es una ciudad fascinante, pero sus alrededores est\u00e1n llenos de lugares&hellip;<\/p>\n","protected":false},"author":1,"featured_media":5353,"comment_status":"closed","ping_status":"closed","sticky":false,"template":"","format":"standard","meta":{"om_disable_all_campaigns":false,"footnotes":""},"categories":[203],"tags":[],"class_list":["post-5370","post","type-post","status-publish","format-standard","has-post-thumbnail","hentry","category-otras-informaciones"],"yoast_head":"<!-- This site is optimized with the Yoast SEO plugin v27.0 - https:\/\/yoast.com\/product\/yoast-seo-wordpress\/ -->\n<title>Excursiones de Un D\u00eda desde Oporto -<\/title>\n<meta name=\"description\" content=\"Excursiones de 1 d\u00eda con salida Oporto. Estos tours incluyen recogida y regreso al hotel en Oporto, visita al Duero, cata de vinos y otros.\" \/>\n<meta name=\"robots\" content=\"index, follow, max-snippet:-1, max-image-preview:large, max-video-preview:-1\" \/>\n<link rel=\"canonical\" href=\"https:\/\/celina-tours.com\/blog\/es\/excursiones-um-dia-desde-oporto\/\" \/>\n<meta property=\"og:locale\" content=\"pt_PT\" \/>\n<meta property=\"og:type\" content=\"article\" \/>\n<meta property=\"og:title\" content=\"Excursiones de Un D\u00eda desde Oporto -\" \/>\n<meta property=\"og:description\" content=\"Excursiones de 1 d\u00eda con salida Oporto. Estos tours incluyen recogida y regreso al hotel en Oporto, visita al Duero, cata de vinos y otros.\" \/>\n<meta property=\"og:url\" content=\"https:\/\/celina-tours.com\/blog\/es\/excursiones-um-dia-desde-oporto\/\" \/>\n<meta property=\"article:publisher\" content=\"https:\/\/www.instagram.com\/celinatourspt\/\" \/>\n<meta property=\"article:published_time\" content=\"2025-02-23T19:40:26+00:00\" \/>\n<meta property=\"article:modified_time\" content=\"2025-02-26T22:29:39+00:00\" \/>\n<meta property=\"og:image\" content=\"https:\/\/celina-tours.com\/blog\/wp-content\/uploads\/2025\/02\/BLOG-4-218.jpg\" \/>\n\t<meta property=\"og:image:width\" content=\"600\" \/>\n\t<meta property=\"og:image:height\" content=\"353\" \/>\n\t<meta property=\"og:image:type\" content=\"image\/jpeg\" \/>\n<meta name=\"author\" content=\"ctours_blog\" \/>\n<meta name=\"twitter:card\" content=\"summary_large_image\" \/>\n<meta name=\"twitter:label1\" content=\"Escrito por\" \/>\n\t<meta name=\"twitter:data1\" content=\"ctours_blog\" \/>\n\t<meta name=\"twitter:label2\" content=\"Tempo estimado de leitura\" \/>\n\t<meta name=\"twitter:data2\" content=\"8 minutos\" \/>\n<script type=\"application\/ld+json\" class=\"yoast-schema-graph\">{\"@context\":\"https:\/\/schema.org\",\"@graph\":[{\"@type\":\"Article\",\"@id\":\"https:\/\/celina-tours.com\/blog\/es\/excursiones-um-dia-desde-oporto\/#article\",\"isPartOf\":{\"@id\":\"https:\/\/celina-tours.com\/blog\/es\/excursiones-um-dia-desde-oporto\/\"},\"author\":{\"name\":\"ctours_blog\",\"@id\":\"https:\/\/celina-tours.com\/blog\/#\/schema\/person\/e4611dfff819107474e643eb3c25e040\"},\"headline\":\"Excursiones de Un D\u00eda desde Oporto\",\"datePublished\":\"2025-02-23T19:40:26+00:00\",\"dateModified\":\"2025-02-26T22:29:39+00:00\",\"mainEntityOfPage\":{\"@id\":\"https:\/\/celina-tours.com\/blog\/es\/excursiones-um-dia-desde-oporto\/\"},\"wordCount\":1017,\"publisher\":{\"@id\":\"https:\/\/celina-tours.com\/blog\/#organization\"},\"image\":{\"@id\":\"https:\/\/celina-tours.com\/blog\/es\/excursiones-um-dia-desde-oporto\/#primaryimage\"},\"thumbnailUrl\":\"https:\/\/celina-tours.com\/blog\/wp-content\/uploads\/2025\/02\/BLOG-4-218.jpg\",\"articleSection\":[\"Otras informaciones\"],\"inLanguage\":\"pt-PT\"},{\"@type\":\"WebPage\",\"@id\":\"https:\/\/celina-tours.com\/blog\/es\/excursiones-um-dia-desde-oporto\/\",\"url\":\"https:\/\/celina-tours.com\/blog\/es\/excursiones-um-dia-desde-oporto\/\",\"name\":\"Excursiones de Un D\u00eda desde Oporto -\",\"isPartOf\":{\"@id\":\"https:\/\/celina-tours.com\/blog\/#website\"},\"primaryImageOfPage\":{\"@id\":\"https:\/\/celina-tours.com\/blog\/es\/excursiones-um-dia-desde-oporto\/#primaryimage\"},\"image\":{\"@id\":\"https:\/\/celina-tours.com\/blog\/es\/excursiones-um-dia-desde-oporto\/#primaryimage\"},\"thumbnailUrl\":\"https:\/\/celina-tours.com\/blog\/wp-content\/uploads\/2025\/02\/BLOG-4-218.jpg\",\"datePublished\":\"2025-02-23T19:40:26+00:00\",\"dateModified\":\"2025-02-26T22:29:39+00:00\",\"description\":\"Excursiones de 1 d\u00eda con salida Oporto. Estos tours incluyen recogida y regreso al hotel en Oporto, visita al Duero, cata de vinos y otros.\",\"breadcrumb\":{\"@id\":\"https:\/\/celina-tours.com\/blog\/es\/excursiones-um-dia-desde-oporto\/#breadcrumb\"},\"inLanguage\":\"pt-PT\",\"potentialAction\":[{\"@type\":\"ReadAction\",\"target\":[\"https:\/\/celina-tours.com\/blog\/es\/excursiones-um-dia-desde-oporto\/\"]}]},{\"@type\":\"ImageObject\",\"inLanguage\":\"pt-PT\",\"@id\":\"https:\/\/celina-tours.com\/blog\/es\/excursiones-um-dia-desde-oporto\/#primaryimage\",\"url\":\"https:\/\/celina-tours.com\/blog\/wp-content\/uploads\/2025\/02\/BLOG-4-218.jpg\",\"contentUrl\":\"https:\/\/celina-tours.com\/blog\/wp-content\/uploads\/2025\/02\/BLOG-4-218.jpg\",\"width\":600,\"height\":353},{\"@type\":\"BreadcrumbList\",\"@id\":\"https:\/\/celina-tours.com\/blog\/es\/excursiones-um-dia-desde-oporto\/#breadcrumb\",\"itemListElement\":[{\"@type\":\"ListItem\",\"position\":1,\"name\":\"In\u00edcio\",\"item\":\"https:\/\/celina-tours.com\/blog\/pt\/\"},{\"@type\":\"ListItem\",\"position\":2,\"name\":\"Excursiones de Un D\u00eda desde Oporto\"}]},{\"@type\":\"WebSite\",\"@id\":\"https:\/\/celina-tours.com\/blog\/#website\",\"url\":\"https:\/\/celina-tours.com\/blog\/\",\"name\":\"Celina Tours\",\"description\":\"\",\"publisher\":{\"@id\":\"https:\/\/celina-tours.com\/blog\/#organization\"},\"potentialAction\":[{\"@type\":\"SearchAction\",\"target\":{\"@type\":\"EntryPoint\",\"urlTemplate\":\"https:\/\/celina-tours.com\/blog\/?s={search_term_string}\"},\"query-input\":{\"@type\":\"PropertyValueSpecification\",\"valueRequired\":true,\"valueName\":\"search_term_string\"}}],\"inLanguage\":\"pt-PT\"},{\"@type\":\"Organization\",\"@id\":\"https:\/\/celina-tours.com\/blog\/#organization\",\"name\":\"Celina Tours\",\"url\":\"https:\/\/celina-tours.com\/blog\/\",\"logo\":{\"@type\":\"ImageObject\",\"inLanguage\":\"pt-PT\",\"@id\":\"https:\/\/celina-tours.com\/blog\/#\/schema\/logo\/image\/\",\"url\":\"https:\/\/celina-tours.com\/blog\/wp-content\/uploads\/2025\/01\/cropped-1-1.png\",\"contentUrl\":\"https:\/\/celina-tours.com\/blog\/wp-content\/uploads\/2025\/01\/cropped-1-1.png\",\"width\":300,\"height\":94,\"caption\":\"Celina Tours\"},\"image\":{\"@id\":\"https:\/\/celina-tours.com\/blog\/#\/schema\/logo\/image\/\"},\"sameAs\":[\"https:\/\/www.instagram.com\/celinatourspt\/\"]},{\"@type\":\"Person\",\"@id\":\"https:\/\/celina-tours.com\/blog\/#\/schema\/person\/e4611dfff819107474e643eb3c25e040\",\"name\":\"ctours_blog\",\"sameAs\":[\"https:\/\/celina-tours.com\/blog\"],\"url\":\"https:\/\/celina-tours.com\/blog\/author\/ctours_blog\/\"}]}<\/script>\n<!-- \/ Yoast SEO plugin. -->","yoast_head_json":{"title":"Excursiones de Un D\u00eda desde Oporto -","description":"Excursiones de 1 d\u00eda con salida Oporto. Estos tours incluyen recogida y regreso al hotel en Oporto, visita al Duero, cata de vinos y otros.","robots":{"index":"index","follow":"follow","max-snippet":"max-snippet:-1","max-image-preview":"max-image-preview:large","max-video-preview":"max-video-preview:-1"},"canonical":"https:\/\/celina-tours.com\/blog\/es\/excursiones-um-dia-desde-oporto\/","og_locale":"pt_PT","og_type":"article","og_title":"Excursiones de Un D\u00eda desde Oporto -","og_description":"Excursiones de 1 d\u00eda con salida Oporto. Estos tours incluyen recogida y regreso al hotel en Oporto, visita al Duero, cata de vinos y otros.","og_url":"https:\/\/celina-tours.com\/blog\/es\/excursiones-um-dia-desde-oporto\/","article_publisher":"https:\/\/www.instagram.com\/celinatourspt\/","article_published_time":"2025-02-23T19:40:26+00:00","article_modified_time":"2025-02-26T22:29:39+00:00","og_image":[{"width":600,"height":353,"url":"https:\/\/celina-tours.com\/blog\/wp-content\/uploads\/2025\/02\/BLOG-4-218.jpg","type":"image\/jpeg"}],"author":"ctours_blog","twitter_card":"summary_large_image","twitter_misc":{"Escrito por":"ctours_blog","Tempo estimado de leitura":"8 minutos"},"schema":{"@context":"https:\/\/schema.org","@graph":[{"@type":"Article","@id":"https:\/\/celina-tours.com\/blog\/es\/excursiones-um-dia-desde-oporto\/#article","isPartOf":{"@id":"https:\/\/celina-tours.com\/blog\/es\/excursiones-um-dia-desde-oporto\/"},"author":{"name":"ctours_blog","@id":"https:\/\/celina-tours.com\/blog\/#\/schema\/person\/e4611dfff819107474e643eb3c25e040"},"headline":"Excursiones de Un D\u00eda desde Oporto","datePublished":"2025-02-23T19:40:26+00:00","dateModified":"2025-02-26T22:29:39+00:00","mainEntityOfPage":{"@id":"https:\/\/celina-tours.com\/blog\/es\/excursiones-um-dia-desde-oporto\/"},"wordCount":1017,"publisher":{"@id":"https:\/\/celina-tours.com\/blog\/#organization"},"image":{"@id":"https:\/\/celina-tours.com\/blog\/es\/excursiones-um-dia-desde-oporto\/#primaryimage"},"thumbnailUrl":"https:\/\/celina-tours.com\/blog\/wp-content\/uploads\/2025\/02\/BLOG-4-218.jpg","articleSection":["Otras informaciones"],"inLanguage":"pt-PT"},{"@type":"WebPage","@id":"https:\/\/celina-tours.com\/blog\/es\/excursiones-um-dia-desde-oporto\/","url":"https:\/\/celina-tours.com\/blog\/es\/excursiones-um-dia-desde-oporto\/","name":"Excursiones de Un D\u00eda desde Oporto -","isPartOf":{"@id":"https:\/\/celina-tours.com\/blog\/#website"},"primaryImageOfPage":{"@id":"https:\/\/celina-tours.com\/blog\/es\/excursiones-um-dia-desde-oporto\/#primaryimage"},"image":{"@id":"https:\/\/celina-tours.com\/blog\/es\/excursiones-um-dia-desde-oporto\/#primaryimage"},"thumbnailUrl":"https:\/\/celina-tours.com\/blog\/wp-content\/uploads\/2025\/02\/BLOG-4-218.jpg","datePublished":"2025-02-23T19:40:26+00:00","dateModified":"2025-02-26T22:29:39+00:00","description":"Excursiones de 1 d\u00eda con salida Oporto. Estos tours incluyen recogida y regreso al hotel en Oporto, visita al Duero, cata de vinos y otros.","breadcrumb":{"@id":"https:\/\/celina-tours.com\/blog\/es\/excursiones-um-dia-desde-oporto\/#breadcrumb"},"inLanguage":"pt-PT","potentialAction":[{"@type":"ReadAction","target":["https:\/\/celina-tours.com\/blog\/es\/excursiones-um-dia-desde-oporto\/"]}]},{"@type":"ImageObject","inLanguage":"pt-PT","@id":"https:\/\/celina-tours.com\/blog\/es\/excursiones-um-dia-desde-oporto\/#primaryimage","url":"https:\/\/celina-tours.com\/blog\/wp-content\/uploads\/2025\/02\/BLOG-4-218.jpg","contentUrl":"https:\/\/celina-tours.com\/blog\/wp-content\/uploads\/2025\/02\/BLOG-4-218.jpg","width":600,"height":353},{"@type":"BreadcrumbList","@id":"https:\/\/celina-tours.com\/blog\/es\/excursiones-um-dia-desde-oporto\/#breadcrumb","itemListElement":[{"@type":"ListItem","position":1,"name":"In\u00edcio","item":"https:\/\/celina-tours.com\/blog\/pt\/"},{"@type":"ListItem","position":2,"name":"Excursiones de Un D\u00eda desde Oporto"}]},{"@type":"WebSite","@id":"https:\/\/celina-tours.com\/blog\/#website","url":"https:\/\/celina-tours.com\/blog\/","name":"Celina Tours","description":"","publisher":{"@id":"https:\/\/celina-tours.com\/blog\/#organization"},"potentialAction":[{"@type":"SearchAction","target":{"@type":"EntryPoint","urlTemplate":"https:\/\/celina-tours.com\/blog\/?s={search_term_string}"},"query-input":{"@type":"PropertyValueSpecification","valueRequired":true,"valueName":"search_term_string"}}],"inLanguage":"pt-PT"},{"@type":"Organization","@id":"https:\/\/celina-tours.com\/blog\/#organization","name":"Celina Tours","url":"https:\/\/celina-tours.com\/blog\/","logo":{"@type":"ImageObject","inLanguage":"pt-PT","@id":"https:\/\/celina-tours.com\/blog\/#\/schema\/logo\/image\/","url":"https:\/\/celina-tours.com\/blog\/wp-content\/uploads\/2025\/01\/cropped-1-1.png","contentUrl":"https:\/\/celina-tours.com\/blog\/wp-content\/uploads\/2025\/01\/cropped-1-1.png","width":300,"height":94,"caption":"Celina Tours"},"image":{"@id":"https:\/\/celina-tours.com\/blog\/#\/schema\/logo\/image\/"},"sameAs":["https:\/\/www.instagram.com\/celinatourspt\/"]},{"@type":"Person","@id":"https:\/\/celina-tours.com\/blog\/#\/schema\/person\/e4611dfff819107474e643eb3c25e040","name":"ctours_blog","sameAs":["https:\/\/celina-tours.com\/blog"],"url":"https:\/\/celina-tours.com\/blog\/author\/ctours_blog\/"}]}},"_links":{"self":[{"href":"https:\/\/celina-tours.com\/blog\/wp-json\/wp\/v2\/posts\/5370","targetHints":{"allow":["GET"]}}],"collection":[{"href":"https:\/\/celina-tours.com\/blog\/wp-json\/wp\/v2\/posts"}],"about":[{"href":"https:\/\/celina-tours.com\/blog\/wp-json\/wp\/v2\/types\/post"}],"author":[{"embeddable":true,"href":"https:\/\/celina-tours.com\/blog\/wp-json\/wp\/v2\/users\/1"}],"replies":[{"embeddable":true,"href":"https:\/\/celina-tours.com\/blog\/wp-json\/wp\/v2\/comments?post=5370"}],"version-history":[{"count":5,"href":"https:\/\/celina-tours.com\/blog\/wp-json\/wp\/v2\/posts\/5370\/revisions"}],"predecessor-version":[{"id":5502,"href":"https:\/\/celina-tours.com\/blog\/wp-json\/wp\/v2\/posts\/5370\/revisions\/5502"}],"wp:featuredmedia":[{"embeddable":true,"href":"https:\/\/celina-tours.com\/blog\/wp-json\/wp\/v2\/media\/5353"}],"wp:attachment":[{"href":"https:\/\/celina-tours.com\/blog\/wp-json\/wp\/v2\/media?parent=5370"}],"wp:term":[{"taxonomy":"category","embeddable":true,"href":"https:\/\/celina-tours.com\/blog\/wp-json\/wp\/v2\/categories?post=5370"},{"taxonomy":"post_tag","embeddable":true,"href":"https:\/\/celina-tours.com\/blog\/wp-json\/wp\/v2\/tags?post=5370"}],"curies":[{"name":"wp","href":"https:\/\/api.w.org\/{rel}","templated":true}]}}