{"id":5367,"date":"2025-02-23T19:40:26","date_gmt":"2025-02-23T19:40:26","guid":{"rendered":"https:\/\/celina-tours.com\/blog\/?p=5367"},"modified":"2025-02-26T22:28:40","modified_gmt":"2025-02-26T22:28:40","slug":"visites-dune-journee-au-depart-de-porto","status":"publish","type":"post","link":"https:\/\/celina-tours.com\/blog\/fr\/visites-dune-journee-au-depart-de-porto\/","title":{"rendered":"Visites d\u2019Une Journ\u00e9e au D\u00e9part de Porto"},"content":{"rendered":"<h2>Meilleures Excursions d\u2019Une Journ\u00e9e au D\u00e9part de Porto \ud83d\ude97\ud83c\udff0\ud83c\udf77<\/h2>\n<p>Porto est une ville magnifique, mais ses alentours regorgent de tr\u00e9sors \u00e0 d\u00e9couvrir. Que vous soyez amateur de vins, d\u2019histoire, de nature ou de plages, il existe de nombreuses excursions d&#8217;une journ\u00e9e qui vous permettront d\u2019explorer le nord du Portugal et m\u00eame l\u2019Espagne !<\/p>\n<p>Voici un guide complet des meilleures excursions d&#8217;une journ\u00e9e au d\u00e9part de Porto, avec des suggestions sur quoi voir, comment y aller et les exp\u00e9riences \u00e0 ne pas manquer.<\/p>\n<h2>1. Vall\u00e9e du Douro \u2013 D\u00e9gustation de vins et croisi\u00e8re sur le fleuve \ud83c\udf77\ud83d\udea2<\/h2>\n<p><img decoding=\"async\" class=\"alignnone wp-image-5355 size-full lazyload\" data-src=\"https:\/\/celina-tours.com\/blog\/wp-content\/uploads\/2025\/02\/BLOG-4-219.jpg\" alt=\"\" width=\"600\" height=\"353\" data-srcset=\"https:\/\/celina-tours.com\/blog\/wp-content\/uploads\/2025\/02\/BLOG-4-219.jpg 600w, https:\/\/celina-tours.com\/blog\/wp-content\/uploads\/2025\/02\/BLOG-4-219-300x177.jpg 300w\" data-sizes=\"(max-width: 600px) 100vw, 600px\" src=\"data:image\/svg+xml;base64,PHN2ZyB3aWR0aD0iMSIgaGVpZ2h0PSIxIiB4bWxucz0iaHR0cDovL3d3dy53My5vcmcvMjAwMC9zdmciPjwvc3ZnPg==\" style=\"--smush-placeholder-width: 600px; --smush-placeholder-aspect-ratio: 600\/353;\" \/><\/p>\n<p>La Vall\u00e9e du Douro, class\u00e9e au patrimoine mondial de l\u2019UNESCO, est l\u2019un des endroits les plus embl\u00e9matiques du Portugal. R\u00e9put\u00e9e pour ses vignobles en terrasses et ses vins de Porto, c&#8217;est l&#8217;excursion id\u00e9ale pour les amateurs de vin et de paysages spectaculaires.<\/p>\n<h3><span class=\"HwtZe\" lang=\"fr\"><span class=\"jCAhz ChMk0b\"><span class=\"ryNqvb\">Nos suggestions<\/span><\/span><\/span><\/h3>\n<p>&nbsp;<\/p>\n<div data-vi-partner-id=\"P00241970\" data-vi-widget-ref=\"W-94ef8364-f7f2-4aa8-a0a2-3c9a87e67369\"><\/div>\n<p><script async src=\"https:\/\/www.viator.com\/orion\/partner\/widget.js\"><\/script><\/p>\n<p>&nbsp;<\/p>\n<h3>Que faire dans la Vall\u00e9e du Douro ?<\/h3>\n<p>\u2714\ufe0f Visiter des caves et domaines viticoles pour une d\u00e9gustation de Porto et de vins DOC Douro<br \/>\n\u2714\ufe0f Faire une croisi\u00e8re sur le Douro, notamment entre Pinh\u00e3o et Peso da R\u00e9gua<br \/>\n\u2714\ufe0f D\u00e9couvrir les villages viticoles de Peso da R\u00e9gua, Pinh\u00e3o et Lamego<br \/>\n\u2714\ufe0f Profiter de vues panoramiques incroyables depuis le Miradouro de S\u00e3o Leonardo de Galafura<\/p>\n<h3>Comment faire cette excursion ?<\/h3>\n<p>\ud83d\ude97 En voiture : 1h30 de route depuis Porto<br \/>\n\ud83d\ude86 En train : 2 heures de voyage sur la ligne du Douro jusqu&#8217;\u00e0 Pinh\u00e3o<br \/>\n\ud83d\ude8d En excursion organis\u00e9e : Inclut transport, d\u00e9gustations et croisi\u00e8re<\/p>\n<p>\ud83d\udd39 Conseil : Optez pour une excursion incluant au moins deux d\u00e9gustations, une croisi\u00e8re et un d\u00e9jeuner dans une quinta traditionnelle.<\/p>\n<p>&nbsp;<\/p>\n<table style=\"width: 732px; height: 210px;\">\n<tbody>\n<tr>\n<td style=\"width: 644.8px;\">\n<h3><img decoding=\"async\" class=\"alignleft wp-image-3974 lazyload\" data-src=\"https:\/\/celina-tours.com\/blog\/wp-content\/uploads\/2025\/02\/douro.jpg\" alt=\"\" width=\"182\" height=\"182\" src=\"data:image\/svg+xml;base64,PHN2ZyB3aWR0aD0iMSIgaGVpZ2h0PSIxIiB4bWxucz0iaHR0cDovL3d3dy53My5vcmcvMjAwMC9zdmciPjwvc3ZnPg==\" style=\"--smush-placeholder-width: 182px; --smush-placeholder-aspect-ratio: 182\/182;\" \/><br \/>\nVISITES PRIV\u00c9E DOURO<\/h3>\n<p><a href=\"https:\/\/celina-tours.com\/fr-visite-privee-vallee-douro-excursion-depuis-porto.php\" target=\"_blank\" rel=\"noopener\">Visite Priv\u00e9e &#8211; Douro et d\u00e9gustation de vins &gt;&gt;&gt;<\/a><\/td>\n<\/tr>\n<\/tbody>\n<\/table>\n<h2>2. Braga et Guimar\u00e3es \u2013 Tr\u00e9sors historiques et culturels \u26ea\ud83c\udff0<\/h2>\n<p><img decoding=\"async\" class=\"alignnone wp-image-5357 size-full lazyload\" data-src=\"https:\/\/celina-tours.com\/blog\/wp-content\/uploads\/2025\/02\/BLOG-4-220.jpg\" alt=\"\" width=\"600\" height=\"353\" data-srcset=\"https:\/\/celina-tours.com\/blog\/wp-content\/uploads\/2025\/02\/BLOG-4-220.jpg 600w, https:\/\/celina-tours.com\/blog\/wp-content\/uploads\/2025\/02\/BLOG-4-220-300x177.jpg 300w\" data-sizes=\"(max-width: 600px) 100vw, 600px\" src=\"data:image\/svg+xml;base64,PHN2ZyB3aWR0aD0iMSIgaGVpZ2h0PSIxIiB4bWxucz0iaHR0cDovL3d3dy53My5vcmcvMjAwMC9zdmciPjwvc3ZnPg==\" style=\"--smush-placeholder-width: 600px; --smush-placeholder-aspect-ratio: 600\/353;\" \/><\/p>\n<p>Braga et Guimar\u00e3es sont deux villes charg\u00e9es d\u2019histoire, parfaites pour une journ\u00e9e immersive dans le patrimoine portugais.<\/p>\n<h3>Que voir \u00e0 Braga ?<\/h3>\n<p>\u2714\ufe0f Sanctuaire du Bom Jesus do Monte, c\u00e9l\u00e8bre pour son impressionnant escalier baroque<br \/>\n\u2714\ufe0f Cath\u00e9drale de Braga, la plus ancienne du Portugal<br \/>\n\u2714\ufe0f Le centre historique et le Jardin de Santa B\u00e1rbara<\/p>\n<h3>Que voir \u00e0 Guimar\u00e3es ?<\/h3>\n<p><img decoding=\"async\" class=\"alignnone wp-image-5358 size-full lazyload\" data-src=\"https:\/\/celina-tours.com\/blog\/wp-content\/uploads\/2025\/02\/BLOG-4-221.jpg\" alt=\"\" width=\"600\" height=\"353\" data-srcset=\"https:\/\/celina-tours.com\/blog\/wp-content\/uploads\/2025\/02\/BLOG-4-221.jpg 600w, https:\/\/celina-tours.com\/blog\/wp-content\/uploads\/2025\/02\/BLOG-4-221-300x177.jpg 300w\" data-sizes=\"(max-width: 600px) 100vw, 600px\" src=\"data:image\/svg+xml;base64,PHN2ZyB3aWR0aD0iMSIgaGVpZ2h0PSIxIiB4bWxucz0iaHR0cDovL3d3dy53My5vcmcvMjAwMC9zdmciPjwvc3ZnPg==\" style=\"--smush-placeholder-width: 600px; --smush-placeholder-aspect-ratio: 600\/353;\" \/><\/p>\n<p>\u2714\ufe0f Ch\u00e2teau de Guimar\u00e3es, berceau du Portugal<br \/>\n\u2714\ufe0f Palais des Ducs de Bragan\u00e7a, magnifique palais m\u00e9di\u00e9val<br \/>\n\u2714\ufe0f Place Largo da Oliveira, la plus charmante de la ville<br \/>\n\u2714\ufe0f T\u00e9l\u00e9ph\u00e9rique de Penha, offrant une vue panoramique incroyable<\/p>\n<h3>Comment faire cette excursion ?<\/h3>\n<p>\ud83d\ude97 En voiture : 40-50 minutes de route<br \/>\n\ud83d\ude86 En train : 1h pour Braga et 1h15 pour Guimar\u00e3es<br \/>\n\ud83d\ude8d En excursion organis\u00e9e : La plupart des tours combinent les deux villes en une journ\u00e9e<\/p>\n<p>\ud83d\udd39 Conseil : Go\u00fbtez aux sp\u00e9cialit\u00e9s locales comme le Bacalhau \u00e0 Braga et les Papas de Sarrabulho.<\/p>\n<p>&nbsp;<\/p>\n<table style=\"width: 732px; height: 210px;\">\n<tbody>\n<tr>\n<td style=\"width: 644.8px;\">\n<h3><img decoding=\"async\" class=\"alignleft wp-image-3974 lazyload\" data-src=\"https:\/\/celina-tours.com\/blog\/wp-content\/uploads\/2025\/02\/braga.jpg\" alt=\"\" width=\"182\" height=\"182\" src=\"data:image\/svg+xml;base64,PHN2ZyB3aWR0aD0iMSIgaGVpZ2h0PSIxIiB4bWxucz0iaHR0cDovL3d3dy53My5vcmcvMjAwMC9zdmciPjwvc3ZnPg==\" style=\"--smush-placeholder-width: 182px; --smush-placeholder-aspect-ratio: 182\/182;\" \/><br \/>\nVISITES PRIV\u00c9E BRAGA GUIMARAES<\/h3>\n<p><a href=\"https:\/\/celina-tours.com\/fr-visite-privee-braga-excursion-guimaraes.php\" target=\"_blank\" rel=\"noopener\">Visite Priv\u00e9e &#8211; Braga Guimaraes &gt;&gt;&gt;<\/a><\/td>\n<\/tr>\n<\/tbody>\n<\/table>\n<h2>3. Aveiro et Costa Nova \u2013 La Venise portugaise \ud83d\udea3\ud83c\udfe1<\/h2>\n<p><img decoding=\"async\" class=\"alignnone wp-image-5359 size-full lazyload\" data-src=\"https:\/\/celina-tours.com\/blog\/wp-content\/uploads\/2025\/02\/BLOG-4-222.jpg\" alt=\"\" width=\"600\" height=\"353\" data-srcset=\"https:\/\/celina-tours.com\/blog\/wp-content\/uploads\/2025\/02\/BLOG-4-222.jpg 600w, https:\/\/celina-tours.com\/blog\/wp-content\/uploads\/2025\/02\/BLOG-4-222-300x177.jpg 300w\" data-sizes=\"(max-width: 600px) 100vw, 600px\" src=\"data:image\/svg+xml;base64,PHN2ZyB3aWR0aD0iMSIgaGVpZ2h0PSIxIiB4bWxucz0iaHR0cDovL3d3dy53My5vcmcvMjAwMC9zdmciPjwvc3ZnPg==\" style=\"--smush-placeholder-width: 600px; --smush-placeholder-aspect-ratio: 600\/353;\" \/><\/p>\n<p>Aveiro est une charmante ville c\u00f4ti\u00e8re connue pour ses canaux, ses bateaux moliceiros color\u00e9s et son architecture Art Nouveau. Situ\u00e9e \u00e0 seulement une heure de Porto, c\u2019est une excursion parfaite pour une journ\u00e9e relaxante.<\/p>\n<h3>Que faire \u00e0 Aveiro ?<\/h3>\n<p>\u2714\ufe0f Balade en moliceiro sur les canaux<br \/>\n\u2714\ufe0f Explorer le centre historique et son architecture Art Nouveau<br \/>\n\u2714\ufe0f Go\u00fbter aux Ovos Moles, la sp\u00e9cialit\u00e9 sucr\u00e9e locale<\/p>\n<h3>Que voir \u00e0 Costa Nova ? \ud83c\udfd6\ufe0f<\/h3>\n<p>\u2714\ufe0f Prendre des photos des maisons ray\u00e9es et color\u00e9es<br \/>\n\u2714\ufe0f Profiter de la plage et de la promenade<br \/>\n\u2714\ufe0f D\u00e9guster des fruits de mer frais dans un restaurant local<\/p>\n<h3>Comment faire cette excursion ?<\/h3>\n<p>\ud83d\ude97 En voiture : 50 minutes de route<br \/>\n\ud83d\ude86 En train : 1 heure de trajet<br \/>\n\ud83d\ude8d En excursion organis\u00e9e : Certaines visites incluent Aveiro et Costa Nova ensemble<\/p>\n<p>\ud83d\udd39 Conseil : Pour un d\u00e9jeuner avec vue sur l\u2019oc\u00e9an, essayez le restaurant D\u00f3ri.<\/p>\n<p>&nbsp;<\/p>\n<table style=\"width: 732px; height: 210px;\">\n<tbody>\n<tr>\n<td style=\"width: 644.8px;\">\n<h3><img decoding=\"async\" class=\"alignleft wp-image-3974 lazyload\" data-src=\"https:\/\/celina-tours.com\/blog\/wp-content\/uploads\/2025\/02\/aveiro.jpg\" alt=\"\" width=\"182\" height=\"182\" src=\"data:image\/svg+xml;base64,PHN2ZyB3aWR0aD0iMSIgaGVpZ2h0PSIxIiB4bWxucz0iaHR0cDovL3d3dy53My5vcmcvMjAwMC9zdmciPjwvc3ZnPg==\" style=\"--smush-placeholder-width: 182px; --smush-placeholder-aspect-ratio: 182\/182;\" \/><br \/>\nVISITES PRIV\u00c9E AVEIRO COIMBRA<\/h3>\n<p><a href=\"https:\/\/celina-tours.com\/fr-visite-privee-aveiro-excursion-coimbra.php\" target=\"_blank\" rel=\"noopener\">Visite Priv\u00e9e &#8211; Aveiro Coimbra &gt;&gt;&gt;<\/a><\/td>\n<\/tr>\n<\/tbody>\n<\/table>\n<h2>4. Viana do Castelo \u2013 Plages et culture \ud83c\udf0a\ud83c\udff0<\/h2>\n<p><img decoding=\"async\" class=\"alignnone wp-image-5360 size-full lazyload\" data-src=\"https:\/\/celina-tours.com\/blog\/wp-content\/uploads\/2025\/02\/BLOG-4-223.jpg\" alt=\"\" width=\"600\" height=\"353\" data-srcset=\"https:\/\/celina-tours.com\/blog\/wp-content\/uploads\/2025\/02\/BLOG-4-223.jpg 600w, https:\/\/celina-tours.com\/blog\/wp-content\/uploads\/2025\/02\/BLOG-4-223-300x177.jpg 300w\" data-sizes=\"(max-width: 600px) 100vw, 600px\" src=\"data:image\/svg+xml;base64,PHN2ZyB3aWR0aD0iMSIgaGVpZ2h0PSIxIiB4bWxucz0iaHR0cDovL3d3dy53My5vcmcvMjAwMC9zdmciPjwvc3ZnPg==\" style=\"--smush-placeholder-width: 600px; --smush-placeholder-aspect-ratio: 600\/353;\" \/><\/p>\n<p>Viana do Castelo est une des plus belles villes du nord du Portugal, avec un m\u00e9lange unique de plages, culture et gastronomie.<\/p>\n<h3>Que faire \u00e0 Viana do Castelo ?<\/h3>\n<p>\u2714\ufe0f Monter au Sanctuaire de Santa Luzia, avec une vue \u00e9poustouflante sur l\u2019Atlantique<br \/>\n\u2714\ufe0f Explorer le centre historique et ses charmantes places<br \/>\n\u2714\ufe0f Visiter le navire Gil Eannes, ancien h\u00f4pital flottant<br \/>\n\u2714\ufe0f Se d\u00e9tendre \u00e0 la plage de Cabedelo, id\u00e9ale pour le surf et le kitesurf<\/p>\n<h3>Comment faire cette excursion ?<\/h3>\n<p>\ud83d\ude97 En voiture : 1 heure de route<br \/>\n\ud83d\ude86 En train : 1h20 de trajet<br \/>\n\ud83d\ude8d En excursion organis\u00e9e : Certaines incluent \u00e9galement Ponte de Lima<\/p>\n<p>\ud83d\udd39 Conseil : Si vous venez en ao\u00fbt, assistez \u00e0 la Festa da Senhora da Agonia, l\u2019un des plus grands festivals du Portugal.<\/p>\n<p>&nbsp;<\/p>\n<table style=\"width: 732px; height: 210px;\">\n<tbody>\n<tr>\n<td style=\"width: 644.8px;\">\n<h3><img decoding=\"async\" class=\"alignleft wp-image-3974 lazyload\" data-src=\"https:\/\/celina-tours.com\/blog\/wp-content\/uploads\/2025\/02\/viana.jpg\" alt=\"\" width=\"182\" height=\"182\" src=\"data:image\/svg+xml;base64,PHN2ZyB3aWR0aD0iMSIgaGVpZ2h0PSIxIiB4bWxucz0iaHR0cDovL3d3dy53My5vcmcvMjAwMC9zdmciPjwvc3ZnPg==\" style=\"--smush-placeholder-width: 182px; --smush-placeholder-aspect-ratio: 182\/182;\" \/><br \/>\nVISITES PRIV\u00c9E VIANA<\/h3>\n<p><a href=\"https:\/\/celina-tours.com\/fr-visite-privee-viana-castelo-depuis-porto.php\" target=\"_blank\" rel=\"noopener\">Visite Priv\u00e9e &#8211; Viana &gt;&gt;&gt;<\/a><\/td>\n<\/tr>\n<\/tbody>\n<\/table>\n<h2>5. Saint-Jacques-de-Compostelle \u2013 Une excursion internationale \ud83c\uddea\ud83c\uddf8\u26ea<\/h2>\n<p><img decoding=\"async\" class=\"alignnone wp-image-5362 size-full lazyload\" data-src=\"https:\/\/celina-tours.com\/blog\/wp-content\/uploads\/2025\/02\/BLOG-4-225.jpg\" alt=\"\" width=\"600\" height=\"353\" data-srcset=\"https:\/\/celina-tours.com\/blog\/wp-content\/uploads\/2025\/02\/BLOG-4-225.jpg 600w, https:\/\/celina-tours.com\/blog\/wp-content\/uploads\/2025\/02\/BLOG-4-225-300x177.jpg 300w\" data-sizes=\"(max-width: 600px) 100vw, 600px\" src=\"data:image\/svg+xml;base64,PHN2ZyB3aWR0aD0iMSIgaGVpZ2h0PSIxIiB4bWxucz0iaHR0cDovL3d3dy53My5vcmcvMjAwMC9zdmciPjwvc3ZnPg==\" style=\"--smush-placeholder-width: 600px; --smush-placeholder-aspect-ratio: 600\/353;\" \/><\/p>\n<p>Si vous voulez d\u00e9couvrir un autre pays en une journ\u00e9e, Saint-Jacques-de-Compostelle, en Espagne, est une destination parfaite pour un voyage culturel et spirituel.<\/p>\n<h3>Que faire \u00e0 Saint-Jacques-de-Compostelle ?<\/h3>\n<p>\u2714\ufe0f Visiter la cath\u00e9drale de Saint-Jacques, destination finale du c\u00e9l\u00e8bre p\u00e8lerinage<br \/>\n\u2714\ufe0f Explorer le centre historique, class\u00e9 \u00e0 l\u2019UNESCO<br \/>\n\u2714\ufe0f D\u00e9guster la Tarta de Santiago, un d\u00e9licieux g\u00e2teau aux amandes<\/p>\n<h3>Comment faire cette excursion ?<\/h3>\n<p>\ud83d\ude97 En voiture : 2h30 de route<br \/>\n\ud83d\ude8d En excursion organis\u00e9e : Inclut transport, guide et temps libre<\/p>\n<p>\ud83d\udd39 Conseil : Assistez \u00e0 la messe des p\u00e8lerins dans la cath\u00e9drale pour une exp\u00e9rience unique.<\/p>\n<p>&nbsp;<\/p>\n<table style=\"width: 732px; height: 210px;\">\n<tbody>\n<tr>\n<td style=\"width: 644.8px;\">\n<h3><img decoding=\"async\" class=\"alignleft wp-image-3974 lazyload\" data-src=\"https:\/\/celina-tours.com\/blog\/wp-content\/uploads\/2025\/02\/santiago.jpg\" alt=\"\" width=\"182\" height=\"182\" src=\"data:image\/svg+xml;base64,PHN2ZyB3aWR0aD0iMSIgaGVpZ2h0PSIxIiB4bWxucz0iaHR0cDovL3d3dy53My5vcmcvMjAwMC9zdmciPjwvc3ZnPg==\" style=\"--smush-placeholder-width: 182px; --smush-placeholder-aspect-ratio: 182\/182;\" \/><br \/>\nVISITES PRIV\u00c9E SANTIAGO COMPOSTELA<\/h3>\n<p><a href=\"https:\/\/celina-tours.com\/fr-visite-privee-santiago-compostela-depuis-porto.php\" target=\"_blank\" rel=\"noopener\">Visite Priv\u00e9e &#8211; Santiago Compostela &gt;&gt;&gt;<\/a><\/td>\n<\/tr>\n<\/tbody>\n<\/table>\n<p>&nbsp;<\/p>\n<h2 data-start=\"5498\" data-end=\"5533\"><strong data-start=\"5501\" data-end=\"5531\">Quelle excursion choisir ?<\/strong><\/h2>\n<table data-start=\"5535\" data-end=\"6284\">\n<thead data-start=\"5535\" data-end=\"5656\">\n<tr data-start=\"5535\" data-end=\"5656\">\n<th data-start=\"5535\" data-end=\"5553\"><strong data-start=\"5537\" data-end=\"5552\">Destination<\/strong><\/th>\n<th data-start=\"5553\" data-end=\"5571\"><strong data-start=\"5555\" data-end=\"5570\">Id\u00e9al pour\u2026<\/strong><\/th>\n<th data-start=\"5571\" data-end=\"5599\"><strong data-start=\"5573\" data-end=\"5598\">Distance depuis Porto<\/strong><\/th>\n<th data-start=\"5599\" data-end=\"5619\"><strong data-start=\"5601\" data-end=\"5618\">Dur\u00e9e du tour<\/strong><\/th>\n<th data-start=\"5619\" data-end=\"5656\"><strong data-start=\"5621\" data-end=\"5654\">Moyen de transport recommand\u00e9<\/strong><\/th>\n<\/tr>\n<\/thead>\n<tbody data-start=\"5734\" data-end=\"6284\">\n<tr data-start=\"5734\" data-end=\"5837\">\n<td>\ud83c\udf77 <strong data-start=\"5739\" data-end=\"5758\">Vall\u00e9e du Douro<\/strong><\/td>\n<td>Amateurs de vin<\/td>\n<td>100-150 km<\/td>\n<td>Journ\u00e9e compl\u00e8te<\/td>\n<td>Voiture ou tour organis\u00e9<\/td>\n<\/tr>\n<tr data-start=\"5838\" data-end=\"5939\">\n<td>\u26ea <strong data-start=\"5842\" data-end=\"5863\">Braga &amp; Guimar\u00e3es<\/strong><\/td>\n<td>Histoire et culture<\/td>\n<td>55 km<\/td>\n<td>Journ\u00e9e compl\u00e8te<\/td>\n<td>Train ou tour organis\u00e9<\/td>\n<\/tr>\n<tr data-start=\"5940\" data-end=\"6056\">\n<td>\ud83d\udea3 <strong data-start=\"5945\" data-end=\"5968\">Aveiro &amp; Costa Nova<\/strong><\/td>\n<td>Romantisme et d\u00e9tente<\/td>\n<td>75 km<\/td>\n<td>Demi-journ\u00e9e ou journ\u00e9e compl\u00e8te<\/td>\n<td>Train ou voiture<\/td>\n<\/tr>\n<tr data-start=\"6057\" data-end=\"6166\">\n<td>\ud83c\udf0a <strong data-start=\"6062\" data-end=\"6082\">Viana do Castelo<\/strong><\/td>\n<td>Plages et culture<\/td>\n<td>75 km<\/td>\n<td>Demi-journ\u00e9e ou journ\u00e9e compl\u00e8te<\/td>\n<td>Voiture ou train<\/td>\n<\/tr>\n<tr data-start=\"6167\" data-end=\"6284\">\n<td>\ud83c\uddea\ud83c\uddf8 <strong data-start=\"6174\" data-end=\"6206\">Saint-Jacques-de-Compostelle<\/strong><\/td>\n<td>Tourisme religieux<\/td>\n<td>230 km<\/td>\n<td>Journ\u00e9e compl\u00e8te<\/td>\n<td>Voiture ou tour organis\u00e9<\/td>\n<\/tr>\n<\/tbody>\n<\/table>\n<p data-start=\"6286\" data-end=\"6364\" data-is-last-node=\"\" data-is-only-node=\"\">Avec tant d\u2019options, <strong data-start=\"6307\" data-end=\"6360\">quelle excursion aimeriez-vous faire en premier ?<\/strong> \ud83d\ude97\u2728<\/p>\n","protected":false},"excerpt":{"rendered":"<p>Meilleures Excursions d\u2019Une Journ\u00e9e au D\u00e9part de Porto \ud83d\ude97\ud83c\udff0\ud83c\udf77 Porto est une ville magnifique, mais ses alentours regorgent de tr\u00e9sors&hellip;<\/p>\n","protected":false},"author":1,"featured_media":5353,"comment_status":"closed","ping_status":"closed","sticky":false,"template":"","format":"standard","meta":{"om_disable_all_campaigns":false,"footnotes":""},"categories":[201],"tags":[],"class_list":["post-5367","post","type-post","status-publish","format-standard","has-post-thumbnail","hentry","category-autres-informations"],"yoast_head":"<!-- This site is optimized with the Yoast SEO plugin v27.0 - https:\/\/yoast.com\/product\/yoast-seo-wordpress\/ -->\n<title>Visites d\u2019Une Journ\u00e9e au D\u00e9part de Porto -<\/title>\n<meta name=\"description\" content=\"Visite d&#039;une journ\u00e9e, au d\u00e9part de Porto. Ces visites comprennent la prise en charge e\u00e0 l&#039;h\u00f4tel \u00e0 Porto, visite du Douro, d\u00e9gustation de vins\" \/>\n<meta name=\"robots\" content=\"index, follow, max-snippet:-1, max-image-preview:large, max-video-preview:-1\" \/>\n<link rel=\"canonical\" href=\"https:\/\/celina-tours.com\/blog\/fr\/visites-dune-journee-au-depart-de-porto\/\" \/>\n<meta property=\"og:locale\" content=\"pt_PT\" \/>\n<meta property=\"og:type\" content=\"article\" \/>\n<meta property=\"og:title\" content=\"Visites d\u2019Une Journ\u00e9e au D\u00e9part de Porto -\" \/>\n<meta property=\"og:description\" content=\"Visite d&#039;une journ\u00e9e, au d\u00e9part de Porto. Ces visites comprennent la prise en charge e\u00e0 l&#039;h\u00f4tel \u00e0 Porto, visite du Douro, d\u00e9gustation de vins\" \/>\n<meta property=\"og:url\" content=\"https:\/\/celina-tours.com\/blog\/fr\/visites-dune-journee-au-depart-de-porto\/\" \/>\n<meta property=\"article:publisher\" content=\"https:\/\/www.instagram.com\/celinatourspt\/\" \/>\n<meta property=\"article:published_time\" content=\"2025-02-23T19:40:26+00:00\" \/>\n<meta property=\"article:modified_time\" content=\"2025-02-26T22:28:40+00:00\" \/>\n<meta property=\"og:image\" content=\"https:\/\/celina-tours.com\/blog\/wp-content\/uploads\/2025\/02\/BLOG-4-218.jpg\" \/>\n\t<meta property=\"og:image:width\" content=\"600\" \/>\n\t<meta property=\"og:image:height\" content=\"353\" \/>\n\t<meta property=\"og:image:type\" content=\"image\/jpeg\" \/>\n<meta name=\"author\" content=\"ctours_blog\" \/>\n<meta name=\"twitter:card\" content=\"summary_large_image\" \/>\n<meta name=\"twitter:label1\" content=\"Escrito por\" \/>\n\t<meta name=\"twitter:data1\" content=\"ctours_blog\" \/>\n\t<meta name=\"twitter:label2\" content=\"Tempo estimado de leitura\" \/>\n\t<meta name=\"twitter:data2\" content=\"8 minutos\" \/>\n<script type=\"application\/ld+json\" class=\"yoast-schema-graph\">{\"@context\":\"https:\/\/schema.org\",\"@graph\":[{\"@type\":\"Article\",\"@id\":\"https:\/\/celina-tours.com\/blog\/fr\/visites-dune-journee-au-depart-de-porto\/#article\",\"isPartOf\":{\"@id\":\"https:\/\/celina-tours.com\/blog\/fr\/visites-dune-journee-au-depart-de-porto\/\"},\"author\":{\"name\":\"ctours_blog\",\"@id\":\"https:\/\/celina-tours.com\/blog\/#\/schema\/person\/e4611dfff819107474e643eb3c25e040\"},\"headline\":\"Visites d\u2019Une Journ\u00e9e au D\u00e9part de Porto\",\"datePublished\":\"2025-02-23T19:40:26+00:00\",\"dateModified\":\"2025-02-26T22:28:40+00:00\",\"mainEntityOfPage\":{\"@id\":\"https:\/\/celina-tours.com\/blog\/fr\/visites-dune-journee-au-depart-de-porto\/\"},\"wordCount\":1024,\"publisher\":{\"@id\":\"https:\/\/celina-tours.com\/blog\/#organization\"},\"image\":{\"@id\":\"https:\/\/celina-tours.com\/blog\/fr\/visites-dune-journee-au-depart-de-porto\/#primaryimage\"},\"thumbnailUrl\":\"https:\/\/celina-tours.com\/blog\/wp-content\/uploads\/2025\/02\/BLOG-4-218.jpg\",\"articleSection\":[\"Autres informations\"],\"inLanguage\":\"pt-PT\"},{\"@type\":\"WebPage\",\"@id\":\"https:\/\/celina-tours.com\/blog\/fr\/visites-dune-journee-au-depart-de-porto\/\",\"url\":\"https:\/\/celina-tours.com\/blog\/fr\/visites-dune-journee-au-depart-de-porto\/\",\"name\":\"Visites d\u2019Une Journ\u00e9e au D\u00e9part de Porto -\",\"isPartOf\":{\"@id\":\"https:\/\/celina-tours.com\/blog\/#website\"},\"primaryImageOfPage\":{\"@id\":\"https:\/\/celina-tours.com\/blog\/fr\/visites-dune-journee-au-depart-de-porto\/#primaryimage\"},\"image\":{\"@id\":\"https:\/\/celina-tours.com\/blog\/fr\/visites-dune-journee-au-depart-de-porto\/#primaryimage\"},\"thumbnailUrl\":\"https:\/\/celina-tours.com\/blog\/wp-content\/uploads\/2025\/02\/BLOG-4-218.jpg\",\"datePublished\":\"2025-02-23T19:40:26+00:00\",\"dateModified\":\"2025-02-26T22:28:40+00:00\",\"description\":\"Visite d'une journ\u00e9e, au d\u00e9part de Porto. Ces visites comprennent la prise en charge e\u00e0 l'h\u00f4tel \u00e0 Porto, visite du Douro, d\u00e9gustation de vins\",\"breadcrumb\":{\"@id\":\"https:\/\/celina-tours.com\/blog\/fr\/visites-dune-journee-au-depart-de-porto\/#breadcrumb\"},\"inLanguage\":\"pt-PT\",\"potentialAction\":[{\"@type\":\"ReadAction\",\"target\":[\"https:\/\/celina-tours.com\/blog\/fr\/visites-dune-journee-au-depart-de-porto\/\"]}]},{\"@type\":\"ImageObject\",\"inLanguage\":\"pt-PT\",\"@id\":\"https:\/\/celina-tours.com\/blog\/fr\/visites-dune-journee-au-depart-de-porto\/#primaryimage\",\"url\":\"https:\/\/celina-tours.com\/blog\/wp-content\/uploads\/2025\/02\/BLOG-4-218.jpg\",\"contentUrl\":\"https:\/\/celina-tours.com\/blog\/wp-content\/uploads\/2025\/02\/BLOG-4-218.jpg\",\"width\":600,\"height\":353},{\"@type\":\"BreadcrumbList\",\"@id\":\"https:\/\/celina-tours.com\/blog\/fr\/visites-dune-journee-au-depart-de-porto\/#breadcrumb\",\"itemListElement\":[{\"@type\":\"ListItem\",\"position\":1,\"name\":\"In\u00edcio\",\"item\":\"https:\/\/celina-tours.com\/blog\/pt\/\"},{\"@type\":\"ListItem\",\"position\":2,\"name\":\"Visites d\u2019Une Journ\u00e9e au D\u00e9part de Porto\"}]},{\"@type\":\"WebSite\",\"@id\":\"https:\/\/celina-tours.com\/blog\/#website\",\"url\":\"https:\/\/celina-tours.com\/blog\/\",\"name\":\"Celina Tours\",\"description\":\"\",\"publisher\":{\"@id\":\"https:\/\/celina-tours.com\/blog\/#organization\"},\"potentialAction\":[{\"@type\":\"SearchAction\",\"target\":{\"@type\":\"EntryPoint\",\"urlTemplate\":\"https:\/\/celina-tours.com\/blog\/?s={search_term_string}\"},\"query-input\":{\"@type\":\"PropertyValueSpecification\",\"valueRequired\":true,\"valueName\":\"search_term_string\"}}],\"inLanguage\":\"pt-PT\"},{\"@type\":\"Organization\",\"@id\":\"https:\/\/celina-tours.com\/blog\/#organization\",\"name\":\"Celina Tours\",\"url\":\"https:\/\/celina-tours.com\/blog\/\",\"logo\":{\"@type\":\"ImageObject\",\"inLanguage\":\"pt-PT\",\"@id\":\"https:\/\/celina-tours.com\/blog\/#\/schema\/logo\/image\/\",\"url\":\"https:\/\/celina-tours.com\/blog\/wp-content\/uploads\/2025\/01\/cropped-1-1.png\",\"contentUrl\":\"https:\/\/celina-tours.com\/blog\/wp-content\/uploads\/2025\/01\/cropped-1-1.png\",\"width\":300,\"height\":94,\"caption\":\"Celina Tours\"},\"image\":{\"@id\":\"https:\/\/celina-tours.com\/blog\/#\/schema\/logo\/image\/\"},\"sameAs\":[\"https:\/\/www.instagram.com\/celinatourspt\/\"]},{\"@type\":\"Person\",\"@id\":\"https:\/\/celina-tours.com\/blog\/#\/schema\/person\/e4611dfff819107474e643eb3c25e040\",\"name\":\"ctours_blog\",\"sameAs\":[\"https:\/\/celina-tours.com\/blog\"],\"url\":\"https:\/\/celina-tours.com\/blog\/author\/ctours_blog\/\"}]}<\/script>\n<!-- \/ Yoast SEO plugin. -->","yoast_head_json":{"title":"Visites d\u2019Une Journ\u00e9e au D\u00e9part de Porto -","description":"Visite d'une journ\u00e9e, au d\u00e9part de Porto. Ces visites comprennent la prise en charge e\u00e0 l'h\u00f4tel \u00e0 Porto, visite du Douro, d\u00e9gustation de vins","robots":{"index":"index","follow":"follow","max-snippet":"max-snippet:-1","max-image-preview":"max-image-preview:large","max-video-preview":"max-video-preview:-1"},"canonical":"https:\/\/celina-tours.com\/blog\/fr\/visites-dune-journee-au-depart-de-porto\/","og_locale":"pt_PT","og_type":"article","og_title":"Visites d\u2019Une Journ\u00e9e au D\u00e9part de Porto -","og_description":"Visite d'une journ\u00e9e, au d\u00e9part de Porto. Ces visites comprennent la prise en charge e\u00e0 l'h\u00f4tel \u00e0 Porto, visite du Douro, d\u00e9gustation de vins","og_url":"https:\/\/celina-tours.com\/blog\/fr\/visites-dune-journee-au-depart-de-porto\/","article_publisher":"https:\/\/www.instagram.com\/celinatourspt\/","article_published_time":"2025-02-23T19:40:26+00:00","article_modified_time":"2025-02-26T22:28:40+00:00","og_image":[{"width":600,"height":353,"url":"https:\/\/celina-tours.com\/blog\/wp-content\/uploads\/2025\/02\/BLOG-4-218.jpg","type":"image\/jpeg"}],"author":"ctours_blog","twitter_card":"summary_large_image","twitter_misc":{"Escrito por":"ctours_blog","Tempo estimado de leitura":"8 minutos"},"schema":{"@context":"https:\/\/schema.org","@graph":[{"@type":"Article","@id":"https:\/\/celina-tours.com\/blog\/fr\/visites-dune-journee-au-depart-de-porto\/#article","isPartOf":{"@id":"https:\/\/celina-tours.com\/blog\/fr\/visites-dune-journee-au-depart-de-porto\/"},"author":{"name":"ctours_blog","@id":"https:\/\/celina-tours.com\/blog\/#\/schema\/person\/e4611dfff819107474e643eb3c25e040"},"headline":"Visites d\u2019Une Journ\u00e9e au D\u00e9part de Porto","datePublished":"2025-02-23T19:40:26+00:00","dateModified":"2025-02-26T22:28:40+00:00","mainEntityOfPage":{"@id":"https:\/\/celina-tours.com\/blog\/fr\/visites-dune-journee-au-depart-de-porto\/"},"wordCount":1024,"publisher":{"@id":"https:\/\/celina-tours.com\/blog\/#organization"},"image":{"@id":"https:\/\/celina-tours.com\/blog\/fr\/visites-dune-journee-au-depart-de-porto\/#primaryimage"},"thumbnailUrl":"https:\/\/celina-tours.com\/blog\/wp-content\/uploads\/2025\/02\/BLOG-4-218.jpg","articleSection":["Autres informations"],"inLanguage":"pt-PT"},{"@type":"WebPage","@id":"https:\/\/celina-tours.com\/blog\/fr\/visites-dune-journee-au-depart-de-porto\/","url":"https:\/\/celina-tours.com\/blog\/fr\/visites-dune-journee-au-depart-de-porto\/","name":"Visites d\u2019Une Journ\u00e9e au D\u00e9part de Porto -","isPartOf":{"@id":"https:\/\/celina-tours.com\/blog\/#website"},"primaryImageOfPage":{"@id":"https:\/\/celina-tours.com\/blog\/fr\/visites-dune-journee-au-depart-de-porto\/#primaryimage"},"image":{"@id":"https:\/\/celina-tours.com\/blog\/fr\/visites-dune-journee-au-depart-de-porto\/#primaryimage"},"thumbnailUrl":"https:\/\/celina-tours.com\/blog\/wp-content\/uploads\/2025\/02\/BLOG-4-218.jpg","datePublished":"2025-02-23T19:40:26+00:00","dateModified":"2025-02-26T22:28:40+00:00","description":"Visite d'une journ\u00e9e, au d\u00e9part de Porto. Ces visites comprennent la prise en charge e\u00e0 l'h\u00f4tel \u00e0 Porto, visite du Douro, d\u00e9gustation de vins","breadcrumb":{"@id":"https:\/\/celina-tours.com\/blog\/fr\/visites-dune-journee-au-depart-de-porto\/#breadcrumb"},"inLanguage":"pt-PT","potentialAction":[{"@type":"ReadAction","target":["https:\/\/celina-tours.com\/blog\/fr\/visites-dune-journee-au-depart-de-porto\/"]}]},{"@type":"ImageObject","inLanguage":"pt-PT","@id":"https:\/\/celina-tours.com\/blog\/fr\/visites-dune-journee-au-depart-de-porto\/#primaryimage","url":"https:\/\/celina-tours.com\/blog\/wp-content\/uploads\/2025\/02\/BLOG-4-218.jpg","contentUrl":"https:\/\/celina-tours.com\/blog\/wp-content\/uploads\/2025\/02\/BLOG-4-218.jpg","width":600,"height":353},{"@type":"BreadcrumbList","@id":"https:\/\/celina-tours.com\/blog\/fr\/visites-dune-journee-au-depart-de-porto\/#breadcrumb","itemListElement":[{"@type":"ListItem","position":1,"name":"In\u00edcio","item":"https:\/\/celina-tours.com\/blog\/pt\/"},{"@type":"ListItem","position":2,"name":"Visites d\u2019Une Journ\u00e9e au D\u00e9part de Porto"}]},{"@type":"WebSite","@id":"https:\/\/celina-tours.com\/blog\/#website","url":"https:\/\/celina-tours.com\/blog\/","name":"Celina Tours","description":"","publisher":{"@id":"https:\/\/celina-tours.com\/blog\/#organization"},"potentialAction":[{"@type":"SearchAction","target":{"@type":"EntryPoint","urlTemplate":"https:\/\/celina-tours.com\/blog\/?s={search_term_string}"},"query-input":{"@type":"PropertyValueSpecification","valueRequired":true,"valueName":"search_term_string"}}],"inLanguage":"pt-PT"},{"@type":"Organization","@id":"https:\/\/celina-tours.com\/blog\/#organization","name":"Celina Tours","url":"https:\/\/celina-tours.com\/blog\/","logo":{"@type":"ImageObject","inLanguage":"pt-PT","@id":"https:\/\/celina-tours.com\/blog\/#\/schema\/logo\/image\/","url":"https:\/\/celina-tours.com\/blog\/wp-content\/uploads\/2025\/01\/cropped-1-1.png","contentUrl":"https:\/\/celina-tours.com\/blog\/wp-content\/uploads\/2025\/01\/cropped-1-1.png","width":300,"height":94,"caption":"Celina Tours"},"image":{"@id":"https:\/\/celina-tours.com\/blog\/#\/schema\/logo\/image\/"},"sameAs":["https:\/\/www.instagram.com\/celinatourspt\/"]},{"@type":"Person","@id":"https:\/\/celina-tours.com\/blog\/#\/schema\/person\/e4611dfff819107474e643eb3c25e040","name":"ctours_blog","sameAs":["https:\/\/celina-tours.com\/blog"],"url":"https:\/\/celina-tours.com\/blog\/author\/ctours_blog\/"}]}},"_links":{"self":[{"href":"https:\/\/celina-tours.com\/blog\/wp-json\/wp\/v2\/posts\/5367","targetHints":{"allow":["GET"]}}],"collection":[{"href":"https:\/\/celina-tours.com\/blog\/wp-json\/wp\/v2\/posts"}],"about":[{"href":"https:\/\/celina-tours.com\/blog\/wp-json\/wp\/v2\/types\/post"}],"author":[{"embeddable":true,"href":"https:\/\/celina-tours.com\/blog\/wp-json\/wp\/v2\/users\/1"}],"replies":[{"embeddable":true,"href":"https:\/\/celina-tours.com\/blog\/wp-json\/wp\/v2\/comments?post=5367"}],"version-history":[{"count":6,"href":"https:\/\/celina-tours.com\/blog\/wp-json\/wp\/v2\/posts\/5367\/revisions"}],"predecessor-version":[{"id":5382,"href":"https:\/\/celina-tours.com\/blog\/wp-json\/wp\/v2\/posts\/5367\/revisions\/5382"}],"wp:featuredmedia":[{"embeddable":true,"href":"https:\/\/celina-tours.com\/blog\/wp-json\/wp\/v2\/media\/5353"}],"wp:attachment":[{"href":"https:\/\/celina-tours.com\/blog\/wp-json\/wp\/v2\/media?parent=5367"}],"wp:term":[{"taxonomy":"category","embeddable":true,"href":"https:\/\/celina-tours.com\/blog\/wp-json\/wp\/v2\/categories?post=5367"},{"taxonomy":"post_tag","embeddable":true,"href":"https:\/\/celina-tours.com\/blog\/wp-json\/wp\/v2\/tags?post=5367"}],"curies":[{"name":"wp","href":"https:\/\/api.w.org\/{rel}","templated":true}]}}