{"id":5351,"date":"2025-02-23T19:40:26","date_gmt":"2025-02-23T19:40:26","guid":{"rendered":"https:\/\/celina-tours.com\/blog\/?p=5351"},"modified":"2025-02-26T22:27:02","modified_gmt":"2025-02-26T22:27:02","slug":"tours-de-1-dia-com-saida-e-volta-ao-porto","status":"publish","type":"post","link":"https:\/\/celina-tours.com\/blog\/pt\/tours-de-1-dia-com-saida-e-volta-ao-porto\/","title":{"rendered":"Tours de 1 Dia com Sa\u00edda e volta ao Porto"},"content":{"rendered":"<h2>Melhores Tours de 1 Dia com Sa\u00edda e Retorno ao Porto \ud83d\ude97\ud83c\udff0\ud83c\udf77<\/h2>\n<p>O Porto \u00e9 uma cidade vibrante e cheia de hist\u00f3ria, mas os arredores tamb\u00e9m oferecem experi\u00eancias incr\u00edveis para quem deseja explorar mais de Portugal. Desde as vin\u00edcolas do Vale do Douro at\u00e9 as cidades medievais de Braga e Guimar\u00e3es, h\u00e1 muitas op\u00e7\u00f5es de passeios bate-volta saindo do Porto.<\/p>\n<p>Seja voc\u00ea um amante de vinho, um apaixonado por hist\u00f3ria ou algu\u00e9m em busca de belas paisagens, aqui est\u00e1 um guia completo com os melhores tours de um dia saindo do Porto.<\/p>\n<h2>1. Vale do Douro \u2013 Tour dos Vinhos<\/h2>\n<p><img decoding=\"async\" class=\"alignnone wp-image-5355 size-full lazyload\" data-src=\"https:\/\/celina-tours.com\/blog\/wp-content\/uploads\/2025\/02\/BLOG-4-219.jpg\" alt=\"\" width=\"600\" height=\"353\" data-srcset=\"https:\/\/celina-tours.com\/blog\/wp-content\/uploads\/2025\/02\/BLOG-4-219.jpg 600w, https:\/\/celina-tours.com\/blog\/wp-content\/uploads\/2025\/02\/BLOG-4-219-300x177.jpg 300w\" data-sizes=\"(max-width: 600px) 100vw, 600px\" src=\"data:image\/svg+xml;base64,PHN2ZyB3aWR0aD0iMSIgaGVpZ2h0PSIxIiB4bWxucz0iaHR0cDovL3d3dy53My5vcmcvMjAwMC9zdmciPjwvc3ZnPg==\" style=\"--smush-placeholder-width: 600px; --smush-placeholder-aspect-ratio: 600\/353;\" \/><\/p>\n<p>O Vale do Douro \u00e9 um dos melhores destinos para um tour de um dia saindo do Porto. Considerado Patrim\u00f4nio Mundial da UNESCO, ele \u00e9 famoso por suas vinhas em socalcos, suas quintas hist\u00f3ricas e, claro, o vinho do Porto.<\/p>\n<h3>As nossas Sugest\u00f5es<\/h3>\n<div data-vi-partner-id=\"P00241970\" data-vi-widget-ref=\"W-59a09c65-6832-4603-ab2a-5ffb9aab658c\"><\/div>\n<p><script async src=\"https:\/\/www.viator.com\/orion\/partner\/widget.js\"><\/script><\/p>\n<h3>O que fazer no tour pelo Vale do Douro?<\/h3>\n<p>\u2714\ufe0f Visitar vin\u00edcolas tradicionais para degusta\u00e7\u00e3o de vinhos do Porto e DOC Douro<br \/>\n\u2714\ufe0f Fazer um cruzeiro no Rio Douro saindo de Pinh\u00e3o<br \/>\n\u2714\ufe0f Explorar Peso da R\u00e9gua e Pinh\u00e3o, as principais vilas da regi\u00e3o<br \/>\n\u2714\ufe0f Apreciar a vista de miradouros incr\u00edveis, como o Miradouro de S\u00e3o Leonardo de Galafura<\/p>\n<h3>Como fazer esse tour?<\/h3>\n<p>\ud83d\ude97 Carro alugado: 1h30 de viagem do Porto at\u00e9 Peso da R\u00e9gua<br \/>\n\ud83d\ude86 Trem: Linha do Douro (2h de viagem at\u00e9 Pinh\u00e3o)<br \/>\n\ud83d\ude8d Excurs\u00e3o guiada: Inclui transporte, visitas a quintas e almo\u00e7o<\/p>\n<p>\ud83d\udd39 Dica: Para uma experi\u00eancia completa, escolha um tour que inclua visita a duas quintas + cruzeiro + almo\u00e7o tradicional.<\/p>\n<table style=\"width: 732px; height: 210px;\">\n<tbody>\n<tr>\n<td style=\"width: 644.8px;\">\n<h3><img decoding=\"async\" class=\"alignleft wp-image-3974 lazyload\" data-src=\"https:\/\/celina-tours.com\/blog\/wp-content\/uploads\/2025\/02\/douro.jpg\" alt=\"\" width=\"182\" height=\"182\" src=\"data:image\/svg+xml;base64,PHN2ZyB3aWR0aD0iMSIgaGVpZ2h0PSIxIiB4bWxucz0iaHR0cDovL3d3dy53My5vcmcvMjAwMC9zdmciPjwvc3ZnPg==\" style=\"--smush-placeholder-width: 182px; --smush-placeholder-aspect-ratio: 182\/182;\" \/><br \/>\nTOUR PRIVADO DOURO<\/h3>\n<p><a href=\"https:\/\/celina-tours.com\/excursao-privada-douro-tours-regiao-douro-porto.php\" target=\"_blank\" rel=\"noopener\">Tour Privado Douro Prova Vinhos &gt;&gt;&gt;<\/a><\/td>\n<\/tr>\n<\/tbody>\n<\/table>\n<h2>2. Braga e Guimar\u00e3es \u2013 Cidades Hist\u00f3ricas do Minho \u26ea\ud83c\udff0<\/h2>\n<p>Se voc\u00ea gosta de hist\u00f3ria, Braga e Guimar\u00e3es s\u00e3o destinos perfeitos para um bate-volta cultural saindo do Porto. Ambas est\u00e3o localizadas na regi\u00e3o do Minho, cheia de catedrais antigas, castelos medievais e pra\u00e7as charmosas.<\/p>\n<h3>O que ver em Braga?<\/h3>\n<p><img decoding=\"async\" class=\"alignnone wp-image-5357 size-full lazyload\" data-src=\"https:\/\/celina-tours.com\/blog\/wp-content\/uploads\/2025\/02\/BLOG-4-220.jpg\" alt=\"\" width=\"600\" height=\"353\" data-srcset=\"https:\/\/celina-tours.com\/blog\/wp-content\/uploads\/2025\/02\/BLOG-4-220.jpg 600w, https:\/\/celina-tours.com\/blog\/wp-content\/uploads\/2025\/02\/BLOG-4-220-300x177.jpg 300w\" data-sizes=\"(max-width: 600px) 100vw, 600px\" src=\"data:image\/svg+xml;base64,PHN2ZyB3aWR0aD0iMSIgaGVpZ2h0PSIxIiB4bWxucz0iaHR0cDovL3d3dy53My5vcmcvMjAwMC9zdmciPjwvc3ZnPg==\" style=\"--smush-placeholder-width: 600px; --smush-placeholder-aspect-ratio: 600\/353;\" \/><\/p>\n<p>\u2714\ufe0f Santu\u00e1rio do Bom Jesus do Monte, com sua famosa escadaria barroca<br \/>\n\u2714\ufe0f S\u00e9 de Braga, a catedral mais antiga de Portugal<br \/>\n\u2714\ufe0f Centro hist\u00f3rico e Jardim de Santa B\u00e1rbara<\/p>\n<h3>O que ver em Guimar\u00e3es?<\/h3>\n<p><img decoding=\"async\" class=\"alignnone wp-image-5358 size-full lazyload\" data-src=\"https:\/\/celina-tours.com\/blog\/wp-content\/uploads\/2025\/02\/BLOG-4-221.jpg\" alt=\"\" width=\"600\" height=\"353\" data-srcset=\"https:\/\/celina-tours.com\/blog\/wp-content\/uploads\/2025\/02\/BLOG-4-221.jpg 600w, https:\/\/celina-tours.com\/blog\/wp-content\/uploads\/2025\/02\/BLOG-4-221-300x177.jpg 300w\" data-sizes=\"(max-width: 600px) 100vw, 600px\" src=\"data:image\/svg+xml;base64,PHN2ZyB3aWR0aD0iMSIgaGVpZ2h0PSIxIiB4bWxucz0iaHR0cDovL3d3dy53My5vcmcvMjAwMC9zdmciPjwvc3ZnPg==\" style=\"--smush-placeholder-width: 600px; --smush-placeholder-aspect-ratio: 600\/353;\" \/><\/p>\n<p>\u2714\ufe0f Castelo de Guimar\u00e3es, onde nasceu Portugal<br \/>\n\u2714\ufe0f Pa\u00e7o dos Duques de Bragan\u00e7a, um pal\u00e1cio impressionante<br \/>\n\u2714\ufe0f Largo da Oliveira, a pra\u00e7a mais bonita da cidade<br \/>\n\u2714\ufe0f Telef\u00e9rico da Penha, para vistas panor\u00e2micas incr\u00edveis<\/p>\n<h3>Como fazer esse tour?<\/h3>\n<p>\ud83d\ude97 Carro alugado: 40-50 minutos do Porto<br \/>\n\ud83d\ude86 Trem: 1h para Braga e 1h15 para Guimar\u00e3es<br \/>\n\ud83d\ude8d Excurs\u00e3o guiada: Muitas ag\u00eancias combinam as duas cidades no mesmo tour<\/p>\n<p>\ud83d\udd39 Dica: Experimente pratos t\u00edpicos da regi\u00e3o, como Bacalhau \u00e0 Braga e Papas de Sarrabulho.<\/p>\n<p>&nbsp;<\/p>\n<table style=\"width: 732px; height: 210px;\">\n<tbody>\n<tr>\n<td style=\"width: 644.8px;\">\n<h3><img decoding=\"async\" class=\"alignleft wp-image-3974 lazyload\" data-src=\"https:\/\/celina-tours.com\/blog\/wp-content\/uploads\/2025\/02\/braga.jpg\" alt=\"\" width=\"182\" height=\"182\" src=\"data:image\/svg+xml;base64,PHN2ZyB3aWR0aD0iMSIgaGVpZ2h0PSIxIiB4bWxucz0iaHR0cDovL3d3dy53My5vcmcvMjAwMC9zdmciPjwvc3ZnPg==\" style=\"--smush-placeholder-width: 182px; --smush-placeholder-aspect-ratio: 182\/182;\" \/><br \/>\nTOUR PRIVADO BRAGA GUIMARAES<\/h3>\n<p><a href=\"https:\/\/celina-tours.com\/excursao-privada-braga-tour-guimaraes.php\" target=\"_blank\" rel=\"noopener\">Tour Privado Braga Guimaraes &gt;&gt;&gt;<\/a><\/td>\n<\/tr>\n<\/tbody>\n<\/table>\n<h2>3. Aveiro e Costa Nova \u2013 A Veneza Portuguesa \ud83d\udea3\ud83c\udfe1<\/h2>\n<p><img decoding=\"async\" class=\"alignnone wp-image-5359 size-full lazyload\" data-src=\"https:\/\/celina-tours.com\/blog\/wp-content\/uploads\/2025\/02\/BLOG-4-222.jpg\" alt=\"\" width=\"600\" height=\"353\" data-srcset=\"https:\/\/celina-tours.com\/blog\/wp-content\/uploads\/2025\/02\/BLOG-4-222.jpg 600w, https:\/\/celina-tours.com\/blog\/wp-content\/uploads\/2025\/02\/BLOG-4-222-300x177.jpg 300w\" data-sizes=\"(max-width: 600px) 100vw, 600px\" src=\"data:image\/svg+xml;base64,PHN2ZyB3aWR0aD0iMSIgaGVpZ2h0PSIxIiB4bWxucz0iaHR0cDovL3d3dy53My5vcmcvMjAwMC9zdmciPjwvc3ZnPg==\" style=\"--smush-placeholder-width: 600px; --smush-placeholder-aspect-ratio: 600\/353;\" \/><\/p>\n<p>Aveiro \u00e9 um destino rom\u00e2ntico e pitoresco, conhecido por seus canais, barcos moliceiros e arquitetura Art Nouveau. Fica a apenas 1 hora do Porto, sendo um bate-volta perfeito.<\/p>\n<h3>O que fazer em Aveiro?<\/h3>\n<p>\u2714\ufe0f Passeio de moliceiro pelos canais<br \/>\n\u2714\ufe0f Explorar o centro hist\u00f3rico e a arquitetura Art Nouveau<br \/>\n\u2714\ufe0f Provar os famosos ovos moles, doce t\u00edpico da cidade<\/p>\n<h3>Visitar a Costa Nova \ud83c\udfd6\ufe0f<\/h3>\n<p>\u2714\ufe0f Ver as famosas casas listradas e coloridas<br \/>\n\u2714\ufe0f Passear pela praia e pelo pared\u00e3o<br \/>\n\u2714\ufe0f Experimentar mariscos frescos<\/p>\n<h3>Como fazer esse tour?<\/h3>\n<p>\ud83d\ude97 Carro alugado: 50 minutos do Porto<br \/>\n\ud83d\ude86 Trem: 1 hora de viagem<br \/>\n\ud83d\ude8d Excurs\u00e3o guiada: Algumas incluem visita a Aveiro e Costa Nova juntas<\/p>\n<p>\ud83d\udd39 Dica: Para um almo\u00e7o incr\u00edvel, v\u00e1 ao restaurante D\u00f3ri, especializado em frutos do mar.<\/p>\n<p>&nbsp;<\/p>\n<table style=\"width: 732px; height: 210px;\">\n<tbody>\n<tr>\n<td style=\"width: 644.8px;\">\n<h3><img decoding=\"async\" class=\"alignleft wp-image-3974 lazyload\" data-src=\"https:\/\/celina-tours.com\/blog\/wp-content\/uploads\/2025\/02\/aveiro.jpg\" alt=\"\" width=\"182\" height=\"182\" src=\"data:image\/svg+xml;base64,PHN2ZyB3aWR0aD0iMSIgaGVpZ2h0PSIxIiB4bWxucz0iaHR0cDovL3d3dy53My5vcmcvMjAwMC9zdmciPjwvc3ZnPg==\" style=\"--smush-placeholder-width: 182px; --smush-placeholder-aspect-ratio: 182\/182;\" \/><br \/>\nTOUR PRIVADO AVEIRO COIMBRA<\/h3>\n<p><a href=\"https:\/\/celina-tours.com\/excursao-privada-aveiro-tour-coimbra.php\" target=\"_blank\" rel=\"noopener\">Tour Privado Aveiro Coimbra &gt;&gt;&gt;<\/a><\/td>\n<\/tr>\n<\/tbody>\n<\/table>\n<h2>4. Viana do Castelo \u2013 Hist\u00f3ria e Praias \ud83c\udf0a\ud83c\udff0<\/h2>\n<p><img decoding=\"async\" class=\"alignnone wp-image-5360 size-full lazyload\" data-src=\"https:\/\/celina-tours.com\/blog\/wp-content\/uploads\/2025\/02\/BLOG-4-223.jpg\" alt=\"\" width=\"600\" height=\"353\" data-srcset=\"https:\/\/celina-tours.com\/blog\/wp-content\/uploads\/2025\/02\/BLOG-4-223.jpg 600w, https:\/\/celina-tours.com\/blog\/wp-content\/uploads\/2025\/02\/BLOG-4-223-300x177.jpg 300w\" data-sizes=\"(max-width: 600px) 100vw, 600px\" src=\"data:image\/svg+xml;base64,PHN2ZyB3aWR0aD0iMSIgaGVpZ2h0PSIxIiB4bWxucz0iaHR0cDovL3d3dy53My5vcmcvMjAwMC9zdmciPjwvc3ZnPg==\" style=\"--smush-placeholder-width: 600px; --smush-placeholder-aspect-ratio: 600\/353;\" \/><\/p>\n<p>Viana do Castelo \u00e9 uma das cidades mais bonitas do norte de Portugal, combinando praia, cultura e hist\u00f3ria.<\/p>\n<h3>O que fazer em Viana do Castelo?<\/h3>\n<p>\u2714\ufe0f Subir ao Santu\u00e1rio de Santa Luzia, com uma vista espetacular sobre o mar<br \/>\n\u2714\ufe0f Explorar o centro hist\u00f3rico e as pra\u00e7as charmosas<br \/>\n\u2714\ufe0f Visitar o Navio Gil Eannes, um antigo navio-hospital<br \/>\n\u2714\ufe0f Relaxar na Praia do Cabedelo, ideal para surfistas e kitesurfistas<\/p>\n<h3>Como fazer esse tour?<\/h3>\n<p>\ud83d\ude97 Carro alugado: 1 hora do Porto<br \/>\n\ud83d\ude86 Trem: 1h20 de viagem<br \/>\n\ud83d\ude8d Excurs\u00e3o guiada: Algumas combinam Viana do Castelo com Ponte de Lima<\/p>\n<p>\ud83d\udd39 Dica: Se visitar em agosto, n\u00e3o perca a Festa da Senhora da Agonia, uma das maiores festas populares de Portugal.<\/p>\n<p>&nbsp;<\/p>\n<table style=\"width: 732px; height: 210px;\">\n<tbody>\n<tr>\n<td style=\"width: 644.8px;\">\n<h3><img decoding=\"async\" class=\"alignleft wp-image-3974 lazyload\" data-src=\"https:\/\/celina-tours.com\/blog\/wp-content\/uploads\/2025\/02\/viana.jpg\" alt=\"\" width=\"182\" height=\"182\" src=\"data:image\/svg+xml;base64,PHN2ZyB3aWR0aD0iMSIgaGVpZ2h0PSIxIiB4bWxucz0iaHR0cDovL3d3dy53My5vcmcvMjAwMC9zdmciPjwvc3ZnPg==\" style=\"--smush-placeholder-width: 182px; --smush-placeholder-aspect-ratio: 182\/182;\" \/><br \/>\nTOUR PRIVADO VIANA<\/h3>\n<p><a href=\"https:\/\/celina-tours.com\/excursao-privada-viana-castelo-tour-porto.php\" target=\"_blank\" rel=\"noopener\">Tour Privado Viana &gt;&gt;&gt;<\/a><\/td>\n<\/tr>\n<\/tbody>\n<\/table>\n<h2>5. Serra da Estrela \u2013 Paisagens de Montanha e Neve \ud83c\udfd4\ufe0f\u2744\ufe0f<\/h2>\n<p><img decoding=\"async\" class=\"alignnone wp-image-5361 size-full lazyload\" data-src=\"https:\/\/celina-tours.com\/blog\/wp-content\/uploads\/2025\/02\/BLOG-4-224.jpg\" alt=\"\" width=\"600\" height=\"353\" data-srcset=\"https:\/\/celina-tours.com\/blog\/wp-content\/uploads\/2025\/02\/BLOG-4-224.jpg 600w, https:\/\/celina-tours.com\/blog\/wp-content\/uploads\/2025\/02\/BLOG-4-224-300x177.jpg 300w\" data-sizes=\"(max-width: 600px) 100vw, 600px\" src=\"data:image\/svg+xml;base64,PHN2ZyB3aWR0aD0iMSIgaGVpZ2h0PSIxIiB4bWxucz0iaHR0cDovL3d3dy53My5vcmcvMjAwMC9zdmciPjwvc3ZnPg==\" style=\"--smush-placeholder-width: 600px; --smush-placeholder-aspect-ratio: 600\/353;\" \/><\/p>\n<p>Se voc\u00ea quer um bate-volta diferente, a Serra da Estrela \u00e9 um \u00f3timo destino, especialmente no inverno, quando h\u00e1 neve.<\/p>\n<h3>O que fazer na Serra da Estrela?<\/h3>\n<p>\u2714\ufe0f Subir at\u00e9 a Torre, o ponto mais alto de Portugal Continental<br \/>\n\u2714\ufe0f Experimentar queijos e enchidos locais<br \/>\n\u2714\ufe0f Fazer trilhas e caminhadas na montanha<br \/>\n\u2714\ufe0f Aproveitar a neve e esquiar (no inverno)<\/p>\n<h3>Como fazer esse tour?<\/h3>\n<p>\ud83d\ude97 Carro alugado: 2h30 de viagem<br \/>\n\ud83d\ude8d Excurs\u00e3o guiada: Inclui transporte e paradas em diferentes pontos da serra<\/p>\n<p>\ud83d\udd39 Dica: Vista-se bem no inverno, pois as temperaturas podem ser muito baixas!<\/p>\n<h2>6. Santiago de Compostela \u2013 Tour Internacional \ud83c\uddea\ud83c\uddf8\u26ea<\/h2>\n<p><img decoding=\"async\" class=\"alignnone wp-image-5362 size-full lazyload\" data-src=\"https:\/\/celina-tours.com\/blog\/wp-content\/uploads\/2025\/02\/BLOG-4-225.jpg\" alt=\"\" width=\"600\" height=\"353\" data-srcset=\"https:\/\/celina-tours.com\/blog\/wp-content\/uploads\/2025\/02\/BLOG-4-225.jpg 600w, https:\/\/celina-tours.com\/blog\/wp-content\/uploads\/2025\/02\/BLOG-4-225-300x177.jpg 300w\" data-sizes=\"(max-width: 600px) 100vw, 600px\" src=\"data:image\/svg+xml;base64,PHN2ZyB3aWR0aD0iMSIgaGVpZ2h0PSIxIiB4bWxucz0iaHR0cDovL3d3dy53My5vcmcvMjAwMC9zdmciPjwvc3ZnPg==\" style=\"--smush-placeholder-width: 600px; --smush-placeholder-aspect-ratio: 600\/353;\" \/><\/p>\n<p>Se quiser sair de Portugal, Santiago de Compostela, na Espanha, \u00e9 um destino perfeito para um bate-volta religioso e cultural.<\/p>\n<h3>O que fazer em Santiago de Compostela?<\/h3>\n<p>\u2714\ufe0f Visitar a Catedral de Santiago, ponto final do Caminho de Santiago<br \/>\n\u2714\ufe0f Explorar o centro hist\u00f3rico, Patrim\u00f4nio da Humanidade pela UNESCO<br \/>\n\u2714\ufe0f Provar a Tarta de Santiago, um doce t\u00edpico de am\u00eandoa<\/p>\n<p>&nbsp;<\/p>\n<table style=\"width: 732px; height: 210px;\">\n<tbody>\n<tr>\n<td style=\"width: 644.8px;\">\n<h3><img decoding=\"async\" class=\"alignleft wp-image-3974 lazyload\" data-src=\"https:\/\/celina-tours.com\/blog\/wp-content\/uploads\/2025\/02\/santiago.jpg\" alt=\"\" width=\"182\" height=\"182\" src=\"data:image\/svg+xml;base64,PHN2ZyB3aWR0aD0iMSIgaGVpZ2h0PSIxIiB4bWxucz0iaHR0cDovL3d3dy53My5vcmcvMjAwMC9zdmciPjwvc3ZnPg==\" style=\"--smush-placeholder-width: 182px; --smush-placeholder-aspect-ratio: 182\/182;\" \/><br \/>\nTOUR PRIVADO SANTIAGO COMPOSTELA<\/h3>\n<p><a href=\"https:\/\/celina-tours.com\/excursao-privada-santiago-compostela-tour-porto.php\" target=\"_blank\" rel=\"noopener\">Tour Privado Santiago Compostela &gt;&gt;&gt;<\/a><\/td>\n<\/tr>\n<\/tbody>\n<\/table>\n<p>&nbsp;<\/p>\n<h2 data-start=\"5857\" data-end=\"5902\"><strong data-start=\"5860\" data-end=\"5900\">Conclus\u00e3o: Qual bate-volta escolher?<\/strong><\/h2>\n<table data-start=\"5904\" data-end=\"6648\">\n<thead data-start=\"5904\" data-end=\"6012\">\n<tr data-start=\"5904\" data-end=\"6012\">\n<th data-start=\"5904\" data-end=\"5918\"><strong data-start=\"5906\" data-end=\"5917\">Destino<\/strong><\/th>\n<th data-start=\"5918\" data-end=\"5936\"><strong data-start=\"5920\" data-end=\"5935\">Ideal para\u2026<\/strong><\/th>\n<th data-start=\"5936\" data-end=\"5961\"><strong data-start=\"5938\" data-end=\"5960\">Dist\u00e2ncia do Porto<\/strong><\/th>\n<th data-start=\"5961\" data-end=\"5986\"><strong data-start=\"5963\" data-end=\"5985\">Dura\u00e7\u00e3o do passeio<\/strong><\/th>\n<th data-start=\"5986\" data-end=\"6012\"><strong data-start=\"5988\" data-end=\"6010\">Melhor forma de ir<\/strong><\/th>\n<\/tr>\n<\/thead>\n<tbody data-start=\"6096\" data-end=\"6648\">\n<tr data-start=\"6096\" data-end=\"6182\">\n<td>\ud83c\udf77 <strong data-start=\"6101\" data-end=\"6118\">Vale do Douro<\/strong><\/td>\n<td>Amantes de vinho<\/td>\n<td>100-150 km<\/td>\n<td>Dia inteiro<\/td>\n<td>Carro ou tour<\/td>\n<\/tr>\n<tr data-start=\"6183\" data-end=\"6268\">\n<td>\u26ea <strong data-start=\"6187\" data-end=\"6208\">Braga e Guimar\u00e3es<\/strong><\/td>\n<td>Cultura e hist\u00f3ria<\/td>\n<td>55 km<\/td>\n<td>Dia inteiro<\/td>\n<td>Trem ou tour<\/td>\n<\/tr>\n<tr data-start=\"6269\" data-end=\"6371\">\n<td>\ud83d\udea3 <strong data-start=\"6274\" data-end=\"6297\">Aveiro e Costa Nova<\/strong><\/td>\n<td>Passeios rom\u00e2nticos<\/td>\n<td>75 km<\/td>\n<td>Meio dia ou dia inteiro<\/td>\n<td>Trem ou carro<\/td>\n<\/tr>\n<tr data-start=\"6372\" data-end=\"6468\">\n<td>\ud83c\udf0a <strong data-start=\"6377\" data-end=\"6397\">Viana do Castelo<\/strong><\/td>\n<td>Praias e cultura<\/td>\n<td>75 km<\/td>\n<td>Meio dia ou dia inteiro<\/td>\n<td>Carro ou trem<\/td>\n<\/tr>\n<tr data-start=\"6469\" data-end=\"6553\">\n<td>\u2744\ufe0f <strong data-start=\"6474\" data-end=\"6494\">Serra da Estrela<\/strong><\/td>\n<td>Natureza e neve<\/td>\n<td>200 km<\/td>\n<td>Dia inteiro<\/td>\n<td>Carro ou tour<\/td>\n<\/tr>\n<tr data-start=\"6554\" data-end=\"6648\">\n<td>\ud83c\uddea\ud83c\uddf8 <strong data-start=\"6561\" data-end=\"6587\">Santiago de Compostela<\/strong><\/td>\n<td>Turismo religioso<\/td>\n<td>230 km<\/td>\n<td>Dia inteiro<\/td>\n<td>Carro ou tour<\/td>\n<\/tr>\n<\/tbody>\n<\/table>\n<p data-start=\"6650\" data-end=\"6729\" data-is-last-node=\"\" data-is-only-node=\"\">Com tantas op\u00e7\u00f5es incr\u00edveis, <strong data-start=\"6679\" data-end=\"6725\">qual tour voc\u00ea gostaria de fazer primeiro?<\/strong> \ud83d\ude97\u2728<\/p>\n","protected":false},"excerpt":{"rendered":"<p>Melhores Tours de 1 Dia com Sa\u00edda e Retorno ao Porto \ud83d\ude97\ud83c\udff0\ud83c\udf77 O Porto \u00e9 uma cidade vibrante e cheia&hellip;<\/p>\n","protected":false},"author":1,"featured_media":5353,"comment_status":"closed","ping_status":"closed","sticky":false,"template":"","format":"standard","meta":{"om_disable_all_campaigns":false,"footnotes":""},"categories":[112],"tags":[],"class_list":["post-5351","post","type-post","status-publish","format-standard","has-post-thumbnail","hentry","category-informaces-diversas"],"yoast_head":"<!-- This site is optimized with the Yoast SEO plugin v27.0 - https:\/\/yoast.com\/product\/yoast-seo-wordpress\/ -->\n<title>Tours de 1 Dia com Sa\u00edda e volta ao Porto -<\/title>\n<meta name=\"description\" content=\"Tours de 1 Dia, partindo Porto. Estes Tours incluem Pick-Up e Drop-Off no Hotel no Porto, Visita Douro, prova de vinhos, e outros\" \/>\n<meta name=\"robots\" content=\"index, follow, max-snippet:-1, max-image-preview:large, max-video-preview:-1\" \/>\n<link rel=\"canonical\" href=\"https:\/\/celina-tours.com\/blog\/pt\/tours-de-1-dia-com-saida-e-volta-ao-porto\/\" \/>\n<meta property=\"og:locale\" content=\"pt_PT\" \/>\n<meta property=\"og:type\" content=\"article\" \/>\n<meta property=\"og:title\" content=\"Tours de 1 Dia com Sa\u00edda e volta ao Porto -\" \/>\n<meta property=\"og:description\" content=\"Tours de 1 Dia, partindo Porto. Estes Tours incluem Pick-Up e Drop-Off no Hotel no Porto, Visita Douro, prova de vinhos, e outros\" \/>\n<meta property=\"og:url\" content=\"https:\/\/celina-tours.com\/blog\/pt\/tours-de-1-dia-com-saida-e-volta-ao-porto\/\" \/>\n<meta property=\"article:publisher\" content=\"https:\/\/www.instagram.com\/celinatourspt\/\" \/>\n<meta property=\"article:published_time\" content=\"2025-02-23T19:40:26+00:00\" \/>\n<meta property=\"article:modified_time\" content=\"2025-02-26T22:27:02+00:00\" \/>\n<meta property=\"og:image\" content=\"https:\/\/celina-tours.com\/blog\/wp-content\/uploads\/2025\/02\/BLOG-4-218.jpg\" \/>\n\t<meta property=\"og:image:width\" content=\"600\" \/>\n\t<meta property=\"og:image:height\" content=\"353\" \/>\n\t<meta property=\"og:image:type\" content=\"image\/jpeg\" \/>\n<meta name=\"author\" content=\"ctours_blog\" \/>\n<meta name=\"twitter:card\" content=\"summary_large_image\" \/>\n<meta name=\"twitter:label1\" content=\"Escrito por\" \/>\n\t<meta name=\"twitter:data1\" content=\"ctours_blog\" \/>\n\t<meta name=\"twitter:label2\" content=\"Tempo estimado de leitura\" \/>\n\t<meta name=\"twitter:data2\" content=\"9 minutos\" \/>\n<script type=\"application\/ld+json\" class=\"yoast-schema-graph\">{\"@context\":\"https:\/\/schema.org\",\"@graph\":[{\"@type\":\"Article\",\"@id\":\"https:\/\/celina-tours.com\/blog\/pt\/tours-de-1-dia-com-saida-e-volta-ao-porto\/#article\",\"isPartOf\":{\"@id\":\"https:\/\/celina-tours.com\/blog\/pt\/tours-de-1-dia-com-saida-e-volta-ao-porto\/\"},\"author\":{\"name\":\"ctours_blog\",\"@id\":\"https:\/\/celina-tours.com\/blog\/#\/schema\/person\/e4611dfff819107474e643eb3c25e040\"},\"headline\":\"Tours de 1 Dia com Sa\u00edda e volta ao Porto\",\"datePublished\":\"2025-02-23T19:40:26+00:00\",\"dateModified\":\"2025-02-26T22:27:02+00:00\",\"mainEntityOfPage\":{\"@id\":\"https:\/\/celina-tours.com\/blog\/pt\/tours-de-1-dia-com-saida-e-volta-ao-porto\/\"},\"wordCount\":1033,\"publisher\":{\"@id\":\"https:\/\/celina-tours.com\/blog\/#organization\"},\"image\":{\"@id\":\"https:\/\/celina-tours.com\/blog\/pt\/tours-de-1-dia-com-saida-e-volta-ao-porto\/#primaryimage\"},\"thumbnailUrl\":\"https:\/\/celina-tours.com\/blog\/wp-content\/uploads\/2025\/02\/BLOG-4-218.jpg\",\"articleSection\":[\"Outras Informa\u00e7\u00f5es\"],\"inLanguage\":\"pt-PT\"},{\"@type\":\"WebPage\",\"@id\":\"https:\/\/celina-tours.com\/blog\/pt\/tours-de-1-dia-com-saida-e-volta-ao-porto\/\",\"url\":\"https:\/\/celina-tours.com\/blog\/pt\/tours-de-1-dia-com-saida-e-volta-ao-porto\/\",\"name\":\"Tours de 1 Dia com Sa\u00edda e volta ao Porto -\",\"isPartOf\":{\"@id\":\"https:\/\/celina-tours.com\/blog\/#website\"},\"primaryImageOfPage\":{\"@id\":\"https:\/\/celina-tours.com\/blog\/pt\/tours-de-1-dia-com-saida-e-volta-ao-porto\/#primaryimage\"},\"image\":{\"@id\":\"https:\/\/celina-tours.com\/blog\/pt\/tours-de-1-dia-com-saida-e-volta-ao-porto\/#primaryimage\"},\"thumbnailUrl\":\"https:\/\/celina-tours.com\/blog\/wp-content\/uploads\/2025\/02\/BLOG-4-218.jpg\",\"datePublished\":\"2025-02-23T19:40:26+00:00\",\"dateModified\":\"2025-02-26T22:27:02+00:00\",\"description\":\"Tours de 1 Dia, partindo Porto. Estes Tours incluem Pick-Up e Drop-Off no Hotel no Porto, Visita Douro, prova de vinhos, e outros\",\"breadcrumb\":{\"@id\":\"https:\/\/celina-tours.com\/blog\/pt\/tours-de-1-dia-com-saida-e-volta-ao-porto\/#breadcrumb\"},\"inLanguage\":\"pt-PT\",\"potentialAction\":[{\"@type\":\"ReadAction\",\"target\":[\"https:\/\/celina-tours.com\/blog\/pt\/tours-de-1-dia-com-saida-e-volta-ao-porto\/\"]}]},{\"@type\":\"ImageObject\",\"inLanguage\":\"pt-PT\",\"@id\":\"https:\/\/celina-tours.com\/blog\/pt\/tours-de-1-dia-com-saida-e-volta-ao-porto\/#primaryimage\",\"url\":\"https:\/\/celina-tours.com\/blog\/wp-content\/uploads\/2025\/02\/BLOG-4-218.jpg\",\"contentUrl\":\"https:\/\/celina-tours.com\/blog\/wp-content\/uploads\/2025\/02\/BLOG-4-218.jpg\",\"width\":600,\"height\":353},{\"@type\":\"BreadcrumbList\",\"@id\":\"https:\/\/celina-tours.com\/blog\/pt\/tours-de-1-dia-com-saida-e-volta-ao-porto\/#breadcrumb\",\"itemListElement\":[{\"@type\":\"ListItem\",\"position\":1,\"name\":\"In\u00edcio\",\"item\":\"https:\/\/celina-tours.com\/blog\/pt\/\"},{\"@type\":\"ListItem\",\"position\":2,\"name\":\"Tours de 1 Dia com Sa\u00edda e volta ao Porto\"}]},{\"@type\":\"WebSite\",\"@id\":\"https:\/\/celina-tours.com\/blog\/#website\",\"url\":\"https:\/\/celina-tours.com\/blog\/\",\"name\":\"Celina Tours\",\"description\":\"\",\"publisher\":{\"@id\":\"https:\/\/celina-tours.com\/blog\/#organization\"},\"potentialAction\":[{\"@type\":\"SearchAction\",\"target\":{\"@type\":\"EntryPoint\",\"urlTemplate\":\"https:\/\/celina-tours.com\/blog\/?s={search_term_string}\"},\"query-input\":{\"@type\":\"PropertyValueSpecification\",\"valueRequired\":true,\"valueName\":\"search_term_string\"}}],\"inLanguage\":\"pt-PT\"},{\"@type\":\"Organization\",\"@id\":\"https:\/\/celina-tours.com\/blog\/#organization\",\"name\":\"Celina Tours\",\"url\":\"https:\/\/celina-tours.com\/blog\/\",\"logo\":{\"@type\":\"ImageObject\",\"inLanguage\":\"pt-PT\",\"@id\":\"https:\/\/celina-tours.com\/blog\/#\/schema\/logo\/image\/\",\"url\":\"https:\/\/celina-tours.com\/blog\/wp-content\/uploads\/2025\/01\/cropped-1-1.png\",\"contentUrl\":\"https:\/\/celina-tours.com\/blog\/wp-content\/uploads\/2025\/01\/cropped-1-1.png\",\"width\":300,\"height\":94,\"caption\":\"Celina Tours\"},\"image\":{\"@id\":\"https:\/\/celina-tours.com\/blog\/#\/schema\/logo\/image\/\"},\"sameAs\":[\"https:\/\/www.instagram.com\/celinatourspt\/\"]},{\"@type\":\"Person\",\"@id\":\"https:\/\/celina-tours.com\/blog\/#\/schema\/person\/e4611dfff819107474e643eb3c25e040\",\"name\":\"ctours_blog\",\"sameAs\":[\"https:\/\/celina-tours.com\/blog\"],\"url\":\"https:\/\/celina-tours.com\/blog\/author\/ctours_blog\/\"}]}<\/script>\n<!-- \/ Yoast SEO plugin. -->","yoast_head_json":{"title":"Tours de 1 Dia com Sa\u00edda e volta ao Porto -","description":"Tours de 1 Dia, partindo Porto. Estes Tours incluem Pick-Up e Drop-Off no Hotel no Porto, Visita Douro, prova de vinhos, e outros","robots":{"index":"index","follow":"follow","max-snippet":"max-snippet:-1","max-image-preview":"max-image-preview:large","max-video-preview":"max-video-preview:-1"},"canonical":"https:\/\/celina-tours.com\/blog\/pt\/tours-de-1-dia-com-saida-e-volta-ao-porto\/","og_locale":"pt_PT","og_type":"article","og_title":"Tours de 1 Dia com Sa\u00edda e volta ao Porto -","og_description":"Tours de 1 Dia, partindo Porto. Estes Tours incluem Pick-Up e Drop-Off no Hotel no Porto, Visita Douro, prova de vinhos, e outros","og_url":"https:\/\/celina-tours.com\/blog\/pt\/tours-de-1-dia-com-saida-e-volta-ao-porto\/","article_publisher":"https:\/\/www.instagram.com\/celinatourspt\/","article_published_time":"2025-02-23T19:40:26+00:00","article_modified_time":"2025-02-26T22:27:02+00:00","og_image":[{"width":600,"height":353,"url":"https:\/\/celina-tours.com\/blog\/wp-content\/uploads\/2025\/02\/BLOG-4-218.jpg","type":"image\/jpeg"}],"author":"ctours_blog","twitter_card":"summary_large_image","twitter_misc":{"Escrito por":"ctours_blog","Tempo estimado de leitura":"9 minutos"},"schema":{"@context":"https:\/\/schema.org","@graph":[{"@type":"Article","@id":"https:\/\/celina-tours.com\/blog\/pt\/tours-de-1-dia-com-saida-e-volta-ao-porto\/#article","isPartOf":{"@id":"https:\/\/celina-tours.com\/blog\/pt\/tours-de-1-dia-com-saida-e-volta-ao-porto\/"},"author":{"name":"ctours_blog","@id":"https:\/\/celina-tours.com\/blog\/#\/schema\/person\/e4611dfff819107474e643eb3c25e040"},"headline":"Tours de 1 Dia com Sa\u00edda e volta ao Porto","datePublished":"2025-02-23T19:40:26+00:00","dateModified":"2025-02-26T22:27:02+00:00","mainEntityOfPage":{"@id":"https:\/\/celina-tours.com\/blog\/pt\/tours-de-1-dia-com-saida-e-volta-ao-porto\/"},"wordCount":1033,"publisher":{"@id":"https:\/\/celina-tours.com\/blog\/#organization"},"image":{"@id":"https:\/\/celina-tours.com\/blog\/pt\/tours-de-1-dia-com-saida-e-volta-ao-porto\/#primaryimage"},"thumbnailUrl":"https:\/\/celina-tours.com\/blog\/wp-content\/uploads\/2025\/02\/BLOG-4-218.jpg","articleSection":["Outras Informa\u00e7\u00f5es"],"inLanguage":"pt-PT"},{"@type":"WebPage","@id":"https:\/\/celina-tours.com\/blog\/pt\/tours-de-1-dia-com-saida-e-volta-ao-porto\/","url":"https:\/\/celina-tours.com\/blog\/pt\/tours-de-1-dia-com-saida-e-volta-ao-porto\/","name":"Tours de 1 Dia com Sa\u00edda e volta ao Porto -","isPartOf":{"@id":"https:\/\/celina-tours.com\/blog\/#website"},"primaryImageOfPage":{"@id":"https:\/\/celina-tours.com\/blog\/pt\/tours-de-1-dia-com-saida-e-volta-ao-porto\/#primaryimage"},"image":{"@id":"https:\/\/celina-tours.com\/blog\/pt\/tours-de-1-dia-com-saida-e-volta-ao-porto\/#primaryimage"},"thumbnailUrl":"https:\/\/celina-tours.com\/blog\/wp-content\/uploads\/2025\/02\/BLOG-4-218.jpg","datePublished":"2025-02-23T19:40:26+00:00","dateModified":"2025-02-26T22:27:02+00:00","description":"Tours de 1 Dia, partindo Porto. Estes Tours incluem Pick-Up e Drop-Off no Hotel no Porto, Visita Douro, prova de vinhos, e outros","breadcrumb":{"@id":"https:\/\/celina-tours.com\/blog\/pt\/tours-de-1-dia-com-saida-e-volta-ao-porto\/#breadcrumb"},"inLanguage":"pt-PT","potentialAction":[{"@type":"ReadAction","target":["https:\/\/celina-tours.com\/blog\/pt\/tours-de-1-dia-com-saida-e-volta-ao-porto\/"]}]},{"@type":"ImageObject","inLanguage":"pt-PT","@id":"https:\/\/celina-tours.com\/blog\/pt\/tours-de-1-dia-com-saida-e-volta-ao-porto\/#primaryimage","url":"https:\/\/celina-tours.com\/blog\/wp-content\/uploads\/2025\/02\/BLOG-4-218.jpg","contentUrl":"https:\/\/celina-tours.com\/blog\/wp-content\/uploads\/2025\/02\/BLOG-4-218.jpg","width":600,"height":353},{"@type":"BreadcrumbList","@id":"https:\/\/celina-tours.com\/blog\/pt\/tours-de-1-dia-com-saida-e-volta-ao-porto\/#breadcrumb","itemListElement":[{"@type":"ListItem","position":1,"name":"In\u00edcio","item":"https:\/\/celina-tours.com\/blog\/pt\/"},{"@type":"ListItem","position":2,"name":"Tours de 1 Dia com Sa\u00edda e volta ao Porto"}]},{"@type":"WebSite","@id":"https:\/\/celina-tours.com\/blog\/#website","url":"https:\/\/celina-tours.com\/blog\/","name":"Celina Tours","description":"","publisher":{"@id":"https:\/\/celina-tours.com\/blog\/#organization"},"potentialAction":[{"@type":"SearchAction","target":{"@type":"EntryPoint","urlTemplate":"https:\/\/celina-tours.com\/blog\/?s={search_term_string}"},"query-input":{"@type":"PropertyValueSpecification","valueRequired":true,"valueName":"search_term_string"}}],"inLanguage":"pt-PT"},{"@type":"Organization","@id":"https:\/\/celina-tours.com\/blog\/#organization","name":"Celina Tours","url":"https:\/\/celina-tours.com\/blog\/","logo":{"@type":"ImageObject","inLanguage":"pt-PT","@id":"https:\/\/celina-tours.com\/blog\/#\/schema\/logo\/image\/","url":"https:\/\/celina-tours.com\/blog\/wp-content\/uploads\/2025\/01\/cropped-1-1.png","contentUrl":"https:\/\/celina-tours.com\/blog\/wp-content\/uploads\/2025\/01\/cropped-1-1.png","width":300,"height":94,"caption":"Celina Tours"},"image":{"@id":"https:\/\/celina-tours.com\/blog\/#\/schema\/logo\/image\/"},"sameAs":["https:\/\/www.instagram.com\/celinatourspt\/"]},{"@type":"Person","@id":"https:\/\/celina-tours.com\/blog\/#\/schema\/person\/e4611dfff819107474e643eb3c25e040","name":"ctours_blog","sameAs":["https:\/\/celina-tours.com\/blog"],"url":"https:\/\/celina-tours.com\/blog\/author\/ctours_blog\/"}]}},"_links":{"self":[{"href":"https:\/\/celina-tours.com\/blog\/wp-json\/wp\/v2\/posts\/5351","targetHints":{"allow":["GET"]}}],"collection":[{"href":"https:\/\/celina-tours.com\/blog\/wp-json\/wp\/v2\/posts"}],"about":[{"href":"https:\/\/celina-tours.com\/blog\/wp-json\/wp\/v2\/types\/post"}],"author":[{"embeddable":true,"href":"https:\/\/celina-tours.com\/blog\/wp-json\/wp\/v2\/users\/1"}],"replies":[{"embeddable":true,"href":"https:\/\/celina-tours.com\/blog\/wp-json\/wp\/v2\/comments?post=5351"}],"version-history":[{"count":7,"href":"https:\/\/celina-tours.com\/blog\/wp-json\/wp\/v2\/posts\/5351\/revisions"}],"predecessor-version":[{"id":5499,"href":"https:\/\/celina-tours.com\/blog\/wp-json\/wp\/v2\/posts\/5351\/revisions\/5499"}],"wp:featuredmedia":[{"embeddable":true,"href":"https:\/\/celina-tours.com\/blog\/wp-json\/wp\/v2\/media\/5353"}],"wp:attachment":[{"href":"https:\/\/celina-tours.com\/blog\/wp-json\/wp\/v2\/media?parent=5351"}],"wp:term":[{"taxonomy":"category","embeddable":true,"href":"https:\/\/celina-tours.com\/blog\/wp-json\/wp\/v2\/categories?post=5351"},{"taxonomy":"post_tag","embeddable":true,"href":"https:\/\/celina-tours.com\/blog\/wp-json\/wp\/v2\/tags?post=5351"}],"curies":[{"name":"wp","href":"https:\/\/api.w.org\/{rel}","templated":true}]}}