{"id":5281,"date":"2025-02-21T16:51:33","date_gmt":"2025-02-21T16:51:33","guid":{"rendered":"https:\/\/celina-tours.com\/blog\/?p=5281"},"modified":"2026-01-07T09:16:42","modified_gmt":"2026-01-07T09:16:42","slug":"que-voir-faire-porto-visite-porto","status":"publish","type":"post","link":"https:\/\/celina-tours.com\/blog\/fr\/que-voir-faire-porto-visite-porto\/","title":{"rendered":"Que Voir et Faire \u00e0 Porto"},"content":{"rendered":"<h2>Que Voir et Faire \u00e0 Porto : Un Guide Complet<\/h2>\n<p>Porto, la deuxi\u00e8me plus grande ville du Portugal, est une destination fascinante, riche en histoire, en culture et en paysages magnifiques. Bord\u00e9e par le fleuve Douro, cette ville offre un m\u00e9lange harmonieux entre tradition et modernit\u00e9, captivant ses visiteurs avec son charme unique. Que vous souhaitiez fl\u00e2ner dans ses ruelles pav\u00e9es, d\u00e9guster un verre de vin de Porto ou admirer son architecture impressionnante, Porto a de quoi s\u00e9duire tout le monde.<\/p>\n<p>Dans ce guide d\u00e9taill\u00e9, d\u00e9couvrez les meilleures attractions et exp\u00e9riences incontournables \u00e0 Porto.<\/p>\n<h2>1. Se Promener dans la Ribeira et le Long du Douro<\/h2>\n<p><img decoding=\"async\" class=\"alignnone wp-image-5287 size-full lazyload\" data-src=\"https:\/\/celina-tours.com\/blog\/wp-content\/uploads\/2025\/02\/BLOG-4-198.jpg\" alt=\"\" width=\"600\" height=\"353\" data-srcset=\"https:\/\/celina-tours.com\/blog\/wp-content\/uploads\/2025\/02\/BLOG-4-198.jpg 600w, https:\/\/celina-tours.com\/blog\/wp-content\/uploads\/2025\/02\/BLOG-4-198-300x177.jpg 300w\" data-sizes=\"(max-width: 600px) 100vw, 600px\" src=\"data:image\/svg+xml;base64,PHN2ZyB3aWR0aD0iMSIgaGVpZ2h0PSIxIiB4bWxucz0iaHR0cDovL3d3dy53My5vcmcvMjAwMC9zdmciPjwvc3ZnPg==\" style=\"--smush-placeholder-width: 600px; --smush-placeholder-aspect-ratio: 600\/353;\" \/><\/p>\n<p>Le quartier de la Ribeira est l\u2019un des plus embl\u00e9matiques et pittoresques de Porto. Avec ses fa\u00e7ades color\u00e9es, ses restaurants au bord du fleuve et sa vue imprenable sur Vila Nova de Gaia, c\u2019est l\u2019endroit id\u00e9al pour une balade agr\u00e9able.<\/p>\n<h3>\u00c0 faire absolument :<\/h3>\n<p>Se promener le long du Douro et photographier les maisons traditionnelles.<br \/>\nS\u2019installer en terrasse et savourer un repas local.<br \/>\nAdmirer le coucher du soleil en sirotant un verre de vin de Porto.<\/p>\n<h2>2. Visiter la Librairie Lello<\/h2>\n<p><img decoding=\"async\" class=\"alignnone wp-image-5288 size-full lazyload\" data-src=\"https:\/\/celina-tours.com\/blog\/wp-content\/uploads\/2025\/02\/BLOG-4-199.jpg\" alt=\"\" width=\"600\" height=\"353\" data-srcset=\"https:\/\/celina-tours.com\/blog\/wp-content\/uploads\/2025\/02\/BLOG-4-199.jpg 600w, https:\/\/celina-tours.com\/blog\/wp-content\/uploads\/2025\/02\/BLOG-4-199-300x177.jpg 300w\" data-sizes=\"(max-width: 600px) 100vw, 600px\" src=\"data:image\/svg+xml;base64,PHN2ZyB3aWR0aD0iMSIgaGVpZ2h0PSIxIiB4bWxucz0iaHR0cDovL3d3dy53My5vcmcvMjAwMC9zdmciPjwvc3ZnPg==\" style=\"--smush-placeholder-width: 600px; --smush-placeholder-aspect-ratio: 600\/353;\" \/><\/p>\n<p>Consid\u00e9r\u00e9e comme l\u2019une des plus belles librairies du monde, la Livraria Lello est c\u00e9l\u00e8bre pour son architecture n\u00e9o-gothique et son impressionnant escalier rouge. On dit qu\u2019elle a inspir\u00e9 J.K. Rowling pour la biblioth\u00e8que de Harry Potter.<\/p>\n<p><strong>Conseil pratique :<\/strong> Achetez votre billet \u00e0 l\u2019avance en ligne pour \u00e9viter la file d\u2019attente. Le montant de l\u2019entr\u00e9e peut \u00eatre d\u00e9duit de l\u2019achat d\u2019un livre.<\/p>\n<h2>3. Explorer la Gare de S\u00e3o Bento<\/h2>\n<p><img decoding=\"async\" class=\"alignnone wp-image-5289 size-full lazyload\" data-src=\"https:\/\/celina-tours.com\/blog\/wp-content\/uploads\/2025\/02\/BLOG-4-200.jpg\" alt=\"\" width=\"600\" height=\"353\" data-srcset=\"https:\/\/celina-tours.com\/blog\/wp-content\/uploads\/2025\/02\/BLOG-4-200.jpg 600w, https:\/\/celina-tours.com\/blog\/wp-content\/uploads\/2025\/02\/BLOG-4-200-300x177.jpg 300w\" data-sizes=\"(max-width: 600px) 100vw, 600px\" src=\"data:image\/svg+xml;base64,PHN2ZyB3aWR0aD0iMSIgaGVpZ2h0PSIxIiB4bWxucz0iaHR0cDovL3d3dy53My5vcmcvMjAwMC9zdmciPjwvc3ZnPg==\" style=\"--smush-placeholder-width: 600px; --smush-placeholder-aspect-ratio: 600\/353;\" \/><\/p>\n<p>La Gare de S\u00e3o Bento est une merveille architecturale qui vaut le d\u00e9tour. Son hall principal est d\u00e9cor\u00e9 de plus de 20 000 azulejos peints par l\u2019artiste Jorge Cola\u00e7o, racontant des sc\u00e8nes historiques du Portugal.<\/p>\n<h3>\u00c0 ne pas manquer :<\/h3>\n<p>Contempler les magnifiques panneaux d\u2019azulejos.<br \/>\nProfiter de la gare comme point de d\u00e9part pour explorer d\u2019autres villes portugaises.<\/p>\n<h2>4. Grimper en Haut de la Tour des Clercs<\/h2>\n<p><img decoding=\"async\" class=\"alignnone wp-image-5290 size-full lazyload\" data-src=\"https:\/\/celina-tours.com\/blog\/wp-content\/uploads\/2025\/02\/BLOG-4-201.jpg\" alt=\"\" width=\"600\" height=\"353\" data-srcset=\"https:\/\/celina-tours.com\/blog\/wp-content\/uploads\/2025\/02\/BLOG-4-201.jpg 600w, https:\/\/celina-tours.com\/blog\/wp-content\/uploads\/2025\/02\/BLOG-4-201-300x177.jpg 300w\" data-sizes=\"(max-width: 600px) 100vw, 600px\" src=\"data:image\/svg+xml;base64,PHN2ZyB3aWR0aD0iMSIgaGVpZ2h0PSIxIiB4bWxucz0iaHR0cDovL3d3dy53My5vcmcvMjAwMC9zdmciPjwvc3ZnPg==\" style=\"--smush-placeholder-width: 600px; --smush-placeholder-aspect-ratio: 600\/353;\" \/><\/p>\n<p>La Tour des Clercs (Torre dos Cl\u00e9rigos) est l\u2019un des symboles de Porto. Con\u00e7ue par l\u2019architecte italien Nicolau Nasoni au XVIIIe si\u00e8cle, cette tour offre une vue panoramique exceptionnelle sur la ville.<\/p>\n<h3>Pourquoi visiter ?<\/h3>\n<p>Gravir les 225 marches pour admirer un panorama \u00e9poustouflant.<br \/>\nD\u00e9couvrir l\u2019\u00e9glise baroque des Clercs, attenante \u00e0 la tour.<\/p>\n<p>&nbsp;<\/p>\n<table style=\"width: 732px; height: 210px;\">\n<tbody>\n<tr>\n<td style=\"width: 644.8px;\">\n<h3><img decoding=\"async\" class=\"alignleft wp-image-3974 lazyload\" data-src=\"https:\/\/celina-tours.com\/blog\/wp-content\/uploads\/2025\/02\/porto.jpg\" alt=\"\" width=\"182\" height=\"182\" src=\"data:image\/svg+xml;base64,PHN2ZyB3aWR0aD0iMSIgaGVpZ2h0PSIxIiB4bWxucz0iaHR0cDovL3d3dy53My5vcmcvMjAwMC9zdmciPjwvc3ZnPg==\" style=\"--smush-placeholder-width: 182px; --smush-placeholder-aspect-ratio: 182\/182;\" \/><br \/>\nPRIVATE TOUR PORTO<\/h3>\n<p><a href=\"https:\/\/celina-tours.com\/eng-private-tour-porto.php\" target=\"_blank\" rel=\"noopener\">Private Tour PORTO Wine Tasting &gt;&gt;&gt;<\/a><\/td>\n<\/tr>\n<\/tbody>\n<\/table>\n<h2>5. Se Balader sur l\u2019Avenida dos Aliados<\/h2>\n<p><img decoding=\"async\" class=\"alignnone wp-image-5291 size-full lazyload\" data-src=\"https:\/\/celina-tours.com\/blog\/wp-content\/uploads\/2025\/02\/BLOG-4-202.jpg\" alt=\"\" width=\"600\" height=\"353\" data-srcset=\"https:\/\/celina-tours.com\/blog\/wp-content\/uploads\/2025\/02\/BLOG-4-202.jpg 600w, https:\/\/celina-tours.com\/blog\/wp-content\/uploads\/2025\/02\/BLOG-4-202-300x177.jpg 300w\" data-sizes=\"(max-width: 600px) 100vw, 600px\" src=\"data:image\/svg+xml;base64,PHN2ZyB3aWR0aD0iMSIgaGVpZ2h0PSIxIiB4bWxucz0iaHR0cDovL3d3dy53My5vcmcvMjAwMC9zdmciPjwvc3ZnPg==\" style=\"--smush-placeholder-width: 600px; --smush-placeholder-aspect-ratio: 600\/353;\" \/><\/p>\n<p>L\u2019Avenida dos Aliados est le c\u0153ur battant de Porto, bord\u00e9e de b\u00e2timents majestueux et du Pal\u00e1cio do Concelho (H\u00f4tel de Ville). C\u2019est un excellent point de d\u00e9part pour explorer le centre historique.<\/p>\n<h3>Que faire ici ?<\/h3>\n<p>Prendre des photos devant la statue de Dom Pedro IV.<br \/>\nD\u00e9couvrir le McDonald&#8217;s Imp\u00e9rial, l\u2019un des plus beaux McDonald&#8217;s du monde.<br \/>\nAssister \u00e0 des \u00e9v\u00e9nements culturels organis\u00e9s sur la place.<\/p>\n<table style=\"width: 732px; height: 210px;\">\n<tbody>\n<tr>\n<td style=\"width: 644.8px;\">\n<h3><img decoding=\"async\" class=\"alignleft wp-image-3974 lazyload\" data-src=\"https:\/\/celina-tours.com\/blog\/wp-content\/uploads\/2026\/01\/portov.jpg\" alt=\"\" width=\"182\" height=\"182\" src=\"data:image\/svg+xml;base64,PHN2ZyB3aWR0aD0iMSIgaGVpZ2h0PSIxIiB4bWxucz0iaHR0cDovL3d3dy53My5vcmcvMjAwMC9zdmciPjwvc3ZnPg==\" style=\"--smush-placeholder-width: 182px; --smush-placeholder-aspect-ratio: 182\/182;\" \/><br \/>\nVisites gastronomiques \u00e0 Porto<\/h3>\n<p><a href=\"https:\/\/celina-tours.com\/fr-expriences-bateau-helicoptere-porto.php#a1\" target=\"_blank\" rel=\"noopener\">Visites gastronomiques \u00e0 Porto &gt;&gt;&gt;<\/a><\/td>\n<\/tr>\n<\/tbody>\n<\/table>\n<h2>6. D\u00e9guster du Vin de Porto dans les Caves de Vila Nova de Gaia<\/h2>\n<p><img decoding=\"async\" class=\"alignnone wp-image-5292 size-full lazyload\" data-src=\"https:\/\/celina-tours.com\/blog\/wp-content\/uploads\/2025\/02\/BLOG-4-203.jpg\" alt=\"\" width=\"600\" height=\"353\" data-srcset=\"https:\/\/celina-tours.com\/blog\/wp-content\/uploads\/2025\/02\/BLOG-4-203.jpg 600w, https:\/\/celina-tours.com\/blog\/wp-content\/uploads\/2025\/02\/BLOG-4-203-300x177.jpg 300w\" data-sizes=\"(max-width: 600px) 100vw, 600px\" src=\"data:image\/svg+xml;base64,PHN2ZyB3aWR0aD0iMSIgaGVpZ2h0PSIxIiB4bWxucz0iaHR0cDovL3d3dy53My5vcmcvMjAwMC9zdmciPjwvc3ZnPg==\" style=\"--smush-placeholder-width: 600px; --smush-placeholder-aspect-ratio: 600\/353;\" \/><\/p>\n<p>Aucune visite \u00e0 Porto ne serait compl\u00e8te sans une d\u00e9gustation de vin de Porto. Les meilleures caves se trouvent \u00e0 Vila Nova de Gaia, de l\u2019autre c\u00f4t\u00e9 du fleuve Douro.<\/p>\n<h3>Quelques caves renomm\u00e9es :<\/h3>\n<p>Sandeman<br \/>\nTaylor\u2019s<br \/>\nGraham\u2019s<br \/>\nC\u00e1lem<\/p>\n<p>En plus de la d\u00e9gustation, vous en apprendrez davantage sur le processus de production et l\u2019histoire de ce vin unique.<\/p>\n<p>&nbsp;<\/p>\n<h3><span class=\"HwtZe\" lang=\"fr\"><span class=\"jCAhz ChMk0b\"><span class=\"ryNqvb\">Nos suggestions<\/span><\/span><\/span><\/h3>\n<div data-vi-partner-id=\"P00241970\" data-vi-widget-ref=\"W-e5e40ba4-54f0-4a46-8c6a-c7322c613a1f\"><\/div>\n<p><script async src=\"https:\/\/www.viator.com\/orion\/partner\/widget.js\"><\/script><\/p>\n<p>&nbsp;<\/p>\n<h2>7. Traverser le Pont Dom Lu\u00eds I<\/h2>\n<p><img decoding=\"async\" class=\"alignnone wp-image-5293 size-full lazyload\" data-src=\"https:\/\/celina-tours.com\/blog\/wp-content\/uploads\/2025\/02\/BLOG-4-204.jpg\" alt=\"\" width=\"600\" height=\"353\" data-srcset=\"https:\/\/celina-tours.com\/blog\/wp-content\/uploads\/2025\/02\/BLOG-4-204.jpg 600w, https:\/\/celina-tours.com\/blog\/wp-content\/uploads\/2025\/02\/BLOG-4-204-300x177.jpg 300w\" data-sizes=\"(max-width: 600px) 100vw, 600px\" src=\"data:image\/svg+xml;base64,PHN2ZyB3aWR0aD0iMSIgaGVpZ2h0PSIxIiB4bWxucz0iaHR0cDovL3d3dy53My5vcmcvMjAwMC9zdmciPjwvc3ZnPg==\" style=\"--smush-placeholder-width: 600px; --smush-placeholder-aspect-ratio: 600\/353;\" \/><\/p>\n<p>Le Pont Dom Lu\u00eds I, con\u00e7u par un disciple de Gustave Eiffel, est l\u2019un des symboles les plus c\u00e9l\u00e8bres de Porto. Il relie la ville \u00e0 Vila Nova de Gaia et poss\u00e8de deux niveaux :<\/p>\n<p>Le tablier sup\u00e9rieur : r\u00e9serv\u00e9 aux pi\u00e9tons et au m\u00e9tro, offrant une vue panoramique.<br \/>\nLe tablier inf\u00e9rieur : utilis\u00e9 par les voitures et les pi\u00e9tons, plus proche de l\u2019eau.<\/p>\n<p><strong>Conseil :<\/strong> Traversez par le haut au coucher du soleil pour une vue spectaculaire !<\/p>\n<h2>8. D\u00e9couvrir la Cath\u00e9drale de Porto (S\u00e9 do Porto)<\/h2>\n<p><img decoding=\"async\" class=\"alignnone wp-image-5294 size-full lazyload\" data-src=\"https:\/\/celina-tours.com\/blog\/wp-content\/uploads\/2025\/02\/BLOG-4-205.jpg\" alt=\"\" width=\"600\" height=\"353\" data-srcset=\"https:\/\/celina-tours.com\/blog\/wp-content\/uploads\/2025\/02\/BLOG-4-205.jpg 600w, https:\/\/celina-tours.com\/blog\/wp-content\/uploads\/2025\/02\/BLOG-4-205-300x177.jpg 300w\" data-sizes=\"(max-width: 600px) 100vw, 600px\" src=\"data:image\/svg+xml;base64,PHN2ZyB3aWR0aD0iMSIgaGVpZ2h0PSIxIiB4bWxucz0iaHR0cDovL3d3dy53My5vcmcvMjAwMC9zdmciPjwvc3ZnPg==\" style=\"--smush-placeholder-width: 600px; --smush-placeholder-aspect-ratio: 600\/353;\" \/><\/p>\n<p>La S\u00e9 do Porto est l\u2019un des \u00e9difices religieux les plus importants de la ville. Situ\u00e9e sur les hauteurs du centre historique, elle affiche un m\u00e9lange d\u2019architecture romane, gothique et baroque.<\/p>\n<h3>\u00c0 voir absolument :<\/h3>\n<p>Le clo\u00eetre d\u00e9cor\u00e9 de superbes azulejos.<br \/>\nLa vue panoramique depuis le parvis de la cath\u00e9drale.<br \/>\nL\u2019int\u00e9rieur orn\u00e9 d\u2019\u00e9l\u00e9ments baroques impressionnants.<\/p>\n<p>&nbsp;<\/p>\n<table style=\"width: 732px; height: 210px;\">\n<tbody>\n<tr>\n<td style=\"width: 644.8px;\">\n<h3><img decoding=\"async\" class=\"alignleft wp-image-3974 lazyload\" data-src=\"https:\/\/celina-tours.com\/blog\/wp-content\/uploads\/2025\/02\/douro.jpg\" alt=\"\" width=\"182\" height=\"182\" src=\"data:image\/svg+xml;base64,PHN2ZyB3aWR0aD0iMSIgaGVpZ2h0PSIxIiB4bWxucz0iaHR0cDovL3d3dy53My5vcmcvMjAwMC9zdmciPjwvc3ZnPg==\" style=\"--smush-placeholder-width: 182px; --smush-placeholder-aspect-ratio: 182\/182;\" \/><br \/>\nVISITES PRIV\u00c9E DOURO<\/h3>\n<p><a href=\"https:\/\/celina-tours.com\/fr-visite-privee-vallee-douro-excursion-depuis-porto.php\" target=\"_blank\" rel=\"noopener\">Visite Priv\u00e9e &#8211; Douro et d\u00e9gustation de vins &gt;&gt;&gt;<\/a><\/td>\n<\/tr>\n<\/tbody>\n<\/table>\n<h2>9. Visiter le Palais de la Bourse (Pal\u00e1cio da Bolsa)<\/h2>\n<p><img decoding=\"async\" class=\"alignnone wp-image-5295 size-full lazyload\" data-src=\"https:\/\/celina-tours.com\/blog\/wp-content\/uploads\/2025\/02\/BLOG-4-206.jpg\" alt=\"\" width=\"600\" height=\"353\" data-srcset=\"https:\/\/celina-tours.com\/blog\/wp-content\/uploads\/2025\/02\/BLOG-4-206.jpg 600w, https:\/\/celina-tours.com\/blog\/wp-content\/uploads\/2025\/02\/BLOG-4-206-300x177.jpg 300w\" data-sizes=\"(max-width: 600px) 100vw, 600px\" src=\"data:image\/svg+xml;base64,PHN2ZyB3aWR0aD0iMSIgaGVpZ2h0PSIxIiB4bWxucz0iaHR0cDovL3d3dy53My5vcmcvMjAwMC9zdmciPjwvc3ZnPg==\" style=\"--smush-placeholder-width: 600px; --smush-placeholder-aspect-ratio: 600\/353;\" \/><\/p>\n<p>Construit au XIXe si\u00e8cle, le Pal\u00e1cio da Bolsa est un chef-d&#8217;\u0153uvre architectural au c\u0153ur de Porto. Son int\u00e9rieur somptueux contraste avec sa fa\u00e7ade plus sobre.<\/p>\n<h3>Les incontournables :<\/h3>\n<p>Le magnifique Salon Arabe, inspir\u00e9 de l\u2019architecture mauresque.<br \/>\nLa Salle des Nations, o\u00f9 se d\u00e9roulaient les n\u00e9gociations commerciales.<\/p>\n<h2>10. Se D\u00e9tendre dans les Jardins du Palais de Cristal<\/h2>\n<p><img decoding=\"async\" class=\"alignnone wp-image-5296 size-full lazyload\" data-src=\"https:\/\/celina-tours.com\/blog\/wp-content\/uploads\/2025\/02\/BLOG-4-207.jpg\" alt=\"\" width=\"600\" height=\"353\" data-srcset=\"https:\/\/celina-tours.com\/blog\/wp-content\/uploads\/2025\/02\/BLOG-4-207.jpg 600w, https:\/\/celina-tours.com\/blog\/wp-content\/uploads\/2025\/02\/BLOG-4-207-300x177.jpg 300w\" data-sizes=\"(max-width: 600px) 100vw, 600px\" src=\"data:image\/svg+xml;base64,PHN2ZyB3aWR0aD0iMSIgaGVpZ2h0PSIxIiB4bWxucz0iaHR0cDovL3d3dy53My5vcmcvMjAwMC9zdmciPjwvc3ZnPg==\" style=\"--smush-placeholder-width: 600px; --smush-placeholder-aspect-ratio: 600\/353;\" \/><\/p>\n<p>Si vous cherchez un moment de tranquillit\u00e9, les Jardins du Palais de Cristal sont une option parfaite. En plus de la v\u00e9g\u00e9tation luxuriante, ils offrent une vue spectaculaire sur le Douro.<\/p>\n<h3>\u00c0 faire :<\/h3>\n<p>Se promener parmi les fontaines et sculptures.<br \/>\nVisiter la biblioth\u00e8que Almeida Garrett.<br \/>\nAdmirer le panorama sur le fleuve et Vila Nova de Gaia.<\/p>\n<h2>11. D\u00e9couvrir la Casa da M\u00fasica<\/h2>\n<p><img decoding=\"async\" class=\"alignnone wp-image-5297 size-full lazyload\" data-src=\"https:\/\/celina-tours.com\/blog\/wp-content\/uploads\/2025\/02\/BLOG-4-208.jpg\" alt=\"\" width=\"600\" height=\"353\" data-srcset=\"https:\/\/celina-tours.com\/blog\/wp-content\/uploads\/2025\/02\/BLOG-4-208.jpg 600w, https:\/\/celina-tours.com\/blog\/wp-content\/uploads\/2025\/02\/BLOG-4-208-300x177.jpg 300w\" data-sizes=\"(max-width: 600px) 100vw, 600px\" src=\"data:image\/svg+xml;base64,PHN2ZyB3aWR0aD0iMSIgaGVpZ2h0PSIxIiB4bWxucz0iaHR0cDovL3d3dy53My5vcmcvMjAwMC9zdmciPjwvc3ZnPg==\" style=\"--smush-placeholder-width: 600px; --smush-placeholder-aspect-ratio: 600\/353;\" \/><\/p>\n<p>La Casa da M\u00fasica, con\u00e7ue par l\u2019architecte Rem Koolhaas, est un chef-d&#8217;\u0153uvre contemporain d\u00e9di\u00e9 \u00e0 la musique.<\/p>\n<h3>Que faire ?<\/h3>\n<p>Assister \u00e0 un concert.<br \/>\nFaire une visite guid\u00e9e pour en apprendre plus sur son architecture.<\/p>\n<h2>12. Go\u00fbter la Francesinha<\/h2>\n<p><img decoding=\"async\" class=\"alignnone wp-image-5298 size-full lazyload\" data-src=\"https:\/\/celina-tours.com\/blog\/wp-content\/uploads\/2025\/02\/BLOG-4-209.jpg\" alt=\"\" width=\"600\" height=\"353\" data-srcset=\"https:\/\/celina-tours.com\/blog\/wp-content\/uploads\/2025\/02\/BLOG-4-209.jpg 600w, https:\/\/celina-tours.com\/blog\/wp-content\/uploads\/2025\/02\/BLOG-4-209-300x177.jpg 300w\" data-sizes=\"(max-width: 600px) 100vw, 600px\" src=\"data:image\/svg+xml;base64,PHN2ZyB3aWR0aD0iMSIgaGVpZ2h0PSIxIiB4bWxucz0iaHR0cDovL3d3dy53My5vcmcvMjAwMC9zdmciPjwvc3ZnPg==\" style=\"--smush-placeholder-width: 600px; --smush-placeholder-aspect-ratio: 600\/353;\" \/><\/p>\n<p>La Francesinha est un plat incontournable de Porto. Ce sandwich gourmand est garni de viandes, recouvert de fromage fondu et arros\u00e9 d\u2019une sauce \u00e9pic\u00e9e \u00e0 base de tomate et de bi\u00e8re.<\/p>\n<h3>O\u00f9 manger une bonne Francesinha ?<\/h3>\n<p>Caf\u00e9 Santiago<br \/>\nCervejaria Bras\u00e3o<br \/>\nBufete Fase<\/p>\n<h2>13. Explorer la Foz do Douro<\/h2>\n<p><img decoding=\"async\" class=\"alignnone wp-image-5299 size-full lazyload\" data-src=\"https:\/\/celina-tours.com\/blog\/wp-content\/uploads\/2025\/02\/BLOG-4-210.jpg\" alt=\"\" width=\"600\" height=\"353\" data-srcset=\"https:\/\/celina-tours.com\/blog\/wp-content\/uploads\/2025\/02\/BLOG-4-210.jpg 600w, https:\/\/celina-tours.com\/blog\/wp-content\/uploads\/2025\/02\/BLOG-4-210-300x177.jpg 300w\" data-sizes=\"(max-width: 600px) 100vw, 600px\" src=\"data:image\/svg+xml;base64,PHN2ZyB3aWR0aD0iMSIgaGVpZ2h0PSIxIiB4bWxucz0iaHR0cDovL3d3dy53My5vcmcvMjAwMC9zdmciPjwvc3ZnPg==\" style=\"--smush-placeholder-width: 600px; --smush-placeholder-aspect-ratio: 600\/353;\" \/><\/p>\n<p>Si vous souhaitez voir l\u2019oc\u00e9an Atlantique, direction Foz do Douro, un quartier chic avec des plages et une promenade agr\u00e9able.<\/p>\n<h3>Que faire ?<\/h3>\n<p>Se balader le long du Passeio Alegre.<br \/>\nVisiter le Phare de Felgueiras.<br \/>\nProfiter des caf\u00e9s et restaurants en bord de mer.<\/p>\n<h2>14. D\u00e9couvrir le March\u00e9 du Bolh\u00e3o<\/h2>\n<p><img decoding=\"async\" class=\"alignnone wp-image-5300 size-full lazyload\" data-src=\"https:\/\/celina-tours.com\/blog\/wp-content\/uploads\/2025\/02\/BLOG-4-211.jpg\" alt=\"\" width=\"600\" height=\"353\" data-srcset=\"https:\/\/celina-tours.com\/blog\/wp-content\/uploads\/2025\/02\/BLOG-4-211.jpg 600w, https:\/\/celina-tours.com\/blog\/wp-content\/uploads\/2025\/02\/BLOG-4-211-300x177.jpg 300w\" data-sizes=\"(max-width: 600px) 100vw, 600px\" src=\"data:image\/svg+xml;base64,PHN2ZyB3aWR0aD0iMSIgaGVpZ2h0PSIxIiB4bWxucz0iaHR0cDovL3d3dy53My5vcmcvMjAwMC9zdmciPjwvc3ZnPg==\" style=\"--smush-placeholder-width: 600px; --smush-placeholder-aspect-ratio: 600\/353;\" \/><\/p>\n<p>Le Mercado do Bolh\u00e3o, r\u00e9cemment r\u00e9nov\u00e9, est un march\u00e9 traditionnel o\u00f9 vous trouverez des produits frais, des fromages, du vin et bien plus encore.<\/p>\n<h3>\u00c0 ne pas manquer :<\/h3>\n<p>D\u00e9guster des sp\u00e9cialit\u00e9s locales.<br \/>\nDiscuter avec les commer\u00e7ants et d\u00e9couvrir la culture portugaise.<\/p>\n<h2>15. Faire une Croisi\u00e8re sur le Douro<\/h2>\n<p><img decoding=\"async\" class=\"alignnone wp-image-5301 size-full lazyload\" data-src=\"https:\/\/celina-tours.com\/blog\/wp-content\/uploads\/2025\/02\/BLOG-4-212.jpg\" alt=\"\" width=\"600\" height=\"353\" data-srcset=\"https:\/\/celina-tours.com\/blog\/wp-content\/uploads\/2025\/02\/BLOG-4-212.jpg 600w, https:\/\/celina-tours.com\/blog\/wp-content\/uploads\/2025\/02\/BLOG-4-212-300x177.jpg 300w\" data-sizes=\"(max-width: 600px) 100vw, 600px\" src=\"data:image\/svg+xml;base64,PHN2ZyB3aWR0aD0iMSIgaGVpZ2h0PSIxIiB4bWxucz0iaHR0cDovL3d3dy53My5vcmcvMjAwMC9zdmciPjwvc3ZnPg==\" style=\"--smush-placeholder-width: 600px; --smush-placeholder-aspect-ratio: 600\/353;\" \/><\/p>\n<p>Une croisi\u00e8re sur le Douro est une exp\u00e9rience inoubliable. Diff\u00e9rentes options sont propos\u00e9es, des balades d\u2019une heure aux excursions d\u2019une journ\u00e9e enti\u00e8re dans la Vall\u00e9e du Douro, c\u00e9l\u00e8bre pour ses vignobles.<\/p>\n<h3><span class=\"HwtZe\" lang=\"fr\"><span class=\"jCAhz ChMk0b\"><span class=\"ryNqvb\">Nos suggestions<\/span><\/span><\/span><\/h3>\n<p>&nbsp;<\/p>\n<div data-vi-partner-id=\"P00241970\" data-vi-widget-ref=\"W-94ef8364-f7f2-4aa8-a0a2-3c9a87e67369\"><\/div>\n<p><script async src=\"https:\/\/www.viator.com\/orion\/partner\/widget.js\"><\/script><\/p>\n<p>&nbsp;<\/p>\n<p>Conseil : Optez pour la croisi\u00e8re des Six Ponts pour admirer la ville sous un autre angle.<\/p>\n<p>Porto est une ville vibrante, pleine de charme et de surprises. Avec tant d\u2019attractions et d\u2019exp\u00e9riences incroyables, il est impossible de ne pas tomber sous son charme. Il ne vous reste plus qu\u2019\u00e0 planifier votre voyage et \u00e0 profiter de tout ce que la ville Invicta a \u00e0 offrir ! \ud83d\ude80<\/p>\n","protected":false},"excerpt":{"rendered":"<p>Que Voir et Faire \u00e0 Porto : Un Guide Complet Porto, la deuxi\u00e8me plus grande ville du Portugal, est une&hellip;<\/p>\n","protected":false},"author":1,"featured_media":5277,"comment_status":"closed","ping_status":"closed","sticky":false,"template":"","format":"standard","meta":{"om_disable_all_campaigns":false,"footnotes":""},"categories":[193],"tags":[],"class_list":["post-5281","post","type-post","status-publish","format-standard","has-post-thumbnail","hentry","category-nord-portugal"],"yoast_head":"<!-- This site is optimized with the Yoast SEO plugin v27.0 - https:\/\/yoast.com\/product\/yoast-seo-wordpress\/ -->\n<title>Que voir et faire \u00e0 Porto Suggestions pour visiter Porto<\/title>\n<meta name=\"description\" content=\"Itin\u00e9raire pour visiter Porto : Jour 1 March\u00e9 de Bolh\u00e3o Avenue Aliados Librairie Lello &amp; Irm\u00e3o Tour des Clercs entre autres\" \/>\n<meta name=\"robots\" content=\"index, follow, max-snippet:-1, max-image-preview:large, max-video-preview:-1\" \/>\n<link rel=\"canonical\" href=\"https:\/\/celina-tours.com\/blog\/fr\/que-voir-faire-porto-visite-porto\/\" \/>\n<meta property=\"og:locale\" content=\"pt_PT\" \/>\n<meta property=\"og:type\" content=\"article\" \/>\n<meta property=\"og:title\" content=\"Que voir et faire \u00e0 Porto Suggestions pour visiter Porto\" \/>\n<meta property=\"og:description\" content=\"Itin\u00e9raire pour visiter Porto : Jour 1 March\u00e9 de Bolh\u00e3o Avenue Aliados Librairie Lello &amp; Irm\u00e3o Tour des Clercs entre autres\" \/>\n<meta property=\"og:url\" content=\"https:\/\/celina-tours.com\/blog\/fr\/que-voir-faire-porto-visite-porto\/\" \/>\n<meta property=\"article:publisher\" content=\"https:\/\/www.instagram.com\/celinatourspt\/\" \/>\n<meta property=\"article:published_time\" content=\"2025-02-21T16:51:33+00:00\" \/>\n<meta property=\"article:modified_time\" content=\"2026-01-07T09:16:42+00:00\" \/>\n<meta property=\"og:image\" content=\"https:\/\/celina-tours.com\/blog\/wp-content\/uploads\/2025\/02\/BLOG-4-197.jpg\" \/>\n\t<meta property=\"og:image:width\" content=\"600\" \/>\n\t<meta property=\"og:image:height\" content=\"353\" \/>\n\t<meta property=\"og:image:type\" content=\"image\/jpeg\" \/>\n<meta name=\"author\" content=\"ctours_blog\" \/>\n<meta name=\"twitter:card\" content=\"summary_large_image\" \/>\n<meta name=\"twitter:label1\" content=\"Escrito por\" \/>\n\t<meta name=\"twitter:data1\" content=\"ctours_blog\" \/>\n\t<meta name=\"twitter:label2\" content=\"Tempo estimado de leitura\" \/>\n\t<meta name=\"twitter:data2\" content=\"10 minutos\" \/>\n<script type=\"application\/ld+json\" class=\"yoast-schema-graph\">{\"@context\":\"https:\/\/schema.org\",\"@graph\":[{\"@type\":\"Article\",\"@id\":\"https:\/\/celina-tours.com\/blog\/fr\/que-voir-faire-porto-visite-porto\/#article\",\"isPartOf\":{\"@id\":\"https:\/\/celina-tours.com\/blog\/fr\/que-voir-faire-porto-visite-porto\/\"},\"author\":{\"name\":\"ctours_blog\",\"@id\":\"https:\/\/celina-tours.com\/blog\/#\/schema\/person\/e4611dfff819107474e643eb3c25e040\"},\"headline\":\"Que Voir et Faire \u00e0 Porto\",\"datePublished\":\"2025-02-21T16:51:33+00:00\",\"dateModified\":\"2026-01-07T09:16:42+00:00\",\"mainEntityOfPage\":{\"@id\":\"https:\/\/celina-tours.com\/blog\/fr\/que-voir-faire-porto-visite-porto\/\"},\"wordCount\":1242,\"publisher\":{\"@id\":\"https:\/\/celina-tours.com\/blog\/#organization\"},\"image\":{\"@id\":\"https:\/\/celina-tours.com\/blog\/fr\/que-voir-faire-porto-visite-porto\/#primaryimage\"},\"thumbnailUrl\":\"https:\/\/celina-tours.com\/blog\/wp-content\/uploads\/2025\/02\/BLOG-4-197.jpg\",\"articleSection\":[\"Nord du Portugal\"],\"inLanguage\":\"pt-PT\"},{\"@type\":\"WebPage\",\"@id\":\"https:\/\/celina-tours.com\/blog\/fr\/que-voir-faire-porto-visite-porto\/\",\"url\":\"https:\/\/celina-tours.com\/blog\/fr\/que-voir-faire-porto-visite-porto\/\",\"name\":\"Que voir et faire \u00e0 Porto Suggestions pour visiter Porto\",\"isPartOf\":{\"@id\":\"https:\/\/celina-tours.com\/blog\/#website\"},\"primaryImageOfPage\":{\"@id\":\"https:\/\/celina-tours.com\/blog\/fr\/que-voir-faire-porto-visite-porto\/#primaryimage\"},\"image\":{\"@id\":\"https:\/\/celina-tours.com\/blog\/fr\/que-voir-faire-porto-visite-porto\/#primaryimage\"},\"thumbnailUrl\":\"https:\/\/celina-tours.com\/blog\/wp-content\/uploads\/2025\/02\/BLOG-4-197.jpg\",\"datePublished\":\"2025-02-21T16:51:33+00:00\",\"dateModified\":\"2026-01-07T09:16:42+00:00\",\"description\":\"Itin\u00e9raire pour visiter Porto : Jour 1 March\u00e9 de Bolh\u00e3o Avenue Aliados Librairie Lello & Irm\u00e3o Tour des Clercs entre autres\",\"breadcrumb\":{\"@id\":\"https:\/\/celina-tours.com\/blog\/fr\/que-voir-faire-porto-visite-porto\/#breadcrumb\"},\"inLanguage\":\"pt-PT\",\"potentialAction\":[{\"@type\":\"ReadAction\",\"target\":[\"https:\/\/celina-tours.com\/blog\/fr\/que-voir-faire-porto-visite-porto\/\"]}]},{\"@type\":\"ImageObject\",\"inLanguage\":\"pt-PT\",\"@id\":\"https:\/\/celina-tours.com\/blog\/fr\/que-voir-faire-porto-visite-porto\/#primaryimage\",\"url\":\"https:\/\/celina-tours.com\/blog\/wp-content\/uploads\/2025\/02\/BLOG-4-197.jpg\",\"contentUrl\":\"https:\/\/celina-tours.com\/blog\/wp-content\/uploads\/2025\/02\/BLOG-4-197.jpg\",\"width\":600,\"height\":353},{\"@type\":\"BreadcrumbList\",\"@id\":\"https:\/\/celina-tours.com\/blog\/fr\/que-voir-faire-porto-visite-porto\/#breadcrumb\",\"itemListElement\":[{\"@type\":\"ListItem\",\"position\":1,\"name\":\"In\u00edcio\",\"item\":\"https:\/\/celina-tours.com\/blog\/pt\/\"},{\"@type\":\"ListItem\",\"position\":2,\"name\":\"Que Voir et Faire \u00e0 Porto\"}]},{\"@type\":\"WebSite\",\"@id\":\"https:\/\/celina-tours.com\/blog\/#website\",\"url\":\"https:\/\/celina-tours.com\/blog\/\",\"name\":\"Celina Tours\",\"description\":\"\",\"publisher\":{\"@id\":\"https:\/\/celina-tours.com\/blog\/#organization\"},\"potentialAction\":[{\"@type\":\"SearchAction\",\"target\":{\"@type\":\"EntryPoint\",\"urlTemplate\":\"https:\/\/celina-tours.com\/blog\/?s={search_term_string}\"},\"query-input\":{\"@type\":\"PropertyValueSpecification\",\"valueRequired\":true,\"valueName\":\"search_term_string\"}}],\"inLanguage\":\"pt-PT\"},{\"@type\":\"Organization\",\"@id\":\"https:\/\/celina-tours.com\/blog\/#organization\",\"name\":\"Celina Tours\",\"url\":\"https:\/\/celina-tours.com\/blog\/\",\"logo\":{\"@type\":\"ImageObject\",\"inLanguage\":\"pt-PT\",\"@id\":\"https:\/\/celina-tours.com\/blog\/#\/schema\/logo\/image\/\",\"url\":\"https:\/\/celina-tours.com\/blog\/wp-content\/uploads\/2025\/01\/cropped-1-1.png\",\"contentUrl\":\"https:\/\/celina-tours.com\/blog\/wp-content\/uploads\/2025\/01\/cropped-1-1.png\",\"width\":300,\"height\":94,\"caption\":\"Celina Tours\"},\"image\":{\"@id\":\"https:\/\/celina-tours.com\/blog\/#\/schema\/logo\/image\/\"},\"sameAs\":[\"https:\/\/www.instagram.com\/celinatourspt\/\"]},{\"@type\":\"Person\",\"@id\":\"https:\/\/celina-tours.com\/blog\/#\/schema\/person\/e4611dfff819107474e643eb3c25e040\",\"name\":\"ctours_blog\",\"sameAs\":[\"https:\/\/celina-tours.com\/blog\"],\"url\":\"https:\/\/celina-tours.com\/blog\/author\/ctours_blog\/\"}]}<\/script>\n<!-- \/ Yoast SEO plugin. -->","yoast_head_json":{"title":"Que voir et faire \u00e0 Porto Suggestions pour visiter Porto","description":"Itin\u00e9raire pour visiter Porto : Jour 1 March\u00e9 de Bolh\u00e3o Avenue Aliados Librairie Lello & Irm\u00e3o Tour des Clercs entre autres","robots":{"index":"index","follow":"follow","max-snippet":"max-snippet:-1","max-image-preview":"max-image-preview:large","max-video-preview":"max-video-preview:-1"},"canonical":"https:\/\/celina-tours.com\/blog\/fr\/que-voir-faire-porto-visite-porto\/","og_locale":"pt_PT","og_type":"article","og_title":"Que voir et faire \u00e0 Porto Suggestions pour visiter Porto","og_description":"Itin\u00e9raire pour visiter Porto : Jour 1 March\u00e9 de Bolh\u00e3o Avenue Aliados Librairie Lello & Irm\u00e3o Tour des Clercs entre autres","og_url":"https:\/\/celina-tours.com\/blog\/fr\/que-voir-faire-porto-visite-porto\/","article_publisher":"https:\/\/www.instagram.com\/celinatourspt\/","article_published_time":"2025-02-21T16:51:33+00:00","article_modified_time":"2026-01-07T09:16:42+00:00","og_image":[{"width":600,"height":353,"url":"https:\/\/celina-tours.com\/blog\/wp-content\/uploads\/2025\/02\/BLOG-4-197.jpg","type":"image\/jpeg"}],"author":"ctours_blog","twitter_card":"summary_large_image","twitter_misc":{"Escrito por":"ctours_blog","Tempo estimado de leitura":"10 minutos"},"schema":{"@context":"https:\/\/schema.org","@graph":[{"@type":"Article","@id":"https:\/\/celina-tours.com\/blog\/fr\/que-voir-faire-porto-visite-porto\/#article","isPartOf":{"@id":"https:\/\/celina-tours.com\/blog\/fr\/que-voir-faire-porto-visite-porto\/"},"author":{"name":"ctours_blog","@id":"https:\/\/celina-tours.com\/blog\/#\/schema\/person\/e4611dfff819107474e643eb3c25e040"},"headline":"Que Voir et Faire \u00e0 Porto","datePublished":"2025-02-21T16:51:33+00:00","dateModified":"2026-01-07T09:16:42+00:00","mainEntityOfPage":{"@id":"https:\/\/celina-tours.com\/blog\/fr\/que-voir-faire-porto-visite-porto\/"},"wordCount":1242,"publisher":{"@id":"https:\/\/celina-tours.com\/blog\/#organization"},"image":{"@id":"https:\/\/celina-tours.com\/blog\/fr\/que-voir-faire-porto-visite-porto\/#primaryimage"},"thumbnailUrl":"https:\/\/celina-tours.com\/blog\/wp-content\/uploads\/2025\/02\/BLOG-4-197.jpg","articleSection":["Nord du Portugal"],"inLanguage":"pt-PT"},{"@type":"WebPage","@id":"https:\/\/celina-tours.com\/blog\/fr\/que-voir-faire-porto-visite-porto\/","url":"https:\/\/celina-tours.com\/blog\/fr\/que-voir-faire-porto-visite-porto\/","name":"Que voir et faire \u00e0 Porto Suggestions pour visiter Porto","isPartOf":{"@id":"https:\/\/celina-tours.com\/blog\/#website"},"primaryImageOfPage":{"@id":"https:\/\/celina-tours.com\/blog\/fr\/que-voir-faire-porto-visite-porto\/#primaryimage"},"image":{"@id":"https:\/\/celina-tours.com\/blog\/fr\/que-voir-faire-porto-visite-porto\/#primaryimage"},"thumbnailUrl":"https:\/\/celina-tours.com\/blog\/wp-content\/uploads\/2025\/02\/BLOG-4-197.jpg","datePublished":"2025-02-21T16:51:33+00:00","dateModified":"2026-01-07T09:16:42+00:00","description":"Itin\u00e9raire pour visiter Porto : Jour 1 March\u00e9 de Bolh\u00e3o Avenue Aliados Librairie Lello & Irm\u00e3o Tour des Clercs entre autres","breadcrumb":{"@id":"https:\/\/celina-tours.com\/blog\/fr\/que-voir-faire-porto-visite-porto\/#breadcrumb"},"inLanguage":"pt-PT","potentialAction":[{"@type":"ReadAction","target":["https:\/\/celina-tours.com\/blog\/fr\/que-voir-faire-porto-visite-porto\/"]}]},{"@type":"ImageObject","inLanguage":"pt-PT","@id":"https:\/\/celina-tours.com\/blog\/fr\/que-voir-faire-porto-visite-porto\/#primaryimage","url":"https:\/\/celina-tours.com\/blog\/wp-content\/uploads\/2025\/02\/BLOG-4-197.jpg","contentUrl":"https:\/\/celina-tours.com\/blog\/wp-content\/uploads\/2025\/02\/BLOG-4-197.jpg","width":600,"height":353},{"@type":"BreadcrumbList","@id":"https:\/\/celina-tours.com\/blog\/fr\/que-voir-faire-porto-visite-porto\/#breadcrumb","itemListElement":[{"@type":"ListItem","position":1,"name":"In\u00edcio","item":"https:\/\/celina-tours.com\/blog\/pt\/"},{"@type":"ListItem","position":2,"name":"Que Voir et Faire \u00e0 Porto"}]},{"@type":"WebSite","@id":"https:\/\/celina-tours.com\/blog\/#website","url":"https:\/\/celina-tours.com\/blog\/","name":"Celina Tours","description":"","publisher":{"@id":"https:\/\/celina-tours.com\/blog\/#organization"},"potentialAction":[{"@type":"SearchAction","target":{"@type":"EntryPoint","urlTemplate":"https:\/\/celina-tours.com\/blog\/?s={search_term_string}"},"query-input":{"@type":"PropertyValueSpecification","valueRequired":true,"valueName":"search_term_string"}}],"inLanguage":"pt-PT"},{"@type":"Organization","@id":"https:\/\/celina-tours.com\/blog\/#organization","name":"Celina Tours","url":"https:\/\/celina-tours.com\/blog\/","logo":{"@type":"ImageObject","inLanguage":"pt-PT","@id":"https:\/\/celina-tours.com\/blog\/#\/schema\/logo\/image\/","url":"https:\/\/celina-tours.com\/blog\/wp-content\/uploads\/2025\/01\/cropped-1-1.png","contentUrl":"https:\/\/celina-tours.com\/blog\/wp-content\/uploads\/2025\/01\/cropped-1-1.png","width":300,"height":94,"caption":"Celina Tours"},"image":{"@id":"https:\/\/celina-tours.com\/blog\/#\/schema\/logo\/image\/"},"sameAs":["https:\/\/www.instagram.com\/celinatourspt\/"]},{"@type":"Person","@id":"https:\/\/celina-tours.com\/blog\/#\/schema\/person\/e4611dfff819107474e643eb3c25e040","name":"ctours_blog","sameAs":["https:\/\/celina-tours.com\/blog"],"url":"https:\/\/celina-tours.com\/blog\/author\/ctours_blog\/"}]}},"_links":{"self":[{"href":"https:\/\/celina-tours.com\/blog\/wp-json\/wp\/v2\/posts\/5281","targetHints":{"allow":["GET"]}}],"collection":[{"href":"https:\/\/celina-tours.com\/blog\/wp-json\/wp\/v2\/posts"}],"about":[{"href":"https:\/\/celina-tours.com\/blog\/wp-json\/wp\/v2\/types\/post"}],"author":[{"embeddable":true,"href":"https:\/\/celina-tours.com\/blog\/wp-json\/wp\/v2\/users\/1"}],"replies":[{"embeddable":true,"href":"https:\/\/celina-tours.com\/blog\/wp-json\/wp\/v2\/comments?post=5281"}],"version-history":[{"count":6,"href":"https:\/\/celina-tours.com\/blog\/wp-json\/wp\/v2\/posts\/5281\/revisions"}],"predecessor-version":[{"id":6141,"href":"https:\/\/celina-tours.com\/blog\/wp-json\/wp\/v2\/posts\/5281\/revisions\/6141"}],"wp:featuredmedia":[{"embeddable":true,"href":"https:\/\/celina-tours.com\/blog\/wp-json\/wp\/v2\/media\/5277"}],"wp:attachment":[{"href":"https:\/\/celina-tours.com\/blog\/wp-json\/wp\/v2\/media?parent=5281"}],"wp:term":[{"taxonomy":"category","embeddable":true,"href":"https:\/\/celina-tours.com\/blog\/wp-json\/wp\/v2\/categories?post=5281"},{"taxonomy":"post_tag","embeddable":true,"href":"https:\/\/celina-tours.com\/blog\/wp-json\/wp\/v2\/tags?post=5281"}],"curies":[{"name":"wp","href":"https:\/\/api.w.org\/{rel}","templated":true}]}}