{"id":5276,"date":"2025-02-21T16:51:33","date_gmt":"2025-02-21T16:51:33","guid":{"rendered":"https:\/\/celina-tours.com\/blog\/?p=5276"},"modified":"2026-01-07T09:19:12","modified_gmt":"2026-01-07T09:19:12","slug":"o-que-ver-e-fazer-no-porto-um-guia-completo-para-visitar-a-cidade","status":"publish","type":"post","link":"https:\/\/celina-tours.com\/blog\/pt\/o-que-ver-e-fazer-no-porto-um-guia-completo-para-visitar-a-cidade\/","title":{"rendered":"O Que Ver e Fazer no Porto um guia Completo para Visitar a Cidade"},"content":{"rendered":"<h2>O Que Ver e Fazer no Porto: Um Guia Completo<\/h2>\n<p>O Porto, a segunda maior cidade de Portugal, \u00e9 um destino encantador repleto de hist\u00f3ria, cultura e paisagens deslumbrantes. Banhada pelo rio Douro, a cidade combina a tradi\u00e7\u00e3o com a modernidade, oferecendo aos visitantes uma experi\u00eancia \u00fanica. Seja explorando ruas de paralelep\u00edpedos, provando vinhos famosos ou admirando a arquitetura ic\u00f4nica, h\u00e1 sempre algo especial para ver e fazer no Porto.<\/p>\n<p>Neste guia detalhado, apresentamos as melhores atra\u00e7\u00f5es, atividades e experi\u00eancias que voc\u00ea n\u00e3o pode perder ao visitar a &#8220;Invicta&#8221;, como a cidade \u00e9 carinhosamente chamada.<\/p>\n<h2>1. Passear pela Ribeira e Beira do Douro<\/h2>\n<p><img decoding=\"async\" class=\"alignnone wp-image-5287 size-full lazyload\" data-src=\"https:\/\/celina-tours.com\/blog\/wp-content\/uploads\/2025\/02\/BLOG-4-198.jpg\" alt=\"\" width=\"600\" height=\"353\" data-srcset=\"https:\/\/celina-tours.com\/blog\/wp-content\/uploads\/2025\/02\/BLOG-4-198.jpg 600w, https:\/\/celina-tours.com\/blog\/wp-content\/uploads\/2025\/02\/BLOG-4-198-300x177.jpg 300w\" data-sizes=\"(max-width: 600px) 100vw, 600px\" src=\"data:image\/svg+xml;base64,PHN2ZyB3aWR0aD0iMSIgaGVpZ2h0PSIxIiB4bWxucz0iaHR0cDovL3d3dy53My5vcmcvMjAwMC9zdmciPjwvc3ZnPg==\" style=\"--smush-placeholder-width: 600px; --smush-placeholder-aspect-ratio: 600\/353;\" \/><\/p>\n<p>A Ribeira \u00e9 um dos bairros mais emblem\u00e1ticos e pitorescos do Porto. Com as suas casas coloridas, restaurantes \u00e0 beira do rio e uma vista deslumbrante para Vila Nova de Gaia, esta zona \u00e9 perfeita para um passeio relaxante.<\/p>\n<h3>O que fazer?<\/h3>\n<p>Caminhar pelas margens do Douro e tirar fotos das fachadas tradicionais.<br \/>\nExperimentar um prato t\u00edpico num dos restaurantes \u00e0 beira-rio.<br \/>\nApreciar o p\u00f4r do sol enquanto saboreia um vinho do Porto.<\/p>\n<h2>2. Visitar a Livraria Lello<\/h2>\n<p><img decoding=\"async\" class=\"alignnone wp-image-5288 size-full lazyload\" data-src=\"https:\/\/celina-tours.com\/blog\/wp-content\/uploads\/2025\/02\/BLOG-4-199.jpg\" alt=\"\" width=\"600\" height=\"353\" data-srcset=\"https:\/\/celina-tours.com\/blog\/wp-content\/uploads\/2025\/02\/BLOG-4-199.jpg 600w, https:\/\/celina-tours.com\/blog\/wp-content\/uploads\/2025\/02\/BLOG-4-199-300x177.jpg 300w\" data-sizes=\"(max-width: 600px) 100vw, 600px\" src=\"data:image\/svg+xml;base64,PHN2ZyB3aWR0aD0iMSIgaGVpZ2h0PSIxIiB4bWxucz0iaHR0cDovL3d3dy53My5vcmcvMjAwMC9zdmciPjwvc3ZnPg==\" style=\"--smush-placeholder-width: 600px; --smush-placeholder-aspect-ratio: 600\/353;\" \/><\/p>\n<p>Considerada uma das livrarias mais bonitas do mundo, a Livraria Lello encanta com sua arquitetura neog\u00f3tica, sua famosa escadaria vermelha e sua liga\u00e7\u00e3o com a saga Harry Potter \u2013 diz-se que J.K. Rowling se inspirou aqui para criar a biblioteca de Hogwarts.<\/p>\n<p>Dica: Para evitar filas, compre o ingresso antecipadamente online. O valor pago pode ser descontado na compra de um livro.<\/p>\n<h2>3. Explorar a Esta\u00e7\u00e3o de S\u00e3o Bento<\/h2>\n<p><img decoding=\"async\" class=\"alignnone wp-image-5289 size-full lazyload\" data-src=\"https:\/\/celina-tours.com\/blog\/wp-content\/uploads\/2025\/02\/BLOG-4-200.jpg\" alt=\"\" width=\"600\" height=\"353\" data-srcset=\"https:\/\/celina-tours.com\/blog\/wp-content\/uploads\/2025\/02\/BLOG-4-200.jpg 600w, https:\/\/celina-tours.com\/blog\/wp-content\/uploads\/2025\/02\/BLOG-4-200-300x177.jpg 300w\" data-sizes=\"(max-width: 600px) 100vw, 600px\" src=\"data:image\/svg+xml;base64,PHN2ZyB3aWR0aD0iMSIgaGVpZ2h0PSIxIiB4bWxucz0iaHR0cDovL3d3dy53My5vcmcvMjAwMC9zdmciPjwvc3ZnPg==\" style=\"--smush-placeholder-width: 600px; --smush-placeholder-aspect-ratio: 600\/353;\" \/><\/p>\n<p>A Esta\u00e7\u00e3o de S\u00e3o Bento \u00e9 um dos pontos tur\u00edsticos mais impressionantes do Porto. Seu hall principal est\u00e1 decorado com mais de 20.000 azulejos pintados pelo artista Jorge Cola\u00e7o, que retratam cenas hist\u00f3ricas de Portugal.<\/p>\n<h3>Destaques:<\/h3>\n<p>Admirar os pain\u00e9is de azulejos que contam a hist\u00f3ria do pa\u00eds.<br \/>\nAproveitar a esta\u00e7\u00e3o como ponto de partida para explorar outras regi\u00f5es de Portugal.<\/p>\n<table style=\"width: 732px; height: 210px;\">\n<tbody>\n<tr>\n<td style=\"width: 644.8px;\">\n<h3><img decoding=\"async\" class=\"alignleft wp-image-3974 lazyload\" data-src=\"https:\/\/celina-tours.com\/blog\/wp-content\/uploads\/2025\/02\/porto.jpg\" alt=\"\" width=\"182\" height=\"182\" src=\"data:image\/svg+xml;base64,PHN2ZyB3aWR0aD0iMSIgaGVpZ2h0PSIxIiB4bWxucz0iaHR0cDovL3d3dy53My5vcmcvMjAwMC9zdmciPjwvc3ZnPg==\" style=\"--smush-placeholder-width: 182px; --smush-placeholder-aspect-ratio: 182\/182;\" \/><br \/>\nTOUR PRIVADO PORTO<\/h3>\n<p><a href=\"https:\/\/celina-tours.com\/excursao-privada-porto-city-tour.php\" target=\"_blank\" rel=\"noopener\">Tour Privado PORTO Prova Vinhos &gt;&gt;&gt;<\/a><\/td>\n<\/tr>\n<\/tbody>\n<\/table>\n<p>&nbsp;<\/p>\n<h2>4. Subir \u00e0 Torre dos Cl\u00e9rigos<\/h2>\n<p><img decoding=\"async\" class=\"alignnone wp-image-5290 size-full lazyload\" data-src=\"https:\/\/celina-tours.com\/blog\/wp-content\/uploads\/2025\/02\/BLOG-4-201.jpg\" alt=\"\" width=\"600\" height=\"353\" data-srcset=\"https:\/\/celina-tours.com\/blog\/wp-content\/uploads\/2025\/02\/BLOG-4-201.jpg 600w, https:\/\/celina-tours.com\/blog\/wp-content\/uploads\/2025\/02\/BLOG-4-201-300x177.jpg 300w\" data-sizes=\"(max-width: 600px) 100vw, 600px\" src=\"data:image\/svg+xml;base64,PHN2ZyB3aWR0aD0iMSIgaGVpZ2h0PSIxIiB4bWxucz0iaHR0cDovL3d3dy53My5vcmcvMjAwMC9zdmciPjwvc3ZnPg==\" style=\"--smush-placeholder-width: 600px; --smush-placeholder-aspect-ratio: 600\/353;\" \/><\/p>\n<p>O Torre dos Cl\u00e9rigos \u00e9 um dos \u00edcones do Porto. Constru\u00edda no s\u00e9culo XVIII pelo arquiteto Nicolau Nasoni, a torre oferece uma das melhores vistas panor\u00e2micas da cidade.<\/p>\n<h3>Por que visitar?<\/h3>\n<p>Subir os 225 degraus para ter uma vista inesquec\u00edvel.<br \/>\nConhecer a Igreja dos Cl\u00e9rigos, anexa \u00e0 torre, um belo exemplo de arquitetura barroca.<\/p>\n<h2>5. Percorrer a Avenida dos Aliados<\/h2>\n<p><img decoding=\"async\" class=\"alignnone wp-image-5291 size-full lazyload\" data-src=\"https:\/\/celina-tours.com\/blog\/wp-content\/uploads\/2025\/02\/BLOG-4-202.jpg\" alt=\"\" width=\"600\" height=\"353\" data-srcset=\"https:\/\/celina-tours.com\/blog\/wp-content\/uploads\/2025\/02\/BLOG-4-202.jpg 600w, https:\/\/celina-tours.com\/blog\/wp-content\/uploads\/2025\/02\/BLOG-4-202-300x177.jpg 300w\" data-sizes=\"(max-width: 600px) 100vw, 600px\" src=\"data:image\/svg+xml;base64,PHN2ZyB3aWR0aD0iMSIgaGVpZ2h0PSIxIiB4bWxucz0iaHR0cDovL3d3dy53My5vcmcvMjAwMC9zdmciPjwvc3ZnPg==\" style=\"--smush-placeholder-width: 600px; --smush-placeholder-aspect-ratio: 600\/353;\" \/><\/p>\n<p>A Avenida dos Aliados \u00e9 o cora\u00e7\u00e3o do Porto. Cercada por edif\u00edcios imponentes e pelo Pa\u00e7os do Concelho (a C\u00e2mara Municipal do Porto), esta avenida \u00e9 um \u00f3timo ponto de partida para explorar o centro da cidade.<\/p>\n<h3>O que fazer?<\/h3>\n<p>Tirar fotos junto \u00e0 est\u00e1tua de D. Pedro IV.<br \/>\nVisitar o McDonald&#8217;s Imperial, considerado um dos mais bonitos do mundo.<br \/>\nAssistir a eventos culturais, j\u00e1 que a pra\u00e7a \u00e9 palco de v\u00e1rias celebra\u00e7\u00f5es.<\/p>\n<table style=\"width: 732px; height: 210px;\">\n<tbody>\n<tr>\n<td style=\"width: 644.8px;\">\n<h3><img decoding=\"async\" class=\"alignleft wp-image-3974 lazyload\" data-src=\"https:\/\/celina-tours.com\/blog\/wp-content\/uploads\/2026\/01\/portov.jpg\" alt=\"\" width=\"182\" height=\"182\" src=\"data:image\/svg+xml;base64,PHN2ZyB3aWR0aD0iMSIgaGVpZ2h0PSIxIiB4bWxucz0iaHR0cDovL3d3dy53My5vcmcvMjAwMC9zdmciPjwvc3ZnPg==\" style=\"--smush-placeholder-width: 182px; --smush-placeholder-aspect-ratio: 182\/182;\" \/><br \/>\nTours Gastron\u00f3micos Porto<\/h3>\n<p><a href=\"https:\/\/celina-tours.com\/passeios-barco-helicopetro-experienicas-porto.php#a1\" target=\"_blank\" rel=\"noopener\">Tours Gastron\u00f3micos no Porto &gt;&gt;&gt;<\/a><\/td>\n<\/tr>\n<\/tbody>\n<\/table>\n<h2>6. Degustar o Vinho do Porto nas Caves de Gaia<\/h2>\n<p><img decoding=\"async\" class=\"alignnone wp-image-5292 size-full lazyload\" data-src=\"https:\/\/celina-tours.com\/blog\/wp-content\/uploads\/2025\/02\/BLOG-4-203.jpg\" alt=\"\" width=\"600\" height=\"353\" data-srcset=\"https:\/\/celina-tours.com\/blog\/wp-content\/uploads\/2025\/02\/BLOG-4-203.jpg 600w, https:\/\/celina-tours.com\/blog\/wp-content\/uploads\/2025\/02\/BLOG-4-203-300x177.jpg 300w\" data-sizes=\"(max-width: 600px) 100vw, 600px\" src=\"data:image\/svg+xml;base64,PHN2ZyB3aWR0aD0iMSIgaGVpZ2h0PSIxIiB4bWxucz0iaHR0cDovL3d3dy53My5vcmcvMjAwMC9zdmciPjwvc3ZnPg==\" style=\"--smush-placeholder-width: 600px; --smush-placeholder-aspect-ratio: 600\/353;\" \/><\/p>\n<p>Nenhuma visita ao Porto est\u00e1 completa sem uma prova de vinho do Porto. As melhores caves ficam em Vila Nova de Gaia, do outro lado do rio Douro.<\/p>\n<h3>Principais caves para visitar:<\/h3>\n<p>Sandeman<br \/>\nTaylor\u2019s<br \/>\nGraham\u2019s<br \/>\nC\u00e1lem<\/p>\n<p>Al\u00e9m das degusta\u00e7\u00f5es, os visitantes podem aprender sobre a hist\u00f3ria e o processo de produ\u00e7\u00e3o desse vinho ic\u00f4nico.<\/p>\n<p>&nbsp;<\/p>\n<h3>As nossas Sugest\u00f5es<\/h3>\n<div data-vi-partner-id=\"P00241970\" data-vi-widget-ref=\"W-78c32da9-da36-4ce1-95ff-66b5515b2e2c\"><\/div>\n<p><script async src=\"https:\/\/www.viator.com\/orion\/partner\/widget.js\"><\/script><\/p>\n<p>&nbsp;<\/p>\n<h2>7. Cruzar a Ponte Lu\u00eds I<\/h2>\n<p><img decoding=\"async\" class=\"alignnone wp-image-5293 size-full lazyload\" data-src=\"https:\/\/celina-tours.com\/blog\/wp-content\/uploads\/2025\/02\/BLOG-4-204.jpg\" alt=\"\" width=\"600\" height=\"353\" data-srcset=\"https:\/\/celina-tours.com\/blog\/wp-content\/uploads\/2025\/02\/BLOG-4-204.jpg 600w, https:\/\/celina-tours.com\/blog\/wp-content\/uploads\/2025\/02\/BLOG-4-204-300x177.jpg 300w\" data-sizes=\"(max-width: 600px) 100vw, 600px\" src=\"data:image\/svg+xml;base64,PHN2ZyB3aWR0aD0iMSIgaGVpZ2h0PSIxIiB4bWxucz0iaHR0cDovL3d3dy53My5vcmcvMjAwMC9zdmciPjwvc3ZnPg==\" style=\"--smush-placeholder-width: 600px; --smush-placeholder-aspect-ratio: 600\/353;\" \/><\/p>\n<p>A Ponte Lu\u00eds I \u00e9 um dos cart\u00f5es-postais do Porto. Projetada por um disc\u00edpulo de Gustave Eiffel, essa ponte met\u00e1lica liga o Porto a Vila Nova de Gaia e tem dois tabuleiros:<\/p>\n<p>Tabuleiro superior: Para pedestres e o metr\u00f4, com uma vista incr\u00edvel do Douro.<br \/>\nTabuleiro inferior: Para carros e pedestres, mais pr\u00f3ximo da \u00e1gua.<\/p>\n<p>Dica: Atravesse pelo tabuleiro superior para assistir ao p\u00f4r do sol e ter uma das melhores vistas da cidade!<\/p>\n<p>&nbsp;<\/p>\n<table style=\"width: 732px; height: 210px;\">\n<tbody>\n<tr>\n<td style=\"width: 644.8px;\">\n<h3><img decoding=\"async\" class=\"alignleft wp-image-3974 lazyload\" data-src=\"https:\/\/celina-tours.com\/blog\/wp-content\/uploads\/2025\/02\/douro.jpg\" alt=\"\" width=\"182\" height=\"182\" src=\"data:image\/svg+xml;base64,PHN2ZyB3aWR0aD0iMSIgaGVpZ2h0PSIxIiB4bWxucz0iaHR0cDovL3d3dy53My5vcmcvMjAwMC9zdmciPjwvc3ZnPg==\" style=\"--smush-placeholder-width: 182px; --smush-placeholder-aspect-ratio: 182\/182;\" \/><br \/>\nTOUR PRIVADO DOURO<\/h3>\n<p><a href=\"https:\/\/celina-tours.com\/excursao-privada-douro-tours-regiao-douro-porto.php\" target=\"_blank\" rel=\"noopener\">Tour Privado Douro Prova Vinhos &gt;&gt;&gt;<\/a><\/td>\n<\/tr>\n<\/tbody>\n<\/table>\n<h2>8. Visitar a S\u00e9 do Porto<\/h2>\n<p><img decoding=\"async\" class=\"alignnone wp-image-5294 size-full lazyload\" data-src=\"https:\/\/celina-tours.com\/blog\/wp-content\/uploads\/2025\/02\/BLOG-4-205.jpg\" alt=\"\" width=\"600\" height=\"353\" data-srcset=\"https:\/\/celina-tours.com\/blog\/wp-content\/uploads\/2025\/02\/BLOG-4-205.jpg 600w, https:\/\/celina-tours.com\/blog\/wp-content\/uploads\/2025\/02\/BLOG-4-205-300x177.jpg 300w\" data-sizes=\"(max-width: 600px) 100vw, 600px\" src=\"data:image\/svg+xml;base64,PHN2ZyB3aWR0aD0iMSIgaGVpZ2h0PSIxIiB4bWxucz0iaHR0cDovL3d3dy53My5vcmcvMjAwMC9zdmciPjwvc3ZnPg==\" style=\"--smush-placeholder-width: 600px; --smush-placeholder-aspect-ratio: 600\/353;\" \/><\/p>\n<p>A S\u00e9 do Porto \u00e9 um dos edif\u00edcios mais antigos e importantes da cidade. Esta catedral-fortaleza, localizada no ponto mais alto do centro hist\u00f3rico, tem uma mistura fascinante de estilos arquitet\u00f4nicos, do rom\u00e2nico ao barroco.<\/p>\n<h3>Destaques:<\/h3>\n<p>O claustro com azulejos tradicionais.<br \/>\nA vista panor\u00e2mica do Terreiro da S\u00e9.<br \/>\nO altar e os elementos barrocos do interior da igreja.<\/p>\n<h2>9. Conhecer o Pal\u00e1cio da Bolsa<\/h2>\n<p><img decoding=\"async\" class=\"alignnone wp-image-5295 size-full lazyload\" data-src=\"https:\/\/celina-tours.com\/blog\/wp-content\/uploads\/2025\/02\/BLOG-4-206.jpg\" alt=\"\" width=\"600\" height=\"353\" data-srcset=\"https:\/\/celina-tours.com\/blog\/wp-content\/uploads\/2025\/02\/BLOG-4-206.jpg 600w, https:\/\/celina-tours.com\/blog\/wp-content\/uploads\/2025\/02\/BLOG-4-206-300x177.jpg 300w\" data-sizes=\"(max-width: 600px) 100vw, 600px\" src=\"data:image\/svg+xml;base64,PHN2ZyB3aWR0aD0iMSIgaGVpZ2h0PSIxIiB4bWxucz0iaHR0cDovL3d3dy53My5vcmcvMjAwMC9zdmciPjwvc3ZnPg==\" style=\"--smush-placeholder-width: 600px; --smush-placeholder-aspect-ratio: 600\/353;\" \/><\/p>\n<p>O Pal\u00e1cio da Bolsa \u00e9 um edif\u00edcio hist\u00f3rico constru\u00eddo no s\u00e9culo XIX e um dos mais belos do Porto. Seu interior luxuoso contrasta com a sua fachada mais austera.<\/p>\n<h3>O que ver?<\/h3>\n<p>O incr\u00edvel Sal\u00e3o \u00c1rabe, inspirado na arquitetura mourisca.<br \/>\nA Sala das Na\u00e7\u00f5es, onde ocorriam negocia\u00e7\u00f5es comerciais.<br \/>\nOs detalhes neocl\u00e1ssicos e dourados da decora\u00e7\u00e3o interna.<\/p>\n<h2>10. Passear pelos Jardins do Pal\u00e1cio de Cristal<\/h2>\n<p><img decoding=\"async\" class=\"alignnone wp-image-5296 size-full lazyload\" data-src=\"https:\/\/celina-tours.com\/blog\/wp-content\/uploads\/2025\/02\/BLOG-4-207.jpg\" alt=\"\" width=\"600\" height=\"353\" data-srcset=\"https:\/\/celina-tours.com\/blog\/wp-content\/uploads\/2025\/02\/BLOG-4-207.jpg 600w, https:\/\/celina-tours.com\/blog\/wp-content\/uploads\/2025\/02\/BLOG-4-207-300x177.jpg 300w\" data-sizes=\"(max-width: 600px) 100vw, 600px\" src=\"data:image\/svg+xml;base64,PHN2ZyB3aWR0aD0iMSIgaGVpZ2h0PSIxIiB4bWxucz0iaHR0cDovL3d3dy53My5vcmcvMjAwMC9zdmciPjwvc3ZnPg==\" style=\"--smush-placeholder-width: 600px; --smush-placeholder-aspect-ratio: 600\/353;\" \/><\/p>\n<p>Para quem busca um momento de tranquilidade, os Jardins do Pal\u00e1cio de Cristal s\u00e3o uma excelente escolha. Al\u00e9m da natureza exuberante, oferecem vistas espetaculares do Douro.<\/p>\n<h3>O que fazer?<\/h3>\n<p>Caminhar pelos jardins e admirar as fontes e esculturas.<br \/>\nVisitar a Biblioteca Almeida Garrett, localizada no parque.<br \/>\nApreciar a vista panor\u00e2mica do rio e de Gaia.<\/p>\n<h2>11. Descobrir a Casa da M\u00fasica<\/h2>\n<p><img decoding=\"async\" class=\"alignnone wp-image-5297 size-full lazyload\" data-src=\"https:\/\/celina-tours.com\/blog\/wp-content\/uploads\/2025\/02\/BLOG-4-208.jpg\" alt=\"\" width=\"600\" height=\"353\" data-srcset=\"https:\/\/celina-tours.com\/blog\/wp-content\/uploads\/2025\/02\/BLOG-4-208.jpg 600w, https:\/\/celina-tours.com\/blog\/wp-content\/uploads\/2025\/02\/BLOG-4-208-300x177.jpg 300w\" data-sizes=\"(max-width: 600px) 100vw, 600px\" src=\"data:image\/svg+xml;base64,PHN2ZyB3aWR0aD0iMSIgaGVpZ2h0PSIxIiB4bWxucz0iaHR0cDovL3d3dy53My5vcmcvMjAwMC9zdmciPjwvc3ZnPg==\" style=\"--smush-placeholder-width: 600px; --smush-placeholder-aspect-ratio: 600\/353;\" \/><\/p>\n<p>Para os amantes de m\u00fasica e arquitetura, a Casa da M\u00fasica \u00e9 um ponto imperd\u00edvel. Projetada pelo arquiteto Rem Koolhaas, essa sala de espet\u00e1culos tem um design moderno e inovador.<\/p>\n<h3>O que fazer?<\/h3>\n<p>Assistir a um concerto (h\u00e1 op\u00e7\u00f5es para todos os gostos musicais).<br \/>\nFazer uma visita guiada para conhecer a estrutura \u00fanica do edif\u00edcio.<\/p>\n<h2>12. Provar a Francesinha<\/h2>\n<p><img decoding=\"async\" class=\"alignnone wp-image-5298 size-full lazyload\" data-src=\"https:\/\/celina-tours.com\/blog\/wp-content\/uploads\/2025\/02\/BLOG-4-209.jpg\" alt=\"\" width=\"600\" height=\"353\" data-srcset=\"https:\/\/celina-tours.com\/blog\/wp-content\/uploads\/2025\/02\/BLOG-4-209.jpg 600w, https:\/\/celina-tours.com\/blog\/wp-content\/uploads\/2025\/02\/BLOG-4-209-300x177.jpg 300w\" data-sizes=\"(max-width: 600px) 100vw, 600px\" src=\"data:image\/svg+xml;base64,PHN2ZyB3aWR0aD0iMSIgaGVpZ2h0PSIxIiB4bWxucz0iaHR0cDovL3d3dy53My5vcmcvMjAwMC9zdmciPjwvc3ZnPg==\" style=\"--smush-placeholder-width: 600px; --smush-placeholder-aspect-ratio: 600\/353;\" \/><\/p>\n<p>A gastronomia do Porto \u00e9 rica e saborosa, e a Francesinha \u00e9 um prato obrigat\u00f3rio para quem visita a cidade. Esse sandu\u00edche recheado com carnes variadas, coberto com queijo derretido e regado com molho picante de tomate e cerveja \u00e9 uma verdadeira del\u00edcia!<\/p>\n<h3>Onde comer uma boa Francesinha?<\/h3>\n<p>Caf\u00e9 Santiago<br \/>\nCervejaria Bras\u00e3o<br \/>\nBufete Fase<\/p>\n<h2>13. Passear na Foz do Douro<\/h2>\n<p><img decoding=\"async\" class=\"alignnone wp-image-5299 size-full lazyload\" data-src=\"https:\/\/celina-tours.com\/blog\/wp-content\/uploads\/2025\/02\/BLOG-4-210.jpg\" alt=\"\" width=\"600\" height=\"353\" data-srcset=\"https:\/\/celina-tours.com\/blog\/wp-content\/uploads\/2025\/02\/BLOG-4-210.jpg 600w, https:\/\/celina-tours.com\/blog\/wp-content\/uploads\/2025\/02\/BLOG-4-210-300x177.jpg 300w\" data-sizes=\"(max-width: 600px) 100vw, 600px\" src=\"data:image\/svg+xml;base64,PHN2ZyB3aWR0aD0iMSIgaGVpZ2h0PSIxIiB4bWxucz0iaHR0cDovL3d3dy53My5vcmcvMjAwMC9zdmciPjwvc3ZnPg==\" style=\"--smush-placeholder-width: 600px; --smush-placeholder-aspect-ratio: 600\/353;\" \/><\/p>\n<p>Se quiser fugir do centro e sentir a brisa do Atl\u00e2ntico, v\u00e1 at\u00e9 a Foz do Douro. Essa zona sofisticada tem praias, cal\u00e7ad\u00f5es e um ambiente relaxante.<\/p>\n<h3>O que fazer?<\/h3>\n<p>Caminhar pelo Passeio Alegre.<br \/>\nVisitar o Farol de Felgueiras.<br \/>\nAproveitar os caf\u00e9s e restaurantes \u00e0 beira-mar.<\/p>\n<h2>14. Conhecer o Mercado do Bolh\u00e3o<\/h2>\n<p><img decoding=\"async\" class=\"alignnone wp-image-5300 size-full lazyload\" data-src=\"https:\/\/celina-tours.com\/blog\/wp-content\/uploads\/2025\/02\/BLOG-4-211.jpg\" alt=\"\" width=\"600\" height=\"353\" data-srcset=\"https:\/\/celina-tours.com\/blog\/wp-content\/uploads\/2025\/02\/BLOG-4-211.jpg 600w, https:\/\/celina-tours.com\/blog\/wp-content\/uploads\/2025\/02\/BLOG-4-211-300x177.jpg 300w\" data-sizes=\"(max-width: 600px) 100vw, 600px\" src=\"data:image\/svg+xml;base64,PHN2ZyB3aWR0aD0iMSIgaGVpZ2h0PSIxIiB4bWxucz0iaHR0cDovL3d3dy53My5vcmcvMjAwMC9zdmciPjwvc3ZnPg==\" style=\"--smush-placeholder-width: 600px; --smush-placeholder-aspect-ratio: 600\/353;\" \/><\/p>\n<p>O Mercado do Bolh\u00e3o, recentemente renovado, \u00e9 um dos mercados mais tradicionais do Porto. Aqui, voc\u00ea pode encontrar produtos frescos, queijos, vinhos e muito mais.<\/p>\n<h3>Destaques:<\/h3>\n<p>Experimentar produtos t\u00edpicos portugueses.<br \/>\nConversar com os vendedores locais e conhecer a cultura da cidade.<\/p>\n<h2>15. Fazer um Passeio de Barco no Rio Douro<\/h2>\n<p><img decoding=\"async\" class=\"alignnone wp-image-5301 size-full lazyload\" data-src=\"https:\/\/celina-tours.com\/blog\/wp-content\/uploads\/2025\/02\/BLOG-4-212.jpg\" alt=\"\" width=\"600\" height=\"353\" data-srcset=\"https:\/\/celina-tours.com\/blog\/wp-content\/uploads\/2025\/02\/BLOG-4-212.jpg 600w, https:\/\/celina-tours.com\/blog\/wp-content\/uploads\/2025\/02\/BLOG-4-212-300x177.jpg 300w\" data-sizes=\"(max-width: 600px) 100vw, 600px\" src=\"data:image\/svg+xml;base64,PHN2ZyB3aWR0aD0iMSIgaGVpZ2h0PSIxIiB4bWxucz0iaHR0cDovL3d3dy53My5vcmcvMjAwMC9zdmciPjwvc3ZnPg==\" style=\"--smush-placeholder-width: 600px; --smush-placeholder-aspect-ratio: 600\/353;\" \/><\/p>\n<p>Uma das experi\u00eancias mais memor\u00e1veis no Porto \u00e9 um passeio de barco pelo rio Douro. H\u00e1 diferentes op\u00e7\u00f5es, desde cruzeiros de uma hora at\u00e9 viagens que levam ao Vale do Douro, a famosa regi\u00e3o vin\u00edcola.<\/p>\n<p>Dica: O passeio das &#8220;Seis Pontes&#8221; \u00e9 uma excelente op\u00e7\u00e3o para ver a cidade de um \u00e2ngulo diferente.<\/p>\n<p>&nbsp;<\/p>\n<h3>As nossas Sugest\u00f5es<\/h3>\n<div data-vi-partner-id=\"P00241970\" data-vi-widget-ref=\"W-59a09c65-6832-4603-ab2a-5ffb9aab658c\"><\/div>\n<p><script async src=\"https:\/\/www.viator.com\/orion\/partner\/widget.js\"><\/script><\/p>\n<p>&nbsp;<\/p>\n<p>O Porto \u00e9 uma cidade vibrante, rica em hist\u00f3ria e cultura. Com tantas atra\u00e7\u00f5es e experi\u00eancias inesquec\u00edveis, \u00e9 imposs\u00edvel n\u00e3o se apaixonar por essa cidade encantadora. Agora que voc\u00ea j\u00e1 sabe o que ver e fazer no Porto, basta planejar sua viagem e aproveitar tudo o que a &#8220;Invicta&#8221; tem a oferecer! \ud83d\ude80<\/p>\n","protected":false},"excerpt":{"rendered":"<p>O Que Ver e Fazer no Porto: Um Guia Completo O Porto, a segunda maior cidade de Portugal, \u00e9 um&hellip;<\/p>\n","protected":false},"author":1,"featured_media":5277,"comment_status":"closed","ping_status":"closed","sticky":false,"template":"","format":"standard","meta":{"om_disable_all_campaigns":false,"footnotes":""},"categories":[31],"tags":[],"class_list":["post-5276","post","type-post","status-publish","format-standard","has-post-thumbnail","hentry","category-norte-portugal"],"yoast_head":"<!-- This site is optimized with the Yoast SEO plugin v27.0 - https:\/\/yoast.com\/product\/yoast-seo-wordpress\/ -->\n<title>O Que Ver e Fazer no Porto Sugest\u00f5es para Visitar o Porto<\/title>\n<meta name=\"description\" content=\"Roteiro para visitar o Porto: 1\u00ba Dia \u00b7 Mercado do Bolh\u00e3o \u00b7 Avenida dos Aliados \u00b7 Livraria Lello &amp; Irm\u00e3o \u00b7 Torre dos Cl\u00e9rigos entre Outras\" \/>\n<meta name=\"robots\" content=\"index, follow, max-snippet:-1, max-image-preview:large, max-video-preview:-1\" \/>\n<link rel=\"canonical\" href=\"https:\/\/celina-tours.com\/blog\/pt\/o-que-ver-e-fazer-no-porto-um-guia-completo-para-visitar-a-cidade\/\" \/>\n<meta property=\"og:locale\" content=\"pt_PT\" \/>\n<meta property=\"og:type\" content=\"article\" \/>\n<meta property=\"og:title\" content=\"O Que Ver e Fazer no Porto Sugest\u00f5es para Visitar o Porto\" \/>\n<meta property=\"og:description\" content=\"Roteiro para visitar o Porto: 1\u00ba Dia \u00b7 Mercado do Bolh\u00e3o \u00b7 Avenida dos Aliados \u00b7 Livraria Lello &amp; Irm\u00e3o \u00b7 Torre dos Cl\u00e9rigos entre Outras\" \/>\n<meta property=\"og:url\" content=\"https:\/\/celina-tours.com\/blog\/pt\/o-que-ver-e-fazer-no-porto-um-guia-completo-para-visitar-a-cidade\/\" \/>\n<meta property=\"article:publisher\" content=\"https:\/\/www.instagram.com\/celinatourspt\/\" \/>\n<meta property=\"article:published_time\" content=\"2025-02-21T16:51:33+00:00\" \/>\n<meta property=\"article:modified_time\" content=\"2026-01-07T09:19:12+00:00\" \/>\n<meta property=\"og:image\" content=\"https:\/\/celina-tours.com\/blog\/wp-content\/uploads\/2025\/02\/BLOG-4-197.jpg\" \/>\n\t<meta property=\"og:image:width\" content=\"600\" \/>\n\t<meta property=\"og:image:height\" content=\"353\" \/>\n\t<meta property=\"og:image:type\" content=\"image\/jpeg\" \/>\n<meta name=\"author\" content=\"ctours_blog\" \/>\n<meta name=\"twitter:card\" content=\"summary_large_image\" \/>\n<meta name=\"twitter:label1\" content=\"Escrito por\" \/>\n\t<meta name=\"twitter:data1\" content=\"ctours_blog\" \/>\n\t<meta name=\"twitter:label2\" content=\"Tempo estimado de leitura\" \/>\n\t<meta name=\"twitter:data2\" content=\"11 minutos\" \/>\n<script type=\"application\/ld+json\" class=\"yoast-schema-graph\">{\"@context\":\"https:\/\/schema.org\",\"@graph\":[{\"@type\":\"Article\",\"@id\":\"https:\/\/celina-tours.com\/blog\/pt\/o-que-ver-e-fazer-no-porto-um-guia-completo-para-visitar-a-cidade\/#article\",\"isPartOf\":{\"@id\":\"https:\/\/celina-tours.com\/blog\/pt\/o-que-ver-e-fazer-no-porto-um-guia-completo-para-visitar-a-cidade\/\"},\"author\":{\"name\":\"ctours_blog\",\"@id\":\"https:\/\/celina-tours.com\/blog\/#\/schema\/person\/e4611dfff819107474e643eb3c25e040\"},\"headline\":\"O Que Ver e Fazer no Porto um guia Completo para Visitar a Cidade\",\"datePublished\":\"2025-02-21T16:51:33+00:00\",\"dateModified\":\"2026-01-07T09:19:12+00:00\",\"mainEntityOfPage\":{\"@id\":\"https:\/\/celina-tours.com\/blog\/pt\/o-que-ver-e-fazer-no-porto-um-guia-completo-para-visitar-a-cidade\/\"},\"wordCount\":1241,\"publisher\":{\"@id\":\"https:\/\/celina-tours.com\/blog\/#organization\"},\"image\":{\"@id\":\"https:\/\/celina-tours.com\/blog\/pt\/o-que-ver-e-fazer-no-porto-um-guia-completo-para-visitar-a-cidade\/#primaryimage\"},\"thumbnailUrl\":\"https:\/\/celina-tours.com\/blog\/wp-content\/uploads\/2025\/02\/BLOG-4-197.jpg\",\"articleSection\":[\"Norte Portugal\"],\"inLanguage\":\"pt-PT\"},{\"@type\":\"WebPage\",\"@id\":\"https:\/\/celina-tours.com\/blog\/pt\/o-que-ver-e-fazer-no-porto-um-guia-completo-para-visitar-a-cidade\/\",\"url\":\"https:\/\/celina-tours.com\/blog\/pt\/o-que-ver-e-fazer-no-porto-um-guia-completo-para-visitar-a-cidade\/\",\"name\":\"O Que Ver e Fazer no Porto Sugest\u00f5es para Visitar o Porto\",\"isPartOf\":{\"@id\":\"https:\/\/celina-tours.com\/blog\/#website\"},\"primaryImageOfPage\":{\"@id\":\"https:\/\/celina-tours.com\/blog\/pt\/o-que-ver-e-fazer-no-porto-um-guia-completo-para-visitar-a-cidade\/#primaryimage\"},\"image\":{\"@id\":\"https:\/\/celina-tours.com\/blog\/pt\/o-que-ver-e-fazer-no-porto-um-guia-completo-para-visitar-a-cidade\/#primaryimage\"},\"thumbnailUrl\":\"https:\/\/celina-tours.com\/blog\/wp-content\/uploads\/2025\/02\/BLOG-4-197.jpg\",\"datePublished\":\"2025-02-21T16:51:33+00:00\",\"dateModified\":\"2026-01-07T09:19:12+00:00\",\"description\":\"Roteiro para visitar o Porto: 1\u00ba Dia \u00b7 Mercado do Bolh\u00e3o \u00b7 Avenida dos Aliados \u00b7 Livraria Lello & Irm\u00e3o \u00b7 Torre dos Cl\u00e9rigos entre Outras\",\"breadcrumb\":{\"@id\":\"https:\/\/celina-tours.com\/blog\/pt\/o-que-ver-e-fazer-no-porto-um-guia-completo-para-visitar-a-cidade\/#breadcrumb\"},\"inLanguage\":\"pt-PT\",\"potentialAction\":[{\"@type\":\"ReadAction\",\"target\":[\"https:\/\/celina-tours.com\/blog\/pt\/o-que-ver-e-fazer-no-porto-um-guia-completo-para-visitar-a-cidade\/\"]}]},{\"@type\":\"ImageObject\",\"inLanguage\":\"pt-PT\",\"@id\":\"https:\/\/celina-tours.com\/blog\/pt\/o-que-ver-e-fazer-no-porto-um-guia-completo-para-visitar-a-cidade\/#primaryimage\",\"url\":\"https:\/\/celina-tours.com\/blog\/wp-content\/uploads\/2025\/02\/BLOG-4-197.jpg\",\"contentUrl\":\"https:\/\/celina-tours.com\/blog\/wp-content\/uploads\/2025\/02\/BLOG-4-197.jpg\",\"width\":600,\"height\":353},{\"@type\":\"BreadcrumbList\",\"@id\":\"https:\/\/celina-tours.com\/blog\/pt\/o-que-ver-e-fazer-no-porto-um-guia-completo-para-visitar-a-cidade\/#breadcrumb\",\"itemListElement\":[{\"@type\":\"ListItem\",\"position\":1,\"name\":\"In\u00edcio\",\"item\":\"https:\/\/celina-tours.com\/blog\/pt\/\"},{\"@type\":\"ListItem\",\"position\":2,\"name\":\"O Que Ver e Fazer no Porto um guia Completo para Visitar a Cidade\"}]},{\"@type\":\"WebSite\",\"@id\":\"https:\/\/celina-tours.com\/blog\/#website\",\"url\":\"https:\/\/celina-tours.com\/blog\/\",\"name\":\"Celina Tours\",\"description\":\"\",\"publisher\":{\"@id\":\"https:\/\/celina-tours.com\/blog\/#organization\"},\"potentialAction\":[{\"@type\":\"SearchAction\",\"target\":{\"@type\":\"EntryPoint\",\"urlTemplate\":\"https:\/\/celina-tours.com\/blog\/?s={search_term_string}\"},\"query-input\":{\"@type\":\"PropertyValueSpecification\",\"valueRequired\":true,\"valueName\":\"search_term_string\"}}],\"inLanguage\":\"pt-PT\"},{\"@type\":\"Organization\",\"@id\":\"https:\/\/celina-tours.com\/blog\/#organization\",\"name\":\"Celina Tours\",\"url\":\"https:\/\/celina-tours.com\/blog\/\",\"logo\":{\"@type\":\"ImageObject\",\"inLanguage\":\"pt-PT\",\"@id\":\"https:\/\/celina-tours.com\/blog\/#\/schema\/logo\/image\/\",\"url\":\"https:\/\/celina-tours.com\/blog\/wp-content\/uploads\/2025\/01\/cropped-1-1.png\",\"contentUrl\":\"https:\/\/celina-tours.com\/blog\/wp-content\/uploads\/2025\/01\/cropped-1-1.png\",\"width\":300,\"height\":94,\"caption\":\"Celina Tours\"},\"image\":{\"@id\":\"https:\/\/celina-tours.com\/blog\/#\/schema\/logo\/image\/\"},\"sameAs\":[\"https:\/\/www.instagram.com\/celinatourspt\/\"]},{\"@type\":\"Person\",\"@id\":\"https:\/\/celina-tours.com\/blog\/#\/schema\/person\/e4611dfff819107474e643eb3c25e040\",\"name\":\"ctours_blog\",\"sameAs\":[\"https:\/\/celina-tours.com\/blog\"],\"url\":\"https:\/\/celina-tours.com\/blog\/author\/ctours_blog\/\"}]}<\/script>\n<!-- \/ Yoast SEO plugin. -->","yoast_head_json":{"title":"O Que Ver e Fazer no Porto Sugest\u00f5es para Visitar o Porto","description":"Roteiro para visitar o Porto: 1\u00ba Dia \u00b7 Mercado do Bolh\u00e3o \u00b7 Avenida dos Aliados \u00b7 Livraria Lello & Irm\u00e3o \u00b7 Torre dos Cl\u00e9rigos entre Outras","robots":{"index":"index","follow":"follow","max-snippet":"max-snippet:-1","max-image-preview":"max-image-preview:large","max-video-preview":"max-video-preview:-1"},"canonical":"https:\/\/celina-tours.com\/blog\/pt\/o-que-ver-e-fazer-no-porto-um-guia-completo-para-visitar-a-cidade\/","og_locale":"pt_PT","og_type":"article","og_title":"O Que Ver e Fazer no Porto Sugest\u00f5es para Visitar o Porto","og_description":"Roteiro para visitar o Porto: 1\u00ba Dia \u00b7 Mercado do Bolh\u00e3o \u00b7 Avenida dos Aliados \u00b7 Livraria Lello & Irm\u00e3o \u00b7 Torre dos Cl\u00e9rigos entre Outras","og_url":"https:\/\/celina-tours.com\/blog\/pt\/o-que-ver-e-fazer-no-porto-um-guia-completo-para-visitar-a-cidade\/","article_publisher":"https:\/\/www.instagram.com\/celinatourspt\/","article_published_time":"2025-02-21T16:51:33+00:00","article_modified_time":"2026-01-07T09:19:12+00:00","og_image":[{"width":600,"height":353,"url":"https:\/\/celina-tours.com\/blog\/wp-content\/uploads\/2025\/02\/BLOG-4-197.jpg","type":"image\/jpeg"}],"author":"ctours_blog","twitter_card":"summary_large_image","twitter_misc":{"Escrito por":"ctours_blog","Tempo estimado de leitura":"11 minutos"},"schema":{"@context":"https:\/\/schema.org","@graph":[{"@type":"Article","@id":"https:\/\/celina-tours.com\/blog\/pt\/o-que-ver-e-fazer-no-porto-um-guia-completo-para-visitar-a-cidade\/#article","isPartOf":{"@id":"https:\/\/celina-tours.com\/blog\/pt\/o-que-ver-e-fazer-no-porto-um-guia-completo-para-visitar-a-cidade\/"},"author":{"name":"ctours_blog","@id":"https:\/\/celina-tours.com\/blog\/#\/schema\/person\/e4611dfff819107474e643eb3c25e040"},"headline":"O Que Ver e Fazer no Porto um guia Completo para Visitar a Cidade","datePublished":"2025-02-21T16:51:33+00:00","dateModified":"2026-01-07T09:19:12+00:00","mainEntityOfPage":{"@id":"https:\/\/celina-tours.com\/blog\/pt\/o-que-ver-e-fazer-no-porto-um-guia-completo-para-visitar-a-cidade\/"},"wordCount":1241,"publisher":{"@id":"https:\/\/celina-tours.com\/blog\/#organization"},"image":{"@id":"https:\/\/celina-tours.com\/blog\/pt\/o-que-ver-e-fazer-no-porto-um-guia-completo-para-visitar-a-cidade\/#primaryimage"},"thumbnailUrl":"https:\/\/celina-tours.com\/blog\/wp-content\/uploads\/2025\/02\/BLOG-4-197.jpg","articleSection":["Norte Portugal"],"inLanguage":"pt-PT"},{"@type":"WebPage","@id":"https:\/\/celina-tours.com\/blog\/pt\/o-que-ver-e-fazer-no-porto-um-guia-completo-para-visitar-a-cidade\/","url":"https:\/\/celina-tours.com\/blog\/pt\/o-que-ver-e-fazer-no-porto-um-guia-completo-para-visitar-a-cidade\/","name":"O Que Ver e Fazer no Porto Sugest\u00f5es para Visitar o Porto","isPartOf":{"@id":"https:\/\/celina-tours.com\/blog\/#website"},"primaryImageOfPage":{"@id":"https:\/\/celina-tours.com\/blog\/pt\/o-que-ver-e-fazer-no-porto-um-guia-completo-para-visitar-a-cidade\/#primaryimage"},"image":{"@id":"https:\/\/celina-tours.com\/blog\/pt\/o-que-ver-e-fazer-no-porto-um-guia-completo-para-visitar-a-cidade\/#primaryimage"},"thumbnailUrl":"https:\/\/celina-tours.com\/blog\/wp-content\/uploads\/2025\/02\/BLOG-4-197.jpg","datePublished":"2025-02-21T16:51:33+00:00","dateModified":"2026-01-07T09:19:12+00:00","description":"Roteiro para visitar o Porto: 1\u00ba Dia \u00b7 Mercado do Bolh\u00e3o \u00b7 Avenida dos Aliados \u00b7 Livraria Lello & Irm\u00e3o \u00b7 Torre dos Cl\u00e9rigos entre Outras","breadcrumb":{"@id":"https:\/\/celina-tours.com\/blog\/pt\/o-que-ver-e-fazer-no-porto-um-guia-completo-para-visitar-a-cidade\/#breadcrumb"},"inLanguage":"pt-PT","potentialAction":[{"@type":"ReadAction","target":["https:\/\/celina-tours.com\/blog\/pt\/o-que-ver-e-fazer-no-porto-um-guia-completo-para-visitar-a-cidade\/"]}]},{"@type":"ImageObject","inLanguage":"pt-PT","@id":"https:\/\/celina-tours.com\/blog\/pt\/o-que-ver-e-fazer-no-porto-um-guia-completo-para-visitar-a-cidade\/#primaryimage","url":"https:\/\/celina-tours.com\/blog\/wp-content\/uploads\/2025\/02\/BLOG-4-197.jpg","contentUrl":"https:\/\/celina-tours.com\/blog\/wp-content\/uploads\/2025\/02\/BLOG-4-197.jpg","width":600,"height":353},{"@type":"BreadcrumbList","@id":"https:\/\/celina-tours.com\/blog\/pt\/o-que-ver-e-fazer-no-porto-um-guia-completo-para-visitar-a-cidade\/#breadcrumb","itemListElement":[{"@type":"ListItem","position":1,"name":"In\u00edcio","item":"https:\/\/celina-tours.com\/blog\/pt\/"},{"@type":"ListItem","position":2,"name":"O Que Ver e Fazer no Porto um guia Completo para Visitar a Cidade"}]},{"@type":"WebSite","@id":"https:\/\/celina-tours.com\/blog\/#website","url":"https:\/\/celina-tours.com\/blog\/","name":"Celina Tours","description":"","publisher":{"@id":"https:\/\/celina-tours.com\/blog\/#organization"},"potentialAction":[{"@type":"SearchAction","target":{"@type":"EntryPoint","urlTemplate":"https:\/\/celina-tours.com\/blog\/?s={search_term_string}"},"query-input":{"@type":"PropertyValueSpecification","valueRequired":true,"valueName":"search_term_string"}}],"inLanguage":"pt-PT"},{"@type":"Organization","@id":"https:\/\/celina-tours.com\/blog\/#organization","name":"Celina Tours","url":"https:\/\/celina-tours.com\/blog\/","logo":{"@type":"ImageObject","inLanguage":"pt-PT","@id":"https:\/\/celina-tours.com\/blog\/#\/schema\/logo\/image\/","url":"https:\/\/celina-tours.com\/blog\/wp-content\/uploads\/2025\/01\/cropped-1-1.png","contentUrl":"https:\/\/celina-tours.com\/blog\/wp-content\/uploads\/2025\/01\/cropped-1-1.png","width":300,"height":94,"caption":"Celina Tours"},"image":{"@id":"https:\/\/celina-tours.com\/blog\/#\/schema\/logo\/image\/"},"sameAs":["https:\/\/www.instagram.com\/celinatourspt\/"]},{"@type":"Person","@id":"https:\/\/celina-tours.com\/blog\/#\/schema\/person\/e4611dfff819107474e643eb3c25e040","name":"ctours_blog","sameAs":["https:\/\/celina-tours.com\/blog"],"url":"https:\/\/celina-tours.com\/blog\/author\/ctours_blog\/"}]}},"_links":{"self":[{"href":"https:\/\/celina-tours.com\/blog\/wp-json\/wp\/v2\/posts\/5276","targetHints":{"allow":["GET"]}}],"collection":[{"href":"https:\/\/celina-tours.com\/blog\/wp-json\/wp\/v2\/posts"}],"about":[{"href":"https:\/\/celina-tours.com\/blog\/wp-json\/wp\/v2\/types\/post"}],"author":[{"embeddable":true,"href":"https:\/\/celina-tours.com\/blog\/wp-json\/wp\/v2\/users\/1"}],"replies":[{"embeddable":true,"href":"https:\/\/celina-tours.com\/blog\/wp-json\/wp\/v2\/comments?post=5276"}],"version-history":[{"count":9,"href":"https:\/\/celina-tours.com\/blog\/wp-json\/wp\/v2\/posts\/5276\/revisions"}],"predecessor-version":[{"id":6143,"href":"https:\/\/celina-tours.com\/blog\/wp-json\/wp\/v2\/posts\/5276\/revisions\/6143"}],"wp:featuredmedia":[{"embeddable":true,"href":"https:\/\/celina-tours.com\/blog\/wp-json\/wp\/v2\/media\/5277"}],"wp:attachment":[{"href":"https:\/\/celina-tours.com\/blog\/wp-json\/wp\/v2\/media?parent=5276"}],"wp:term":[{"taxonomy":"category","embeddable":true,"href":"https:\/\/celina-tours.com\/blog\/wp-json\/wp\/v2\/categories?post=5276"},{"taxonomy":"post_tag","embeddable":true,"href":"https:\/\/celina-tours.com\/blog\/wp-json\/wp\/v2\/tags?post=5276"}],"curies":[{"name":"wp","href":"https:\/\/api.w.org\/{rel}","templated":true}]}}