{"id":5223,"date":"2025-02-20T18:16:45","date_gmt":"2025-02-20T18:16:45","guid":{"rendered":"https:\/\/celina-tours.com\/blog\/?p=5223"},"modified":"2025-02-20T20:39:21","modified_gmt":"2025-02-20T20:39:21","slug":"precos-dos-monumentos-e-museus-em-lisboa-2025","status":"publish","type":"post","link":"https:\/\/celina-tours.com\/blog\/pt\/precos-dos-monumentos-e-museus-em-lisboa-2025\/","title":{"rendered":"Pre\u00e7os dos Monumentos e Museus em Lisboa (2025)"},"content":{"rendered":"<h2>Guia Completo de Pre\u00e7os e Hor\u00e1rios dos Monumentos e Museus em Lisboa (2025)<\/h2>\n<p>Lisboa \u00e9 uma cidade rica em hist\u00f3ria, cultura e arquitetura. Dos monumentos imponentes aos museus fascinantes, h\u00e1 muito para explorar. Para ajudar no planejamento da sua visita, reunimos neste guia os pre\u00e7os e hor\u00e1rios atualizados dos principais museus e monumentos da capital portuguesa.<\/p>\n<h2>1. Mosteiro dos Jer\u00f3nimos \ud83c\udff0<\/h2>\n<h3><img decoding=\"async\" class=\"alignnone wp-image-4620 size-full lazyload\" data-src=\"https:\/\/celina-tours.com\/blog\/wp-content\/uploads\/2025\/02\/BLOG-4-67.jpg\" alt=\"\" width=\"600\" height=\"353\" data-srcset=\"https:\/\/celina-tours.com\/blog\/wp-content\/uploads\/2025\/02\/BLOG-4-67.jpg 600w, https:\/\/celina-tours.com\/blog\/wp-content\/uploads\/2025\/02\/BLOG-4-67-300x177.jpg 300w\" data-sizes=\"(max-width: 600px) 100vw, 600px\" src=\"data:image\/svg+xml;base64,PHN2ZyB3aWR0aD0iMSIgaGVpZ2h0PSIxIiB4bWxucz0iaHR0cDovL3d3dy53My5vcmcvMjAwMC9zdmciPjwvc3ZnPg==\" style=\"--smush-placeholder-width: 600px; --smush-placeholder-aspect-ratio: 600\/353;\" \/><\/h3>\n<h3>Sobre o Local<\/h3>\n<p>O Mosteiro dos Jer\u00f3nimos, um dos monumentos mais ic\u00f4nicos de Lisboa, \u00e9 um exemplo impressionante da arquitetura manuelina. Constru\u00eddo no s\u00e9culo XVI, abriga os t\u00famulos de Vasco da Gama e Lu\u00eds de Cam\u00f5es.<\/p>\n<h3>\ud83d\udcb0 Pre\u00e7os dos Bilhetes:<\/h3>\n<p>Adultos: 12\u20ac<br \/>\nJovens (12-25 anos): 6\u20ac<br \/>\nCrian\u00e7as (at\u00e9 12 anos): Gr\u00e1tis<br \/>\nIdosos (+65 anos): 6\u20ac<\/p>\n<p><strong>Lisboa Card: Gr\u00e1tis<\/strong><br \/>\n<strong>Primeiro domingo do m\u00eas: Gr\u00e1tis para todos<\/strong><\/p>\n<h3>\ud83d\udd52 Hor\u00e1rio de Funcionamento:<\/h3>\n<p>Ter\u00e7a a domingo: 10h00 \u2013 18h30 (\u00faltima entrada \u00e0s 18h00)<br \/>\nFechado: Segundas-feiras, 1\u00ba de janeiro, domingo de P\u00e1scoa, 1\u00ba de maio e 25 de dezembro.<\/p>\n<h2>2. Torre de Bel\u00e9m \ud83c\udff0\ud83c\udf0a<\/h2>\n<h3><img decoding=\"async\" class=\"alignnone wp-image-4619 size-full lazyload\" data-src=\"https:\/\/celina-tours.com\/blog\/wp-content\/uploads\/2025\/02\/BLOG-4-66.jpg\" alt=\"\" width=\"600\" height=\"353\" data-srcset=\"https:\/\/celina-tours.com\/blog\/wp-content\/uploads\/2025\/02\/BLOG-4-66.jpg 600w, https:\/\/celina-tours.com\/blog\/wp-content\/uploads\/2025\/02\/BLOG-4-66-300x177.jpg 300w\" data-sizes=\"(max-width: 600px) 100vw, 600px\" src=\"data:image\/svg+xml;base64,PHN2ZyB3aWR0aD0iMSIgaGVpZ2h0PSIxIiB4bWxucz0iaHR0cDovL3d3dy53My5vcmcvMjAwMC9zdmciPjwvc3ZnPg==\" style=\"--smush-placeholder-width: 600px; --smush-placeholder-aspect-ratio: 600\/353;\" \/><\/h3>\n<h3>Sobre o Local<\/h3>\n<p>A Torre de Bel\u00e9m \u00e9 um dos cart\u00f5es-postais de Lisboa e um Patrim\u00f4nio Mundial da UNESCO. Constru\u00edda no s\u00e9culo XVI, simboliza a Era dos Descobrimentos.<\/p>\n<h3>\ud83d\udcb0 Pre\u00e7os dos Bilhetes:<\/h3>\n<p>Adultos: 8\u20ac<br \/>\nJovens (12-25 anos): 4\u20ac<br \/>\nCrian\u00e7as (at\u00e9 12 anos): Gr\u00e1tis<br \/>\nIdosos (+65 anos): 4\u20ac<\/p>\n<p><strong>Lisboa Card: Gr\u00e1tis<\/strong><br \/>\n<strong>Primeiro domingo do m\u00eas: Gr\u00e1tis para todos<\/strong><\/p>\n<h3>\ud83d\udd52 Hor\u00e1rio de Funcionamento:<\/h3>\n<p>Ter\u00e7a a domingo: 10h00 \u2013 18h30 (\u00faltima entrada \u00e0s 18h00)<br \/>\nFechado: Segundas-feiras e feriados nacionais.<\/p>\n<h2>3. Padr\u00e3o dos Descobrimentos<\/h2>\n<h2><img decoding=\"async\" class=\"alignnone wp-image-5188 size-full lazyload\" data-src=\"https:\/\/celina-tours.com\/blog\/wp-content\/uploads\/2025\/02\/BLOG-4-180.jpg\" alt=\"\" width=\"600\" height=\"353\" data-srcset=\"https:\/\/celina-tours.com\/blog\/wp-content\/uploads\/2025\/02\/BLOG-4-180.jpg 600w, https:\/\/celina-tours.com\/blog\/wp-content\/uploads\/2025\/02\/BLOG-4-180-300x177.jpg 300w\" data-sizes=\"(max-width: 600px) 100vw, 600px\" src=\"data:image\/svg+xml;base64,PHN2ZyB3aWR0aD0iMSIgaGVpZ2h0PSIxIiB4bWxucz0iaHR0cDovL3d3dy53My5vcmcvMjAwMC9zdmciPjwvc3ZnPg==\" style=\"--smush-placeholder-width: 600px; --smush-placeholder-aspect-ratio: 600\/353;\" \/><\/h2>\n<h2>Sobre o Local<\/h2>\n<p>O Padr\u00e3o dos Descobrimentos, localizado \u00e0s margens do rio Tejo, em Bel\u00e9m, homenageia os navegadores portugueses da Era dos Descobrimentos. Inaugurado em 1960, o monumento possui um miradouro com vista panor\u00e2mica da regi\u00e3o.<\/p>\n<h3>\ud83d\udcb0 Pre\u00e7os dos Bilhetes:<\/h3>\n<p>Adultos: 6\u20ac<br \/>\nJovens (13-25 anos): 3\u20ac<br \/>\nCrian\u00e7as (at\u00e9 12 anos): Gr\u00e1tis<br \/>\nIdosos (+65 anos): 3\u20ac<br \/>\nFam\u00edlias (2 adultos + 2 jovens): 12\u20ac<\/p>\n<p><strong>Lisboa Card: Desconto de 20%<\/strong><\/p>\n<h3>\ud83d\udd52 Hor\u00e1rio de Funcionamento:<\/h3>\n<p>Mar\u00e7o a setembro: 10h00 \u2013 19h00 (\u00faltima entrada \u00e0s 18h30)<br \/>\nOutubro a fevereiro: 10h00 \u2013 18h00 (\u00faltima entrada \u00e0s 17h30)<br \/>\nFechado: 1\u00ba de janeiro, 1\u00ba de maio, 24, 25 e 31 de dezembro.<\/p>\n<p>A subida ao miradouro do Padr\u00e3o dos Descobrimentos proporciona uma das melhores vistas de Lisboa. N\u00e3o perca essa experi\u00eancia! \u26f5\u2728<\/p>\n<p>&nbsp;<\/p>\n<table style=\"width: 732px; height: 210px;\">\n<tbody>\n<tr>\n<td style=\"width: 644.8px;\">\n<h3><img decoding=\"async\" class=\"wp-image-3974 alignleft lazyload\" data-src=\"https:\/\/celina-tours.com\/blog\/wp-content\/uploads\/2025\/01\/lisboa.jpg\" data-sizes=\"auto, (max-width: 182px) 100vw, 182px\" data-srcset=\"https:\/\/celina-tours.com\/blog\/wp-content\/uploads\/2025\/01\/lisboa.jpg 194w, https:\/\/celina-tours.com\/blog\/wp-content\/uploads\/2025\/01\/lisboa-150x150.jpg 150w\" alt=\"\" width=\"182\" height=\"182\" src=\"data:image\/svg+xml;base64,PHN2ZyB3aWR0aD0iMSIgaGVpZ2h0PSIxIiB4bWxucz0iaHR0cDovL3d3dy53My5vcmcvMjAwMC9zdmciPjwvc3ZnPg==\" style=\"--smush-placeholder-width: 182px; --smush-placeholder-aspect-ratio: 182\/182;\" \/><br \/>\nTOUR EM LISBOA<\/h3>\n<p><a href=\"https:\/\/celina-tours.com\/excursao-privada-lisboa-durante-dia-tours.php\" target=\"_blank\" rel=\"noopener\">Tour Privado Lisboa Aqui &gt;&gt;&gt;<\/a><\/p>\n<p><a href=\"https:\/\/celina-tours.com\/excursao-lisboa-city-tour-dia-inteiro.php\" target=\"_blank\" rel=\"noopener\">Tour em Grupo Lisboa Aqui\u00a0 &gt;&gt;&gt;<\/a><\/td>\n<\/tr>\n<\/tbody>\n<\/table>\n<h2>4. Castelo de S\u00e3o Jorge \ud83c\udff0<\/h2>\n<h3><img decoding=\"async\" class=\"alignnone wp-image-4621 size-full lazyload\" data-src=\"https:\/\/celina-tours.com\/blog\/wp-content\/uploads\/2025\/02\/BLOG-4-68.jpg\" alt=\"\" width=\"600\" height=\"353\" data-srcset=\"https:\/\/celina-tours.com\/blog\/wp-content\/uploads\/2025\/02\/BLOG-4-68.jpg 600w, https:\/\/celina-tours.com\/blog\/wp-content\/uploads\/2025\/02\/BLOG-4-68-300x177.jpg 300w\" data-sizes=\"(max-width: 600px) 100vw, 600px\" src=\"data:image\/svg+xml;base64,PHN2ZyB3aWR0aD0iMSIgaGVpZ2h0PSIxIiB4bWxucz0iaHR0cDovL3d3dy53My5vcmcvMjAwMC9zdmciPjwvc3ZnPg==\" style=\"--smush-placeholder-width: 600px; --smush-placeholder-aspect-ratio: 600\/353;\" \/><\/h3>\n<h3>Sobre o Local<\/h3>\n<p>O Castelo de S\u00e3o Jorge \u00e9 um dos pontos tur\u00edsticos mais visitados de Lisboa, oferecendo vistas panor\u00e2micas incr\u00edveis da cidade.<\/p>\n<h3>\ud83d\udcb0 Pre\u00e7os dos Bilhetes:<\/h3>\n<p>Adultos: 15\u20ac<br \/>\nJovens (13-25 anos): 7,50\u20ac<br \/>\nCrian\u00e7as (at\u00e9 12 anos): Gr\u00e1tis<br \/>\nIdosos (+65 anos): 12,50\u20ac<\/p>\n<p><strong>Lisboa Card: Desconto de 20%<\/strong><\/p>\n<h3>\ud83d\udd52 Hor\u00e1rio de Funcionamento:<\/h3>\n<p>Todos os dias: 09h00 \u2013 21h00<\/p>\n<p>&nbsp;<\/p>\n<h2>5. Museu Nacional do Azulejo \ud83c\udfa8<\/h2>\n<h3><img decoding=\"async\" class=\"alignnone wp-image-5228 size-full lazyload\" data-src=\"https:\/\/celina-tours.com\/blog\/wp-content\/uploads\/2025\/02\/BLOG-4-186.jpg\" alt=\"\" width=\"600\" height=\"353\" data-srcset=\"https:\/\/celina-tours.com\/blog\/wp-content\/uploads\/2025\/02\/BLOG-4-186.jpg 600w, https:\/\/celina-tours.com\/blog\/wp-content\/uploads\/2025\/02\/BLOG-4-186-300x177.jpg 300w\" data-sizes=\"(max-width: 600px) 100vw, 600px\" src=\"data:image\/svg+xml;base64,PHN2ZyB3aWR0aD0iMSIgaGVpZ2h0PSIxIiB4bWxucz0iaHR0cDovL3d3dy53My5vcmcvMjAwMC9zdmciPjwvc3ZnPg==\" style=\"--smush-placeholder-width: 600px; --smush-placeholder-aspect-ratio: 600\/353;\" \/><\/h3>\n<h3>Sobre o Local<\/h3>\n<p>O Museu Nacional do Azulejo apresenta a hist\u00f3ria e evolu\u00e7\u00e3o do azulejo portugu\u00eas, uma das maiores express\u00f5es art\u00edsticas do pa\u00eds.<\/p>\n<h3>\ud83d\udcb0 Pre\u00e7os dos Bilhetes:<\/h3>\n<p>Adultos: 5\u20ac<br \/>\nJovens (12-25 anos): 2,50\u20ac<br \/>\nCrian\u00e7as (at\u00e9 12 anos): Gr\u00e1tis<br \/>\nIdosos (+65 anos): 2,50\u20ac<\/p>\n<p><strong>Lisboa Card: Gr\u00e1tis<\/strong><br \/>\n<strong>Primeiro domingo do m\u00eas: Gr\u00e1tis para todos<\/strong><\/p>\n<h3>\ud83d\udd52 Hor\u00e1rio de Funcionamento:<\/h3>\n<p>Ter\u00e7a a domingo: 10h00 \u2013 18h00<br \/>\nFechado: Segundas-feiras e feriados nacionais.<\/p>\n<p>&nbsp;<\/p>\n<table style=\"width: 732px; height: 210px;\">\n<tbody>\n<tr>\n<td style=\"width: 644.8px;\">\n<h3><img decoding=\"async\" class=\"alignleft wp-image-3974 lazyload\" data-src=\"https:\/\/celina-tours.com\/blog\/wp-content\/uploads\/2025\/02\/sintra.jpg\" alt=\"\" width=\"182\" height=\"182\" src=\"data:image\/svg+xml;base64,PHN2ZyB3aWR0aD0iMSIgaGVpZ2h0PSIxIiB4bWxucz0iaHR0cDovL3d3dy53My5vcmcvMjAwMC9zdmciPjwvc3ZnPg==\" style=\"--smush-placeholder-width: 182px; --smush-placeholder-aspect-ratio: 182\/182;\" \/><br \/>\nTOUR SINTRA CASCAIS<\/h3>\n<p><a href=\"https:\/\/celina-tours.com\/excursao-privada-sintra-cascais-tours.php\" target=\"_blank\" rel=\"noopener\">Tour Privado Sintra Cascais &gt;&gt;&gt;<\/a><\/p>\n<p><a href=\"https:\/\/celina-tours.com\/excursao-sintra-cascais-tours.php\" target=\"_blank\" rel=\"noopener\">Tour em Grupo Sintra Cascais &gt;&gt;&gt;<\/a><\/td>\n<\/tr>\n<\/tbody>\n<\/table>\n<p>&nbsp;<\/p>\n<h2>6. Ocean\u00e1rio de Lisboa \ud83c\udf0a\ud83d\udc20<\/h2>\n<h3><img decoding=\"async\" class=\"alignnone wp-image-5229 size-full lazyload\" data-src=\"https:\/\/celina-tours.com\/blog\/wp-content\/uploads\/2025\/02\/BLOG-4-187.jpg\" alt=\"\" width=\"600\" height=\"353\" data-srcset=\"https:\/\/celina-tours.com\/blog\/wp-content\/uploads\/2025\/02\/BLOG-4-187.jpg 600w, https:\/\/celina-tours.com\/blog\/wp-content\/uploads\/2025\/02\/BLOG-4-187-300x177.jpg 300w\" data-sizes=\"(max-width: 600px) 100vw, 600px\" src=\"data:image\/svg+xml;base64,PHN2ZyB3aWR0aD0iMSIgaGVpZ2h0PSIxIiB4bWxucz0iaHR0cDovL3d3dy53My5vcmcvMjAwMC9zdmciPjwvc3ZnPg==\" style=\"--smush-placeholder-width: 600px; --smush-placeholder-aspect-ratio: 600\/353;\" \/><\/h3>\n<h3>Sobre o Local<\/h3>\n<p>O Ocean\u00e1rio de Lisboa \u00e9 um dos maiores aqu\u00e1rios da Europa e uma das atra\u00e7\u00f5es mais visitadas do pa\u00eds.<\/p>\n<h3>\ud83d\udcb0 Pre\u00e7os dos Bilhetes:<\/h3>\n<p>Adultos (13-64 anos): 25\u20ac<br \/>\nCrian\u00e7as (3-12 anos): 15\u20ac<br \/>\nIdosos (+65 anos): 18\u20ac<br \/>\nBeb\u00eas (0-2 anos): Gr\u00e1tis<br \/>\nBilhete Fam\u00edlia (2 adultos + 2 crian\u00e7as): 67\u20ac<\/p>\n<h3>\ud83d\udd52 Hor\u00e1rio de Funcionamento:<\/h3>\n<p>Todos os dias: 10h00 \u2013 20h00 (\u00faltima entrada \u00e0s 19h00)<\/p>\n<h2>7. Museu Nacional dos Coches \ud83d\ude97<\/h2>\n<h3><img decoding=\"async\" class=\"alignnone wp-image-5230 size-full lazyload\" data-src=\"https:\/\/celina-tours.com\/blog\/wp-content\/uploads\/2025\/02\/BLOG-4-188.jpg\" alt=\"\" width=\"600\" height=\"353\" data-srcset=\"https:\/\/celina-tours.com\/blog\/wp-content\/uploads\/2025\/02\/BLOG-4-188.jpg 600w, https:\/\/celina-tours.com\/blog\/wp-content\/uploads\/2025\/02\/BLOG-4-188-300x177.jpg 300w\" data-sizes=\"(max-width: 600px) 100vw, 600px\" src=\"data:image\/svg+xml;base64,PHN2ZyB3aWR0aD0iMSIgaGVpZ2h0PSIxIiB4bWxucz0iaHR0cDovL3d3dy53My5vcmcvMjAwMC9zdmciPjwvc3ZnPg==\" style=\"--smush-placeholder-width: 600px; --smush-placeholder-aspect-ratio: 600\/353;\" \/><\/h3>\n<h3>Sobre o Local<\/h3>\n<p>O Museu Nacional dos Coches abriga uma cole\u00e7\u00e3o impressionante de carruagens reais dos s\u00e9culos XVII a XIX.<\/p>\n<h3>\ud83d\udcb0 Pre\u00e7os dos Bilhetes:<\/h3>\n<p>Adultos: 8\u20ac<br \/>\nJovens (13-18 anos): 4\u20ac<br \/>\nCrian\u00e7as (at\u00e9 12 anos): Gr\u00e1tis<br \/>\nIdosos (+65 anos): 4\u20ac<\/p>\n<p><strong>Lisboa Card: Gr\u00e1tis<\/strong><\/p>\n<h3>\ud83d\udd52 Hor\u00e1rio de Funcionamento:<\/h3>\n<p>Ter\u00e7a a domingo: 10h00 \u2013 18h00<br \/>\nFechado: Segundas-feiras e feriados nacionais.<\/p>\n<p>&nbsp;<\/p>\n<table style=\"width: 732px; height: 210px;\">\n<tbody>\n<tr>\n<td style=\"width: 644.8px;\">\n<h3><img decoding=\"async\" class=\"alignleft wp-image-3974 lazyload\" data-src=\"https:\/\/celina-tours.com\/blog\/wp-content\/uploads\/2025\/02\/fadoshow.jpg\" alt=\"\" width=\"182\" height=\"182\" src=\"data:image\/svg+xml;base64,PHN2ZyB3aWR0aD0iMSIgaGVpZ2h0PSIxIiB4bWxucz0iaHR0cDovL3d3dy53My5vcmcvMjAwMC9zdmciPjwvc3ZnPg==\" style=\"--smush-placeholder-width: 182px; --smush-placeholder-aspect-ratio: 182\/182;\" \/><br \/>\nTOUR LISBOA NOITE<\/h3>\n<p><a href=\"https:\/\/celina-tours.com\/excursao-privada-lisboa-noite-fado-tours.php\" target=\"_blank\" rel=\"noopener\">Tour Privado Lisboa Noite Show Fado &gt;&gt;&gt;<\/a><\/p>\n<p><a href=\"https:\/\/celina-tours.com\/excursao-lisboa-noite-show-fado-tours.php\" target=\"_blank\" rel=\"noopener\">Tour em Grupo Lisboa Noite Show Fado &gt;&gt;&gt;<\/a><\/td>\n<\/tr>\n<\/tbody>\n<\/table>\n<p>&nbsp;<\/p>\n<h2>8. Museu do Fado \ud83c\udfb6<\/h2>\n<h3><img decoding=\"async\" class=\"alignnone wp-image-5231 size-full lazyload\" data-src=\"https:\/\/celina-tours.com\/blog\/wp-content\/uploads\/2025\/02\/BLOG-4-189.jpg\" alt=\"\" width=\"600\" height=\"353\" data-srcset=\"https:\/\/celina-tours.com\/blog\/wp-content\/uploads\/2025\/02\/BLOG-4-189.jpg 600w, https:\/\/celina-tours.com\/blog\/wp-content\/uploads\/2025\/02\/BLOG-4-189-300x177.jpg 300w\" data-sizes=\"(max-width: 600px) 100vw, 600px\" src=\"data:image\/svg+xml;base64,PHN2ZyB3aWR0aD0iMSIgaGVpZ2h0PSIxIiB4bWxucz0iaHR0cDovL3d3dy53My5vcmcvMjAwMC9zdmciPjwvc3ZnPg==\" style=\"--smush-placeholder-width: 600px; --smush-placeholder-aspect-ratio: 600\/353;\" \/><\/h3>\n<h3>Sobre o Local<\/h3>\n<p>O Museu do Fado apresenta a hist\u00f3ria e evolu\u00e7\u00e3o deste g\u00eanero musical tradicional portugu\u00eas.<\/p>\n<h3>\ud83d\udcb0 Pre\u00e7os dos Bilhetes:<\/h3>\n<p>Adultos: 5\u20ac<br \/>\nJovens (12-25 anos): 2,50\u20ac<br \/>\nCrian\u00e7as (at\u00e9 12 anos): Gr\u00e1tis<br \/>\nIdosos (+65 anos): 2,50\u20ac<\/p>\n<p><strong>Lisboa Card: Gr\u00e1tis<\/strong><\/p>\n<h3>\ud83d\udd52 Hor\u00e1rio de Funcionamento:<\/h3>\n<p>Ter\u00e7a a domingo: 10h00 \u2013 18h00<br \/>\nFechado: Segundas-feiras e feriados nacionais.<\/p>\n<p>&nbsp;<\/p>\n<h2>Dicas para Economizar<\/h2>\n<p>\u2705 <strong>Lisboa Card \u2013<\/strong> D\u00e1 acesso gratuito ou descontos em diversos museus e monumentos.<br \/>\n\u2705 <strong>Primeiro domingo do m\u00eas<\/strong> \u2013 Entrada gratuita em muitos museus.<br \/>\n\u2705 <strong>Bilhetes combinados<\/strong> \u2013 Alguns museus oferecem ingressos combinados a pre\u00e7os reduzidos.<\/p>\n<p>&nbsp;<\/p>\n","protected":false},"excerpt":{"rendered":"<p>Guia Completo de Pre\u00e7os e Hor\u00e1rios dos Monumentos e Museus em Lisboa (2025) Lisboa \u00e9 uma cidade rica em hist\u00f3ria,&hellip;<\/p>\n","protected":false},"author":1,"featured_media":5226,"comment_status":"closed","ping_status":"closed","sticky":false,"template":"","format":"standard","meta":{"om_disable_all_campaigns":false,"footnotes":""},"categories":[30],"tags":[122],"class_list":["post-5223","post","type-post","status-publish","format-standard","has-post-thumbnail","hentry","category-lisboa-pt","tag-lisboa"],"yoast_head":"<!-- This site is optimized with the Yoast SEO plugin v27.0 - https:\/\/yoast.com\/product\/yoast-seo-wordpress\/ -->\n<title>Pre\u00e7os dos Monumentos e Museus em Lisboa (2025) -<\/title>\n<meta name=\"description\" content=\"pre\u00e7os dos monumentos e museus em Lisboa. Pre\u00e7os visitar a Torre de Bel\u00e9m, Mosteiro dos Jer\u00f3nimos e outro dias entrada gratuita e descontos\" \/>\n<meta name=\"robots\" content=\"index, follow, max-snippet:-1, max-image-preview:large, max-video-preview:-1\" \/>\n<link rel=\"canonical\" href=\"https:\/\/celina-tours.com\/blog\/pt\/precos-dos-monumentos-e-museus-em-lisboa-2025\/\" \/>\n<meta property=\"og:locale\" content=\"pt_PT\" \/>\n<meta property=\"og:type\" content=\"article\" \/>\n<meta property=\"og:title\" content=\"Pre\u00e7os dos Monumentos e Museus em Lisboa (2025) -\" \/>\n<meta property=\"og:description\" content=\"pre\u00e7os dos monumentos e museus em Lisboa. Pre\u00e7os visitar a Torre de Bel\u00e9m, Mosteiro dos Jer\u00f3nimos e outro dias entrada gratuita e descontos\" \/>\n<meta property=\"og:url\" content=\"https:\/\/celina-tours.com\/blog\/pt\/precos-dos-monumentos-e-museus-em-lisboa-2025\/\" \/>\n<meta property=\"article:publisher\" content=\"https:\/\/www.instagram.com\/celinatourspt\/\" \/>\n<meta property=\"article:published_time\" content=\"2025-02-20T18:16:45+00:00\" \/>\n<meta property=\"article:modified_time\" content=\"2025-02-20T20:39:21+00:00\" \/>\n<meta property=\"og:image\" content=\"https:\/\/celina-tours.com\/blog\/wp-content\/uploads\/2025\/02\/BLOG-4-185.jpg\" \/>\n\t<meta property=\"og:image:width\" content=\"600\" \/>\n\t<meta property=\"og:image:height\" content=\"353\" \/>\n\t<meta property=\"og:image:type\" content=\"image\/jpeg\" \/>\n<meta name=\"author\" content=\"ctours_blog\" \/>\n<meta name=\"twitter:card\" content=\"summary_large_image\" \/>\n<meta name=\"twitter:label1\" content=\"Escrito por\" \/>\n\t<meta name=\"twitter:data1\" content=\"ctours_blog\" \/>\n\t<meta name=\"twitter:label2\" content=\"Tempo estimado de leitura\" \/>\n\t<meta name=\"twitter:data2\" content=\"7 minutos\" \/>\n<script type=\"application\/ld+json\" class=\"yoast-schema-graph\">{\"@context\":\"https:\/\/schema.org\",\"@graph\":[{\"@type\":\"Article\",\"@id\":\"https:\/\/celina-tours.com\/blog\/pt\/precos-dos-monumentos-e-museus-em-lisboa-2025\/#article\",\"isPartOf\":{\"@id\":\"https:\/\/celina-tours.com\/blog\/pt\/precos-dos-monumentos-e-museus-em-lisboa-2025\/\"},\"author\":{\"name\":\"ctours_blog\",\"@id\":\"https:\/\/celina-tours.com\/blog\/#\/schema\/person\/e4611dfff819107474e643eb3c25e040\"},\"headline\":\"Pre\u00e7os dos Monumentos e Museus em Lisboa (2025)\",\"datePublished\":\"2025-02-20T18:16:45+00:00\",\"dateModified\":\"2025-02-20T20:39:21+00:00\",\"mainEntityOfPage\":{\"@id\":\"https:\/\/celina-tours.com\/blog\/pt\/precos-dos-monumentos-e-museus-em-lisboa-2025\/\"},\"wordCount\":799,\"publisher\":{\"@id\":\"https:\/\/celina-tours.com\/blog\/#organization\"},\"image\":{\"@id\":\"https:\/\/celina-tours.com\/blog\/pt\/precos-dos-monumentos-e-museus-em-lisboa-2025\/#primaryimage\"},\"thumbnailUrl\":\"https:\/\/celina-tours.com\/blog\/wp-content\/uploads\/2025\/02\/BLOG-4-185.jpg\",\"keywords\":[\"Lisboa\"],\"articleSection\":[\"Regi\u00e3o de Lisboa\"],\"inLanguage\":\"pt-PT\"},{\"@type\":\"WebPage\",\"@id\":\"https:\/\/celina-tours.com\/blog\/pt\/precos-dos-monumentos-e-museus-em-lisboa-2025\/\",\"url\":\"https:\/\/celina-tours.com\/blog\/pt\/precos-dos-monumentos-e-museus-em-lisboa-2025\/\",\"name\":\"Pre\u00e7os dos Monumentos e Museus em Lisboa (2025) -\",\"isPartOf\":{\"@id\":\"https:\/\/celina-tours.com\/blog\/#website\"},\"primaryImageOfPage\":{\"@id\":\"https:\/\/celina-tours.com\/blog\/pt\/precos-dos-monumentos-e-museus-em-lisboa-2025\/#primaryimage\"},\"image\":{\"@id\":\"https:\/\/celina-tours.com\/blog\/pt\/precos-dos-monumentos-e-museus-em-lisboa-2025\/#primaryimage\"},\"thumbnailUrl\":\"https:\/\/celina-tours.com\/blog\/wp-content\/uploads\/2025\/02\/BLOG-4-185.jpg\",\"datePublished\":\"2025-02-20T18:16:45+00:00\",\"dateModified\":\"2025-02-20T20:39:21+00:00\",\"description\":\"pre\u00e7os dos monumentos e museus em Lisboa. Pre\u00e7os visitar a Torre de Bel\u00e9m, Mosteiro dos Jer\u00f3nimos e outro dias entrada gratuita e descontos\",\"breadcrumb\":{\"@id\":\"https:\/\/celina-tours.com\/blog\/pt\/precos-dos-monumentos-e-museus-em-lisboa-2025\/#breadcrumb\"},\"inLanguage\":\"pt-PT\",\"potentialAction\":[{\"@type\":\"ReadAction\",\"target\":[\"https:\/\/celina-tours.com\/blog\/pt\/precos-dos-monumentos-e-museus-em-lisboa-2025\/\"]}]},{\"@type\":\"ImageObject\",\"inLanguage\":\"pt-PT\",\"@id\":\"https:\/\/celina-tours.com\/blog\/pt\/precos-dos-monumentos-e-museus-em-lisboa-2025\/#primaryimage\",\"url\":\"https:\/\/celina-tours.com\/blog\/wp-content\/uploads\/2025\/02\/BLOG-4-185.jpg\",\"contentUrl\":\"https:\/\/celina-tours.com\/blog\/wp-content\/uploads\/2025\/02\/BLOG-4-185.jpg\",\"width\":600,\"height\":353},{\"@type\":\"BreadcrumbList\",\"@id\":\"https:\/\/celina-tours.com\/blog\/pt\/precos-dos-monumentos-e-museus-em-lisboa-2025\/#breadcrumb\",\"itemListElement\":[{\"@type\":\"ListItem\",\"position\":1,\"name\":\"In\u00edcio\",\"item\":\"https:\/\/celina-tours.com\/blog\/pt\/\"},{\"@type\":\"ListItem\",\"position\":2,\"name\":\"Pre\u00e7os dos Monumentos e Museus em Lisboa (2025)\"}]},{\"@type\":\"WebSite\",\"@id\":\"https:\/\/celina-tours.com\/blog\/#website\",\"url\":\"https:\/\/celina-tours.com\/blog\/\",\"name\":\"Celina Tours\",\"description\":\"\",\"publisher\":{\"@id\":\"https:\/\/celina-tours.com\/blog\/#organization\"},\"potentialAction\":[{\"@type\":\"SearchAction\",\"target\":{\"@type\":\"EntryPoint\",\"urlTemplate\":\"https:\/\/celina-tours.com\/blog\/?s={search_term_string}\"},\"query-input\":{\"@type\":\"PropertyValueSpecification\",\"valueRequired\":true,\"valueName\":\"search_term_string\"}}],\"inLanguage\":\"pt-PT\"},{\"@type\":\"Organization\",\"@id\":\"https:\/\/celina-tours.com\/blog\/#organization\",\"name\":\"Celina Tours\",\"url\":\"https:\/\/celina-tours.com\/blog\/\",\"logo\":{\"@type\":\"ImageObject\",\"inLanguage\":\"pt-PT\",\"@id\":\"https:\/\/celina-tours.com\/blog\/#\/schema\/logo\/image\/\",\"url\":\"https:\/\/celina-tours.com\/blog\/wp-content\/uploads\/2025\/01\/cropped-1-1.png\",\"contentUrl\":\"https:\/\/celina-tours.com\/blog\/wp-content\/uploads\/2025\/01\/cropped-1-1.png\",\"width\":300,\"height\":94,\"caption\":\"Celina Tours\"},\"image\":{\"@id\":\"https:\/\/celina-tours.com\/blog\/#\/schema\/logo\/image\/\"},\"sameAs\":[\"https:\/\/www.instagram.com\/celinatourspt\/\"]},{\"@type\":\"Person\",\"@id\":\"https:\/\/celina-tours.com\/blog\/#\/schema\/person\/e4611dfff819107474e643eb3c25e040\",\"name\":\"ctours_blog\",\"sameAs\":[\"https:\/\/celina-tours.com\/blog\"],\"url\":\"https:\/\/celina-tours.com\/blog\/author\/ctours_blog\/\"}]}<\/script>\n<!-- \/ Yoast SEO plugin. -->","yoast_head_json":{"title":"Pre\u00e7os dos Monumentos e Museus em Lisboa (2025) -","description":"pre\u00e7os dos monumentos e museus em Lisboa. Pre\u00e7os visitar a Torre de Bel\u00e9m, Mosteiro dos Jer\u00f3nimos e outro dias entrada gratuita e descontos","robots":{"index":"index","follow":"follow","max-snippet":"max-snippet:-1","max-image-preview":"max-image-preview:large","max-video-preview":"max-video-preview:-1"},"canonical":"https:\/\/celina-tours.com\/blog\/pt\/precos-dos-monumentos-e-museus-em-lisboa-2025\/","og_locale":"pt_PT","og_type":"article","og_title":"Pre\u00e7os dos Monumentos e Museus em Lisboa (2025) -","og_description":"pre\u00e7os dos monumentos e museus em Lisboa. Pre\u00e7os visitar a Torre de Bel\u00e9m, Mosteiro dos Jer\u00f3nimos e outro dias entrada gratuita e descontos","og_url":"https:\/\/celina-tours.com\/blog\/pt\/precos-dos-monumentos-e-museus-em-lisboa-2025\/","article_publisher":"https:\/\/www.instagram.com\/celinatourspt\/","article_published_time":"2025-02-20T18:16:45+00:00","article_modified_time":"2025-02-20T20:39:21+00:00","og_image":[{"width":600,"height":353,"url":"https:\/\/celina-tours.com\/blog\/wp-content\/uploads\/2025\/02\/BLOG-4-185.jpg","type":"image\/jpeg"}],"author":"ctours_blog","twitter_card":"summary_large_image","twitter_misc":{"Escrito por":"ctours_blog","Tempo estimado de leitura":"7 minutos"},"schema":{"@context":"https:\/\/schema.org","@graph":[{"@type":"Article","@id":"https:\/\/celina-tours.com\/blog\/pt\/precos-dos-monumentos-e-museus-em-lisboa-2025\/#article","isPartOf":{"@id":"https:\/\/celina-tours.com\/blog\/pt\/precos-dos-monumentos-e-museus-em-lisboa-2025\/"},"author":{"name":"ctours_blog","@id":"https:\/\/celina-tours.com\/blog\/#\/schema\/person\/e4611dfff819107474e643eb3c25e040"},"headline":"Pre\u00e7os dos Monumentos e Museus em Lisboa (2025)","datePublished":"2025-02-20T18:16:45+00:00","dateModified":"2025-02-20T20:39:21+00:00","mainEntityOfPage":{"@id":"https:\/\/celina-tours.com\/blog\/pt\/precos-dos-monumentos-e-museus-em-lisboa-2025\/"},"wordCount":799,"publisher":{"@id":"https:\/\/celina-tours.com\/blog\/#organization"},"image":{"@id":"https:\/\/celina-tours.com\/blog\/pt\/precos-dos-monumentos-e-museus-em-lisboa-2025\/#primaryimage"},"thumbnailUrl":"https:\/\/celina-tours.com\/blog\/wp-content\/uploads\/2025\/02\/BLOG-4-185.jpg","keywords":["Lisboa"],"articleSection":["Regi\u00e3o de Lisboa"],"inLanguage":"pt-PT"},{"@type":"WebPage","@id":"https:\/\/celina-tours.com\/blog\/pt\/precos-dos-monumentos-e-museus-em-lisboa-2025\/","url":"https:\/\/celina-tours.com\/blog\/pt\/precos-dos-monumentos-e-museus-em-lisboa-2025\/","name":"Pre\u00e7os dos Monumentos e Museus em Lisboa (2025) -","isPartOf":{"@id":"https:\/\/celina-tours.com\/blog\/#website"},"primaryImageOfPage":{"@id":"https:\/\/celina-tours.com\/blog\/pt\/precos-dos-monumentos-e-museus-em-lisboa-2025\/#primaryimage"},"image":{"@id":"https:\/\/celina-tours.com\/blog\/pt\/precos-dos-monumentos-e-museus-em-lisboa-2025\/#primaryimage"},"thumbnailUrl":"https:\/\/celina-tours.com\/blog\/wp-content\/uploads\/2025\/02\/BLOG-4-185.jpg","datePublished":"2025-02-20T18:16:45+00:00","dateModified":"2025-02-20T20:39:21+00:00","description":"pre\u00e7os dos monumentos e museus em Lisboa. Pre\u00e7os visitar a Torre de Bel\u00e9m, Mosteiro dos Jer\u00f3nimos e outro dias entrada gratuita e descontos","breadcrumb":{"@id":"https:\/\/celina-tours.com\/blog\/pt\/precos-dos-monumentos-e-museus-em-lisboa-2025\/#breadcrumb"},"inLanguage":"pt-PT","potentialAction":[{"@type":"ReadAction","target":["https:\/\/celina-tours.com\/blog\/pt\/precos-dos-monumentos-e-museus-em-lisboa-2025\/"]}]},{"@type":"ImageObject","inLanguage":"pt-PT","@id":"https:\/\/celina-tours.com\/blog\/pt\/precos-dos-monumentos-e-museus-em-lisboa-2025\/#primaryimage","url":"https:\/\/celina-tours.com\/blog\/wp-content\/uploads\/2025\/02\/BLOG-4-185.jpg","contentUrl":"https:\/\/celina-tours.com\/blog\/wp-content\/uploads\/2025\/02\/BLOG-4-185.jpg","width":600,"height":353},{"@type":"BreadcrumbList","@id":"https:\/\/celina-tours.com\/blog\/pt\/precos-dos-monumentos-e-museus-em-lisboa-2025\/#breadcrumb","itemListElement":[{"@type":"ListItem","position":1,"name":"In\u00edcio","item":"https:\/\/celina-tours.com\/blog\/pt\/"},{"@type":"ListItem","position":2,"name":"Pre\u00e7os dos Monumentos e Museus em Lisboa (2025)"}]},{"@type":"WebSite","@id":"https:\/\/celina-tours.com\/blog\/#website","url":"https:\/\/celina-tours.com\/blog\/","name":"Celina Tours","description":"","publisher":{"@id":"https:\/\/celina-tours.com\/blog\/#organization"},"potentialAction":[{"@type":"SearchAction","target":{"@type":"EntryPoint","urlTemplate":"https:\/\/celina-tours.com\/blog\/?s={search_term_string}"},"query-input":{"@type":"PropertyValueSpecification","valueRequired":true,"valueName":"search_term_string"}}],"inLanguage":"pt-PT"},{"@type":"Organization","@id":"https:\/\/celina-tours.com\/blog\/#organization","name":"Celina Tours","url":"https:\/\/celina-tours.com\/blog\/","logo":{"@type":"ImageObject","inLanguage":"pt-PT","@id":"https:\/\/celina-tours.com\/blog\/#\/schema\/logo\/image\/","url":"https:\/\/celina-tours.com\/blog\/wp-content\/uploads\/2025\/01\/cropped-1-1.png","contentUrl":"https:\/\/celina-tours.com\/blog\/wp-content\/uploads\/2025\/01\/cropped-1-1.png","width":300,"height":94,"caption":"Celina Tours"},"image":{"@id":"https:\/\/celina-tours.com\/blog\/#\/schema\/logo\/image\/"},"sameAs":["https:\/\/www.instagram.com\/celinatourspt\/"]},{"@type":"Person","@id":"https:\/\/celina-tours.com\/blog\/#\/schema\/person\/e4611dfff819107474e643eb3c25e040","name":"ctours_blog","sameAs":["https:\/\/celina-tours.com\/blog"],"url":"https:\/\/celina-tours.com\/blog\/author\/ctours_blog\/"}]}},"_links":{"self":[{"href":"https:\/\/celina-tours.com\/blog\/wp-json\/wp\/v2\/posts\/5223","targetHints":{"allow":["GET"]}}],"collection":[{"href":"https:\/\/celina-tours.com\/blog\/wp-json\/wp\/v2\/posts"}],"about":[{"href":"https:\/\/celina-tours.com\/blog\/wp-json\/wp\/v2\/types\/post"}],"author":[{"embeddable":true,"href":"https:\/\/celina-tours.com\/blog\/wp-json\/wp\/v2\/users\/1"}],"replies":[{"embeddable":true,"href":"https:\/\/celina-tours.com\/blog\/wp-json\/wp\/v2\/comments?post=5223"}],"version-history":[{"count":7,"href":"https:\/\/celina-tours.com\/blog\/wp-json\/wp\/v2\/posts\/5223\/revisions"}],"predecessor-version":[{"id":5236,"href":"https:\/\/celina-tours.com\/blog\/wp-json\/wp\/v2\/posts\/5223\/revisions\/5236"}],"wp:featuredmedia":[{"embeddable":true,"href":"https:\/\/celina-tours.com\/blog\/wp-json\/wp\/v2\/media\/5226"}],"wp:attachment":[{"href":"https:\/\/celina-tours.com\/blog\/wp-json\/wp\/v2\/media?parent=5223"}],"wp:term":[{"taxonomy":"category","embeddable":true,"href":"https:\/\/celina-tours.com\/blog\/wp-json\/wp\/v2\/categories?post=5223"},{"taxonomy":"post_tag","embeddable":true,"href":"https:\/\/celina-tours.com\/blog\/wp-json\/wp\/v2\/tags?post=5223"}],"curies":[{"name":"wp","href":"https:\/\/api.w.org\/{rel}","templated":true}]}}