{"id":5094,"date":"2025-02-17T20:39:48","date_gmt":"2025-02-17T20:39:48","guid":{"rendered":"https:\/\/celina-tours.com\/blog\/?p=5094"},"modified":"2025-08-08T18:28:29","modified_gmt":"2025-08-08T18:28:29","slug":"que-ver-y-hacer-en-fatima-visitar-el-santuario-de-fatima-portugal","status":"publish","type":"post","link":"https:\/\/celina-tours.com\/blog\/es\/que-ver-y-hacer-en-fatima-visitar-el-santuario-de-fatima-portugal\/","title":{"rendered":"Qu\u00e9 ver y hacer en F\u00e1tima Visitar el Santuario de F\u00e1tima Portugal"},"content":{"rendered":"<h2>Qu\u00e9 Ver y Hacer en F\u00e1tima: Una Gu\u00eda Completa<\/h2>\n<p>F\u00e1tima, situada en el coraz\u00f3n de Portugal, es uno de los destinos religiosos m\u00e1s importantes del mundo. Cada a\u00f1o, millones de peregrinos y turistas visitan este lugar sagrado, atra\u00eddos por las apariciones de la Virgen Mar\u00eda en 1917. Sin embargo, m\u00e1s all\u00e1 de su relevancia espiritual, F\u00e1tima ofrece una rica experiencia cultural, hist\u00f3rica y natural. En esta gu\u00eda completa, exploraremos los principales lugares de inter\u00e9s, actividades y experiencias que hacen de esta ciudad un destino \u00fanico.<\/p>\n<h2>1. El Santuario de F\u00e1tima: El Coraz\u00f3n Espiritual de la Ciudad<\/h2>\n<p>El Santuario de Nuestra Se\u00f1ora de F\u00e1tima es el epicentro de la ciudad y la raz\u00f3n principal por la que miles de personas viajan aqu\u00ed cada a\u00f1o. Este complejo religioso est\u00e1 formado por varios espacios que merecen una visita.<\/p>\n<h3>1.1. La Bas\u00edlica de Nuestra Se\u00f1ora del Rosario<\/h3>\n<p><img decoding=\"async\" class=\"alignnone wp-image-5074 size-full lazyload\" data-src=\"https:\/\/celina-tours.com\/blog\/wp-content\/uploads\/2025\/02\/BLOG-4-152.jpg\" alt=\"\" width=\"600\" height=\"353\" data-srcset=\"https:\/\/celina-tours.com\/blog\/wp-content\/uploads\/2025\/02\/BLOG-4-152.jpg 600w, https:\/\/celina-tours.com\/blog\/wp-content\/uploads\/2025\/02\/BLOG-4-152-300x177.jpg 300w\" data-sizes=\"(max-width: 600px) 100vw, 600px\" src=\"data:image\/svg+xml;base64,PHN2ZyB3aWR0aD0iMSIgaGVpZ2h0PSIxIiB4bWxucz0iaHR0cDovL3d3dy53My5vcmcvMjAwMC9zdmciPjwvc3ZnPg==\" style=\"--smush-placeholder-width: 600px; --smush-placeholder-aspect-ratio: 600\/353;\" \/><\/p>\n<p>Construida en estilo neobarroco, esta bas\u00edlica alberga las tumbas de los tres pastorcitos: Luc\u00eda, Francisco y Jacinta Marto, los ni\u00f1os que fueron testigos de las apariciones de la Virgen. Su interior es sencillo, pero transmite una gran sensaci\u00f3n de paz.<\/p>\n<h3>1.2. La Capilla de las Apariciones<\/h3>\n<p><img decoding=\"async\" class=\"alignnone wp-image-5075 size-full lazyload\" data-src=\"https:\/\/celina-tours.com\/blog\/wp-content\/uploads\/2025\/02\/BLOG-4-153.jpg\" alt=\"\" width=\"600\" height=\"353\" data-srcset=\"https:\/\/celina-tours.com\/blog\/wp-content\/uploads\/2025\/02\/BLOG-4-153.jpg 600w, https:\/\/celina-tours.com\/blog\/wp-content\/uploads\/2025\/02\/BLOG-4-153-300x177.jpg 300w\" data-sizes=\"(max-width: 600px) 100vw, 600px\" src=\"data:image\/svg+xml;base64,PHN2ZyB3aWR0aD0iMSIgaGVpZ2h0PSIxIiB4bWxucz0iaHR0cDovL3d3dy53My5vcmcvMjAwMC9zdmciPjwvc3ZnPg==\" style=\"--smush-placeholder-width: 600px; --smush-placeholder-aspect-ratio: 600\/353;\" \/><\/p>\n<p>Este peque\u00f1o pero sagrado espacio marca el lugar exacto donde la Virgen Mar\u00eda se apareci\u00f3 a los tres ni\u00f1os en 1917. Es com\u00fan ver a los fieles rezando y encendiendo velas como s\u00edmbolo de devoci\u00f3n.<\/p>\n<h3>1.3. La Bas\u00edlica de la Sant\u00edsima Trinidad<\/h3>\n<p><img decoding=\"async\" class=\"alignnone wp-image-5076 size-full lazyload\" data-src=\"https:\/\/celina-tours.com\/blog\/wp-content\/uploads\/2025\/02\/BLOG-4-154.jpg\" alt=\"\" width=\"600\" height=\"353\" data-srcset=\"https:\/\/celina-tours.com\/blog\/wp-content\/uploads\/2025\/02\/BLOG-4-154.jpg 600w, https:\/\/celina-tours.com\/blog\/wp-content\/uploads\/2025\/02\/BLOG-4-154-300x177.jpg 300w\" data-sizes=\"(max-width: 600px) 100vw, 600px\" src=\"data:image\/svg+xml;base64,PHN2ZyB3aWR0aD0iMSIgaGVpZ2h0PSIxIiB4bWxucz0iaHR0cDovL3d3dy53My5vcmcvMjAwMC9zdmciPjwvc3ZnPg==\" style=\"--smush-placeholder-width: 600px; --smush-placeholder-aspect-ratio: 600\/353;\" \/><\/p>\n<p>Inaugurada en 2007, esta moderna bas\u00edlica tiene capacidad para m\u00e1s de 8,000 personas y fue construida para acoger al creciente n\u00famero de peregrinos. Su dise\u00f1o contempor\u00e1neo y su arquitectura minimalista la hacen \u00fanica en comparaci\u00f3n con la Bas\u00edlica del Rosario.<\/p>\n<h3>1.4. La Explanada del Santuario<\/h3>\n<p><img decoding=\"async\" class=\"alignnone wp-image-5078 size-full lazyload\" data-src=\"https:\/\/celina-tours.com\/blog\/wp-content\/uploads\/2025\/02\/BLOG-4-155.jpg\" alt=\"\" width=\"600\" height=\"353\" data-srcset=\"https:\/\/celina-tours.com\/blog\/wp-content\/uploads\/2025\/02\/BLOG-4-155.jpg 600w, https:\/\/celina-tours.com\/blog\/wp-content\/uploads\/2025\/02\/BLOG-4-155-300x177.jpg 300w\" data-sizes=\"(max-width: 600px) 100vw, 600px\" src=\"data:image\/svg+xml;base64,PHN2ZyB3aWR0aD0iMSIgaGVpZ2h0PSIxIiB4bWxucz0iaHR0cDovL3d3dy53My5vcmcvMjAwMC9zdmciPjwvc3ZnPg==\" style=\"--smush-placeholder-width: 600px; --smush-placeholder-aspect-ratio: 600\/353;\" \/><\/p>\n<p>Este vasto espacio al aire libre, situado entre la Capilla de las Apariciones y la Bas\u00edlica del Rosario, es el punto de reuni\u00f3n para misas, procesiones y eventos religiosos. Durante las grandes peregrinaciones, especialmente el 13 de mayo y el 13 de octubre, miles de fieles se congregan aqu\u00ed.<\/p>\n<h2>2. El Camino de los Pastorcitos: Siguiendo sus Huellas<\/h2>\n<p>Para aquellos interesados en revivir la historia de las apariciones, el Camino de los Pastorcitos (Caminho dos Pastorinhos) ofrece la oportunidad de conocer los lugares relacionados con los ni\u00f1os videntes.<\/p>\n<h3>2.1. Aljustrel: El Pueblo de los Pastorcitos<\/h3>\n<p><img decoding=\"async\" class=\"alignnone wp-image-5079 size-full lazyload\" data-src=\"https:\/\/celina-tours.com\/blog\/wp-content\/uploads\/2025\/02\/BLOG-4-156.jpg\" alt=\"\" width=\"600\" height=\"353\" data-srcset=\"https:\/\/celina-tours.com\/blog\/wp-content\/uploads\/2025\/02\/BLOG-4-156.jpg 600w, https:\/\/celina-tours.com\/blog\/wp-content\/uploads\/2025\/02\/BLOG-4-156-300x177.jpg 300w\" data-sizes=\"(max-width: 600px) 100vw, 600px\" src=\"data:image\/svg+xml;base64,PHN2ZyB3aWR0aD0iMSIgaGVpZ2h0PSIxIiB4bWxucz0iaHR0cDovL3d3dy53My5vcmcvMjAwMC9zdmciPjwvc3ZnPg==\" style=\"--smush-placeholder-width: 600px; --smush-placeholder-aspect-ratio: 600\/353;\" \/><\/p>\n<p>A solo 2 km del santuario, Aljustrel es el pueblo natal de los tres ni\u00f1os. Aqu\u00ed se pueden visitar sus casas familiares y descubrir c\u00f3mo era su vida antes de las apariciones.<\/p>\n<h3>2.2. Loca do Cabe\u00e7o<\/h3>\n<p><img decoding=\"async\" class=\"alignnone wp-image-5080 size-full lazyload\" data-src=\"https:\/\/celina-tours.com\/blog\/wp-content\/uploads\/2025\/02\/BLOG-4-157.jpg\" alt=\"\" width=\"600\" height=\"353\" data-srcset=\"https:\/\/celina-tours.com\/blog\/wp-content\/uploads\/2025\/02\/BLOG-4-157.jpg 600w, https:\/\/celina-tours.com\/blog\/wp-content\/uploads\/2025\/02\/BLOG-4-157-300x177.jpg 300w\" data-sizes=\"(max-width: 600px) 100vw, 600px\" src=\"data:image\/svg+xml;base64,PHN2ZyB3aWR0aD0iMSIgaGVpZ2h0PSIxIiB4bWxucz0iaHR0cDovL3d3dy53My5vcmcvMjAwMC9zdmciPjwvc3ZnPg==\" style=\"--smush-placeholder-width: 600px; --smush-placeholder-aspect-ratio: 600\/353;\" \/><\/p>\n<p>Uno de los lugares donde el \u00c1ngel de la Paz se apareci\u00f3 a los ni\u00f1os en 1916, preparando el camino para las futuras apariciones de la Virgen Mar\u00eda. Su atm\u00f3sfera tranquila lo convierte en un sitio ideal para la reflexi\u00f3n.<\/p>\n<p>&nbsp;<\/p>\n<table style=\"width: 732px; height: 210px;\">\n<tbody>\n<tr>\n<td style=\"width: 644.8px;\">\n<h3><img decoding=\"async\" class=\"alignleft wp-image-3974 lazyload\" data-src=\"https:\/\/celina-tours.com\/blog\/wp-content\/uploads\/2025\/02\/fatima.jpg\" alt=\"\" width=\"182\" height=\"182\" src=\"data:image\/svg+xml;base64,PHN2ZyB3aWR0aD0iMSIgaGVpZ2h0PSIxIiB4bWxucz0iaHR0cDovL3d3dy53My5vcmcvMjAwMC9zdmciPjwvc3ZnPg==\" style=\"--smush-placeholder-width: 182px; --smush-placeholder-aspect-ratio: 182\/182;\" \/><br \/>\nEXCURSION FATIMA<\/h3>\n<p><a href=\"https:\/\/celina-tours.com\/esp-excursion-privada-fatima-santuario-fatima-lisboa.php\" target=\"_blank\" rel=\"noopener\">Excursion Privada Fatima Batalha Nazare y \u00d3bidos &gt;&gt;&gt;<\/a><\/p>\n<p><a href=\"https:\/\/celina-tours.com\/esp-excursion-fatima-visita-santuario-fatima-lisboa.php\" target=\"_blank\" rel=\"noopener\">Excursion grupo Privada Fatima Batalha Nazare y \u00d3bidos &gt;&gt;&gt;<\/a><\/td>\n<\/tr>\n<\/tbody>\n<\/table>\n<h3>2.3. Valinhos<\/h3>\n<p>Este es el lugar de la cuarta aparici\u00f3n de la Virgen en agosto de 1917. Aqu\u00ed se encuentra un V\u00eda Crucis con peque\u00f1as capillas que representan la Pasi\u00f3n de Cristo, convirti\u00e9ndolo en un sitio perfecto para la oraci\u00f3n.<\/p>\n<h2>3. Experiencias Religiosas y Espirituales<\/h2>\n<h3>3.1. Asistir a una Misa o Procesi\u00f3n<\/h3>\n<p>El Santuario de F\u00e1tima celebra misas y eventos religiosos diariamente. La Procesi\u00f3n de las Velas, que se realiza por la noche, es uno de los momentos m\u00e1s conmovedores para los peregrinos.<\/p>\n<h3>3.2. Encender una Vela<\/h3>\n<p><img decoding=\"async\" class=\"alignnone wp-image-5081 size-full lazyload\" data-src=\"https:\/\/celina-tours.com\/blog\/wp-content\/uploads\/2025\/02\/BLOG-4-158.jpg\" alt=\"\" width=\"600\" height=\"353\" data-srcset=\"https:\/\/celina-tours.com\/blog\/wp-content\/uploads\/2025\/02\/BLOG-4-158.jpg 600w, https:\/\/celina-tours.com\/blog\/wp-content\/uploads\/2025\/02\/BLOG-4-158-300x177.jpg 300w\" data-sizes=\"(max-width: 600px) 100vw, 600px\" src=\"data:image\/svg+xml;base64,PHN2ZyB3aWR0aD0iMSIgaGVpZ2h0PSIxIiB4bWxucz0iaHR0cDovL3d3dy53My5vcmcvMjAwMC9zdmciPjwvc3ZnPg==\" style=\"--smush-placeholder-width: 600px; --smush-placeholder-aspect-ratio: 600\/353;\" \/><\/p>\n<p>Muchos visitantes encienden velas en la zona designada cerca de la Capilla de las Apariciones, como s\u00edmbolo de fe y devoci\u00f3n.<\/p>\n<h3>3.3. Recorrer el Camino de Rodillas<\/h3>\n<p><img decoding=\"async\" class=\"alignnone wp-image-5082 size-full lazyload\" data-src=\"https:\/\/celina-tours.com\/blog\/wp-content\/uploads\/2025\/02\/BLOG-4-159.jpg\" alt=\"\" width=\"600\" height=\"353\" data-srcset=\"https:\/\/celina-tours.com\/blog\/wp-content\/uploads\/2025\/02\/BLOG-4-159.jpg 600w, https:\/\/celina-tours.com\/blog\/wp-content\/uploads\/2025\/02\/BLOG-4-159-300x177.jpg 300w\" data-sizes=\"(max-width: 600px) 100vw, 600px\" src=\"data:image\/svg+xml;base64,PHN2ZyB3aWR0aD0iMSIgaGVpZ2h0PSIxIiB4bWxucz0iaHR0cDovL3d3dy53My5vcmcvMjAwMC9zdmciPjwvc3ZnPg==\" style=\"--smush-placeholder-width: 600px; --smush-placeholder-aspect-ratio: 600\/353;\" \/><\/p>\n<p>Como acto de fe y penitencia, algunos peregrinos recorren de rodillas el camino hacia la Capilla de las Apariciones.<\/p>\n<h2>4. Museos y Centros Culturales<\/h2>\n<p>F\u00e1tima cuenta con diversos museos que permiten a los visitantes conocer m\u00e1s sobre la historia de las apariciones y la devoci\u00f3n mariana.<\/p>\n<h3>4.1. Museo del Santuario de F\u00e1tima<\/h3>\n<p>Este museo exhibe reliquias, vestimentas lit\u00fargicas y objetos hist\u00f3ricos relacionados con las apariciones y la evoluci\u00f3n del culto mariano.<\/p>\n<h3>4.2. Museo de la Vida de Cristo<\/h3>\n<p>Con m\u00e1s de 30 escenas en estatuas de cera, este museo representa momentos clave en la vida de Jes\u00fas, brindando una experiencia inmersiva y educativa.<\/p>\n<h3>4.3. Casa Museo de Aljustrel<\/h3>\n<p>Un peque\u00f1o museo que conserva los muebles y objetos originales de las casas de los pastorcitos, transportando a los visitantes al Portugal rural del siglo XX.<\/p>\n<p>&nbsp;<\/p>\n<p><strong>Lea tambi\u00e9n<\/strong><br \/>\n<a href=\"https:\/\/celina-tours.com\/blog\/es\/cual-es-la-mejor-epoca-para-visitar-lisboa\/\">Cu\u00e1l es la mejor \u00e9poca para visitar Lisboa?<\/a><br \/>\n<a href=\"https:\/\/celina-tours.com\/blog\/es\/los-monumentos-mas-importantes-para-visitar-en-sintra\/\">Los Monumentos M\u00e1s Importantes para Visitar en Sintra<\/a><br \/>\n<a href=\"https:\/\/celina-tours.com\/blog\/es\/que-hacer-y-visitar-en-obidos-visita-el-pueblo-de-obidos-portugal\/\">Qu\u00e9 hacer y visitar en \u00d3bidos. Visita el pueblo de \u00d3bidos Portugal<\/a><\/p>\n<p>&nbsp;<\/p>\n<h2>5. Naturaleza y Excursiones en los Alrededores de F\u00e1tima<\/h2>\n<p>Adem\u00e1s de su importancia religiosa, F\u00e1tima est\u00e1 rodeada de paisajes naturales impresionantes y lugares fascinantes para explorar.<\/p>\n<h3>5.1. Cuevas de Moeda<\/h3>\n<p>A pocos kil\u00f3metros de F\u00e1tima, las Cuevas de Moeda (Grutas da Moeda) son una maravilla natural con impresionantes formaciones de piedra caliza.<\/p>\n<h3>5.2. Parque Natural de las Sierras de Aire y Candeeiros<\/h3>\n<p>Este parque natural es perfecto para los amantes del senderismo y la naturaleza. Ofrece rutas de senderismo, miradores panor\u00e1micos y fascinantes formaciones rocosas.<\/p>\n<p>&nbsp;<\/p>\n<table style=\"width: 732px; height: 210px;\">\n<tbody>\n<tr>\n<td style=\"width: 644.8px;\">\n<h3><img decoding=\"async\" class=\"alignleft wp-image-3974 lazyload\" data-src=\"https:\/\/celina-tours.com\/blog\/wp-content\/uploads\/2025\/02\/tomar.jpg\" alt=\"\" width=\"182\" height=\"182\" src=\"data:image\/svg+xml;base64,PHN2ZyB3aWR0aD0iMSIgaGVpZ2h0PSIxIiB4bWxucz0iaHR0cDovL3d3dy53My5vcmcvMjAwMC9zdmciPjwvc3ZnPg==\" style=\"--smush-placeholder-width: 182px; --smush-placeholder-aspect-ratio: 182\/182;\" \/><br \/>\nEXCURSION PRIVADA TOMAR<\/h3>\n<p><a href=\"https:\/\/celina-tours.com\/esp-excursion-privada-tomar-visitas-lisboa.php\" target=\"_blank\" rel=\"noopener\">Excursion Privada Tomar Ruta Templaria <\/a><\/td>\n<\/tr>\n<\/tbody>\n<\/table>\n<h3>5.3. Castillo de Our\u00e9m<\/h3>\n<p><a href=\"https:\/\/celina-tours.com\/excursao-privada-tomar-tours-lisboa.php\" target=\"_blank\" rel=\"noopener\"><img decoding=\"async\" class=\"alignnone wp-image-6023 size-full lazyload\" data-src=\"https:\/\/celina-tours.com\/blog\/wp-content\/uploads\/2025\/02\/BLOG-4-237.jpg\" alt=\"\" width=\"600\" height=\"353\" data-srcset=\"https:\/\/celina-tours.com\/blog\/wp-content\/uploads\/2025\/02\/BLOG-4-237.jpg 600w, https:\/\/celina-tours.com\/blog\/wp-content\/uploads\/2025\/02\/BLOG-4-237-300x177.jpg 300w\" data-sizes=\"(max-width: 600px) 100vw, 600px\" src=\"data:image\/svg+xml;base64,PHN2ZyB3aWR0aD0iMSIgaGVpZ2h0PSIxIiB4bWxucz0iaHR0cDovL3d3dy53My5vcmcvMjAwMC9zdmciPjwvc3ZnPg==\" style=\"--smush-placeholder-width: 600px; --smush-placeholder-aspect-ratio: 600\/353;\" \/><\/a><\/p>\n<p>Ubicado a 15 km de F\u00e1tima, el Castillo de Our\u00e9m es una joya de la arquitectura medieval portuguesa y ofrece vistas espectaculares de la regi\u00f3n.<\/p>\n<h2>6. Gastronom\u00eda: Qu\u00e9 Comer en F\u00e1tima<\/h2>\n<p>F\u00e1tima cuenta con una variada oferta gastron\u00f3mica donde se pueden degustar delicias tradicionales portuguesas.<\/p>\n<h3>6.1. Platos T\u00edpicos<\/h3>\n<p>Bacalhau \u00e0 Br\u00e1s \u2013 Bacalao desmenuzado con patatas y huevos.<br \/>\nLeit\u00e3o \u00e0 Bairrada \u2013 Cochinillo asado, con una piel crujiente y carne tierna.<br \/>\nGuiso de Cordero (Ensopado de Borrego) \u2013 Un plato t\u00edpico cocinado lentamente con especias y hierbas.<\/p>\n<h3>6.2. Dulces y Postres Regionales<\/h3>\n<p>P\u00e3o-de-L\u00f3 de Ovar \u2013 Un bizcocho h\u00famedo y esponjoso.<br \/>\nFatias de Tomar \u2013 Un postre conventual hecho con huevos y az\u00facar.<\/p>\n<h3>6.3. Restaurantes Recomendados<\/h3>\n<p>Tia Alice \u2013 Uno de los restaurantes m\u00e1s conocidos de F\u00e1tima, con platos tradicionales en un ambiente acogedor.<br \/>\nO Convite \u2013 Ideal para quienes buscan cocina portuguesa con un toque moderno.<\/p>\n<h2>7. Compras y Recuerdos de F\u00e1tima<\/h2>\n<p><img decoding=\"async\" class=\"alignnone wp-image-5084 size-full lazyload\" data-src=\"https:\/\/celina-tours.com\/blog\/wp-content\/uploads\/2025\/02\/BLOG-4-161.jpg\" alt=\"\" width=\"600\" height=\"353\" data-srcset=\"https:\/\/celina-tours.com\/blog\/wp-content\/uploads\/2025\/02\/BLOG-4-161.jpg 600w, https:\/\/celina-tours.com\/blog\/wp-content\/uploads\/2025\/02\/BLOG-4-161-300x177.jpg 300w\" data-sizes=\"(max-width: 600px) 100vw, 600px\" src=\"data:image\/svg+xml;base64,PHN2ZyB3aWR0aD0iMSIgaGVpZ2h0PSIxIiB4bWxucz0iaHR0cDovL3d3dy53My5vcmcvMjAwMC9zdmciPjwvc3ZnPg==\" style=\"--smush-placeholder-width: 600px; --smush-placeholder-aspect-ratio: 600\/353;\" \/><\/p>\n<p>Los visitantes pueden encontrar numerosas tiendas que venden art\u00edculos religiosos, como rosarios, medallas e im\u00e1genes de Nuestra Se\u00f1ora de F\u00e1tima. Tambi\u00e9n se pueden comprar productos locales como vino, aceite de oliva y dulces tradicionales.<\/p>\n<h3>D\u00f3nde Comprar<\/h3>\n<p>Tienda Oficial del Santuario \u2013 La mejor opci\u00f3n para comprar art\u00edculos religiosos aut\u00e9nticos.<br \/>\nMercado de F\u00e1tima \u2013 Un mercado con artesan\u00edas y recuerdos religiosos.<\/p>\n<h2>8. Mejor \u00c9poca para Visitar F\u00e1tima<\/h2>\n<p>F\u00e1tima se puede visitar durante todo el a\u00f1o, pero las peregrinaciones m\u00e1s importantes tienen lugar el 13 de mayo y el 13 de octubre. Para una experiencia m\u00e1s tranquila, la primavera y el oto\u00f1o son ideales, con un clima agradable y menos turistas.<\/p>\n<h2>Conclusi\u00f3n<\/h2>\n<p>F\u00e1tima es mucho m\u00e1s que un destino religioso; es un lugar lleno de historia, cultura y belleza natural. Ya sea que busques una experiencia espiritual, un momento de paz o una inmersi\u00f3n en la tradici\u00f3n portuguesa, F\u00e1tima tiene algo especial que ofrecer.<\/p>\n","protected":false},"excerpt":{"rendered":"<p>Qu\u00e9 Ver y Hacer en F\u00e1tima: Una Gu\u00eda Completa F\u00e1tima, situada en el coraz\u00f3n de Portugal, es uno de los&hellip;<\/p>\n","protected":false},"author":1,"featured_media":5073,"comment_status":"closed","ping_status":"closed","sticky":false,"template":"","format":"standard","meta":{"om_disable_all_campaigns":false,"footnotes":""},"categories":[218],"tags":[],"class_list":["post-5094","post","type-post","status-publish","format-standard","has-post-thumbnail","hentry","category-centro-de-portugal"],"yoast_head":"<!-- This site is optimized with the Yoast SEO plugin v27.0 - https:\/\/yoast.com\/product\/yoast-seo-wordpress\/ -->\n<title>Qu\u00e9 ver y hacer en F\u00e1tima Visitar el Santuario de F\u00e1tima Portugal<\/title>\n<meta name=\"description\" content=\"Qu\u00e9 ver y hacer en F\u00e1tima Portugal, Asistir a Misa, Santuario de F\u00e1tima, casa de los tres pastorcitos, Capilla de las Apariciones en F\u00e1tima\" \/>\n<meta name=\"robots\" content=\"index, follow, max-snippet:-1, max-image-preview:large, max-video-preview:-1\" \/>\n<link rel=\"canonical\" href=\"https:\/\/celina-tours.com\/blog\/es\/que-ver-y-hacer-en-fatima-visitar-el-santuario-de-fatima-portugal\/\" \/>\n<meta property=\"og:locale\" content=\"pt_PT\" \/>\n<meta property=\"og:type\" content=\"article\" \/>\n<meta property=\"og:title\" content=\"Qu\u00e9 ver y hacer en F\u00e1tima Visitar el Santuario de F\u00e1tima Portugal\" \/>\n<meta property=\"og:description\" content=\"Qu\u00e9 ver y hacer en F\u00e1tima Portugal, Asistir a Misa, Santuario de F\u00e1tima, casa de los tres pastorcitos, Capilla de las Apariciones en F\u00e1tima\" \/>\n<meta property=\"og:url\" content=\"https:\/\/celina-tours.com\/blog\/es\/que-ver-y-hacer-en-fatima-visitar-el-santuario-de-fatima-portugal\/\" \/>\n<meta property=\"article:publisher\" content=\"https:\/\/www.instagram.com\/celinatourspt\/\" \/>\n<meta property=\"article:published_time\" content=\"2025-02-17T20:39:48+00:00\" \/>\n<meta property=\"article:modified_time\" content=\"2025-08-08T18:28:29+00:00\" \/>\n<meta property=\"og:image\" content=\"https:\/\/celina-tours.com\/blog\/wp-content\/uploads\/2025\/02\/BLOG-4-151.jpg\" \/>\n\t<meta property=\"og:image:width\" content=\"600\" \/>\n\t<meta property=\"og:image:height\" content=\"353\" \/>\n\t<meta property=\"og:image:type\" content=\"image\/jpeg\" \/>\n<meta name=\"author\" content=\"ctours_blog\" \/>\n<meta name=\"twitter:card\" content=\"summary_large_image\" \/>\n<meta name=\"twitter:label1\" content=\"Escrito por\" \/>\n\t<meta name=\"twitter:data1\" content=\"ctours_blog\" \/>\n\t<meta name=\"twitter:label2\" content=\"Tempo estimado de leitura\" \/>\n\t<meta name=\"twitter:data2\" content=\"9 minutos\" \/>\n<script type=\"application\/ld+json\" class=\"yoast-schema-graph\">{\"@context\":\"https:\/\/schema.org\",\"@graph\":[{\"@type\":\"Article\",\"@id\":\"https:\/\/celina-tours.com\/blog\/es\/que-ver-y-hacer-en-fatima-visitar-el-santuario-de-fatima-portugal\/#article\",\"isPartOf\":{\"@id\":\"https:\/\/celina-tours.com\/blog\/es\/que-ver-y-hacer-en-fatima-visitar-el-santuario-de-fatima-portugal\/\"},\"author\":{\"name\":\"ctours_blog\",\"@id\":\"https:\/\/celina-tours.com\/blog\/#\/schema\/person\/e4611dfff819107474e643eb3c25e040\"},\"headline\":\"Qu\u00e9 ver y hacer en F\u00e1tima Visitar el Santuario de F\u00e1tima Portugal\",\"datePublished\":\"2025-02-17T20:39:48+00:00\",\"dateModified\":\"2025-08-08T18:28:29+00:00\",\"mainEntityOfPage\":{\"@id\":\"https:\/\/celina-tours.com\/blog\/es\/que-ver-y-hacer-en-fatima-visitar-el-santuario-de-fatima-portugal\/\"},\"wordCount\":1239,\"publisher\":{\"@id\":\"https:\/\/celina-tours.com\/blog\/#organization\"},\"image\":{\"@id\":\"https:\/\/celina-tours.com\/blog\/es\/que-ver-y-hacer-en-fatima-visitar-el-santuario-de-fatima-portugal\/#primaryimage\"},\"thumbnailUrl\":\"https:\/\/celina-tours.com\/blog\/wp-content\/uploads\/2025\/02\/BLOG-4-151.jpg\",\"articleSection\":[\"Centro de Portugal\"],\"inLanguage\":\"pt-PT\"},{\"@type\":\"WebPage\",\"@id\":\"https:\/\/celina-tours.com\/blog\/es\/que-ver-y-hacer-en-fatima-visitar-el-santuario-de-fatima-portugal\/\",\"url\":\"https:\/\/celina-tours.com\/blog\/es\/que-ver-y-hacer-en-fatima-visitar-el-santuario-de-fatima-portugal\/\",\"name\":\"Qu\u00e9 ver y hacer en F\u00e1tima Visitar el Santuario de F\u00e1tima Portugal\",\"isPartOf\":{\"@id\":\"https:\/\/celina-tours.com\/blog\/#website\"},\"primaryImageOfPage\":{\"@id\":\"https:\/\/celina-tours.com\/blog\/es\/que-ver-y-hacer-en-fatima-visitar-el-santuario-de-fatima-portugal\/#primaryimage\"},\"image\":{\"@id\":\"https:\/\/celina-tours.com\/blog\/es\/que-ver-y-hacer-en-fatima-visitar-el-santuario-de-fatima-portugal\/#primaryimage\"},\"thumbnailUrl\":\"https:\/\/celina-tours.com\/blog\/wp-content\/uploads\/2025\/02\/BLOG-4-151.jpg\",\"datePublished\":\"2025-02-17T20:39:48+00:00\",\"dateModified\":\"2025-08-08T18:28:29+00:00\",\"description\":\"Qu\u00e9 ver y hacer en F\u00e1tima Portugal, Asistir a Misa, Santuario de F\u00e1tima, casa de los tres pastorcitos, Capilla de las Apariciones en F\u00e1tima\",\"breadcrumb\":{\"@id\":\"https:\/\/celina-tours.com\/blog\/es\/que-ver-y-hacer-en-fatima-visitar-el-santuario-de-fatima-portugal\/#breadcrumb\"},\"inLanguage\":\"pt-PT\",\"potentialAction\":[{\"@type\":\"ReadAction\",\"target\":[\"https:\/\/celina-tours.com\/blog\/es\/que-ver-y-hacer-en-fatima-visitar-el-santuario-de-fatima-portugal\/\"]}]},{\"@type\":\"ImageObject\",\"inLanguage\":\"pt-PT\",\"@id\":\"https:\/\/celina-tours.com\/blog\/es\/que-ver-y-hacer-en-fatima-visitar-el-santuario-de-fatima-portugal\/#primaryimage\",\"url\":\"https:\/\/celina-tours.com\/blog\/wp-content\/uploads\/2025\/02\/BLOG-4-151.jpg\",\"contentUrl\":\"https:\/\/celina-tours.com\/blog\/wp-content\/uploads\/2025\/02\/BLOG-4-151.jpg\",\"width\":600,\"height\":353},{\"@type\":\"BreadcrumbList\",\"@id\":\"https:\/\/celina-tours.com\/blog\/es\/que-ver-y-hacer-en-fatima-visitar-el-santuario-de-fatima-portugal\/#breadcrumb\",\"itemListElement\":[{\"@type\":\"ListItem\",\"position\":1,\"name\":\"In\u00edcio\",\"item\":\"https:\/\/celina-tours.com\/blog\/pt\/\"},{\"@type\":\"ListItem\",\"position\":2,\"name\":\"Qu\u00e9 ver y hacer en F\u00e1tima Visitar el Santuario de F\u00e1tima Portugal\"}]},{\"@type\":\"WebSite\",\"@id\":\"https:\/\/celina-tours.com\/blog\/#website\",\"url\":\"https:\/\/celina-tours.com\/blog\/\",\"name\":\"Celina Tours\",\"description\":\"\",\"publisher\":{\"@id\":\"https:\/\/celina-tours.com\/blog\/#organization\"},\"potentialAction\":[{\"@type\":\"SearchAction\",\"target\":{\"@type\":\"EntryPoint\",\"urlTemplate\":\"https:\/\/celina-tours.com\/blog\/?s={search_term_string}\"},\"query-input\":{\"@type\":\"PropertyValueSpecification\",\"valueRequired\":true,\"valueName\":\"search_term_string\"}}],\"inLanguage\":\"pt-PT\"},{\"@type\":\"Organization\",\"@id\":\"https:\/\/celina-tours.com\/blog\/#organization\",\"name\":\"Celina Tours\",\"url\":\"https:\/\/celina-tours.com\/blog\/\",\"logo\":{\"@type\":\"ImageObject\",\"inLanguage\":\"pt-PT\",\"@id\":\"https:\/\/celina-tours.com\/blog\/#\/schema\/logo\/image\/\",\"url\":\"https:\/\/celina-tours.com\/blog\/wp-content\/uploads\/2025\/01\/cropped-1-1.png\",\"contentUrl\":\"https:\/\/celina-tours.com\/blog\/wp-content\/uploads\/2025\/01\/cropped-1-1.png\",\"width\":300,\"height\":94,\"caption\":\"Celina Tours\"},\"image\":{\"@id\":\"https:\/\/celina-tours.com\/blog\/#\/schema\/logo\/image\/\"},\"sameAs\":[\"https:\/\/www.instagram.com\/celinatourspt\/\"]},{\"@type\":\"Person\",\"@id\":\"https:\/\/celina-tours.com\/blog\/#\/schema\/person\/e4611dfff819107474e643eb3c25e040\",\"name\":\"ctours_blog\",\"sameAs\":[\"https:\/\/celina-tours.com\/blog\"],\"url\":\"https:\/\/celina-tours.com\/blog\/author\/ctours_blog\/\"}]}<\/script>\n<!-- \/ Yoast SEO plugin. -->","yoast_head_json":{"title":"Qu\u00e9 ver y hacer en F\u00e1tima Visitar el Santuario de F\u00e1tima Portugal","description":"Qu\u00e9 ver y hacer en F\u00e1tima Portugal, Asistir a Misa, Santuario de F\u00e1tima, casa de los tres pastorcitos, Capilla de las Apariciones en F\u00e1tima","robots":{"index":"index","follow":"follow","max-snippet":"max-snippet:-1","max-image-preview":"max-image-preview:large","max-video-preview":"max-video-preview:-1"},"canonical":"https:\/\/celina-tours.com\/blog\/es\/que-ver-y-hacer-en-fatima-visitar-el-santuario-de-fatima-portugal\/","og_locale":"pt_PT","og_type":"article","og_title":"Qu\u00e9 ver y hacer en F\u00e1tima Visitar el Santuario de F\u00e1tima Portugal","og_description":"Qu\u00e9 ver y hacer en F\u00e1tima Portugal, Asistir a Misa, Santuario de F\u00e1tima, casa de los tres pastorcitos, Capilla de las Apariciones en F\u00e1tima","og_url":"https:\/\/celina-tours.com\/blog\/es\/que-ver-y-hacer-en-fatima-visitar-el-santuario-de-fatima-portugal\/","article_publisher":"https:\/\/www.instagram.com\/celinatourspt\/","article_published_time":"2025-02-17T20:39:48+00:00","article_modified_time":"2025-08-08T18:28:29+00:00","og_image":[{"width":600,"height":353,"url":"https:\/\/celina-tours.com\/blog\/wp-content\/uploads\/2025\/02\/BLOG-4-151.jpg","type":"image\/jpeg"}],"author":"ctours_blog","twitter_card":"summary_large_image","twitter_misc":{"Escrito por":"ctours_blog","Tempo estimado de leitura":"9 minutos"},"schema":{"@context":"https:\/\/schema.org","@graph":[{"@type":"Article","@id":"https:\/\/celina-tours.com\/blog\/es\/que-ver-y-hacer-en-fatima-visitar-el-santuario-de-fatima-portugal\/#article","isPartOf":{"@id":"https:\/\/celina-tours.com\/blog\/es\/que-ver-y-hacer-en-fatima-visitar-el-santuario-de-fatima-portugal\/"},"author":{"name":"ctours_blog","@id":"https:\/\/celina-tours.com\/blog\/#\/schema\/person\/e4611dfff819107474e643eb3c25e040"},"headline":"Qu\u00e9 ver y hacer en F\u00e1tima Visitar el Santuario de F\u00e1tima Portugal","datePublished":"2025-02-17T20:39:48+00:00","dateModified":"2025-08-08T18:28:29+00:00","mainEntityOfPage":{"@id":"https:\/\/celina-tours.com\/blog\/es\/que-ver-y-hacer-en-fatima-visitar-el-santuario-de-fatima-portugal\/"},"wordCount":1239,"publisher":{"@id":"https:\/\/celina-tours.com\/blog\/#organization"},"image":{"@id":"https:\/\/celina-tours.com\/blog\/es\/que-ver-y-hacer-en-fatima-visitar-el-santuario-de-fatima-portugal\/#primaryimage"},"thumbnailUrl":"https:\/\/celina-tours.com\/blog\/wp-content\/uploads\/2025\/02\/BLOG-4-151.jpg","articleSection":["Centro de Portugal"],"inLanguage":"pt-PT"},{"@type":"WebPage","@id":"https:\/\/celina-tours.com\/blog\/es\/que-ver-y-hacer-en-fatima-visitar-el-santuario-de-fatima-portugal\/","url":"https:\/\/celina-tours.com\/blog\/es\/que-ver-y-hacer-en-fatima-visitar-el-santuario-de-fatima-portugal\/","name":"Qu\u00e9 ver y hacer en F\u00e1tima Visitar el Santuario de F\u00e1tima Portugal","isPartOf":{"@id":"https:\/\/celina-tours.com\/blog\/#website"},"primaryImageOfPage":{"@id":"https:\/\/celina-tours.com\/blog\/es\/que-ver-y-hacer-en-fatima-visitar-el-santuario-de-fatima-portugal\/#primaryimage"},"image":{"@id":"https:\/\/celina-tours.com\/blog\/es\/que-ver-y-hacer-en-fatima-visitar-el-santuario-de-fatima-portugal\/#primaryimage"},"thumbnailUrl":"https:\/\/celina-tours.com\/blog\/wp-content\/uploads\/2025\/02\/BLOG-4-151.jpg","datePublished":"2025-02-17T20:39:48+00:00","dateModified":"2025-08-08T18:28:29+00:00","description":"Qu\u00e9 ver y hacer en F\u00e1tima Portugal, Asistir a Misa, Santuario de F\u00e1tima, casa de los tres pastorcitos, Capilla de las Apariciones en F\u00e1tima","breadcrumb":{"@id":"https:\/\/celina-tours.com\/blog\/es\/que-ver-y-hacer-en-fatima-visitar-el-santuario-de-fatima-portugal\/#breadcrumb"},"inLanguage":"pt-PT","potentialAction":[{"@type":"ReadAction","target":["https:\/\/celina-tours.com\/blog\/es\/que-ver-y-hacer-en-fatima-visitar-el-santuario-de-fatima-portugal\/"]}]},{"@type":"ImageObject","inLanguage":"pt-PT","@id":"https:\/\/celina-tours.com\/blog\/es\/que-ver-y-hacer-en-fatima-visitar-el-santuario-de-fatima-portugal\/#primaryimage","url":"https:\/\/celina-tours.com\/blog\/wp-content\/uploads\/2025\/02\/BLOG-4-151.jpg","contentUrl":"https:\/\/celina-tours.com\/blog\/wp-content\/uploads\/2025\/02\/BLOG-4-151.jpg","width":600,"height":353},{"@type":"BreadcrumbList","@id":"https:\/\/celina-tours.com\/blog\/es\/que-ver-y-hacer-en-fatima-visitar-el-santuario-de-fatima-portugal\/#breadcrumb","itemListElement":[{"@type":"ListItem","position":1,"name":"In\u00edcio","item":"https:\/\/celina-tours.com\/blog\/pt\/"},{"@type":"ListItem","position":2,"name":"Qu\u00e9 ver y hacer en F\u00e1tima Visitar el Santuario de F\u00e1tima Portugal"}]},{"@type":"WebSite","@id":"https:\/\/celina-tours.com\/blog\/#website","url":"https:\/\/celina-tours.com\/blog\/","name":"Celina Tours","description":"","publisher":{"@id":"https:\/\/celina-tours.com\/blog\/#organization"},"potentialAction":[{"@type":"SearchAction","target":{"@type":"EntryPoint","urlTemplate":"https:\/\/celina-tours.com\/blog\/?s={search_term_string}"},"query-input":{"@type":"PropertyValueSpecification","valueRequired":true,"valueName":"search_term_string"}}],"inLanguage":"pt-PT"},{"@type":"Organization","@id":"https:\/\/celina-tours.com\/blog\/#organization","name":"Celina Tours","url":"https:\/\/celina-tours.com\/blog\/","logo":{"@type":"ImageObject","inLanguage":"pt-PT","@id":"https:\/\/celina-tours.com\/blog\/#\/schema\/logo\/image\/","url":"https:\/\/celina-tours.com\/blog\/wp-content\/uploads\/2025\/01\/cropped-1-1.png","contentUrl":"https:\/\/celina-tours.com\/blog\/wp-content\/uploads\/2025\/01\/cropped-1-1.png","width":300,"height":94,"caption":"Celina Tours"},"image":{"@id":"https:\/\/celina-tours.com\/blog\/#\/schema\/logo\/image\/"},"sameAs":["https:\/\/www.instagram.com\/celinatourspt\/"]},{"@type":"Person","@id":"https:\/\/celina-tours.com\/blog\/#\/schema\/person\/e4611dfff819107474e643eb3c25e040","name":"ctours_blog","sameAs":["https:\/\/celina-tours.com\/blog"],"url":"https:\/\/celina-tours.com\/blog\/author\/ctours_blog\/"}]}},"_links":{"self":[{"href":"https:\/\/celina-tours.com\/blog\/wp-json\/wp\/v2\/posts\/5094","targetHints":{"allow":["GET"]}}],"collection":[{"href":"https:\/\/celina-tours.com\/blog\/wp-json\/wp\/v2\/posts"}],"about":[{"href":"https:\/\/celina-tours.com\/blog\/wp-json\/wp\/v2\/types\/post"}],"author":[{"embeddable":true,"href":"https:\/\/celina-tours.com\/blog\/wp-json\/wp\/v2\/users\/1"}],"replies":[{"embeddable":true,"href":"https:\/\/celina-tours.com\/blog\/wp-json\/wp\/v2\/comments?post=5094"}],"version-history":[{"count":6,"href":"https:\/\/celina-tours.com\/blog\/wp-json\/wp\/v2\/posts\/5094\/revisions"}],"predecessor-version":[{"id":6027,"href":"https:\/\/celina-tours.com\/blog\/wp-json\/wp\/v2\/posts\/5094\/revisions\/6027"}],"wp:featuredmedia":[{"embeddable":true,"href":"https:\/\/celina-tours.com\/blog\/wp-json\/wp\/v2\/media\/5073"}],"wp:attachment":[{"href":"https:\/\/celina-tours.com\/blog\/wp-json\/wp\/v2\/media?parent=5094"}],"wp:term":[{"taxonomy":"category","embeddable":true,"href":"https:\/\/celina-tours.com\/blog\/wp-json\/wp\/v2\/categories?post=5094"},{"taxonomy":"post_tag","embeddable":true,"href":"https:\/\/celina-tours.com\/blog\/wp-json\/wp\/v2\/tags?post=5094"}],"curies":[{"name":"wp","href":"https:\/\/api.w.org\/{rel}","templated":true}]}}