{"id":5065,"date":"2025-02-17T20:39:48","date_gmt":"2025-02-17T20:39:48","guid":{"rendered":"https:\/\/celina-tours.com\/blog\/?p=5065"},"modified":"2025-08-08T18:24:28","modified_gmt":"2025-08-08T18:24:28","slug":"o-que-ver-e-fazer-em-fatima-portugal","status":"publish","type":"post","link":"https:\/\/celina-tours.com\/blog\/pt\/o-que-ver-e-fazer-em-fatima-portugal\/","title":{"rendered":"O Que Ver e Fazer em F\u00e1tima Portugal"},"content":{"rendered":"<h2>O Que Ver e Fazer em F\u00e1tima: Um Guia Completo<\/h2>\n<p>F\u00e1tima, localizada no cora\u00e7\u00e3o de Portugal, \u00e9 um dos destinos religiosos mais importantes do mundo. A cidade atrai milh\u00f5es de peregrinos e visitantes todos os anos, principalmente devido \u00e0s apari\u00e7\u00f5es marianas que ocorreram em 1917. No entanto, al\u00e9m de seu car\u00e1ter religioso, F\u00e1tima oferece uma rica experi\u00eancia cultural, hist\u00f3rica e natural. Neste guia completo, exploraremos os principais pontos tur\u00edsticos, atividades e experi\u00eancias que fazem desta cidade um lugar especial.<\/p>\n<h2>1. O Santu\u00e1rio de F\u00e1tima: O Cora\u00e7\u00e3o da Cidade<\/h2>\n<p>O Santu\u00e1rio de Nossa Senhora de F\u00e1tima \u00e9 o principal motivo que leva milhares de pessoas a visitarem a cidade. Este complexo religioso \u00e9 composto por diversas estruturas que merecem aten\u00e7\u00e3o:<\/p>\n<h3>1.1. A Bas\u00edlica de Nossa Senhora do Ros\u00e1rio<\/h3>\n<p><img decoding=\"async\" class=\"alignnone wp-image-5074 size-full lazyload\" data-src=\"https:\/\/celina-tours.com\/blog\/wp-content\/uploads\/2025\/02\/BLOG-4-152.jpg\" alt=\"\" width=\"600\" height=\"353\" data-srcset=\"https:\/\/celina-tours.com\/blog\/wp-content\/uploads\/2025\/02\/BLOG-4-152.jpg 600w, https:\/\/celina-tours.com\/blog\/wp-content\/uploads\/2025\/02\/BLOG-4-152-300x177.jpg 300w\" data-sizes=\"(max-width: 600px) 100vw, 600px\" src=\"data:image\/svg+xml;base64,PHN2ZyB3aWR0aD0iMSIgaGVpZ2h0PSIxIiB4bWxucz0iaHR0cDovL3d3dy53My5vcmcvMjAwMC9zdmciPjwvc3ZnPg==\" style=\"--smush-placeholder-width: 600px; --smush-placeholder-aspect-ratio: 600\/353;\" \/><\/p>\n<p>A Bas\u00edlica de Nossa Senhora do Ros\u00e1rio \u00e9 um dos \u00edcones do santu\u00e1rio. Constru\u00edda em estilo neobarroco, abriga os t\u00famulos dos tr\u00eas pastorinhos: L\u00facia, Francisco e Jacinta Marto. O interior \u00e9 simples, mas transmite uma profunda paz espiritual.<\/p>\n<h3>1.2. A Capelinha das Apari\u00e7\u00f5es<\/h3>\n<p><img decoding=\"async\" class=\"alignnone wp-image-5075 size-full lazyload\" data-src=\"https:\/\/celina-tours.com\/blog\/wp-content\/uploads\/2025\/02\/BLOG-4-153.jpg\" alt=\"\" width=\"600\" height=\"353\" data-srcset=\"https:\/\/celina-tours.com\/blog\/wp-content\/uploads\/2025\/02\/BLOG-4-153.jpg 600w, https:\/\/celina-tours.com\/blog\/wp-content\/uploads\/2025\/02\/BLOG-4-153-300x177.jpg 300w\" data-sizes=\"(max-width: 600px) 100vw, 600px\" src=\"data:image\/svg+xml;base64,PHN2ZyB3aWR0aD0iMSIgaGVpZ2h0PSIxIiB4bWxucz0iaHR0cDovL3d3dy53My5vcmcvMjAwMC9zdmciPjwvc3ZnPg==\" style=\"--smush-placeholder-width: 600px; --smush-placeholder-aspect-ratio: 600\/353;\" \/><\/p>\n<p>Este pequeno espa\u00e7o \u00e9 o local mais sagrado do Santu\u00e1rio, pois foi onde a Virgem Maria apareceu aos tr\u00eas pastorinhos. \u00c9 comum ver fi\u00e9is rezando e acendendo velas em sinal de devo\u00e7\u00e3o.<\/p>\n<h3>1.3. A Bas\u00edlica da Sant\u00edssima Trindade<\/h3>\n<p><img decoding=\"async\" class=\"alignnone wp-image-5076 size-full lazyload\" data-src=\"https:\/\/celina-tours.com\/blog\/wp-content\/uploads\/2025\/02\/BLOG-4-154.jpg\" alt=\"\" width=\"600\" height=\"353\" data-srcset=\"https:\/\/celina-tours.com\/blog\/wp-content\/uploads\/2025\/02\/BLOG-4-154.jpg 600w, https:\/\/celina-tours.com\/blog\/wp-content\/uploads\/2025\/02\/BLOG-4-154-300x177.jpg 300w\" data-sizes=\"(max-width: 600px) 100vw, 600px\" src=\"data:image\/svg+xml;base64,PHN2ZyB3aWR0aD0iMSIgaGVpZ2h0PSIxIiB4bWxucz0iaHR0cDovL3d3dy53My5vcmcvMjAwMC9zdmciPjwvc3ZnPg==\" style=\"--smush-placeholder-width: 600px; --smush-placeholder-aspect-ratio: 600\/353;\" \/><\/p>\n<p>Moderna e imponente, a Bas\u00edlica da Sant\u00edssima Trindade foi inaugurada em 2007 para acomodar o crescente n\u00famero de peregrinos. Com capacidade para mais de 8.000 pessoas, destaca-se pelo seu design contempor\u00e2neo e pela simplicidade de sua arquitetura.<\/p>\n<h3>1.4. O Recinto de Ora\u00e7\u00e3o<\/h3>\n<p><img decoding=\"async\" class=\"alignnone wp-image-5078 size-full lazyload\" data-src=\"https:\/\/celina-tours.com\/blog\/wp-content\/uploads\/2025\/02\/BLOG-4-155.jpg\" alt=\"\" width=\"600\" height=\"353\" data-srcset=\"https:\/\/celina-tours.com\/blog\/wp-content\/uploads\/2025\/02\/BLOG-4-155.jpg 600w, https:\/\/celina-tours.com\/blog\/wp-content\/uploads\/2025\/02\/BLOG-4-155-300x177.jpg 300w\" data-sizes=\"(max-width: 600px) 100vw, 600px\" src=\"data:image\/svg+xml;base64,PHN2ZyB3aWR0aD0iMSIgaGVpZ2h0PSIxIiB4bWxucz0iaHR0cDovL3d3dy53My5vcmcvMjAwMC9zdmciPjwvc3ZnPg==\" style=\"--smush-placeholder-width: 600px; --smush-placeholder-aspect-ratio: 600\/353;\" \/><\/p>\n<p>O enorme espa\u00e7o a c\u00e9u aberto entre a Capelinha das Apari\u00e7\u00f5es e a Bas\u00edlica do Ros\u00e1rio recebe missas, prociss\u00f5es e outros eventos religiosos. Durante as peregrina\u00e7\u00f5es, especialmente em 13 de maio e 13 de outubro, milhares de fi\u00e9is se re\u00fanem aqui.<\/p>\n<h2>2. Caminho dos Pastorinhos: Revivendo a Hist\u00f3ria<\/h2>\n<p>Se deseja reviver a hist\u00f3ria das apari\u00e7\u00f5es, o Caminho dos Pastorinhos \u00e9 uma caminhada que leva os visitantes por locais relacionados \u00e0s crian\u00e7as videntes.<\/p>\n<h3>2.1. Aljustrel: A Aldeia dos Pastorinhos<\/h3>\n<p><img decoding=\"async\" class=\"alignnone wp-image-5079 size-full lazyload\" data-src=\"https:\/\/celina-tours.com\/blog\/wp-content\/uploads\/2025\/02\/BLOG-4-156.jpg\" alt=\"\" width=\"600\" height=\"353\" data-srcset=\"https:\/\/celina-tours.com\/blog\/wp-content\/uploads\/2025\/02\/BLOG-4-156.jpg 600w, https:\/\/celina-tours.com\/blog\/wp-content\/uploads\/2025\/02\/BLOG-4-156-300x177.jpg 300w\" data-sizes=\"(max-width: 600px) 100vw, 600px\" src=\"data:image\/svg+xml;base64,PHN2ZyB3aWR0aD0iMSIgaGVpZ2h0PSIxIiB4bWxucz0iaHR0cDovL3d3dy53My5vcmcvMjAwMC9zdmciPjwvc3ZnPg==\" style=\"--smush-placeholder-width: 600px; --smush-placeholder-aspect-ratio: 600\/353;\" \/><\/p>\n<p>Aljustrel, a cerca de 2 km do santu\u00e1rio, \u00e9 o local onde nasceram os tr\u00eas pastorinhos. Aqui, \u00e9 poss\u00edvel visitar suas casas e ver como viviam antes das apari\u00e7\u00f5es.<\/p>\n<h3>2.2. Loca do Cabe\u00e7o<\/h3>\n<p><img decoding=\"async\" class=\"alignnone wp-image-5080 size-full lazyload\" data-src=\"https:\/\/celina-tours.com\/blog\/wp-content\/uploads\/2025\/02\/BLOG-4-157.jpg\" alt=\"\" width=\"600\" height=\"353\" data-srcset=\"https:\/\/celina-tours.com\/blog\/wp-content\/uploads\/2025\/02\/BLOG-4-157.jpg 600w, https:\/\/celina-tours.com\/blog\/wp-content\/uploads\/2025\/02\/BLOG-4-157-300x177.jpg 300w\" data-sizes=\"(max-width: 600px) 100vw, 600px\" src=\"data:image\/svg+xml;base64,PHN2ZyB3aWR0aD0iMSIgaGVpZ2h0PSIxIiB4bWxucz0iaHR0cDovL3d3dy53My5vcmcvMjAwMC9zdmciPjwvc3ZnPg==\" style=\"--smush-placeholder-width: 600px; --smush-placeholder-aspect-ratio: 600\/353;\" \/><\/p>\n<p>Este \u00e9 um dos lugares onde o Anjo da Paz apareceu aos pastorinhos em 1916, preparando-os para as futuras apari\u00e7\u00f5es da Virgem Maria. O ambiente \u00e9 calmo e prop\u00edcio para reflex\u00e3o.<\/p>\n<h3>2.3. Valinhos<\/h3>\n<p>Outro local significativo, Valinhos foi o cen\u00e1rio da quarta apari\u00e7\u00e3o de Nossa Senhora em agosto de 1917. O local tem uma bela via-sacra com capelas que representam a Paix\u00e3o de Cristo.<\/p>\n<p>&nbsp;<\/p>\n<table style=\"width: 732px; height: 210px;\">\n<tbody>\n<tr>\n<td style=\"width: 644.8px;\">\n<h3><img decoding=\"async\" class=\"alignleft wp-image-3974 lazyload\" data-src=\"https:\/\/celina-tours.com\/blog\/wp-content\/uploads\/2025\/02\/fatima.jpg\" alt=\"\" width=\"182\" height=\"182\" src=\"data:image\/svg+xml;base64,PHN2ZyB3aWR0aD0iMSIgaGVpZ2h0PSIxIiB4bWxucz0iaHR0cDovL3d3dy53My5vcmcvMjAwMC9zdmciPjwvc3ZnPg==\" style=\"--smush-placeholder-width: 182px; --smush-placeholder-aspect-ratio: 182\/182;\" \/><br \/>\nTOUR FATIMA<\/h3>\n<p><a href=\"https:\/\/celina-tours.com\/excursao-privada-fatima-batalha-nazare-obidos-tours.php\" target=\"_blank\" rel=\"noopener\">Tour Privado Fatima Batalha NAzare e \u00d3bidos &gt;&gt;&gt;<\/a><\/p>\n<p><a href=\"https:\/\/celina-tours.com\/excursao-fatima-tour-fatima-saindo-lisboa.php\" target=\"_blank\" rel=\"noopener\">Tour em Grupo Fatima Batalha Nazare e \u00d3bidos &gt;&gt;&gt;<\/a><\/td>\n<\/tr>\n<\/tbody>\n<\/table>\n<p>&nbsp;<\/p>\n<h2>3. Experi\u00eancias Espirituais e Religiosas<\/h2>\n<h3>3.1. Participar de uma Missa ou Prociss\u00e3o<\/h3>\n<p>O Santu\u00e1rio de F\u00e1tima oferece diversas celebra\u00e7\u00f5es di\u00e1rias. As prociss\u00f5es das velas, que acontecem \u00e0 noite, s\u00e3o um dos momentos mais emocionantes para os fi\u00e9is.<\/p>\n<h3>3.2. Acender uma Vela<\/h3>\n<p><img decoding=\"async\" class=\"alignnone wp-image-5081 size-full lazyload\" data-src=\"https:\/\/celina-tours.com\/blog\/wp-content\/uploads\/2025\/02\/BLOG-4-158.jpg\" alt=\"\" width=\"600\" height=\"353\" data-srcset=\"https:\/\/celina-tours.com\/blog\/wp-content\/uploads\/2025\/02\/BLOG-4-158.jpg 600w, https:\/\/celina-tours.com\/blog\/wp-content\/uploads\/2025\/02\/BLOG-4-158-300x177.jpg 300w\" data-sizes=\"(max-width: 600px) 100vw, 600px\" src=\"data:image\/svg+xml;base64,PHN2ZyB3aWR0aD0iMSIgaGVpZ2h0PSIxIiB4bWxucz0iaHR0cDovL3d3dy53My5vcmcvMjAwMC9zdmciPjwvc3ZnPg==\" style=\"--smush-placeholder-width: 600px; --smush-placeholder-aspect-ratio: 600\/353;\" \/><\/p>\n<p>Muitos visitantes cumprem promessas e fazem ora\u00e7\u00f5es no local das velas, perto da Capelinha das Apari\u00e7\u00f5es.<\/p>\n<h3>3.3. Caminhar de Joelhos at\u00e9 a Capelinha<\/h3>\n<p><img decoding=\"async\" class=\"alignnone wp-image-5082 size-full lazyload\" data-src=\"https:\/\/celina-tours.com\/blog\/wp-content\/uploads\/2025\/02\/BLOG-4-159.jpg\" alt=\"\" width=\"600\" height=\"353\" data-srcset=\"https:\/\/celina-tours.com\/blog\/wp-content\/uploads\/2025\/02\/BLOG-4-159.jpg 600w, https:\/\/celina-tours.com\/blog\/wp-content\/uploads\/2025\/02\/BLOG-4-159-300x177.jpg 300w\" data-sizes=\"(max-width: 600px) 100vw, 600px\" src=\"data:image\/svg+xml;base64,PHN2ZyB3aWR0aD0iMSIgaGVpZ2h0PSIxIiB4bWxucz0iaHR0cDovL3d3dy53My5vcmcvMjAwMC9zdmciPjwvc3ZnPg==\" style=\"--smush-placeholder-width: 600px; --smush-placeholder-aspect-ratio: 600\/353;\" \/><\/p>\n<p>Como demonstra\u00e7\u00e3o de f\u00e9, algumas pessoas percorrem de joelhos o trajeto at\u00e9 a Capelinha das Apari\u00e7\u00f5es.<\/p>\n<h2>4. Museus e Centros Culturais<\/h2>\n<p>F\u00e1tima tamb\u00e9m tem espa\u00e7os que ajudam os visitantes a compreender melhor a hist\u00f3ria das apari\u00e7\u00f5es e a devo\u00e7\u00e3o mariana.<\/p>\n<h2>4.1. Museu do Santu\u00e1rio de F\u00e1tima<\/h2>\n<p>Aqui, encontram-se rel\u00edquias, vestimentas lit\u00fargicas e objetos hist\u00f3ricos relacionados \u00e0s apari\u00e7\u00f5es e ao crescimento do culto mariano.<\/p>\n<p>&nbsp;<\/p>\n<p><strong>Leia Tambem<\/strong><br \/>\n<a href=\"https:\/\/celina-tours.com\/blog\/o-que-fazer-e-visitar-em-obidos\/\">O que fazer e visitar em \u00d3bidos<\/a><br \/>\n<a href=\"https:\/\/celina-tours.com\/blog\/os-monumentos-mais-importantes-para-visitar-em-sintra\/\">Os Monumentos Mais Importantes para Visitar em Sintra<\/a><br \/>\n<a href=\"https:\/\/celina-tours.com\/blog\/qual-e-a-melhor-epoca-para-visitar-lisboa\/\">Qual \u00e9 a Melhor \u00c9poca para Visitar Lisboa?<\/a><\/p>\n<p>&nbsp;<\/p>\n<h3>4.2. Museu Vida de Cristo<\/h3>\n<p>Este museu apresenta mais de 30 cenas da vida de Jesus em forma de est\u00e1tuas de cera, proporcionando uma experi\u00eancia imersiva e educativa.<\/p>\n<h3>4.3. Casa-Museu de Aljustrel<\/h3>\n<p>Este pequeno museu preserva objetos e m\u00f3veis originais das casas dos pastorinhos, transportando os visitantes ao in\u00edcio do s\u00e9culo XX.<\/p>\n<h2>5. Passeios e Natureza nos Arredores<\/h2>\n<p>Al\u00e9m do car\u00e1ter religioso, F\u00e1tima tamb\u00e9m est\u00e1 cercada por belas paisagens e locais interessantes para explorar.<\/p>\n<h3>5.1. Grutas da Moeda<\/h3>\n<p>A apenas alguns quil\u00f4metros de F\u00e1tima, as Grutas da Moeda s\u00e3o um espet\u00e1culo natural com forma\u00e7\u00f5es calc\u00e1rias impressionantes. A visita guiada revela estalactites e estalagmites com formas curiosas.<\/p>\n<h3>5.2. Parque Natural das Serras de Aire e Candeeiros<\/h3>\n<p>Para os amantes da natureza, este parque \u00e9 perfeito para caminhadas e passeios ao ar livre. Com trilhas, miradouros e cavernas, a \u00e1rea \u00e9 um \u00f3timo ref\u00fagio para quem busca contato com a natureza.<\/p>\n<p>&nbsp;<\/p>\n<table style=\"width: 732px; height: 210px;\">\n<tbody>\n<tr>\n<td style=\"width: 644.8px;\">\n<h3><img decoding=\"async\" class=\"alignleft wp-image-3974 lazyload\" data-src=\"https:\/\/celina-tours.com\/blog\/wp-content\/uploads\/2025\/02\/tomar.jpg\" alt=\"\" width=\"182\" height=\"182\" src=\"data:image\/svg+xml;base64,PHN2ZyB3aWR0aD0iMSIgaGVpZ2h0PSIxIiB4bWxucz0iaHR0cDovL3d3dy53My5vcmcvMjAwMC9zdmciPjwvc3ZnPg==\" style=\"--smush-placeholder-width: 182px; --smush-placeholder-aspect-ratio: 182\/182;\" \/><br \/>\nTOUR PRIVADO TOMAR<\/h3>\n<p><a href=\"https:\/\/celina-tours.com\/excursao-privada-tomar-tours-lisboa.php\" target=\"_blank\" rel=\"noopener\">Tour Privado Tomar Rota templ\u00e1rios<\/a><\/td>\n<\/tr>\n<\/tbody>\n<\/table>\n<p>&nbsp;<\/p>\n<h3>5.3. Castelo de Our\u00e9m<\/h3>\n<p><a href=\"https:\/\/celina-tours.com\/excursao-privada-tomar-tours-lisboa.php\" target=\"_blank\" rel=\"noopener\"><img decoding=\"async\" class=\"alignnone wp-image-6023 size-full lazyload\" data-src=\"https:\/\/celina-tours.com\/blog\/wp-content\/uploads\/2025\/02\/BLOG-4-237.jpg\" alt=\"\" width=\"600\" height=\"353\" data-srcset=\"https:\/\/celina-tours.com\/blog\/wp-content\/uploads\/2025\/02\/BLOG-4-237.jpg 600w, https:\/\/celina-tours.com\/blog\/wp-content\/uploads\/2025\/02\/BLOG-4-237-300x177.jpg 300w\" data-sizes=\"(max-width: 600px) 100vw, 600px\" src=\"data:image\/svg+xml;base64,PHN2ZyB3aWR0aD0iMSIgaGVpZ2h0PSIxIiB4bWxucz0iaHR0cDovL3d3dy53My5vcmcvMjAwMC9zdmciPjwvc3ZnPg==\" style=\"--smush-placeholder-width: 600px; --smush-placeholder-aspect-ratio: 600\/353;\" \/><\/a><\/p>\n<p>Localizado a cerca de 15 km de F\u00e1tima, o Castelo de Our\u00e9m \u00e9 um belo exemplo da arquitetura medieval portuguesa. O centro hist\u00f3rico da cidade tamb\u00e9m vale a visita.<\/p>\n<h2>6. Gastronomia: O Que Comer em F\u00e1tima<\/h2>\n<p>F\u00e1tima oferece uma culin\u00e1ria t\u00edpica portuguesa, com pratos deliciosos para experimentar.<\/p>\n<h3>6.1. Pratos T\u00edpicos<\/h3>\n<p>Bacalhau \u00e0 Br\u00e1s \u2013 Uma vers\u00e3o tradicional do bacalhau desfiado com batatas e ovos.<br \/>\nLeit\u00e3o \u00e0 Bairrada \u2013 Um prato t\u00edpico da regi\u00e3o central de Portugal.<br \/>\nEnsopado de Borrego \u2013 Prato de carne de cordeiro cozida lentamente com ervas e especiarias.<\/p>\n<h3>6.2. Doces Regionais<\/h3>\n<p>P\u00e3o-de-L\u00f3 de Ovar \u2013 Um bolo h\u00famido e macio.<br \/>\nFatias de Tomar \u2013 Um doce conventual delicioso feito com ovos e a\u00e7\u00facar.<\/p>\n<h3>6.3. Restaurantes Recomendados<\/h3>\n<p>Tia Alice \u2013 Um dos restaurantes mais conhecidos de F\u00e1tima, com pratos tradicionais e ambiente acolhedor.<br \/>\nO Convite \u2013 Boa op\u00e7\u00e3o para quem quer experimentar pratos portugueses com um toque moderno.<\/p>\n<h2>7. Compras e Lembran\u00e7as de F\u00e1tima<\/h2>\n<p><img decoding=\"async\" class=\"alignnone wp-image-5084 size-full lazyload\" data-src=\"https:\/\/celina-tours.com\/blog\/wp-content\/uploads\/2025\/02\/BLOG-4-161.jpg\" alt=\"\" width=\"600\" height=\"353\" data-srcset=\"https:\/\/celina-tours.com\/blog\/wp-content\/uploads\/2025\/02\/BLOG-4-161.jpg 600w, https:\/\/celina-tours.com\/blog\/wp-content\/uploads\/2025\/02\/BLOG-4-161-300x177.jpg 300w\" data-sizes=\"(max-width: 600px) 100vw, 600px\" src=\"data:image\/svg+xml;base64,PHN2ZyB3aWR0aD0iMSIgaGVpZ2h0PSIxIiB4bWxucz0iaHR0cDovL3d3dy53My5vcmcvMjAwMC9zdmciPjwvc3ZnPg==\" style=\"--smush-placeholder-width: 600px; --smush-placeholder-aspect-ratio: 600\/353;\" \/><\/p>\n<p>Os visitantes podem encontrar diversas lojas vendendo artigos religiosos, como ter\u00e7os, medalhas e imagens de Nossa Senhora. Al\u00e9m disso, produtos regionais como vinhos, azeites e doces t\u00edpicos s\u00e3o \u00f3timas op\u00e7\u00f5es de lembran\u00e7a.<\/p>\n<h3>Onde Comprar?<\/h3>\n<p>Loja do Santu\u00e1rio \u2013 Produtos oficiais do Santu\u00e1rio de F\u00e1tima.<br \/>\nMercado de F\u00e1tima \u2013 Um espa\u00e7o com v\u00e1rias lojinhas de artesanato e lembran\u00e7as religiosas.<\/p>\n<h2>8. Melhor \u00c9poca para Visitar F\u00e1tima<\/h2>\n<p>F\u00e1tima pode ser visitada durante todo o ano, mas as principais peregrina\u00e7\u00f5es acontecem em maio e outubro. Para quem prefere um ambiente mais tranquilo, os meses de primavera e outono s\u00e3o ideais, pois o clima \u00e9 ameno e h\u00e1 menos multid\u00f5es.<\/p>\n<h2>Conclus\u00e3o<\/h2>\n<p>F\u00e1tima \u00e9 muito mais do que um destino religioso; \u00e9 um local de hist\u00f3ria, cultura e natureza. Se voc\u00ea busca uma experi\u00eancia espiritual, momentos de paz ou apenas deseja conhecer uma parte fascinante de Portugal, F\u00e1tima tem algo especial para oferecer. Seja participando das celebra\u00e7\u00f5es no Santu\u00e1rio, explorando as belas paisagens naturais ou provando a deliciosa gastronomia local, a cidade promete uma visita inesquec\u00edvel.<\/p>\n","protected":false},"excerpt":{"rendered":"<p>O Que Ver e Fazer em F\u00e1tima: Um Guia Completo F\u00e1tima, localizada no cora\u00e7\u00e3o de Portugal, \u00e9 um dos destinos&hellip;<\/p>\n","protected":false},"author":1,"featured_media":5073,"comment_status":"closed","ping_status":"closed","sticky":false,"template":"","format":"standard","meta":{"om_disable_all_campaigns":false,"footnotes":""},"categories":[212],"tags":[],"class_list":["post-5065","post","type-post","status-publish","format-standard","has-post-thumbnail","hentry","category-centro-portugal"],"yoast_head":"<!-- This site is optimized with the Yoast SEO plugin v27.0 - https:\/\/yoast.com\/product\/yoast-seo-wordpress\/ -->\n<title>O que ver e fazer em Fatima Visita Santuario Fatima Portugal<\/title>\n<meta name=\"description\" content=\"O Que Ver e Fazer em F\u00e1tima Portugal, Assistir a Missa, o Santuario de F\u00e1tima, a casa dos tres Pastorinhos, Capelinha das Apari\u00e7\u00f5es em Fatima\" \/>\n<meta name=\"robots\" content=\"index, follow, max-snippet:-1, max-image-preview:large, max-video-preview:-1\" \/>\n<link rel=\"canonical\" href=\"https:\/\/celina-tours.com\/blog\/pt\/o-que-ver-e-fazer-em-fatima-portugal\/\" \/>\n<meta property=\"og:locale\" content=\"pt_PT\" \/>\n<meta property=\"og:type\" content=\"article\" \/>\n<meta property=\"og:title\" content=\"O que ver e fazer em Fatima Visita Santuario Fatima Portugal\" \/>\n<meta property=\"og:description\" content=\"O Que Ver e Fazer em F\u00e1tima Portugal, Assistir a Missa, o Santuario de F\u00e1tima, a casa dos tres Pastorinhos, Capelinha das Apari\u00e7\u00f5es em Fatima\" \/>\n<meta property=\"og:url\" content=\"https:\/\/celina-tours.com\/blog\/pt\/o-que-ver-e-fazer-em-fatima-portugal\/\" \/>\n<meta property=\"article:publisher\" content=\"https:\/\/www.instagram.com\/celinatourspt\/\" \/>\n<meta property=\"article:published_time\" content=\"2025-02-17T20:39:48+00:00\" \/>\n<meta property=\"article:modified_time\" content=\"2025-08-08T18:24:28+00:00\" \/>\n<meta property=\"og:image\" content=\"https:\/\/celina-tours.com\/blog\/wp-content\/uploads\/2025\/02\/BLOG-4-151.jpg\" \/>\n\t<meta property=\"og:image:width\" content=\"600\" \/>\n\t<meta property=\"og:image:height\" content=\"353\" \/>\n\t<meta property=\"og:image:type\" content=\"image\/jpeg\" \/>\n<meta name=\"author\" content=\"ctours_blog\" \/>\n<meta name=\"twitter:card\" content=\"summary_large_image\" \/>\n<meta name=\"twitter:label1\" content=\"Escrito por\" \/>\n\t<meta name=\"twitter:data1\" content=\"ctours_blog\" \/>\n\t<meta name=\"twitter:label2\" content=\"Tempo estimado de leitura\" \/>\n\t<meta name=\"twitter:data2\" content=\"9 minutos\" \/>\n<script type=\"application\/ld+json\" class=\"yoast-schema-graph\">{\"@context\":\"https:\/\/schema.org\",\"@graph\":[{\"@type\":\"Article\",\"@id\":\"https:\/\/celina-tours.com\/blog\/pt\/o-que-ver-e-fazer-em-fatima-portugal\/#article\",\"isPartOf\":{\"@id\":\"https:\/\/celina-tours.com\/blog\/pt\/o-que-ver-e-fazer-em-fatima-portugal\/\"},\"author\":{\"name\":\"ctours_blog\",\"@id\":\"https:\/\/celina-tours.com\/blog\/#\/schema\/person\/e4611dfff819107474e643eb3c25e040\"},\"headline\":\"O Que Ver e Fazer em F\u00e1tima Portugal\",\"datePublished\":\"2025-02-17T20:39:48+00:00\",\"dateModified\":\"2025-08-08T18:24:28+00:00\",\"mainEntityOfPage\":{\"@id\":\"https:\/\/celina-tours.com\/blog\/pt\/o-que-ver-e-fazer-em-fatima-portugal\/\"},\"wordCount\":1188,\"publisher\":{\"@id\":\"https:\/\/celina-tours.com\/blog\/#organization\"},\"image\":{\"@id\":\"https:\/\/celina-tours.com\/blog\/pt\/o-que-ver-e-fazer-em-fatima-portugal\/#primaryimage\"},\"thumbnailUrl\":\"https:\/\/celina-tours.com\/blog\/wp-content\/uploads\/2025\/02\/BLOG-4-151.jpg\",\"articleSection\":[\"Centro Portugal\"],\"inLanguage\":\"pt-PT\"},{\"@type\":\"WebPage\",\"@id\":\"https:\/\/celina-tours.com\/blog\/pt\/o-que-ver-e-fazer-em-fatima-portugal\/\",\"url\":\"https:\/\/celina-tours.com\/blog\/pt\/o-que-ver-e-fazer-em-fatima-portugal\/\",\"name\":\"O que ver e fazer em Fatima Visita Santuario Fatima Portugal\",\"isPartOf\":{\"@id\":\"https:\/\/celina-tours.com\/blog\/#website\"},\"primaryImageOfPage\":{\"@id\":\"https:\/\/celina-tours.com\/blog\/pt\/o-que-ver-e-fazer-em-fatima-portugal\/#primaryimage\"},\"image\":{\"@id\":\"https:\/\/celina-tours.com\/blog\/pt\/o-que-ver-e-fazer-em-fatima-portugal\/#primaryimage\"},\"thumbnailUrl\":\"https:\/\/celina-tours.com\/blog\/wp-content\/uploads\/2025\/02\/BLOG-4-151.jpg\",\"datePublished\":\"2025-02-17T20:39:48+00:00\",\"dateModified\":\"2025-08-08T18:24:28+00:00\",\"description\":\"O Que Ver e Fazer em F\u00e1tima Portugal, Assistir a Missa, o Santuario de F\u00e1tima, a casa dos tres Pastorinhos, Capelinha das Apari\u00e7\u00f5es em Fatima\",\"breadcrumb\":{\"@id\":\"https:\/\/celina-tours.com\/blog\/pt\/o-que-ver-e-fazer-em-fatima-portugal\/#breadcrumb\"},\"inLanguage\":\"pt-PT\",\"potentialAction\":[{\"@type\":\"ReadAction\",\"target\":[\"https:\/\/celina-tours.com\/blog\/pt\/o-que-ver-e-fazer-em-fatima-portugal\/\"]}]},{\"@type\":\"ImageObject\",\"inLanguage\":\"pt-PT\",\"@id\":\"https:\/\/celina-tours.com\/blog\/pt\/o-que-ver-e-fazer-em-fatima-portugal\/#primaryimage\",\"url\":\"https:\/\/celina-tours.com\/blog\/wp-content\/uploads\/2025\/02\/BLOG-4-151.jpg\",\"contentUrl\":\"https:\/\/celina-tours.com\/blog\/wp-content\/uploads\/2025\/02\/BLOG-4-151.jpg\",\"width\":600,\"height\":353},{\"@type\":\"BreadcrumbList\",\"@id\":\"https:\/\/celina-tours.com\/blog\/pt\/o-que-ver-e-fazer-em-fatima-portugal\/#breadcrumb\",\"itemListElement\":[{\"@type\":\"ListItem\",\"position\":1,\"name\":\"In\u00edcio\",\"item\":\"https:\/\/celina-tours.com\/blog\/pt\/\"},{\"@type\":\"ListItem\",\"position\":2,\"name\":\"O Que Ver e Fazer em F\u00e1tima Portugal\"}]},{\"@type\":\"WebSite\",\"@id\":\"https:\/\/celina-tours.com\/blog\/#website\",\"url\":\"https:\/\/celina-tours.com\/blog\/\",\"name\":\"Celina Tours\",\"description\":\"\",\"publisher\":{\"@id\":\"https:\/\/celina-tours.com\/blog\/#organization\"},\"potentialAction\":[{\"@type\":\"SearchAction\",\"target\":{\"@type\":\"EntryPoint\",\"urlTemplate\":\"https:\/\/celina-tours.com\/blog\/?s={search_term_string}\"},\"query-input\":{\"@type\":\"PropertyValueSpecification\",\"valueRequired\":true,\"valueName\":\"search_term_string\"}}],\"inLanguage\":\"pt-PT\"},{\"@type\":\"Organization\",\"@id\":\"https:\/\/celina-tours.com\/blog\/#organization\",\"name\":\"Celina Tours\",\"url\":\"https:\/\/celina-tours.com\/blog\/\",\"logo\":{\"@type\":\"ImageObject\",\"inLanguage\":\"pt-PT\",\"@id\":\"https:\/\/celina-tours.com\/blog\/#\/schema\/logo\/image\/\",\"url\":\"https:\/\/celina-tours.com\/blog\/wp-content\/uploads\/2025\/01\/cropped-1-1.png\",\"contentUrl\":\"https:\/\/celina-tours.com\/blog\/wp-content\/uploads\/2025\/01\/cropped-1-1.png\",\"width\":300,\"height\":94,\"caption\":\"Celina Tours\"},\"image\":{\"@id\":\"https:\/\/celina-tours.com\/blog\/#\/schema\/logo\/image\/\"},\"sameAs\":[\"https:\/\/www.instagram.com\/celinatourspt\/\"]},{\"@type\":\"Person\",\"@id\":\"https:\/\/celina-tours.com\/blog\/#\/schema\/person\/e4611dfff819107474e643eb3c25e040\",\"name\":\"ctours_blog\",\"sameAs\":[\"https:\/\/celina-tours.com\/blog\"],\"url\":\"https:\/\/celina-tours.com\/blog\/author\/ctours_blog\/\"}]}<\/script>\n<!-- \/ Yoast SEO plugin. -->","yoast_head_json":{"title":"O que ver e fazer em Fatima Visita Santuario Fatima Portugal","description":"O Que Ver e Fazer em F\u00e1tima Portugal, Assistir a Missa, o Santuario de F\u00e1tima, a casa dos tres Pastorinhos, Capelinha das Apari\u00e7\u00f5es em Fatima","robots":{"index":"index","follow":"follow","max-snippet":"max-snippet:-1","max-image-preview":"max-image-preview:large","max-video-preview":"max-video-preview:-1"},"canonical":"https:\/\/celina-tours.com\/blog\/pt\/o-que-ver-e-fazer-em-fatima-portugal\/","og_locale":"pt_PT","og_type":"article","og_title":"O que ver e fazer em Fatima Visita Santuario Fatima Portugal","og_description":"O Que Ver e Fazer em F\u00e1tima Portugal, Assistir a Missa, o Santuario de F\u00e1tima, a casa dos tres Pastorinhos, Capelinha das Apari\u00e7\u00f5es em Fatima","og_url":"https:\/\/celina-tours.com\/blog\/pt\/o-que-ver-e-fazer-em-fatima-portugal\/","article_publisher":"https:\/\/www.instagram.com\/celinatourspt\/","article_published_time":"2025-02-17T20:39:48+00:00","article_modified_time":"2025-08-08T18:24:28+00:00","og_image":[{"width":600,"height":353,"url":"https:\/\/celina-tours.com\/blog\/wp-content\/uploads\/2025\/02\/BLOG-4-151.jpg","type":"image\/jpeg"}],"author":"ctours_blog","twitter_card":"summary_large_image","twitter_misc":{"Escrito por":"ctours_blog","Tempo estimado de leitura":"9 minutos"},"schema":{"@context":"https:\/\/schema.org","@graph":[{"@type":"Article","@id":"https:\/\/celina-tours.com\/blog\/pt\/o-que-ver-e-fazer-em-fatima-portugal\/#article","isPartOf":{"@id":"https:\/\/celina-tours.com\/blog\/pt\/o-que-ver-e-fazer-em-fatima-portugal\/"},"author":{"name":"ctours_blog","@id":"https:\/\/celina-tours.com\/blog\/#\/schema\/person\/e4611dfff819107474e643eb3c25e040"},"headline":"O Que Ver e Fazer em F\u00e1tima Portugal","datePublished":"2025-02-17T20:39:48+00:00","dateModified":"2025-08-08T18:24:28+00:00","mainEntityOfPage":{"@id":"https:\/\/celina-tours.com\/blog\/pt\/o-que-ver-e-fazer-em-fatima-portugal\/"},"wordCount":1188,"publisher":{"@id":"https:\/\/celina-tours.com\/blog\/#organization"},"image":{"@id":"https:\/\/celina-tours.com\/blog\/pt\/o-que-ver-e-fazer-em-fatima-portugal\/#primaryimage"},"thumbnailUrl":"https:\/\/celina-tours.com\/blog\/wp-content\/uploads\/2025\/02\/BLOG-4-151.jpg","articleSection":["Centro Portugal"],"inLanguage":"pt-PT"},{"@type":"WebPage","@id":"https:\/\/celina-tours.com\/blog\/pt\/o-que-ver-e-fazer-em-fatima-portugal\/","url":"https:\/\/celina-tours.com\/blog\/pt\/o-que-ver-e-fazer-em-fatima-portugal\/","name":"O que ver e fazer em Fatima Visita Santuario Fatima Portugal","isPartOf":{"@id":"https:\/\/celina-tours.com\/blog\/#website"},"primaryImageOfPage":{"@id":"https:\/\/celina-tours.com\/blog\/pt\/o-que-ver-e-fazer-em-fatima-portugal\/#primaryimage"},"image":{"@id":"https:\/\/celina-tours.com\/blog\/pt\/o-que-ver-e-fazer-em-fatima-portugal\/#primaryimage"},"thumbnailUrl":"https:\/\/celina-tours.com\/blog\/wp-content\/uploads\/2025\/02\/BLOG-4-151.jpg","datePublished":"2025-02-17T20:39:48+00:00","dateModified":"2025-08-08T18:24:28+00:00","description":"O Que Ver e Fazer em F\u00e1tima Portugal, Assistir a Missa, o Santuario de F\u00e1tima, a casa dos tres Pastorinhos, Capelinha das Apari\u00e7\u00f5es em Fatima","breadcrumb":{"@id":"https:\/\/celina-tours.com\/blog\/pt\/o-que-ver-e-fazer-em-fatima-portugal\/#breadcrumb"},"inLanguage":"pt-PT","potentialAction":[{"@type":"ReadAction","target":["https:\/\/celina-tours.com\/blog\/pt\/o-que-ver-e-fazer-em-fatima-portugal\/"]}]},{"@type":"ImageObject","inLanguage":"pt-PT","@id":"https:\/\/celina-tours.com\/blog\/pt\/o-que-ver-e-fazer-em-fatima-portugal\/#primaryimage","url":"https:\/\/celina-tours.com\/blog\/wp-content\/uploads\/2025\/02\/BLOG-4-151.jpg","contentUrl":"https:\/\/celina-tours.com\/blog\/wp-content\/uploads\/2025\/02\/BLOG-4-151.jpg","width":600,"height":353},{"@type":"BreadcrumbList","@id":"https:\/\/celina-tours.com\/blog\/pt\/o-que-ver-e-fazer-em-fatima-portugal\/#breadcrumb","itemListElement":[{"@type":"ListItem","position":1,"name":"In\u00edcio","item":"https:\/\/celina-tours.com\/blog\/pt\/"},{"@type":"ListItem","position":2,"name":"O Que Ver e Fazer em F\u00e1tima Portugal"}]},{"@type":"WebSite","@id":"https:\/\/celina-tours.com\/blog\/#website","url":"https:\/\/celina-tours.com\/blog\/","name":"Celina Tours","description":"","publisher":{"@id":"https:\/\/celina-tours.com\/blog\/#organization"},"potentialAction":[{"@type":"SearchAction","target":{"@type":"EntryPoint","urlTemplate":"https:\/\/celina-tours.com\/blog\/?s={search_term_string}"},"query-input":{"@type":"PropertyValueSpecification","valueRequired":true,"valueName":"search_term_string"}}],"inLanguage":"pt-PT"},{"@type":"Organization","@id":"https:\/\/celina-tours.com\/blog\/#organization","name":"Celina Tours","url":"https:\/\/celina-tours.com\/blog\/","logo":{"@type":"ImageObject","inLanguage":"pt-PT","@id":"https:\/\/celina-tours.com\/blog\/#\/schema\/logo\/image\/","url":"https:\/\/celina-tours.com\/blog\/wp-content\/uploads\/2025\/01\/cropped-1-1.png","contentUrl":"https:\/\/celina-tours.com\/blog\/wp-content\/uploads\/2025\/01\/cropped-1-1.png","width":300,"height":94,"caption":"Celina Tours"},"image":{"@id":"https:\/\/celina-tours.com\/blog\/#\/schema\/logo\/image\/"},"sameAs":["https:\/\/www.instagram.com\/celinatourspt\/"]},{"@type":"Person","@id":"https:\/\/celina-tours.com\/blog\/#\/schema\/person\/e4611dfff819107474e643eb3c25e040","name":"ctours_blog","sameAs":["https:\/\/celina-tours.com\/blog"],"url":"https:\/\/celina-tours.com\/blog\/author\/ctours_blog\/"}]}},"_links":{"self":[{"href":"https:\/\/celina-tours.com\/blog\/wp-json\/wp\/v2\/posts\/5065","targetHints":{"allow":["GET"]}}],"collection":[{"href":"https:\/\/celina-tours.com\/blog\/wp-json\/wp\/v2\/posts"}],"about":[{"href":"https:\/\/celina-tours.com\/blog\/wp-json\/wp\/v2\/types\/post"}],"author":[{"embeddable":true,"href":"https:\/\/celina-tours.com\/blog\/wp-json\/wp\/v2\/users\/1"}],"replies":[{"embeddable":true,"href":"https:\/\/celina-tours.com\/blog\/wp-json\/wp\/v2\/comments?post=5065"}],"version-history":[{"count":5,"href":"https:\/\/celina-tours.com\/blog\/wp-json\/wp\/v2\/posts\/5065\/revisions"}],"predecessor-version":[{"id":6024,"href":"https:\/\/celina-tours.com\/blog\/wp-json\/wp\/v2\/posts\/5065\/revisions\/6024"}],"wp:featuredmedia":[{"embeddable":true,"href":"https:\/\/celina-tours.com\/blog\/wp-json\/wp\/v2\/media\/5073"}],"wp:attachment":[{"href":"https:\/\/celina-tours.com\/blog\/wp-json\/wp\/v2\/media?parent=5065"}],"wp:term":[{"taxonomy":"category","embeddable":true,"href":"https:\/\/celina-tours.com\/blog\/wp-json\/wp\/v2\/categories?post=5065"},{"taxonomy":"post_tag","embeddable":true,"href":"https:\/\/celina-tours.com\/blog\/wp-json\/wp\/v2\/tags?post=5065"}],"curies":[{"name":"wp","href":"https:\/\/api.w.org\/{rel}","templated":true}]}}