{"id":4988,"date":"2025-02-16T09:30:03","date_gmt":"2025-02-16T09:30:03","guid":{"rendered":"https:\/\/celina-tours.com\/blog\/?p=4988"},"modified":"2025-02-16T10:23:03","modified_gmt":"2025-02-16T10:23:03","slug":"que-visitar-y-hacer-en-evora-en-un-dia","status":"publish","type":"post","link":"https:\/\/celina-tours.com\/blog\/es\/que-visitar-y-hacer-en-evora-en-un-dia\/","title":{"rendered":"\u00bfQu\u00e9 visitar y hacer en \u00c9vora en un d\u00eda?"},"content":{"rendered":"<h2>\u00c9vora: El Coraz\u00f3n Hist\u00f3rico del Alentejo<\/h2>\n<p>\u00c9vora es una de las ciudades m\u00e1s fascinantes de Portugal, un aut\u00e9ntico museo al aire libre lleno de historia, cultura y tradici\u00f3n. Situada en el coraz\u00f3n del Alentejo, esta ciudad es un destino imprescindible para quienes desean explorar el rico pasado portugu\u00e9s, disfrutar de la exquisita gastronom\u00eda alentejana y contemplar paisajes inolvidables.<\/p>\n<p>Declarada Patrimonio de la Humanidad por la UNESCO en 1986, \u00c9vora seduce a sus visitantes con sus calles empedradas, monumentos bien conservados y una atm\u00f3sfera que fusiona el pasado y el presente.<\/p>\n<p>Si est\u00e1s planeando un viaje a \u00c9vora, prep\u00e1rate para enamorarte de esta ciudad llena de tesoros arquitect\u00f3nicos y culturales. A continuaci\u00f3n, te presentamos una gu\u00eda completa con los principales lugares que debes visitar.<\/p>\n<h2>1. Templo Romano de \u00c9vora (Templo de Diana)<\/h2>\n<p><img decoding=\"async\" class=\"alignnone wp-image-4966 size-full lazyload\" data-src=\"https:\/\/celina-tours.com\/blog\/wp-content\/uploads\/2025\/02\/BLOG-4-127.jpg\" alt=\"\" width=\"600\" height=\"353\" data-srcset=\"https:\/\/celina-tours.com\/blog\/wp-content\/uploads\/2025\/02\/BLOG-4-127.jpg 600w, https:\/\/celina-tours.com\/blog\/wp-content\/uploads\/2025\/02\/BLOG-4-127-300x177.jpg 300w\" data-sizes=\"(max-width: 600px) 100vw, 600px\" src=\"data:image\/svg+xml;base64,PHN2ZyB3aWR0aD0iMSIgaGVpZ2h0PSIxIiB4bWxucz0iaHR0cDovL3d3dy53My5vcmcvMjAwMC9zdmciPjwvc3ZnPg==\" style=\"--smush-placeholder-width: 600px; --smush-placeholder-aspect-ratio: 600\/353;\" \/><\/p>\n<p>Uno de los monumentos m\u00e1s ic\u00f3nicos de la ciudad, el Templo Romano de \u00c9vora, conocido popularmente como el Templo de Diana, es uno de los restos romanos mejor conservados de Portugal. Construido en el siglo I d.C. durante el reinado del emperador Augusto, este templo formaba parte del antiguo foro de la ciudad.<\/p>\n<p>Aunque su nombre est\u00e1 asociado a Diana, la diosa de la caza, no hay pruebas hist\u00f3ricas de que haya sido dedicado a ella. Lo m\u00e1s probable es que estuviera consagrado al culto imperial. Durante la Edad Media, el templo fue integrado en un castillo, lo que ayud\u00f3 a su preservaci\u00f3n.<\/p>\n<p>Hoy en d\u00eda, sus columnas corintias de granito y su estructura parcialmente conservada forman una imagen impresionante en el centro hist\u00f3rico de \u00c9vora. En sus alrededores se encuentran otros edificios hist\u00f3ricos, como el Palacio Cadaval y la Catedral de \u00c9vora, por lo que es un excelente punto de partida para explorar la ciudad.<\/p>\n<p>&nbsp;<\/p>\n<table style=\"width: 732px; height: 210px;\">\n<tbody>\n<tr>\n<td style=\"width: 644.8px;\">\n<h3><img decoding=\"async\" class=\"alignleft wp-image-3974 lazyload\" data-src=\"https:\/\/celina-tours.com\/blog\/wp-content\/uploads\/2025\/02\/evora.jpg\" alt=\"\" width=\"182\" height=\"182\" src=\"data:image\/svg+xml;base64,PHN2ZyB3aWR0aD0iMSIgaGVpZ2h0PSIxIiB4bWxucz0iaHR0cDovL3d3dy53My5vcmcvMjAwMC9zdmciPjwvc3ZnPg==\" style=\"--smush-placeholder-width: 182px; --smush-placeholder-aspect-ratio: 182\/182;\" \/><br \/>\nEXCURSION PRIVADA \u00c9VORA<\/h3>\n<p><a href=\"https:\/\/celina-tours.com\/esp-excursion-privada-evora-tours.php\" target=\"_blank\" rel=\"noopener\">Excursion Privada \u00c9vora Degustaci\u00f3n de vinos &gt;&gt;&gt;<\/a><\/td>\n<\/tr>\n<\/tbody>\n<\/table>\n<h2>2. Catedral de \u00c9vora (S\u00e9 de \u00c9vora)<\/h2>\n<p><img decoding=\"async\" class=\"alignnone wp-image-4968 size-full lazyload\" data-src=\"https:\/\/celina-tours.com\/blog\/wp-content\/uploads\/2025\/02\/BLOG-4-128.jpg\" alt=\"\" width=\"600\" height=\"353\" data-srcset=\"https:\/\/celina-tours.com\/blog\/wp-content\/uploads\/2025\/02\/BLOG-4-128.jpg 600w, https:\/\/celina-tours.com\/blog\/wp-content\/uploads\/2025\/02\/BLOG-4-128-300x177.jpg 300w\" data-sizes=\"(max-width: 600px) 100vw, 600px\" src=\"data:image\/svg+xml;base64,PHN2ZyB3aWR0aD0iMSIgaGVpZ2h0PSIxIiB4bWxucz0iaHR0cDovL3d3dy53My5vcmcvMjAwMC9zdmciPjwvc3ZnPg==\" style=\"--smush-placeholder-width: 600px; --smush-placeholder-aspect-ratio: 600\/353;\" \/><\/p>\n<p>La Catedral de \u00c9vora, o S\u00e9 de \u00c9vora, es la catedral medieval m\u00e1s grande de Portugal y uno de los monumentos m\u00e1s imponentes de la ciudad. Su construcci\u00f3n comenz\u00f3 en 1186 en estilo rom\u00e1nico, pero con el paso de los siglos se a\u00f1adieron elementos g\u00f3ticos y barrocos.<\/p>\n<p>Su exterior robusto, con dos torres asim\u00e9tricas, le da una apariencia fortificada. En su interior, destaca el claustro g\u00f3tico, que ofrece un ambiente sereno y una arquitectura impresionante.<\/p>\n<p>Uno de los mayores atractivos de la catedral es la posibilidad de subir a su terraza, desde donde se obtiene una vista panor\u00e1mica espectacular de la ciudad y de la llanura alentejana. Para los amantes del arte sacro, el museo de la catedral alberga piezas raras, como vestimentas lit\u00fargicas y esculturas religiosas.<\/p>\n<h2>3. Capilla de los Huesos (Capela dos Ossos)<\/h2>\n<p><img decoding=\"async\" class=\"alignnone wp-image-4969 size-full lazyload\" data-src=\"https:\/\/celina-tours.com\/blog\/wp-content\/uploads\/2025\/02\/BLOG-4-129.jpg\" alt=\"\" width=\"600\" height=\"353\" data-srcset=\"https:\/\/celina-tours.com\/blog\/wp-content\/uploads\/2025\/02\/BLOG-4-129.jpg 600w, https:\/\/celina-tours.com\/blog\/wp-content\/uploads\/2025\/02\/BLOG-4-129-300x177.jpg 300w\" data-sizes=\"(max-width: 600px) 100vw, 600px\" src=\"data:image\/svg+xml;base64,PHN2ZyB3aWR0aD0iMSIgaGVpZ2h0PSIxIiB4bWxucz0iaHR0cDovL3d3dy53My5vcmcvMjAwMC9zdmciPjwvc3ZnPg==\" style=\"--smush-placeholder-width: 600px; --smush-placeholder-aspect-ratio: 600\/353;\" \/><\/p>\n<p>Uno de los lugares m\u00e1s inquietantes (pero fascinantes) de \u00c9vora es la Capilla de los Huesos, situada dentro de la Iglesia de San Francisco. Construida en el siglo XVII por monjes franciscanos, esta capilla tiene sus paredes y columnas recubiertas con miles de huesos y cr\u00e1neos humanos.<\/p>\n<p>En la entrada, una inscripci\u00f3n escalofriante da la bienvenida a los visitantes:<br \/>\n&#8220;Nosotros, los huesos que aqu\u00ed estamos, por los vuestros esperamos.&#8221;<\/p>\n<p>El objetivo de los monjes al construir la capilla era recordar a la gente la brevedad de la vida y la inevitabilidad de la muerte. A pesar de su apariencia sombr\u00eda, la Capilla de los Huesos es uno de los lugares m\u00e1s visitados de la ciudad, ofreciendo una experiencia \u00fanica para quienes buscan conocer un aspecto diferente de la historia y la espiritualidad.<\/p>\n<p>&nbsp;<\/p>\n<p><strong>Lea tambi\u00e9n<\/strong><br \/>\n<a href=\"https:\/\/celina-tours.com\/blog\/es\/que-ver-y-hacer-en-lisboa-guia-completa-para-explorar-lisboa\/\">Qu\u00e9 Ver y Hacer en Lisboa: Gu\u00eda Completa para Explorar Lisboa<\/a><br \/>\n<a href=\"https:\/\/celina-tours.com\/blog\/es\/consejos-para-viajar-en-el-tranvia-28-en-lisboa\/\">Qu\u00e9 Visitar en el Sur de Portugal<\/a><br \/>\n<a href=\"https:\/\/celina-tours.com\/blog\/fr\/que-visiter-et-faire-a-evora-en-une-journee\/\">Consejos para viajar en el Tranv\u00eda 28 en Lisboa<\/a><\/p>\n<p>&nbsp;<\/p>\n<h2>4. Plaza del Giraldo (Pra\u00e7a do Giraldo)<\/h2>\n<p><img decoding=\"async\" class=\"alignnone wp-image-4769 size-full lazyload\" data-src=\"https:\/\/celina-tours.com\/blog\/wp-content\/uploads\/2025\/02\/BLOG-4-91.jpg\" alt=\"\" width=\"600\" height=\"353\" data-srcset=\"https:\/\/celina-tours.com\/blog\/wp-content\/uploads\/2025\/02\/BLOG-4-91.jpg 600w, https:\/\/celina-tours.com\/blog\/wp-content\/uploads\/2025\/02\/BLOG-4-91-300x177.jpg 300w\" data-sizes=\"(max-width: 600px) 100vw, 600px\" src=\"data:image\/svg+xml;base64,PHN2ZyB3aWR0aD0iMSIgaGVpZ2h0PSIxIiB4bWxucz0iaHR0cDovL3d3dy53My5vcmcvMjAwMC9zdmciPjwvc3ZnPg==\" style=\"--smush-placeholder-width: 600px; --smush-placeholder-aspect-ratio: 600\/353;\" \/><\/p>\n<p>La Pra\u00e7a do Giraldo es el coraz\u00f3n de \u00c9vora y uno de los principales puntos de encuentro de locales y turistas. Rodeada de edificios hist\u00f3ricos con arcadas y balcones de hierro forjado, esta plaza vibrante ha sido escenario de importantes eventos en la historia de Portugal.<\/p>\n<p>Durante la \u00e9poca de la Inquisici\u00f3n, aqu\u00ed se llevaron a cabo ejecuciones p\u00fablicas, lo que le otorga un gran valor hist\u00f3rico. Sin embargo, hoy en d\u00eda es un lugar acogedor, con numerosos caf\u00e9s y restaurantes donde los visitantes pueden relajarse y disfrutar del ambiente.<\/p>\n<p>En la plaza se encuentra la Iglesia de Santo Ant\u00e3o y la Fuente Henriquina, construida en el siglo XVI para suministrar agua potable a la ciudad. Este es un sitio ideal para comenzar o terminar un recorrido por \u00c9vora, especialmente si deseas disfrutar de un caf\u00e9 o una copa de vino alentejano en una terraza al aire libre.<\/p>\n<h2>5. Universidad de \u00c9vora<\/h2>\n<p><img decoding=\"async\" class=\"alignnone wp-image-4970 size-full lazyload\" data-src=\"https:\/\/celina-tours.com\/blog\/wp-content\/uploads\/2025\/02\/BLOG-4-130.jpg\" alt=\"\" width=\"600\" height=\"353\" data-srcset=\"https:\/\/celina-tours.com\/blog\/wp-content\/uploads\/2025\/02\/BLOG-4-130.jpg 600w, https:\/\/celina-tours.com\/blog\/wp-content\/uploads\/2025\/02\/BLOG-4-130-300x177.jpg 300w\" data-sizes=\"(max-width: 600px) 100vw, 600px\" src=\"data:image\/svg+xml;base64,PHN2ZyB3aWR0aD0iMSIgaGVpZ2h0PSIxIiB4bWxucz0iaHR0cDovL3d3dy53My5vcmcvMjAwMC9zdmciPjwvc3ZnPg==\" style=\"--smush-placeholder-width: 600px; --smush-placeholder-aspect-ratio: 600\/353;\" \/><\/p>\n<p>La Universidad de \u00c9vora es una de las m\u00e1s antiguas de Portugal, fundada en 1559 por la Compa\u00f1\u00eda de Jes\u00fas con el apoyo del rey Juan III. Durante siglos, fue una de las instituciones educativas m\u00e1s prestigiosas del pa\u00eds, aunque fue cerrada en el siglo XVIII por orden del Marqu\u00e9s de Pombal y reabierta en el siglo XX.<\/p>\n<p>El edificio hist\u00f3rico de la universidad es un verdadero tesoro arquitect\u00f3nico, con aulas decoradas con azulejos del siglo XVIII que ilustran escenas del conocimiento y la ense\u00f1anza. Pasear por sus pasillos es como viajar en el tiempo y revivir siglos de educaci\u00f3n y cultura.<\/p>\n<p>&nbsp;<\/p>\n<table style=\"width: 732px; height: 210px;\">\n<tbody>\n<tr>\n<td style=\"width: 644.8px;\">\n<h3><img decoding=\"async\" class=\"alignleft wp-image-3974 lazyload\" data-src=\"https:\/\/celina-tours.com\/blog\/wp-content\/uploads\/2025\/02\/tomar.jpg\" alt=\"\" width=\"182\" height=\"182\" src=\"data:image\/svg+xml;base64,PHN2ZyB3aWR0aD0iMSIgaGVpZ2h0PSIxIiB4bWxucz0iaHR0cDovL3d3dy53My5vcmcvMjAwMC9zdmciPjwvc3ZnPg==\" style=\"--smush-placeholder-width: 182px; --smush-placeholder-aspect-ratio: 182\/182;\" \/><br \/>\nEXCURSION PRIVADA TOMAR<\/h3>\n<p><a href=\"https:\/\/celina-tours.com\/esp-excursion-privada-tomar-visitas-lisboa.php\" target=\"_blank\" rel=\"noopener\">Excursion Privada TOmar Ruta Templaria <\/a><\/td>\n<\/tr>\n<\/tbody>\n<\/table>\n<h2>6. Acueducto de Agua de Plata (Aqueduto da \u00c1gua de Prata)<\/h2>\n<p><img decoding=\"async\" class=\"alignnone wp-image-4992 size-full lazyload\" data-src=\"https:\/\/celina-tours.com\/blog\/wp-content\/uploads\/2025\/02\/BLOG-4-135.jpg\" alt=\"\" width=\"600\" height=\"353\" data-srcset=\"https:\/\/celina-tours.com\/blog\/wp-content\/uploads\/2025\/02\/BLOG-4-135.jpg 600w, https:\/\/celina-tours.com\/blog\/wp-content\/uploads\/2025\/02\/BLOG-4-135-300x177.jpg 300w\" data-sizes=\"(max-width: 600px) 100vw, 600px\" src=\"data:image\/svg+xml;base64,PHN2ZyB3aWR0aD0iMSIgaGVpZ2h0PSIxIiB4bWxucz0iaHR0cDovL3d3dy53My5vcmcvMjAwMC9zdmciPjwvc3ZnPg==\" style=\"--smush-placeholder-width: 600px; --smush-placeholder-aspect-ratio: 600\/353;\" \/><\/p>\n<p>El Acueducto de Agua de Plata es una estructura impresionante construida en el siglo XVI para llevar agua potable a \u00c9vora. Dise\u00f1ado por el ingeniero Francisco de Arruda (el mismo que trabaj\u00f3 en la Torre de Bel\u00e9m en Lisboa), el acueducto todav\u00eda conserva gran parte de su estructura original.<\/p>\n<p>A lo largo de la ciudad, se pueden ver casas y edificaciones integradas en los arcos del acueducto, lo que crea un paisaje urbano \u00fanico. Para los m\u00e1s aventureros, hay senderos que siguen la ruta del acueducto y permiten explorar los alrededores naturales de \u00c9vora.<\/p>\n<h2>7. Palacio de Dom Manuel<\/h2>\n<p><img decoding=\"async\" class=\"alignnone wp-image-4971 size-full lazyload\" data-src=\"https:\/\/celina-tours.com\/blog\/wp-content\/uploads\/2025\/02\/BLOG-4-131.jpg\" alt=\"\" width=\"600\" height=\"353\" data-srcset=\"https:\/\/celina-tours.com\/blog\/wp-content\/uploads\/2025\/02\/BLOG-4-131.jpg 600w, https:\/\/celina-tours.com\/blog\/wp-content\/uploads\/2025\/02\/BLOG-4-131-300x177.jpg 300w\" data-sizes=\"(max-width: 600px) 100vw, 600px\" src=\"data:image\/svg+xml;base64,PHN2ZyB3aWR0aD0iMSIgaGVpZ2h0PSIxIiB4bWxucz0iaHR0cDovL3d3dy53My5vcmcvMjAwMC9zdmciPjwvc3ZnPg==\" style=\"--smush-placeholder-width: 600px; --smush-placeholder-aspect-ratio: 600\/353;\" \/><\/p>\n<p>El Palacio de Dom Manuel es uno de los \u00faltimos vestigios del antiguo Palacio Real de \u00c9vora, donde residieron varios monarcas portugueses. Hoy en d\u00eda, solo queda la Galer\u00eda de las Damas, un elegante edificio con influencias g\u00f3ticas y mud\u00e9jares, ubicado en el Jard\u00edn P\u00fablico de \u00c9vora.<\/p>\n<p>Es un excelente lugar para un paseo tranquilo, proporcionando un refugio verde dentro de la ciudad.<\/p>\n<h2>8. Cromlech de los Almendros (Cromeleque dos Almendres)<\/h2>\n<p><img decoding=\"async\" class=\"alignnone wp-image-4972 size-full lazyload\" data-src=\"https:\/\/celina-tours.com\/blog\/wp-content\/uploads\/2025\/02\/BLOG-4-132.jpg\" alt=\"\" width=\"600\" height=\"353\" data-srcset=\"https:\/\/celina-tours.com\/blog\/wp-content\/uploads\/2025\/02\/BLOG-4-132.jpg 600w, https:\/\/celina-tours.com\/blog\/wp-content\/uploads\/2025\/02\/BLOG-4-132-300x177.jpg 300w\" data-sizes=\"(max-width: 600px) 100vw, 600px\" src=\"data:image\/svg+xml;base64,PHN2ZyB3aWR0aD0iMSIgaGVpZ2h0PSIxIiB4bWxucz0iaHR0cDovL3d3dy53My5vcmcvMjAwMC9zdmciPjwvc3ZnPg==\" style=\"--smush-placeholder-width: 600px; --smush-placeholder-aspect-ratio: 600\/353;\" \/><\/p>\n<p>Para aquellos interesados en la historia antigua y la arqueolog\u00eda, el Cromlech de los Almendros es una visita obligada. Situado a unos 15 km de \u00c9vora, este sitio prehist\u00f3rico es el mayor conjunto de menhires de la Pen\u00ednsula Ib\u00e9rica y uno de los m\u00e1s importantes de Europa.<\/p>\n<p>Datado aproximadamente en el 6000 a.C., el cromlech est\u00e1 compuesto por piedras dispuestas en c\u00edrculos, posiblemente utilizadas para rituales religiosos o astron\u00f3micos. Caminar entre estos monolitos es una experiencia \u00fanica que transporta a los visitantes a tiempos prehist\u00f3ricos.<\/p>\n<p>&nbsp;<\/p>\n<table style=\"width: 732px; height: 210px;\">\n<tbody>\n<tr>\n<td style=\"width: 644.8px;\">\n<h3><img decoding=\"async\" class=\"alignleft wp-image-3974 lazyload\" data-src=\"https:\/\/celina-tours.com\/blog\/wp-content\/uploads\/2025\/02\/arrabida.jpg\" alt=\"\" width=\"182\" height=\"182\" src=\"data:image\/svg+xml;base64,PHN2ZyB3aWR0aD0iMSIgaGVpZ2h0PSIxIiB4bWxucz0iaHR0cDovL3d3dy53My5vcmcvMjAwMC9zdmciPjwvc3ZnPg==\" style=\"--smush-placeholder-width: 182px; --smush-placeholder-aspect-ratio: 182\/182;\" \/><br \/>\nEXCURSION PRIVADA ARRABIDA<\/h3>\n<p><a href=\"https:\/\/celina-tours.com\/esp-excursion-privada-arrabida-tours-lisboa.php\" target=\"_blank\" rel=\"noopener\">Excursion Privada Arr\u00e1bida Degustaci\u00f3n de vinos &gt;&gt;&gt;<\/a><\/td>\n<\/tr>\n<\/tbody>\n<\/table>\n<h2>9. Cata de vinos<\/h2>\n<p><span class=\"HwtZe\" lang=\"en\"><span class=\"jCAhz ChMk0b\"><span class=\"ryNqvb\"><img decoding=\"async\" class=\"alignnone wp-image-4976 size-full lazyload\" data-src=\"https:\/\/celina-tours.com\/blog\/wp-content\/uploads\/2025\/02\/BLOG-4-134.jpg\" alt=\"\" width=\"600\" height=\"353\" data-srcset=\"https:\/\/celina-tours.com\/blog\/wp-content\/uploads\/2025\/02\/BLOG-4-134.jpg 600w, https:\/\/celina-tours.com\/blog\/wp-content\/uploads\/2025\/02\/BLOG-4-134-300x177.jpg 300w\" data-sizes=\"(max-width: 600px) 100vw, 600px\" src=\"data:image\/svg+xml;base64,PHN2ZyB3aWR0aD0iMSIgaGVpZ2h0PSIxIiB4bWxucz0iaHR0cDovL3d3dy53My5vcmcvMjAwMC9zdmciPjwvc3ZnPg==\" style=\"--smush-placeholder-width: 600px; --smush-placeholder-aspect-ratio: 600\/353;\" \/><\/span><\/span><\/span><\/p>\n<p>Adega Cartuxa, situada en la Quinta de Valbom, a s\u00f3lo 2 km del centro hist\u00f3rico de \u00c9vora, ofrece experiencias de enoturismo que combinan historia y cata de vinos de alta calidad. Las visitas guiadas incluyen una exploraci\u00f3n de las instalaciones hist\u00f3ricas y degustaciones de vinos seleccionados. Se recomienda reservar con antelaci\u00f3n, especialmente durante los per\u00edodos pico, para garantizar la disponibilidad y una experiencia personalizada. Para reservas e informaci\u00f3n adicional, visita la web oficial de Cartuxa<\/p>\n<h2>10. Gastronom\u00eda de \u00c9vora<\/h2>\n<p><img decoding=\"async\" class=\"alignnone wp-image-4973 size-full lazyload\" data-src=\"https:\/\/celina-tours.com\/blog\/wp-content\/uploads\/2025\/02\/BLOG-4-133.jpg\" alt=\"\" width=\"600\" height=\"353\" data-srcset=\"https:\/\/celina-tours.com\/blog\/wp-content\/uploads\/2025\/02\/BLOG-4-133.jpg 600w, https:\/\/celina-tours.com\/blog\/wp-content\/uploads\/2025\/02\/BLOG-4-133-300x177.jpg 300w\" data-sizes=\"(max-width: 600px) 100vw, 600px\" src=\"data:image\/svg+xml;base64,PHN2ZyB3aWR0aD0iMSIgaGVpZ2h0PSIxIiB4bWxucz0iaHR0cDovL3d3dy53My5vcmcvMjAwMC9zdmciPjwvc3ZnPg==\" style=\"--smush-placeholder-width: 600px; --smush-placeholder-aspect-ratio: 600\/353;\" \/><\/p>\n<p>Ninguna visita a \u00c9vora est\u00e1 completa sin probar la deliciosa gastronom\u00eda alentejana. Algunos platos t\u00edpicos que no puedes perderte:<\/p>\n<p>Migas Alentejanas \u2013 plato hecho con pan, ajo, aceite de oliva y carne de cerdo.<br \/>\nA\u00e7orda Alentejana \u2013 sopa r\u00fastica con pan, ajo, cilantro y huevo escalfado.<br \/>\nEnsopado de Borrego \u2013 guiso de cordero cocinado lentamente con hierbas arom\u00e1ticas.<br \/>\nQueso de \u00c9vora \u2013 queso curado de oveja con un sabor intenso.<br \/>\nVinos del Alentejo \u2013 los tintos robustos y los blancos frescos son una excelente elecci\u00f3n.<\/p>\n<p>Restaurantes recomendados: Fialho, Taberna T\u00edpica Quarta-Feira, y Dom Joaquim.<\/p>\n<h2>Conclusi\u00f3n<\/h2>\n<p>\u00c9vora es una ciudad que combina perfectamente historia, cultura y gastronom\u00eda, convirti\u00e9ndose en uno de los destinos m\u00e1s encantadores de Portugal. Ya sea por un d\u00eda o una estancia m\u00e1s prolongada, \u00c9vora promete una experiencia inolvidable. \ud83c\udf77\u2728<\/p>\n","protected":false},"excerpt":{"rendered":"<p>\u00c9vora: El Coraz\u00f3n Hist\u00f3rico del Alentejo \u00c9vora es una de las ciudades m\u00e1s fascinantes de Portugal, un aut\u00e9ntico museo al&hellip;<\/p>\n","protected":false},"author":1,"featured_media":4769,"comment_status":"closed","ping_status":"closed","sticky":false,"template":"","format":"standard","meta":{"om_disable_all_campaigns":false,"footnotes":""},"categories":[187],"tags":[],"class_list":["post-4988","post","type-post","status-publish","format-standard","has-post-thumbnail","hentry","category-sur-portugal"],"yoast_head":"<!-- This site is optimized with the Yoast SEO plugin v27.0 - https:\/\/yoast.com\/product\/yoast-seo-wordpress\/ -->\n<title>\u00bfQu\u00e9 visitar y hacer en \u00c9vora en un d\u00eda? -<\/title>\n<meta name=\"description\" content=\"\u00c9vora, el coraz\u00f3n hist\u00f3rico del Alentejo es una de las ciudades fascinantes de Portugal, Templo de Diana Capilla de los Huesos, Cata de vinos\" \/>\n<meta name=\"robots\" content=\"index, follow, max-snippet:-1, max-image-preview:large, max-video-preview:-1\" \/>\n<link rel=\"canonical\" href=\"https:\/\/celina-tours.com\/blog\/es\/que-visitar-y-hacer-en-evora-en-un-dia\/\" \/>\n<meta property=\"og:locale\" content=\"pt_PT\" \/>\n<meta property=\"og:type\" content=\"article\" \/>\n<meta property=\"og:title\" content=\"\u00bfQu\u00e9 visitar y hacer en \u00c9vora en un d\u00eda? -\" \/>\n<meta property=\"og:description\" content=\"\u00c9vora, el coraz\u00f3n hist\u00f3rico del Alentejo es una de las ciudades fascinantes de Portugal, Templo de Diana Capilla de los Huesos, Cata de vinos\" \/>\n<meta property=\"og:url\" content=\"https:\/\/celina-tours.com\/blog\/es\/que-visitar-y-hacer-en-evora-en-un-dia\/\" \/>\n<meta property=\"article:publisher\" content=\"https:\/\/www.instagram.com\/celinatourspt\/\" \/>\n<meta property=\"article:published_time\" content=\"2025-02-16T09:30:03+00:00\" \/>\n<meta property=\"article:modified_time\" content=\"2025-02-16T10:23:03+00:00\" \/>\n<meta property=\"og:image\" content=\"https:\/\/celina-tours.com\/blog\/wp-content\/uploads\/2025\/02\/BLOG-4-91.jpg\" \/>\n\t<meta property=\"og:image:width\" content=\"600\" \/>\n\t<meta property=\"og:image:height\" content=\"353\" \/>\n\t<meta property=\"og:image:type\" content=\"image\/jpeg\" \/>\n<meta name=\"author\" content=\"ctours_blog\" \/>\n<meta name=\"twitter:card\" content=\"summary_large_image\" \/>\n<meta name=\"twitter:label1\" content=\"Escrito por\" \/>\n\t<meta name=\"twitter:data1\" content=\"ctours_blog\" \/>\n\t<meta name=\"twitter:label2\" content=\"Tempo estimado de leitura\" \/>\n\t<meta name=\"twitter:data2\" content=\"11 minutos\" \/>\n<script type=\"application\/ld+json\" class=\"yoast-schema-graph\">{\"@context\":\"https:\/\/schema.org\",\"@graph\":[{\"@type\":\"Article\",\"@id\":\"https:\/\/celina-tours.com\/blog\/es\/que-visitar-y-hacer-en-evora-en-un-dia\/#article\",\"isPartOf\":{\"@id\":\"https:\/\/celina-tours.com\/blog\/es\/que-visitar-y-hacer-en-evora-en-un-dia\/\"},\"author\":{\"name\":\"ctours_blog\",\"@id\":\"https:\/\/celina-tours.com\/blog\/#\/schema\/person\/e4611dfff819107474e643eb3c25e040\"},\"headline\":\"\u00bfQu\u00e9 visitar y hacer en \u00c9vora en un d\u00eda?\",\"datePublished\":\"2025-02-16T09:30:03+00:00\",\"dateModified\":\"2025-02-16T10:23:03+00:00\",\"mainEntityOfPage\":{\"@id\":\"https:\/\/celina-tours.com\/blog\/es\/que-visitar-y-hacer-en-evora-en-un-dia\/\"},\"wordCount\":1460,\"publisher\":{\"@id\":\"https:\/\/celina-tours.com\/blog\/#organization\"},\"image\":{\"@id\":\"https:\/\/celina-tours.com\/blog\/es\/que-visitar-y-hacer-en-evora-en-un-dia\/#primaryimage\"},\"thumbnailUrl\":\"https:\/\/celina-tours.com\/blog\/wp-content\/uploads\/2025\/02\/BLOG-4-91.jpg\",\"articleSection\":[\"Sur de Portugal\"],\"inLanguage\":\"pt-PT\"},{\"@type\":\"WebPage\",\"@id\":\"https:\/\/celina-tours.com\/blog\/es\/que-visitar-y-hacer-en-evora-en-un-dia\/\",\"url\":\"https:\/\/celina-tours.com\/blog\/es\/que-visitar-y-hacer-en-evora-en-un-dia\/\",\"name\":\"\u00bfQu\u00e9 visitar y hacer en \u00c9vora en un d\u00eda? -\",\"isPartOf\":{\"@id\":\"https:\/\/celina-tours.com\/blog\/#website\"},\"primaryImageOfPage\":{\"@id\":\"https:\/\/celina-tours.com\/blog\/es\/que-visitar-y-hacer-en-evora-en-un-dia\/#primaryimage\"},\"image\":{\"@id\":\"https:\/\/celina-tours.com\/blog\/es\/que-visitar-y-hacer-en-evora-en-un-dia\/#primaryimage\"},\"thumbnailUrl\":\"https:\/\/celina-tours.com\/blog\/wp-content\/uploads\/2025\/02\/BLOG-4-91.jpg\",\"datePublished\":\"2025-02-16T09:30:03+00:00\",\"dateModified\":\"2025-02-16T10:23:03+00:00\",\"description\":\"\u00c9vora, el coraz\u00f3n hist\u00f3rico del Alentejo es una de las ciudades fascinantes de Portugal, Templo de Diana Capilla de los Huesos, Cata de vinos\",\"breadcrumb\":{\"@id\":\"https:\/\/celina-tours.com\/blog\/es\/que-visitar-y-hacer-en-evora-en-un-dia\/#breadcrumb\"},\"inLanguage\":\"pt-PT\",\"potentialAction\":[{\"@type\":\"ReadAction\",\"target\":[\"https:\/\/celina-tours.com\/blog\/es\/que-visitar-y-hacer-en-evora-en-un-dia\/\"]}]},{\"@type\":\"ImageObject\",\"inLanguage\":\"pt-PT\",\"@id\":\"https:\/\/celina-tours.com\/blog\/es\/que-visitar-y-hacer-en-evora-en-un-dia\/#primaryimage\",\"url\":\"https:\/\/celina-tours.com\/blog\/wp-content\/uploads\/2025\/02\/BLOG-4-91.jpg\",\"contentUrl\":\"https:\/\/celina-tours.com\/blog\/wp-content\/uploads\/2025\/02\/BLOG-4-91.jpg\",\"width\":600,\"height\":353},{\"@type\":\"BreadcrumbList\",\"@id\":\"https:\/\/celina-tours.com\/blog\/es\/que-visitar-y-hacer-en-evora-en-un-dia\/#breadcrumb\",\"itemListElement\":[{\"@type\":\"ListItem\",\"position\":1,\"name\":\"In\u00edcio\",\"item\":\"https:\/\/celina-tours.com\/blog\/pt\/\"},{\"@type\":\"ListItem\",\"position\":2,\"name\":\"\u00bfQu\u00e9 visitar y hacer en \u00c9vora en un d\u00eda?\"}]},{\"@type\":\"WebSite\",\"@id\":\"https:\/\/celina-tours.com\/blog\/#website\",\"url\":\"https:\/\/celina-tours.com\/blog\/\",\"name\":\"Celina Tours\",\"description\":\"\",\"publisher\":{\"@id\":\"https:\/\/celina-tours.com\/blog\/#organization\"},\"potentialAction\":[{\"@type\":\"SearchAction\",\"target\":{\"@type\":\"EntryPoint\",\"urlTemplate\":\"https:\/\/celina-tours.com\/blog\/?s={search_term_string}\"},\"query-input\":{\"@type\":\"PropertyValueSpecification\",\"valueRequired\":true,\"valueName\":\"search_term_string\"}}],\"inLanguage\":\"pt-PT\"},{\"@type\":\"Organization\",\"@id\":\"https:\/\/celina-tours.com\/blog\/#organization\",\"name\":\"Celina Tours\",\"url\":\"https:\/\/celina-tours.com\/blog\/\",\"logo\":{\"@type\":\"ImageObject\",\"inLanguage\":\"pt-PT\",\"@id\":\"https:\/\/celina-tours.com\/blog\/#\/schema\/logo\/image\/\",\"url\":\"https:\/\/celina-tours.com\/blog\/wp-content\/uploads\/2025\/01\/cropped-1-1.png\",\"contentUrl\":\"https:\/\/celina-tours.com\/blog\/wp-content\/uploads\/2025\/01\/cropped-1-1.png\",\"width\":300,\"height\":94,\"caption\":\"Celina Tours\"},\"image\":{\"@id\":\"https:\/\/celina-tours.com\/blog\/#\/schema\/logo\/image\/\"},\"sameAs\":[\"https:\/\/www.instagram.com\/celinatourspt\/\"]},{\"@type\":\"Person\",\"@id\":\"https:\/\/celina-tours.com\/blog\/#\/schema\/person\/e4611dfff819107474e643eb3c25e040\",\"name\":\"ctours_blog\",\"sameAs\":[\"https:\/\/celina-tours.com\/blog\"],\"url\":\"https:\/\/celina-tours.com\/blog\/author\/ctours_blog\/\"}]}<\/script>\n<!-- \/ Yoast SEO plugin. -->","yoast_head_json":{"title":"\u00bfQu\u00e9 visitar y hacer en \u00c9vora en un d\u00eda? -","description":"\u00c9vora, el coraz\u00f3n hist\u00f3rico del Alentejo es una de las ciudades fascinantes de Portugal, Templo de Diana Capilla de los Huesos, Cata de vinos","robots":{"index":"index","follow":"follow","max-snippet":"max-snippet:-1","max-image-preview":"max-image-preview:large","max-video-preview":"max-video-preview:-1"},"canonical":"https:\/\/celina-tours.com\/blog\/es\/que-visitar-y-hacer-en-evora-en-un-dia\/","og_locale":"pt_PT","og_type":"article","og_title":"\u00bfQu\u00e9 visitar y hacer en \u00c9vora en un d\u00eda? -","og_description":"\u00c9vora, el coraz\u00f3n hist\u00f3rico del Alentejo es una de las ciudades fascinantes de Portugal, Templo de Diana Capilla de los Huesos, Cata de vinos","og_url":"https:\/\/celina-tours.com\/blog\/es\/que-visitar-y-hacer-en-evora-en-un-dia\/","article_publisher":"https:\/\/www.instagram.com\/celinatourspt\/","article_published_time":"2025-02-16T09:30:03+00:00","article_modified_time":"2025-02-16T10:23:03+00:00","og_image":[{"width":600,"height":353,"url":"https:\/\/celina-tours.com\/blog\/wp-content\/uploads\/2025\/02\/BLOG-4-91.jpg","type":"image\/jpeg"}],"author":"ctours_blog","twitter_card":"summary_large_image","twitter_misc":{"Escrito por":"ctours_blog","Tempo estimado de leitura":"11 minutos"},"schema":{"@context":"https:\/\/schema.org","@graph":[{"@type":"Article","@id":"https:\/\/celina-tours.com\/blog\/es\/que-visitar-y-hacer-en-evora-en-un-dia\/#article","isPartOf":{"@id":"https:\/\/celina-tours.com\/blog\/es\/que-visitar-y-hacer-en-evora-en-un-dia\/"},"author":{"name":"ctours_blog","@id":"https:\/\/celina-tours.com\/blog\/#\/schema\/person\/e4611dfff819107474e643eb3c25e040"},"headline":"\u00bfQu\u00e9 visitar y hacer en \u00c9vora en un d\u00eda?","datePublished":"2025-02-16T09:30:03+00:00","dateModified":"2025-02-16T10:23:03+00:00","mainEntityOfPage":{"@id":"https:\/\/celina-tours.com\/blog\/es\/que-visitar-y-hacer-en-evora-en-un-dia\/"},"wordCount":1460,"publisher":{"@id":"https:\/\/celina-tours.com\/blog\/#organization"},"image":{"@id":"https:\/\/celina-tours.com\/blog\/es\/que-visitar-y-hacer-en-evora-en-un-dia\/#primaryimage"},"thumbnailUrl":"https:\/\/celina-tours.com\/blog\/wp-content\/uploads\/2025\/02\/BLOG-4-91.jpg","articleSection":["Sur de Portugal"],"inLanguage":"pt-PT"},{"@type":"WebPage","@id":"https:\/\/celina-tours.com\/blog\/es\/que-visitar-y-hacer-en-evora-en-un-dia\/","url":"https:\/\/celina-tours.com\/blog\/es\/que-visitar-y-hacer-en-evora-en-un-dia\/","name":"\u00bfQu\u00e9 visitar y hacer en \u00c9vora en un d\u00eda? -","isPartOf":{"@id":"https:\/\/celina-tours.com\/blog\/#website"},"primaryImageOfPage":{"@id":"https:\/\/celina-tours.com\/blog\/es\/que-visitar-y-hacer-en-evora-en-un-dia\/#primaryimage"},"image":{"@id":"https:\/\/celina-tours.com\/blog\/es\/que-visitar-y-hacer-en-evora-en-un-dia\/#primaryimage"},"thumbnailUrl":"https:\/\/celina-tours.com\/blog\/wp-content\/uploads\/2025\/02\/BLOG-4-91.jpg","datePublished":"2025-02-16T09:30:03+00:00","dateModified":"2025-02-16T10:23:03+00:00","description":"\u00c9vora, el coraz\u00f3n hist\u00f3rico del Alentejo es una de las ciudades fascinantes de Portugal, Templo de Diana Capilla de los Huesos, Cata de vinos","breadcrumb":{"@id":"https:\/\/celina-tours.com\/blog\/es\/que-visitar-y-hacer-en-evora-en-un-dia\/#breadcrumb"},"inLanguage":"pt-PT","potentialAction":[{"@type":"ReadAction","target":["https:\/\/celina-tours.com\/blog\/es\/que-visitar-y-hacer-en-evora-en-un-dia\/"]}]},{"@type":"ImageObject","inLanguage":"pt-PT","@id":"https:\/\/celina-tours.com\/blog\/es\/que-visitar-y-hacer-en-evora-en-un-dia\/#primaryimage","url":"https:\/\/celina-tours.com\/blog\/wp-content\/uploads\/2025\/02\/BLOG-4-91.jpg","contentUrl":"https:\/\/celina-tours.com\/blog\/wp-content\/uploads\/2025\/02\/BLOG-4-91.jpg","width":600,"height":353},{"@type":"BreadcrumbList","@id":"https:\/\/celina-tours.com\/blog\/es\/que-visitar-y-hacer-en-evora-en-un-dia\/#breadcrumb","itemListElement":[{"@type":"ListItem","position":1,"name":"In\u00edcio","item":"https:\/\/celina-tours.com\/blog\/pt\/"},{"@type":"ListItem","position":2,"name":"\u00bfQu\u00e9 visitar y hacer en \u00c9vora en un d\u00eda?"}]},{"@type":"WebSite","@id":"https:\/\/celina-tours.com\/blog\/#website","url":"https:\/\/celina-tours.com\/blog\/","name":"Celina Tours","description":"","publisher":{"@id":"https:\/\/celina-tours.com\/blog\/#organization"},"potentialAction":[{"@type":"SearchAction","target":{"@type":"EntryPoint","urlTemplate":"https:\/\/celina-tours.com\/blog\/?s={search_term_string}"},"query-input":{"@type":"PropertyValueSpecification","valueRequired":true,"valueName":"search_term_string"}}],"inLanguage":"pt-PT"},{"@type":"Organization","@id":"https:\/\/celina-tours.com\/blog\/#organization","name":"Celina Tours","url":"https:\/\/celina-tours.com\/blog\/","logo":{"@type":"ImageObject","inLanguage":"pt-PT","@id":"https:\/\/celina-tours.com\/blog\/#\/schema\/logo\/image\/","url":"https:\/\/celina-tours.com\/blog\/wp-content\/uploads\/2025\/01\/cropped-1-1.png","contentUrl":"https:\/\/celina-tours.com\/blog\/wp-content\/uploads\/2025\/01\/cropped-1-1.png","width":300,"height":94,"caption":"Celina Tours"},"image":{"@id":"https:\/\/celina-tours.com\/blog\/#\/schema\/logo\/image\/"},"sameAs":["https:\/\/www.instagram.com\/celinatourspt\/"]},{"@type":"Person","@id":"https:\/\/celina-tours.com\/blog\/#\/schema\/person\/e4611dfff819107474e643eb3c25e040","name":"ctours_blog","sameAs":["https:\/\/celina-tours.com\/blog"],"url":"https:\/\/celina-tours.com\/blog\/author\/ctours_blog\/"}]}},"_links":{"self":[{"href":"https:\/\/celina-tours.com\/blog\/wp-json\/wp\/v2\/posts\/4988","targetHints":{"allow":["GET"]}}],"collection":[{"href":"https:\/\/celina-tours.com\/blog\/wp-json\/wp\/v2\/posts"}],"about":[{"href":"https:\/\/celina-tours.com\/blog\/wp-json\/wp\/v2\/types\/post"}],"author":[{"embeddable":true,"href":"https:\/\/celina-tours.com\/blog\/wp-json\/wp\/v2\/users\/1"}],"replies":[{"embeddable":true,"href":"https:\/\/celina-tours.com\/blog\/wp-json\/wp\/v2\/comments?post=4988"}],"version-history":[{"count":4,"href":"https:\/\/celina-tours.com\/blog\/wp-json\/wp\/v2\/posts\/4988\/revisions"}],"predecessor-version":[{"id":5004,"href":"https:\/\/celina-tours.com\/blog\/wp-json\/wp\/v2\/posts\/4988\/revisions\/5004"}],"wp:featuredmedia":[{"embeddable":true,"href":"https:\/\/celina-tours.com\/blog\/wp-json\/wp\/v2\/media\/4769"}],"wp:attachment":[{"href":"https:\/\/celina-tours.com\/blog\/wp-json\/wp\/v2\/media?parent=4988"}],"wp:term":[{"taxonomy":"category","embeddable":true,"href":"https:\/\/celina-tours.com\/blog\/wp-json\/wp\/v2\/categories?post=4988"},{"taxonomy":"post_tag","embeddable":true,"href":"https:\/\/celina-tours.com\/blog\/wp-json\/wp\/v2\/tags?post=4988"}],"curies":[{"name":"wp","href":"https:\/\/api.w.org\/{rel}","templated":true}]}}