{"id":4982,"date":"2025-02-16T09:30:03","date_gmt":"2025-02-16T09:30:03","guid":{"rendered":"https:\/\/celina-tours.com\/blog\/?p=4982"},"modified":"2025-02-16T10:15:22","modified_gmt":"2025-02-16T10:15:22","slug":"que-visiter-et-faire-a-evora-en-une-journee","status":"publish","type":"post","link":"https:\/\/celina-tours.com\/blog\/fr\/que-visiter-et-faire-a-evora-en-une-journee\/","title":{"rendered":"Que visiter et faire \u00e0 \u00c9vora en une journ\u00e9e ?"},"content":{"rendered":"<h2>\u00c9vora : Le C\u0153ur Historique de l&#8217;Alentejo<\/h2>\n<p>\u00c9vora est l&#8217;une des villes les plus fascinantes du Portugal, un v\u00e9ritable mus\u00e9e \u00e0 ciel ouvert rempli d&#8217;histoire, de culture et de traditions. Situ\u00e9e au c\u0153ur de l&#8217;Alentejo, cette ville est une destination incontournable pour ceux qui souhaitent explorer le riche pass\u00e9 portugais, savourer la d\u00e9licieuse gastronomie alentejane et d\u00e9couvrir des paysages \u00e9poustouflants. Class\u00e9e au patrimoine mondial de l&#8217;UNESCO depuis 1986, \u00c9vora charme les visiteurs avec ses ruelles pav\u00e9es, ses monuments bien pr\u00e9serv\u00e9s et une atmosph\u00e8re unique qui m\u00eale pass\u00e9 et pr\u00e9sent.<\/p>\n<p>Si vous pr\u00e9voyez de visiter \u00c9vora, pr\u00e9parez-vous \u00e0 tomber sous le charme de cette ville aux nombreux tr\u00e9sors architecturaux et culturels. Voici un guide complet des principales attractions et exp\u00e9riences \u00e0 ne pas manquer.<\/p>\n<h2>1. Temple Romain d&#8217;\u00c9vora (Temple de Diane)<\/h2>\n<p><img decoding=\"async\" class=\"alignnone wp-image-4966 size-full lazyload\" data-src=\"https:\/\/celina-tours.com\/blog\/wp-content\/uploads\/2025\/02\/BLOG-4-127.jpg\" alt=\"\" width=\"600\" height=\"353\" data-srcset=\"https:\/\/celina-tours.com\/blog\/wp-content\/uploads\/2025\/02\/BLOG-4-127.jpg 600w, https:\/\/celina-tours.com\/blog\/wp-content\/uploads\/2025\/02\/BLOG-4-127-300x177.jpg 300w\" data-sizes=\"(max-width: 600px) 100vw, 600px\" src=\"data:image\/svg+xml;base64,PHN2ZyB3aWR0aD0iMSIgaGVpZ2h0PSIxIiB4bWxucz0iaHR0cDovL3d3dy53My5vcmcvMjAwMC9zdmciPjwvc3ZnPg==\" style=\"--smush-placeholder-width: 600px; --smush-placeholder-aspect-ratio: 600\/353;\" \/><\/p>\n<p>L&#8217;un des monuments les plus embl\u00e9matiques de la ville, le Temple Romain d&#8217;\u00c9vora, souvent appel\u00e9 Temple de Diane, est l&#8217;un des vestiges romains les mieux conserv\u00e9s du Portugal. Construit au 1\u1d49\u02b3 si\u00e8cle apr. J.-C. sous le r\u00e8gne de l&#8217;empereur Auguste, ce temple faisait partie du forum romain de la ville.<\/p>\n<p>Bien qu&#8217;il soit commun\u00e9ment associ\u00e9 \u00e0 Diane, la d\u00e9esse de la chasse, il n&#8217;existe aucune preuve historique pour confirmer cette hypoth\u00e8se. Il est plus probable qu&#8217;il ait \u00e9t\u00e9 d\u00e9di\u00e9 au culte imp\u00e9rial. Au Moyen \u00c2ge, le temple a \u00e9t\u00e9 int\u00e9gr\u00e9 \u00e0 un ch\u00e2teau, ce qui a permis de pr\u00e9server sa structure au fil des si\u00e8cles.<\/p>\n<p>Aujourd&#8217;hui, ses colonnes corinthiennes en granit et son entablement forment un paysage impressionnant au c\u0153ur du centre historique d&#8217;\u00c9vora. Aux alentours, vous trouverez d&#8217;autres b\u00e2timents historiques tels que le Palais des Ducs de Cadaval et la Cath\u00e9drale d&#8217;\u00c9vora, ce qui en fait un excellent point de d\u00e9part pour explorer la ville.<\/p>\n<p>&nbsp;<\/p>\n<table style=\"width: 732px; height: 210px;\">\n<tbody>\n<tr>\n<td style=\"width: 644.8px;\">\n<h3><img decoding=\"async\" class=\"alignleft wp-image-3974 lazyload\" data-src=\"https:\/\/celina-tours.com\/blog\/wp-content\/uploads\/2025\/02\/evora.jpg\" alt=\"\" width=\"182\" height=\"182\" src=\"data:image\/svg+xml;base64,PHN2ZyB3aWR0aD0iMSIgaGVpZ2h0PSIxIiB4bWxucz0iaHR0cDovL3d3dy53My5vcmcvMjAwMC9zdmciPjwvc3ZnPg==\" style=\"--smush-placeholder-width: 182px; --smush-placeholder-aspect-ratio: 182\/182;\" \/><br \/>\nVISITES PRIV\u00c9E EVORA<\/h3>\n<p><a href=\"https:\/\/celina-tours.com\/fr-visite-privee-evora-excursion-lisbonne.php\" target=\"_blank\" rel=\"noopener\">Visite Priv\u00e9e &#8211; \u00c9vora et d\u00e9gustation de vins &gt;&gt;&gt;<\/a><\/td>\n<\/tr>\n<\/tbody>\n<\/table>\n<p>&nbsp;<\/p>\n<h2>2. Cath\u00e9drale d&#8217;\u00c9vora (S\u00e9 de \u00c9vora)<\/h2>\n<p><img decoding=\"async\" class=\"alignnone wp-image-4968 size-full lazyload\" data-src=\"https:\/\/celina-tours.com\/blog\/wp-content\/uploads\/2025\/02\/BLOG-4-128.jpg\" alt=\"\" width=\"600\" height=\"353\" data-srcset=\"https:\/\/celina-tours.com\/blog\/wp-content\/uploads\/2025\/02\/BLOG-4-128.jpg 600w, https:\/\/celina-tours.com\/blog\/wp-content\/uploads\/2025\/02\/BLOG-4-128-300x177.jpg 300w\" data-sizes=\"(max-width: 600px) 100vw, 600px\" src=\"data:image\/svg+xml;base64,PHN2ZyB3aWR0aD0iMSIgaGVpZ2h0PSIxIiB4bWxucz0iaHR0cDovL3d3dy53My5vcmcvMjAwMC9zdmciPjwvc3ZnPg==\" style=\"--smush-placeholder-width: 600px; --smush-placeholder-aspect-ratio: 600\/353;\" \/><\/p>\n<p>La Cath\u00e9drale d&#8217;\u00c9vora, ou S\u00e9 de \u00c9vora, est la plus grande cath\u00e9drale m\u00e9di\u00e9vale du Portugal et l&#8217;un des \u00e9difices les plus imposants de la ville. Sa construction a d\u00e9but\u00e9 en 1186 dans un style roman, mais elle a \u00e9t\u00e9 enrichie au fil des si\u00e8cles d&#8217;\u00e9l\u00e9ments gothiques et baroques.<\/p>\n<p>Son ext\u00e9rieur massif, avec ses deux tours asym\u00e9triques, lui donne une apparence fortifi\u00e9e. \u00c0 l&#8217;int\u00e9rieur, le clo\u00eetre gothique est un joyau architectural offrant un cadre paisible pour une promenade contemplative.<\/p>\n<p>L&#8217;un des points forts de la visite est l&#8217;ascension jusqu&#8217;\u00e0 la terrasse de la cath\u00e9drale, d&#8217;o\u00f9 l&#8217;on peut admirer une vue panoramique spectaculaire sur la ville et les plaines de l&#8217;Alentejo. Pour les amateurs d&#8217;art sacr\u00e9, le mus\u00e9e de la cath\u00e9drale abrite des pi\u00e8ces rares, notamment des v\u00eatements liturgiques et des sculptures religieuses.<\/p>\n<h2>3. Chapelle des Os (Capela dos Ossos)<\/h2>\n<p><img decoding=\"async\" class=\"alignnone wp-image-4969 size-full lazyload\" data-src=\"https:\/\/celina-tours.com\/blog\/wp-content\/uploads\/2025\/02\/BLOG-4-129.jpg\" alt=\"\" width=\"600\" height=\"353\" data-srcset=\"https:\/\/celina-tours.com\/blog\/wp-content\/uploads\/2025\/02\/BLOG-4-129.jpg 600w, https:\/\/celina-tours.com\/blog\/wp-content\/uploads\/2025\/02\/BLOG-4-129-300x177.jpg 300w\" data-sizes=\"(max-width: 600px) 100vw, 600px\" src=\"data:image\/svg+xml;base64,PHN2ZyB3aWR0aD0iMSIgaGVpZ2h0PSIxIiB4bWxucz0iaHR0cDovL3d3dy53My5vcmcvMjAwMC9zdmciPjwvc3ZnPg==\" style=\"--smush-placeholder-width: 600px; --smush-placeholder-aspect-ratio: 600\/353;\" \/><\/p>\n<p>L&#8217;une des attractions les plus surprenantes (et quelque peu macabres) d&#8217;\u00c9vora est la c\u00e9l\u00e8bre Chapelle des Os, situ\u00e9e \u00e0 l&#8217;int\u00e9rieur de l&#8217;\u00e9glise de S\u00e3o Francisco. Construite au XVII\u1d49 si\u00e8cle par des moines franciscains, cette chapelle est enti\u00e8rement recouverte d&#8217;ossements humains.<\/p>\n<p>\u00c0 l&#8217;entr\u00e9e, une inscription gla\u00e7ante accueille les visiteurs :<br \/>\n&#8220;Nous, os qui sommes ici, attendons les v\u00f4tres.&#8221;<\/p>\n<p>Les moines ont con\u00e7u cette chapelle pour inciter \u00e0 la r\u00e9flexion sur la nature \u00e9ph\u00e9m\u00e8re de la vie et l&#8217;in\u00e9vitabilit\u00e9 de la mort. Malgr\u00e9 son apparence lugubre, la Chapelle des Os est l&#8217;un des sites les plus visit\u00e9s d&#8217;\u00c9vora et offre une exp\u00e9rience unique pour ceux qui s&#8217;int\u00e9ressent \u00e0 l&#8217;histoire et \u00e0 la spiritualit\u00e9.<\/p>\n<p>&nbsp;<\/p>\n<p><strong>Lire aussi<\/strong><br \/>\n<a href=\"https:\/\/celina-tours.com\/blog\/fr\/que-voir-et-faire-a-lisbonne-guide-pour-explorer-lisbonne\/\">Que Voir et Faire \u00e0 Lisbonne Guide pour Explorer Lisbonne<\/a><br \/>\n<a href=\"https:\/\/celina-tours.com\/blog\/fr\/que-visiter-dans-le-sud-du-portugal\/\">Que Visiter dans le Sud du Portugal<\/a><br \/>\n<a href=\"https:\/\/celina-tours.com\/blog\/fr\/conseils-pour-profiter-du-voyage-tram-28-lisbonne\/\">Conseils pour profiter du voyage en Tram 28 \u00e0 Lisbonne<\/a><\/p>\n<h2>4. Place du Giraldo (Pra\u00e7a do Giraldo)<\/h2>\n<p><img decoding=\"async\" class=\"alignnone wp-image-4769 size-full lazyload\" data-src=\"https:\/\/celina-tours.com\/blog\/wp-content\/uploads\/2025\/02\/BLOG-4-91.jpg\" alt=\"\" width=\"600\" height=\"353\" data-srcset=\"https:\/\/celina-tours.com\/blog\/wp-content\/uploads\/2025\/02\/BLOG-4-91.jpg 600w, https:\/\/celina-tours.com\/blog\/wp-content\/uploads\/2025\/02\/BLOG-4-91-300x177.jpg 300w\" data-sizes=\"(max-width: 600px) 100vw, 600px\" src=\"data:image\/svg+xml;base64,PHN2ZyB3aWR0aD0iMSIgaGVpZ2h0PSIxIiB4bWxucz0iaHR0cDovL3d3dy53My5vcmcvMjAwMC9zdmciPjwvc3ZnPg==\" style=\"--smush-placeholder-width: 600px; --smush-placeholder-aspect-ratio: 600\/353;\" \/><\/p>\n<p>La Pra\u00e7a do Giraldo est le centre n\u00e9vralgique d&#8217;\u00c9vora et l&#8217;un des principaux lieux de rencontre des habitants et des visiteurs. Entour\u00e9e de b\u00e2timents historiques aux arcades \u00e9l\u00e9gantes et aux balcons en fer forg\u00e9, cette place anim\u00e9e a \u00e9t\u00e9 t\u00e9moin de nombreux \u00e9v\u00e9nements marquants de l&#8217;histoire du Portugal.<\/p>\n<p>\u00c0 l&#8217;\u00e9poque de l&#8217;Inquisition, des ex\u00e9cutions publiques y avaient lieu, ce qui en fait un lieu charg\u00e9 d&#8217;histoire. Aujourd&#8217;hui, elle offre une atmosph\u00e8re accueillante avec de nombreux caf\u00e9s et restaurants o\u00f9 les visiteurs peuvent se d\u00e9tendre et observer la vie locale.<\/p>\n<p>Sur la place, vous trouverez l&#8217;\u00e9glise de Santo Ant\u00e3o et la fontaine Henriquina, construite au XVI\u1d49 si\u00e8cle pour approvisionner la ville en eau potable. C&#8217;est un endroit id\u00e9al pour commencer ou terminer votre visite d&#8217;\u00c9vora, en profitant d&#8217;un caf\u00e9 ou d&#8217;un verre de vin alentejan en terrasse.<\/p>\n<h2>5. Universit\u00e9 d&#8217;\u00c9vora<\/h2>\n<p><img decoding=\"async\" class=\"alignnone wp-image-4970 size-full lazyload\" data-src=\"https:\/\/celina-tours.com\/blog\/wp-content\/uploads\/2025\/02\/BLOG-4-130.jpg\" alt=\"\" width=\"600\" height=\"353\" data-srcset=\"https:\/\/celina-tours.com\/blog\/wp-content\/uploads\/2025\/02\/BLOG-4-130.jpg 600w, https:\/\/celina-tours.com\/blog\/wp-content\/uploads\/2025\/02\/BLOG-4-130-300x177.jpg 300w\" data-sizes=\"(max-width: 600px) 100vw, 600px\" src=\"data:image\/svg+xml;base64,PHN2ZyB3aWR0aD0iMSIgaGVpZ2h0PSIxIiB4bWxucz0iaHR0cDovL3d3dy53My5vcmcvMjAwMC9zdmciPjwvc3ZnPg==\" style=\"--smush-placeholder-width: 600px; --smush-placeholder-aspect-ratio: 600\/353;\" \/><\/p>\n<p>Fond\u00e9e en 1559, l&#8217;Universit\u00e9 d&#8217;\u00c9vora est l&#8217;une des plus anciennes du Portugal. Elle a \u00e9t\u00e9 cr\u00e9\u00e9e par la Compagnie de J\u00e9sus avec le soutien du roi Jean III et a longtemps \u00e9t\u00e9 l&#8217;un des centres d&#8217;enseignement les plus prestigieux du pays.<\/p>\n<p>L&#8217;universit\u00e9 se distingue par son architecture historique, notamment ses salles de classe orn\u00e9es d&#8217;azulejos du XVIII\u1d49 si\u00e8cle repr\u00e9sentant des sc\u00e8nes \u00e9ducatives. Se promener dans ses couloirs est une v\u00e9ritable immersion dans l\u2019histoire du savoir et de l&#8217;\u00e9ducation.<\/p>\n<table style=\"width: 732px; height: 210px;\">\n<tbody>\n<tr>\n<td style=\"width: 644.8px;\">\n<h3><img decoding=\"async\" class=\"alignleft wp-image-3974 lazyload\" data-src=\"https:\/\/celina-tours.com\/blog\/wp-content\/uploads\/2025\/02\/tomar.jpg\" alt=\"\" width=\"182\" height=\"182\" src=\"data:image\/svg+xml;base64,PHN2ZyB3aWR0aD0iMSIgaGVpZ2h0PSIxIiB4bWxucz0iaHR0cDovL3d3dy53My5vcmcvMjAwMC9zdmciPjwvc3ZnPg==\" style=\"--smush-placeholder-width: 182px; --smush-placeholder-aspect-ratio: 182\/182;\" \/><br \/>\nVISITE PRIV\u00c9E TOMAR<\/h3>\n<p><a href=\"https:\/\/celina-tours.com\/fr-visite-privee-tomar-excursion-lisbonne.php\" target=\"_blank\" rel=\"noopener\">Visite Priv\u00e9e &#8211; Tomar Route des Templiers<\/a><\/td>\n<\/tr>\n<\/tbody>\n<\/table>\n<p>&nbsp;<\/p>\n<h2>6. Aqueduc d\u2019Argent (Aqueduto da \u00c1gua de Prata)<\/h2>\n<p><img decoding=\"async\" class=\"alignnone wp-image-4992 size-full lazyload\" data-src=\"https:\/\/celina-tours.com\/blog\/wp-content\/uploads\/2025\/02\/BLOG-4-135.jpg\" alt=\"\" width=\"600\" height=\"353\" data-srcset=\"https:\/\/celina-tours.com\/blog\/wp-content\/uploads\/2025\/02\/BLOG-4-135.jpg 600w, https:\/\/celina-tours.com\/blog\/wp-content\/uploads\/2025\/02\/BLOG-4-135-300x177.jpg 300w\" data-sizes=\"(max-width: 600px) 100vw, 600px\" src=\"data:image\/svg+xml;base64,PHN2ZyB3aWR0aD0iMSIgaGVpZ2h0PSIxIiB4bWxucz0iaHR0cDovL3d3dy53My5vcmcvMjAwMC9zdmciPjwvc3ZnPg==\" style=\"--smush-placeholder-width: 600px; --smush-placeholder-aspect-ratio: 600\/353;\" \/><\/p>\n<p>Construit au XVI\u1d49 si\u00e8cle, l&#8217;Aqueduc d\u2019Argent est une \u0153uvre d&#8217;ing\u00e9nierie impressionnante destin\u00e9e \u00e0 acheminer l&#8217;eau potable \u00e0 \u00c9vora. Con\u00e7u par Francisco de Arruda (l&#8217;ing\u00e9nieur ayant travaill\u00e9 sur la Tour de Bel\u00e9m \u00e0 Lisbonne), il est en grande partie intact aujourd&#8217;hui.<\/p>\n<p>En parcourant la ville, vous remarquerez des maisons et des b\u00e2timents int\u00e9gr\u00e9s aux arches de l\u2019aqueduc, formant un paysage urbain unique. Pour les plus aventureux, des sentiers de randonn\u00e9e permettent de suivre le trac\u00e9 de l\u2019aqueduc \u00e0 travers la campagne environnante.<\/p>\n<h2>7. Palais de Dom Manuel<\/h2>\n<p><img decoding=\"async\" class=\"alignnone wp-image-4971 size-full lazyload\" data-src=\"https:\/\/celina-tours.com\/blog\/wp-content\/uploads\/2025\/02\/BLOG-4-131.jpg\" alt=\"\" width=\"600\" height=\"353\" data-srcset=\"https:\/\/celina-tours.com\/blog\/wp-content\/uploads\/2025\/02\/BLOG-4-131.jpg 600w, https:\/\/celina-tours.com\/blog\/wp-content\/uploads\/2025\/02\/BLOG-4-131-300x177.jpg 300w\" data-sizes=\"(max-width: 600px) 100vw, 600px\" src=\"data:image\/svg+xml;base64,PHN2ZyB3aWR0aD0iMSIgaGVpZ2h0PSIxIiB4bWxucz0iaHR0cDovL3d3dy53My5vcmcvMjAwMC9zdmciPjwvc3ZnPg==\" style=\"--smush-placeholder-width: 600px; --smush-placeholder-aspect-ratio: 600\/353;\" \/><\/p>\n<p>Le Palais de Dom Manuel est l\u2019un des derniers vestiges du Palais Royal d&#8217;\u00c9vora, o\u00f9 plusieurs rois du Portugal ont r\u00e9sid\u00e9. Aujourd&#8217;hui, seule la Galerie des Dames subsiste, un b\u00e2timent \u00e9l\u00e9gant m\u00ealant des influences gothiques et mud\u00e9jares, situ\u00e9 dans le Jardin Public d&#8217;\u00c9vora.<\/p>\n<p>Ce site est parfait pour une balade paisible et offre une oasis de verdure au c\u0153ur de la ville.<\/p>\n<h2>8. Cromlech des Almendres<\/h2>\n<p><img decoding=\"async\" class=\"alignnone wp-image-4972 size-full lazyload\" data-src=\"https:\/\/celina-tours.com\/blog\/wp-content\/uploads\/2025\/02\/BLOG-4-132.jpg\" alt=\"\" width=\"600\" height=\"353\" data-srcset=\"https:\/\/celina-tours.com\/blog\/wp-content\/uploads\/2025\/02\/BLOG-4-132.jpg 600w, https:\/\/celina-tours.com\/blog\/wp-content\/uploads\/2025\/02\/BLOG-4-132-300x177.jpg 300w\" data-sizes=\"(max-width: 600px) 100vw, 600px\" src=\"data:image\/svg+xml;base64,PHN2ZyB3aWR0aD0iMSIgaGVpZ2h0PSIxIiB4bWxucz0iaHR0cDovL3d3dy53My5vcmcvMjAwMC9zdmciPjwvc3ZnPg==\" style=\"--smush-placeholder-width: 600px; --smush-placeholder-aspect-ratio: 600\/353;\" \/><\/p>\n<p>\u00c0 environ 15 km d&#8217;\u00c9vora, le Cromlech des Almendres est le plus grand ensemble de menhirs de la p\u00e9ninsule ib\u00e9rique et l\u2019un des plus importants d\u2019Europe.<\/p>\n<p>Datant d\u2019environ 6000 av. J.-C., ce site pr\u00e9historique est constitu\u00e9 d&#8217;un ensemble de pierres dress\u00e9es formant des cercles, probablement utilis\u00e9s \u00e0 des fins rituelles ou astronomiques. Se promener parmi ces monolithes est une exp\u00e9rience unique qui vous transporte \u00e0 l&#8217;\u00e9poque des premi\u00e8res civilisations.<\/p>\n<p>&nbsp;<\/p>\n<table style=\"width: 732px; height: 210px;\">\n<tbody>\n<tr>\n<td style=\"width: 644.8px;\">\n<h3><img decoding=\"async\" class=\"alignleft wp-image-3974 lazyload\" data-src=\"https:\/\/celina-tours.com\/blog\/wp-content\/uploads\/2025\/02\/arrabida.jpg\" alt=\"\" width=\"182\" height=\"182\" src=\"data:image\/svg+xml;base64,PHN2ZyB3aWR0aD0iMSIgaGVpZ2h0PSIxIiB4bWxucz0iaHR0cDovL3d3dy53My5vcmcvMjAwMC9zdmciPjwvc3ZnPg==\" style=\"--smush-placeholder-width: 182px; --smush-placeholder-aspect-ratio: 182\/182;\" \/><br \/>\nVISITES PRIV\u00c9E ARRABIDA<\/h3>\n<p><a href=\"https:\/\/celina-tours.com\/fr-visite-privee-arrabida-excursion-lisbonne.php\" target=\"_blank\" rel=\"noopener\">Visite Priv\u00e9e &#8211; Arr\u00e1bida et d\u00e9gustation de vins &gt;&gt;&gt;<\/a><\/td>\n<\/tr>\n<\/tbody>\n<\/table>\n<p>&nbsp;<\/p>\n<h2>9. D\u00e9gustation de vins<\/h2>\n<p><span class=\"HwtZe\" lang=\"en\"><span class=\"jCAhz ChMk0b\"><span class=\"ryNqvb\"><img decoding=\"async\" class=\"alignnone wp-image-4976 size-full lazyload\" data-src=\"https:\/\/celina-tours.com\/blog\/wp-content\/uploads\/2025\/02\/BLOG-4-134.jpg\" alt=\"\" width=\"600\" height=\"353\" data-srcset=\"https:\/\/celina-tours.com\/blog\/wp-content\/uploads\/2025\/02\/BLOG-4-134.jpg 600w, https:\/\/celina-tours.com\/blog\/wp-content\/uploads\/2025\/02\/BLOG-4-134-300x177.jpg 300w\" data-sizes=\"(max-width: 600px) 100vw, 600px\" src=\"data:image\/svg+xml;base64,PHN2ZyB3aWR0aD0iMSIgaGVpZ2h0PSIxIiB4bWxucz0iaHR0cDovL3d3dy53My5vcmcvMjAwMC9zdmciPjwvc3ZnPg==\" style=\"--smush-placeholder-width: 600px; --smush-placeholder-aspect-ratio: 600\/353;\" \/><\/span><\/span><\/span><\/p>\n<p>Adega Cartuxa, situ\u00e9e \u00e0 Quinta de Valbom, \u00e0 seulement 2 km du centre historique d&#8217;\u00c9vora, propose des exp\u00e9riences d&#8217;\u0153notourisme alliant histoire et d\u00e9gustation de vins de haute qualit\u00e9. Les visites guid\u00e9es comprennent une exploration des installations historiques et des d\u00e9gustations de vins s\u00e9lectionn\u00e9s. Il est recommand\u00e9 de r\u00e9server \u00e0 l&#8217;avance, surtout pendant les p\u00e9riodes de pointe, pour garantir la disponibilit\u00e9 et une exp\u00e9rience personnalis\u00e9e. Pour les r\u00e9servations et informations compl\u00e9mentaires, visitez le site officiel de Cartuxa<\/p>\n<h2>10. La Gastronomie d&#8217;\u00c9vora<\/h2>\n<p><img decoding=\"async\" class=\"alignnone wp-image-4973 size-full lazyload\" data-src=\"https:\/\/celina-tours.com\/blog\/wp-content\/uploads\/2025\/02\/BLOG-4-133.jpg\" alt=\"\" width=\"600\" height=\"353\" data-srcset=\"https:\/\/celina-tours.com\/blog\/wp-content\/uploads\/2025\/02\/BLOG-4-133.jpg 600w, https:\/\/celina-tours.com\/blog\/wp-content\/uploads\/2025\/02\/BLOG-4-133-300x177.jpg 300w\" data-sizes=\"(max-width: 600px) 100vw, 600px\" src=\"data:image\/svg+xml;base64,PHN2ZyB3aWR0aD0iMSIgaGVpZ2h0PSIxIiB4bWxucz0iaHR0cDovL3d3dy53My5vcmcvMjAwMC9zdmciPjwvc3ZnPg==\" style=\"--smush-placeholder-width: 600px; --smush-placeholder-aspect-ratio: 600\/353;\" \/><\/p>\n<p>Aucune visite d&#8217;\u00c9vora ne serait compl\u00e8te sans go\u00fbter \u00e0 la d\u00e9licieuse cuisine alentejane. Voici quelques plats incontournables :<\/p>\n<p>Migas Alentejanas \u2013 plat traditionnel \u00e0 base de pain, d\u2019ail, d\u2019huile d\u2019olive et de porc.<br \/>\nA\u00e7orda Alentejana \u2013 soupe rustique \u00e0 base de pain, coriandre, ail et \u0153uf poch\u00e9.<br \/>\nEnsopado de Borrego \u2013 rago\u00fbt d&#8217;agneau mijot\u00e9 avec des herbes aromatiques.<br \/>\nFromage d&#8217;\u00c9vora \u2013 fromage de brebis affin\u00e9 au go\u00fbt prononc\u00e9.<br \/>\nVins de l&#8217;Alentejo \u2013 les rouges cors\u00e9s et les blancs frais sont d&#8217;excellents choix.<\/p>\n<p>Restaurants recommand\u00e9s : Fialho, Taberna T\u00edpica Quarta-Feira, et Dom Joaquim.<\/p>\n<h2>Conclusion<\/h2>\n<p>\u00c9vora est une ville qui allie parfaitement histoire, culture et gastronomie, en faisant l&#8217;une des destinations les plus charmantes du Portugal. Que vous y passiez une journ\u00e9e ou plusieurs, \u00c9vora promet une exp\u00e9rience inoubliable. \ud83c\udf77\u2728<\/p>\n","protected":false},"excerpt":{"rendered":"<p>\u00c9vora : Le C\u0153ur Historique de l&#8217;Alentejo \u00c9vora est l&#8217;une des villes les plus fascinantes du Portugal, un v\u00e9ritable mus\u00e9e&hellip;<\/p>\n","protected":false},"author":1,"featured_media":4769,"comment_status":"closed","ping_status":"closed","sticky":false,"template":"","format":"standard","meta":{"om_disable_all_campaigns":false,"footnotes":""},"categories":[185],"tags":[],"class_list":["post-4982","post","type-post","status-publish","format-standard","has-post-thumbnail","hentry","category-sud-portugal"],"yoast_head":"<!-- This site is optimized with the Yoast SEO plugin v27.0 - https:\/\/yoast.com\/product\/yoast-seo-wordpress\/ -->\n<title>Que visiter et faire \u00e0 \u00c9vora en une journ\u00e9e ? -<\/title>\n<meta name=\"description\" content=\"\u00c9vora, le c\u0153ur historique de l&#039;Alentejo est l&#039;une des villes fascinantes du Portugal, Temple de Diane Chapelle des Os, D\u00e9gustation de vins\" \/>\n<meta name=\"robots\" content=\"index, follow, max-snippet:-1, max-image-preview:large, max-video-preview:-1\" \/>\n<link rel=\"canonical\" href=\"https:\/\/celina-tours.com\/blog\/fr\/que-visiter-et-faire-a-evora-en-une-journee\/\" \/>\n<meta property=\"og:locale\" content=\"pt_PT\" \/>\n<meta property=\"og:type\" content=\"article\" \/>\n<meta property=\"og:title\" content=\"Que visiter et faire \u00e0 \u00c9vora en une journ\u00e9e ? -\" \/>\n<meta property=\"og:description\" content=\"\u00c9vora, le c\u0153ur historique de l&#039;Alentejo est l&#039;une des villes fascinantes du Portugal, Temple de Diane Chapelle des Os, D\u00e9gustation de vins\" \/>\n<meta property=\"og:url\" content=\"https:\/\/celina-tours.com\/blog\/fr\/que-visiter-et-faire-a-evora-en-une-journee\/\" \/>\n<meta property=\"article:publisher\" content=\"https:\/\/www.instagram.com\/celinatourspt\/\" \/>\n<meta property=\"article:published_time\" content=\"2025-02-16T09:30:03+00:00\" \/>\n<meta property=\"article:modified_time\" content=\"2025-02-16T10:15:22+00:00\" \/>\n<meta property=\"og:image\" content=\"https:\/\/celina-tours.com\/blog\/wp-content\/uploads\/2025\/02\/BLOG-4-91.jpg\" \/>\n\t<meta property=\"og:image:width\" content=\"600\" \/>\n\t<meta property=\"og:image:height\" content=\"353\" \/>\n\t<meta property=\"og:image:type\" content=\"image\/jpeg\" \/>\n<meta name=\"author\" content=\"ctours_blog\" \/>\n<meta name=\"twitter:card\" content=\"summary_large_image\" \/>\n<meta name=\"twitter:label1\" content=\"Escrito por\" \/>\n\t<meta name=\"twitter:data1\" content=\"ctours_blog\" \/>\n\t<meta name=\"twitter:label2\" content=\"Tempo estimado de leitura\" \/>\n\t<meta name=\"twitter:data2\" content=\"10 minutos\" \/>\n<script type=\"application\/ld+json\" class=\"yoast-schema-graph\">{\"@context\":\"https:\/\/schema.org\",\"@graph\":[{\"@type\":\"Article\",\"@id\":\"https:\/\/celina-tours.com\/blog\/fr\/que-visiter-et-faire-a-evora-en-une-journee\/#article\",\"isPartOf\":{\"@id\":\"https:\/\/celina-tours.com\/blog\/fr\/que-visiter-et-faire-a-evora-en-une-journee\/\"},\"author\":{\"name\":\"ctours_blog\",\"@id\":\"https:\/\/celina-tours.com\/blog\/#\/schema\/person\/e4611dfff819107474e643eb3c25e040\"},\"headline\":\"Que visiter et faire \u00e0 \u00c9vora en une journ\u00e9e ?\",\"datePublished\":\"2025-02-16T09:30:03+00:00\",\"dateModified\":\"2025-02-16T10:15:22+00:00\",\"mainEntityOfPage\":{\"@id\":\"https:\/\/celina-tours.com\/blog\/fr\/que-visiter-et-faire-a-evora-en-une-journee\/\"},\"wordCount\":1480,\"publisher\":{\"@id\":\"https:\/\/celina-tours.com\/blog\/#organization\"},\"image\":{\"@id\":\"https:\/\/celina-tours.com\/blog\/fr\/que-visiter-et-faire-a-evora-en-une-journee\/#primaryimage\"},\"thumbnailUrl\":\"https:\/\/celina-tours.com\/blog\/wp-content\/uploads\/2025\/02\/BLOG-4-91.jpg\",\"articleSection\":[\"Sud du Portugal\"],\"inLanguage\":\"pt-PT\"},{\"@type\":\"WebPage\",\"@id\":\"https:\/\/celina-tours.com\/blog\/fr\/que-visiter-et-faire-a-evora-en-une-journee\/\",\"url\":\"https:\/\/celina-tours.com\/blog\/fr\/que-visiter-et-faire-a-evora-en-une-journee\/\",\"name\":\"Que visiter et faire \u00e0 \u00c9vora en une journ\u00e9e ? -\",\"isPartOf\":{\"@id\":\"https:\/\/celina-tours.com\/blog\/#website\"},\"primaryImageOfPage\":{\"@id\":\"https:\/\/celina-tours.com\/blog\/fr\/que-visiter-et-faire-a-evora-en-une-journee\/#primaryimage\"},\"image\":{\"@id\":\"https:\/\/celina-tours.com\/blog\/fr\/que-visiter-et-faire-a-evora-en-une-journee\/#primaryimage\"},\"thumbnailUrl\":\"https:\/\/celina-tours.com\/blog\/wp-content\/uploads\/2025\/02\/BLOG-4-91.jpg\",\"datePublished\":\"2025-02-16T09:30:03+00:00\",\"dateModified\":\"2025-02-16T10:15:22+00:00\",\"description\":\"\u00c9vora, le c\u0153ur historique de l'Alentejo est l'une des villes fascinantes du Portugal, Temple de Diane Chapelle des Os, D\u00e9gustation de vins\",\"breadcrumb\":{\"@id\":\"https:\/\/celina-tours.com\/blog\/fr\/que-visiter-et-faire-a-evora-en-une-journee\/#breadcrumb\"},\"inLanguage\":\"pt-PT\",\"potentialAction\":[{\"@type\":\"ReadAction\",\"target\":[\"https:\/\/celina-tours.com\/blog\/fr\/que-visiter-et-faire-a-evora-en-une-journee\/\"]}]},{\"@type\":\"ImageObject\",\"inLanguage\":\"pt-PT\",\"@id\":\"https:\/\/celina-tours.com\/blog\/fr\/que-visiter-et-faire-a-evora-en-une-journee\/#primaryimage\",\"url\":\"https:\/\/celina-tours.com\/blog\/wp-content\/uploads\/2025\/02\/BLOG-4-91.jpg\",\"contentUrl\":\"https:\/\/celina-tours.com\/blog\/wp-content\/uploads\/2025\/02\/BLOG-4-91.jpg\",\"width\":600,\"height\":353},{\"@type\":\"BreadcrumbList\",\"@id\":\"https:\/\/celina-tours.com\/blog\/fr\/que-visiter-et-faire-a-evora-en-une-journee\/#breadcrumb\",\"itemListElement\":[{\"@type\":\"ListItem\",\"position\":1,\"name\":\"In\u00edcio\",\"item\":\"https:\/\/celina-tours.com\/blog\/pt\/\"},{\"@type\":\"ListItem\",\"position\":2,\"name\":\"Que visiter et faire \u00e0 \u00c9vora en une journ\u00e9e ?\"}]},{\"@type\":\"WebSite\",\"@id\":\"https:\/\/celina-tours.com\/blog\/#website\",\"url\":\"https:\/\/celina-tours.com\/blog\/\",\"name\":\"Celina Tours\",\"description\":\"\",\"publisher\":{\"@id\":\"https:\/\/celina-tours.com\/blog\/#organization\"},\"potentialAction\":[{\"@type\":\"SearchAction\",\"target\":{\"@type\":\"EntryPoint\",\"urlTemplate\":\"https:\/\/celina-tours.com\/blog\/?s={search_term_string}\"},\"query-input\":{\"@type\":\"PropertyValueSpecification\",\"valueRequired\":true,\"valueName\":\"search_term_string\"}}],\"inLanguage\":\"pt-PT\"},{\"@type\":\"Organization\",\"@id\":\"https:\/\/celina-tours.com\/blog\/#organization\",\"name\":\"Celina Tours\",\"url\":\"https:\/\/celina-tours.com\/blog\/\",\"logo\":{\"@type\":\"ImageObject\",\"inLanguage\":\"pt-PT\",\"@id\":\"https:\/\/celina-tours.com\/blog\/#\/schema\/logo\/image\/\",\"url\":\"https:\/\/celina-tours.com\/blog\/wp-content\/uploads\/2025\/01\/cropped-1-1.png\",\"contentUrl\":\"https:\/\/celina-tours.com\/blog\/wp-content\/uploads\/2025\/01\/cropped-1-1.png\",\"width\":300,\"height\":94,\"caption\":\"Celina Tours\"},\"image\":{\"@id\":\"https:\/\/celina-tours.com\/blog\/#\/schema\/logo\/image\/\"},\"sameAs\":[\"https:\/\/www.instagram.com\/celinatourspt\/\"]},{\"@type\":\"Person\",\"@id\":\"https:\/\/celina-tours.com\/blog\/#\/schema\/person\/e4611dfff819107474e643eb3c25e040\",\"name\":\"ctours_blog\",\"sameAs\":[\"https:\/\/celina-tours.com\/blog\"],\"url\":\"https:\/\/celina-tours.com\/blog\/author\/ctours_blog\/\"}]}<\/script>\n<!-- \/ Yoast SEO plugin. -->","yoast_head_json":{"title":"Que visiter et faire \u00e0 \u00c9vora en une journ\u00e9e ? -","description":"\u00c9vora, le c\u0153ur historique de l'Alentejo est l'une des villes fascinantes du Portugal, Temple de Diane Chapelle des Os, D\u00e9gustation de vins","robots":{"index":"index","follow":"follow","max-snippet":"max-snippet:-1","max-image-preview":"max-image-preview:large","max-video-preview":"max-video-preview:-1"},"canonical":"https:\/\/celina-tours.com\/blog\/fr\/que-visiter-et-faire-a-evora-en-une-journee\/","og_locale":"pt_PT","og_type":"article","og_title":"Que visiter et faire \u00e0 \u00c9vora en une journ\u00e9e ? -","og_description":"\u00c9vora, le c\u0153ur historique de l'Alentejo est l'une des villes fascinantes du Portugal, Temple de Diane Chapelle des Os, D\u00e9gustation de vins","og_url":"https:\/\/celina-tours.com\/blog\/fr\/que-visiter-et-faire-a-evora-en-une-journee\/","article_publisher":"https:\/\/www.instagram.com\/celinatourspt\/","article_published_time":"2025-02-16T09:30:03+00:00","article_modified_time":"2025-02-16T10:15:22+00:00","og_image":[{"width":600,"height":353,"url":"https:\/\/celina-tours.com\/blog\/wp-content\/uploads\/2025\/02\/BLOG-4-91.jpg","type":"image\/jpeg"}],"author":"ctours_blog","twitter_card":"summary_large_image","twitter_misc":{"Escrito por":"ctours_blog","Tempo estimado de leitura":"10 minutos"},"schema":{"@context":"https:\/\/schema.org","@graph":[{"@type":"Article","@id":"https:\/\/celina-tours.com\/blog\/fr\/que-visiter-et-faire-a-evora-en-une-journee\/#article","isPartOf":{"@id":"https:\/\/celina-tours.com\/blog\/fr\/que-visiter-et-faire-a-evora-en-une-journee\/"},"author":{"name":"ctours_blog","@id":"https:\/\/celina-tours.com\/blog\/#\/schema\/person\/e4611dfff819107474e643eb3c25e040"},"headline":"Que visiter et faire \u00e0 \u00c9vora en une journ\u00e9e ?","datePublished":"2025-02-16T09:30:03+00:00","dateModified":"2025-02-16T10:15:22+00:00","mainEntityOfPage":{"@id":"https:\/\/celina-tours.com\/blog\/fr\/que-visiter-et-faire-a-evora-en-une-journee\/"},"wordCount":1480,"publisher":{"@id":"https:\/\/celina-tours.com\/blog\/#organization"},"image":{"@id":"https:\/\/celina-tours.com\/blog\/fr\/que-visiter-et-faire-a-evora-en-une-journee\/#primaryimage"},"thumbnailUrl":"https:\/\/celina-tours.com\/blog\/wp-content\/uploads\/2025\/02\/BLOG-4-91.jpg","articleSection":["Sud du Portugal"],"inLanguage":"pt-PT"},{"@type":"WebPage","@id":"https:\/\/celina-tours.com\/blog\/fr\/que-visiter-et-faire-a-evora-en-une-journee\/","url":"https:\/\/celina-tours.com\/blog\/fr\/que-visiter-et-faire-a-evora-en-une-journee\/","name":"Que visiter et faire \u00e0 \u00c9vora en une journ\u00e9e ? -","isPartOf":{"@id":"https:\/\/celina-tours.com\/blog\/#website"},"primaryImageOfPage":{"@id":"https:\/\/celina-tours.com\/blog\/fr\/que-visiter-et-faire-a-evora-en-une-journee\/#primaryimage"},"image":{"@id":"https:\/\/celina-tours.com\/blog\/fr\/que-visiter-et-faire-a-evora-en-une-journee\/#primaryimage"},"thumbnailUrl":"https:\/\/celina-tours.com\/blog\/wp-content\/uploads\/2025\/02\/BLOG-4-91.jpg","datePublished":"2025-02-16T09:30:03+00:00","dateModified":"2025-02-16T10:15:22+00:00","description":"\u00c9vora, le c\u0153ur historique de l'Alentejo est l'une des villes fascinantes du Portugal, Temple de Diane Chapelle des Os, D\u00e9gustation de vins","breadcrumb":{"@id":"https:\/\/celina-tours.com\/blog\/fr\/que-visiter-et-faire-a-evora-en-une-journee\/#breadcrumb"},"inLanguage":"pt-PT","potentialAction":[{"@type":"ReadAction","target":["https:\/\/celina-tours.com\/blog\/fr\/que-visiter-et-faire-a-evora-en-une-journee\/"]}]},{"@type":"ImageObject","inLanguage":"pt-PT","@id":"https:\/\/celina-tours.com\/blog\/fr\/que-visiter-et-faire-a-evora-en-une-journee\/#primaryimage","url":"https:\/\/celina-tours.com\/blog\/wp-content\/uploads\/2025\/02\/BLOG-4-91.jpg","contentUrl":"https:\/\/celina-tours.com\/blog\/wp-content\/uploads\/2025\/02\/BLOG-4-91.jpg","width":600,"height":353},{"@type":"BreadcrumbList","@id":"https:\/\/celina-tours.com\/blog\/fr\/que-visiter-et-faire-a-evora-en-une-journee\/#breadcrumb","itemListElement":[{"@type":"ListItem","position":1,"name":"In\u00edcio","item":"https:\/\/celina-tours.com\/blog\/pt\/"},{"@type":"ListItem","position":2,"name":"Que visiter et faire \u00e0 \u00c9vora en une journ\u00e9e ?"}]},{"@type":"WebSite","@id":"https:\/\/celina-tours.com\/blog\/#website","url":"https:\/\/celina-tours.com\/blog\/","name":"Celina Tours","description":"","publisher":{"@id":"https:\/\/celina-tours.com\/blog\/#organization"},"potentialAction":[{"@type":"SearchAction","target":{"@type":"EntryPoint","urlTemplate":"https:\/\/celina-tours.com\/blog\/?s={search_term_string}"},"query-input":{"@type":"PropertyValueSpecification","valueRequired":true,"valueName":"search_term_string"}}],"inLanguage":"pt-PT"},{"@type":"Organization","@id":"https:\/\/celina-tours.com\/blog\/#organization","name":"Celina Tours","url":"https:\/\/celina-tours.com\/blog\/","logo":{"@type":"ImageObject","inLanguage":"pt-PT","@id":"https:\/\/celina-tours.com\/blog\/#\/schema\/logo\/image\/","url":"https:\/\/celina-tours.com\/blog\/wp-content\/uploads\/2025\/01\/cropped-1-1.png","contentUrl":"https:\/\/celina-tours.com\/blog\/wp-content\/uploads\/2025\/01\/cropped-1-1.png","width":300,"height":94,"caption":"Celina Tours"},"image":{"@id":"https:\/\/celina-tours.com\/blog\/#\/schema\/logo\/image\/"},"sameAs":["https:\/\/www.instagram.com\/celinatourspt\/"]},{"@type":"Person","@id":"https:\/\/celina-tours.com\/blog\/#\/schema\/person\/e4611dfff819107474e643eb3c25e040","name":"ctours_blog","sameAs":["https:\/\/celina-tours.com\/blog"],"url":"https:\/\/celina-tours.com\/blog\/author\/ctours_blog\/"}]}},"_links":{"self":[{"href":"https:\/\/celina-tours.com\/blog\/wp-json\/wp\/v2\/posts\/4982","targetHints":{"allow":["GET"]}}],"collection":[{"href":"https:\/\/celina-tours.com\/blog\/wp-json\/wp\/v2\/posts"}],"about":[{"href":"https:\/\/celina-tours.com\/blog\/wp-json\/wp\/v2\/types\/post"}],"author":[{"embeddable":true,"href":"https:\/\/celina-tours.com\/blog\/wp-json\/wp\/v2\/users\/1"}],"replies":[{"embeddable":true,"href":"https:\/\/celina-tours.com\/blog\/wp-json\/wp\/v2\/comments?post=4982"}],"version-history":[{"count":5,"href":"https:\/\/celina-tours.com\/blog\/wp-json\/wp\/v2\/posts\/4982\/revisions"}],"predecessor-version":[{"id":5001,"href":"https:\/\/celina-tours.com\/blog\/wp-json\/wp\/v2\/posts\/4982\/revisions\/5001"}],"wp:featuredmedia":[{"embeddable":true,"href":"https:\/\/celina-tours.com\/blog\/wp-json\/wp\/v2\/media\/4769"}],"wp:attachment":[{"href":"https:\/\/celina-tours.com\/blog\/wp-json\/wp\/v2\/media?parent=4982"}],"wp:term":[{"taxonomy":"category","embeddable":true,"href":"https:\/\/celina-tours.com\/blog\/wp-json\/wp\/v2\/categories?post=4982"},{"taxonomy":"post_tag","embeddable":true,"href":"https:\/\/celina-tours.com\/blog\/wp-json\/wp\/v2\/tags?post=4982"}],"curies":[{"name":"wp","href":"https:\/\/api.w.org\/{rel}","templated":true}]}}