{"id":4956,"date":"2025-02-16T09:30:03","date_gmt":"2025-02-16T09:30:03","guid":{"rendered":"https:\/\/celina-tours.com\/blog\/?p=4956"},"modified":"2025-02-16T09:59:23","modified_gmt":"2025-02-16T09:59:23","slug":"o-que-visitar-fazer-evora-num-dia","status":"publish","type":"post","link":"https:\/\/celina-tours.com\/blog\/pt\/o-que-visitar-fazer-evora-num-dia\/","title":{"rendered":"O que Visitar e Fazer em \u00c9vora num dia ?"},"content":{"rendered":"<h2>\u00c9vora: O Cora\u00e7\u00e3o Hist\u00f3rico do Alentejo<\/h2>\n<p>\u00c9vora \u00e9 uma das cidades mais fascinantes de Portugal, um verdadeiro museu a c\u00e9u aberto repleto de hist\u00f3ria, cultura e tradi\u00e7\u00e3o. Localizada no cora\u00e7\u00e3o do Alentejo, essa cidade \u00e9 um destino imperd\u00edvel para quem deseja conhecer mais sobre o passado portugu\u00eas, saborear a deliciosa gastronomia alentejana e explorar paisagens inesquec\u00edveis. Reconhecida como Patrim\u00f4nio Mundial pela UNESCO desde 1986, \u00c9vora encanta visitantes com suas ruas de paralelep\u00edpedos, monumentos hist\u00f3ricos bem preservados e uma atmosfera \u00fanica que mistura o passado e o presente.<\/p>\n<p>Se voc\u00ea est\u00e1 planejando uma visita a \u00c9vora, prepare-se para se apaixonar por esta cidade rica em tesouros arquitet\u00f4nicos e culturais. A seguir, apresentamos um guia completo com os principais pontos tur\u00edsticos e experi\u00eancias imperd\u00edveis para aproveitar ao m\u00e1ximo sua viagem.<\/p>\n<h2>1. Templo Romano de \u00c9vora (Templo de Diana)<\/h2>\n<p><img decoding=\"async\" class=\"alignnone wp-image-4966 size-full lazyload\" data-src=\"https:\/\/celina-tours.com\/blog\/wp-content\/uploads\/2025\/02\/BLOG-4-127.jpg\" alt=\"\" width=\"600\" height=\"353\" data-srcset=\"https:\/\/celina-tours.com\/blog\/wp-content\/uploads\/2025\/02\/BLOG-4-127.jpg 600w, https:\/\/celina-tours.com\/blog\/wp-content\/uploads\/2025\/02\/BLOG-4-127-300x177.jpg 300w\" data-sizes=\"(max-width: 600px) 100vw, 600px\" src=\"data:image\/svg+xml;base64,PHN2ZyB3aWR0aD0iMSIgaGVpZ2h0PSIxIiB4bWxucz0iaHR0cDovL3d3dy53My5vcmcvMjAwMC9zdmciPjwvc3ZnPg==\" style=\"--smush-placeholder-width: 600px; --smush-placeholder-aspect-ratio: 600\/353;\" \/><\/p>\n<p>Um dos monumentos mais ic\u00f4nicos da cidade, o Templo Romano de \u00c9vora, muitas vezes chamado de Templo de Diana, \u00e9 uma das ru\u00ednas romanas mais bem preservadas de Portugal. Constru\u00eddo no s\u00e9culo I d.C., durante o dom\u00ednio do imperador Augusto, o templo era parte do f\u00f3rum romano da cidade.<\/p>\n<p>Apesar de ser popularmente associado \u00e0 deusa Diana, n\u00e3o h\u00e1 evid\u00eancias concretas de que tenha sido dedicado a ela. O mais prov\u00e1vel \u00e9 que tenha sido um local de culto ao pr\u00f3prio imperador. Durante a Idade M\u00e9dia, o templo foi integrado ao castelo da cidade, o que contribuiu para sua preserva\u00e7\u00e3o ao longo dos s\u00e9culos.<\/p>\n<p>Hoje, suas colunas cor\u00edntias de granito e o entablamento que as une formam uma impressionante paisagem no centro hist\u00f3rico de \u00c9vora. Ao redor do templo, encontram-se outros edif\u00edcios hist\u00f3ricos, como o Pal\u00e1cio Cadaval e a S\u00e9 de \u00c9vora, tornando essa \u00e1rea um excelente ponto de partida para explorar a cidade.<\/p>\n<p>&nbsp;<\/p>\n<table style=\"width: 732px; height: 210px;\">\n<tbody>\n<tr>\n<td style=\"width: 644.8px;\">\n<h3><img decoding=\"async\" class=\"alignleft wp-image-3974 lazyload\" data-src=\"https:\/\/celina-tours.com\/blog\/wp-content\/uploads\/2025\/02\/evora.jpg\" alt=\"\" width=\"182\" height=\"182\" src=\"data:image\/svg+xml;base64,PHN2ZyB3aWR0aD0iMSIgaGVpZ2h0PSIxIiB4bWxucz0iaHR0cDovL3d3dy53My5vcmcvMjAwMC9zdmciPjwvc3ZnPg==\" style=\"--smush-placeholder-width: 182px; --smush-placeholder-aspect-ratio: 182\/182;\" \/><br \/>\nTOUR PRIVADO EVORA<\/h3>\n<p><a href=\"https:\/\/celina-tours.com\/excursao-privada-evora-tours.php\" target=\"_blank\" rel=\"noopener\">Tour Privado \u00c9vora com prova Vinhos&gt;&gt;&gt;<\/a><\/td>\n<\/tr>\n<\/tbody>\n<\/table>\n<p>&nbsp;<\/p>\n<h2>2. S\u00e9 Catedral de \u00c9vora (Catedral de Santa Maria)<\/h2>\n<p><img decoding=\"async\" class=\"alignnone wp-image-4968 size-full lazyload\" data-src=\"https:\/\/celina-tours.com\/blog\/wp-content\/uploads\/2025\/02\/BLOG-4-128.jpg\" alt=\"\" width=\"600\" height=\"353\" data-srcset=\"https:\/\/celina-tours.com\/blog\/wp-content\/uploads\/2025\/02\/BLOG-4-128.jpg 600w, https:\/\/celina-tours.com\/blog\/wp-content\/uploads\/2025\/02\/BLOG-4-128-300x177.jpg 300w\" data-sizes=\"(max-width: 600px) 100vw, 600px\" src=\"data:image\/svg+xml;base64,PHN2ZyB3aWR0aD0iMSIgaGVpZ2h0PSIxIiB4bWxucz0iaHR0cDovL3d3dy53My5vcmcvMjAwMC9zdmciPjwvc3ZnPg==\" style=\"--smush-placeholder-width: 600px; --smush-placeholder-aspect-ratio: 600\/353;\" \/><\/p>\n<p>A S\u00e9 de \u00c9vora, ou Catedral de Santa Maria, \u00e9 a maior catedral medieval de Portugal e uma das mais imponentes constru\u00e7\u00f5es da cidade. Sua constru\u00e7\u00e3o teve in\u00edcio em 1186, em estilo rom\u00e2nico, mas ao longo dos s\u00e9culos foi sendo ampliada com elementos g\u00f3ticos e barrocos.<\/p>\n<p>Seu exterior robusto, com duas torres assim\u00e9tricas, d\u00e1 \u00e0 catedral uma apar\u00eancia fortificada. No interior, destaca-se o claustro g\u00f3tico, que oferece um ambiente tranquilo para explorar e apreciar a arquitetura detalhada.<\/p>\n<p>Outro grande destaque \u00e9 a possibilidade de subir ao terra\u00e7o da catedral, de onde se tem uma vista panor\u00e2mica espetacular da cidade e da plan\u00edcie alentejana ao redor. Para os amantes da arte sacra, o Museu da S\u00e9 abriga pe\u00e7as raras, incluindo vestimentas lit\u00fargicas e esculturas religiosas.<\/p>\n<p>&nbsp;<\/p>\n<table style=\"width: 732px; height: 210px;\">\n<tbody>\n<tr>\n<td style=\"width: 644.8px;\">\n<h3><img decoding=\"async\" class=\"alignleft wp-image-3974 lazyload\" data-src=\"https:\/\/celina-tours.com\/blog\/wp-content\/uploads\/2025\/02\/tomar.jpg\" alt=\"\" width=\"182\" height=\"182\" src=\"data:image\/svg+xml;base64,PHN2ZyB3aWR0aD0iMSIgaGVpZ2h0PSIxIiB4bWxucz0iaHR0cDovL3d3dy53My5vcmcvMjAwMC9zdmciPjwvc3ZnPg==\" style=\"--smush-placeholder-width: 182px; --smush-placeholder-aspect-ratio: 182\/182;\" \/><br \/>\nTOUR PRIVADO TOMAR<\/h3>\n<p><a href=\"https:\/\/celina-tours.com\/excursao-privada-tomar-tours-lisboa.php\" target=\"_blank\" rel=\"noopener\">Tour Privado Tomar Rota templ\u00e1rios<\/a><\/td>\n<\/tr>\n<\/tbody>\n<\/table>\n<p>&nbsp;<\/p>\n<h2>3. Capela dos Ossos<\/h2>\n<p><img decoding=\"async\" class=\"alignnone wp-image-4969 size-full lazyload\" data-src=\"https:\/\/celina-tours.com\/blog\/wp-content\/uploads\/2025\/02\/BLOG-4-129.jpg\" alt=\"\" width=\"600\" height=\"353\" data-srcset=\"https:\/\/celina-tours.com\/blog\/wp-content\/uploads\/2025\/02\/BLOG-4-129.jpg 600w, https:\/\/celina-tours.com\/blog\/wp-content\/uploads\/2025\/02\/BLOG-4-129-300x177.jpg 300w\" data-sizes=\"(max-width: 600px) 100vw, 600px\" src=\"data:image\/svg+xml;base64,PHN2ZyB3aWR0aD0iMSIgaGVpZ2h0PSIxIiB4bWxucz0iaHR0cDovL3d3dy53My5vcmcvMjAwMC9zdmciPjwvc3ZnPg==\" style=\"--smush-placeholder-width: 600px; --smush-placeholder-aspect-ratio: 600\/353;\" \/><\/p>\n<p>Um dos locais mais intrigantes (e um tanto macabros) de \u00c9vora \u00e9 a famosa Capela dos Ossos, situada dentro da Igreja de S\u00e3o Francisco. Constru\u00edda no s\u00e9culo XVII por monges franciscanos, a capela tem suas paredes e colunas cobertas por milhares de ossos humanos.<\/p>\n<p>Na entrada, uma frase impactante recebe os visitantes:<br \/>\n&#8220;N\u00f3s ossos que aqui estamos pelos vossos esperamos.&#8221;<\/p>\n<p>A inten\u00e7\u00e3o dos monges ao construir a capela era incentivar uma reflex\u00e3o sobre a transitoriedade da vida e a inevitabilidade da morte. Apesar de sua atmosfera sombria, a Capela dos Ossos \u00e9 um dos locais mais visitados da cidade, proporcionando uma experi\u00eancia \u00fanica para quem deseja conhecer um lado diferente da hist\u00f3ria e da religiosidade alentejana.<\/p>\n<h2>4. Pra\u00e7a do Giraldo<\/h2>\n<p><img decoding=\"async\" class=\"alignnone wp-image-4769 size-full lazyload\" data-src=\"https:\/\/celina-tours.com\/blog\/wp-content\/uploads\/2025\/02\/BLOG-4-91.jpg\" alt=\"\" width=\"600\" height=\"353\" data-srcset=\"https:\/\/celina-tours.com\/blog\/wp-content\/uploads\/2025\/02\/BLOG-4-91.jpg 600w, https:\/\/celina-tours.com\/blog\/wp-content\/uploads\/2025\/02\/BLOG-4-91-300x177.jpg 300w\" data-sizes=\"(max-width: 600px) 100vw, 600px\" src=\"data:image\/svg+xml;base64,PHN2ZyB3aWR0aD0iMSIgaGVpZ2h0PSIxIiB4bWxucz0iaHR0cDovL3d3dy53My5vcmcvMjAwMC9zdmciPjwvc3ZnPg==\" style=\"--smush-placeholder-width: 600px; --smush-placeholder-aspect-ratio: 600\/353;\" \/><\/p>\n<p>A Pra\u00e7a do Giraldo \u00e9 o cora\u00e7\u00e3o da cidade e um dos principais pontos de encontro dos moradores e turistas. Rodeada por edif\u00edcios hist\u00f3ricos com arcadas e varandas de ferro forjado, essa pra\u00e7a vibrante j\u00e1 foi palco de importantes eventos ao longo da hist\u00f3ria de Portugal.<\/p>\n<p>Durante a \u00e9poca da Inquisi\u00e7\u00e3o, execu\u00e7\u00f5es p\u00fablicas ocorreram aqui, tornando-a um local de grande import\u00e2ncia hist\u00f3rica. Hoje, no entanto, a pra\u00e7a tem um ambiente acolhedor, com caf\u00e9s e restaurantes onde os visitantes podem relaxar e apreciar o movimento da cidade.<\/p>\n<p>Na pra\u00e7a, encontra-se a Igreja de Santo Ant\u00e3o e a Fonte Henriquina, constru\u00edda no s\u00e9culo XVI para fornecer \u00e1gua pot\u00e1vel \u00e0 cidade. Este \u00e9 um \u00f3timo local para come\u00e7ar ou terminar um passeio por \u00c9vora, especialmente se quiser desfrutar de um caf\u00e9 ou um vinho alentejano ao ar livre.<\/p>\n<p><strong>Leia Tambem<\/strong><br \/>\n<a href=\"https:\/\/celina-tours.com\/blog\/o-que-ver-e-fazer-em-lisboa-guia-completo-para-explorar-lisboa\/\">O que ver e Fazer em Lisboa Guia Completo para Explorar Lisboa<\/a><br \/>\n<a href=\"https:\/\/celina-tours.com\/blog\/es\/que-visitar-en-el-sur-de-portugal\/\">Qu\u00e9 Visitar en el Sur de Portugal<\/a><br \/>\n<a href=\"https:\/\/celina-tours.com\/blog\/dicas-para-aproveitar-a-viagem-no-eletrico-28\/\">Dicas Para Aproveitar a Viagem no El\u00e9trico 28<\/a><\/p>\n<p>&nbsp;<\/p>\n<h2>5. Universidade de \u00c9vora<\/h2>\n<p><img decoding=\"async\" class=\"alignnone wp-image-4970 size-full lazyload\" data-src=\"https:\/\/celina-tours.com\/blog\/wp-content\/uploads\/2025\/02\/BLOG-4-130.jpg\" alt=\"\" width=\"600\" height=\"353\" data-srcset=\"https:\/\/celina-tours.com\/blog\/wp-content\/uploads\/2025\/02\/BLOG-4-130.jpg 600w, https:\/\/celina-tours.com\/blog\/wp-content\/uploads\/2025\/02\/BLOG-4-130-300x177.jpg 300w\" data-sizes=\"(max-width: 600px) 100vw, 600px\" src=\"data:image\/svg+xml;base64,PHN2ZyB3aWR0aD0iMSIgaGVpZ2h0PSIxIiB4bWxucz0iaHR0cDovL3d3dy53My5vcmcvMjAwMC9zdmciPjwvc3ZnPg==\" style=\"--smush-placeholder-width: 600px; --smush-placeholder-aspect-ratio: 600\/353;\" \/><\/p>\n<p>A Universidade de \u00c9vora \u00e9 uma das mais antigas de Portugal, fundada em 1559 pela Companhia de Jesus e apoiada pelo rei Dom Jo\u00e3o III. Durante s\u00e9culos, foi um dos centros de ensino mais prestigiados do pa\u00eds, tendo sido encerrada no s\u00e9culo XVIII por ordem do Marqu\u00eas de Pombal e reaberta apenas no s\u00e9culo XX.<\/p>\n<p>O edif\u00edcio hist\u00f3rico da universidade \u00e9 um verdadeiro tesouro arquitet\u00f4nico, com salas de aula decoradas com azulejos do s\u00e9culo XVIII que ilustram cenas do conhecimento e do ensino. Passear pelos corredores da universidade \u00e9 como viajar no tempo, revivendo s\u00e9culos de educa\u00e7\u00e3o e cultura.<\/p>\n<h3>\n6. Aqueduto da \u00c1gua de Prata<\/h3>\n<p><img decoding=\"async\" class=\"alignnone wp-image-4992 size-full lazyload\" data-src=\"https:\/\/celina-tours.com\/blog\/wp-content\/uploads\/2025\/02\/BLOG-4-135.jpg\" alt=\"\" width=\"600\" height=\"353\" data-srcset=\"https:\/\/celina-tours.com\/blog\/wp-content\/uploads\/2025\/02\/BLOG-4-135.jpg 600w, https:\/\/celina-tours.com\/blog\/wp-content\/uploads\/2025\/02\/BLOG-4-135-300x177.jpg 300w\" data-sizes=\"(max-width: 600px) 100vw, 600px\" src=\"data:image\/svg+xml;base64,PHN2ZyB3aWR0aD0iMSIgaGVpZ2h0PSIxIiB4bWxucz0iaHR0cDovL3d3dy53My5vcmcvMjAwMC9zdmciPjwvc3ZnPg==\" style=\"--smush-placeholder-width: 600px; --smush-placeholder-aspect-ratio: 600\/353;\" \/><\/p>\n<p>O Aqueduto da \u00c1gua de Prata \u00e9 uma impressionante estrutura constru\u00edda no s\u00e9culo XVI para levar \u00e1gua pot\u00e1vel a \u00c9vora. Projetado pelo engenheiro Francisco de Arruda (o mesmo que trabalhou na Torre de Bel\u00e9m, em Lisboa), o aqueduto ainda preserva grande parte de sua estrutura original.<\/p>\n<p>Ao longo da cidade, \u00e9 poss\u00edvel ver casas e edif\u00edcios incorporados \u00e0s arcadas do aqueduto, criando uma paisagem \u00fanica. Para os mais aventureiros, h\u00e1 trilhas que seguem o percurso do aqueduto para explorar as paisagens alentejanas ao redor.<\/p>\n<h2>7. Pal\u00e1cio de Dom Manuel<\/h2>\n<p><img decoding=\"async\" class=\"alignnone wp-image-4971 size-full lazyload\" data-src=\"https:\/\/celina-tours.com\/blog\/wp-content\/uploads\/2025\/02\/BLOG-4-131.jpg\" alt=\"\" width=\"600\" height=\"353\" data-srcset=\"https:\/\/celina-tours.com\/blog\/wp-content\/uploads\/2025\/02\/BLOG-4-131.jpg 600w, https:\/\/celina-tours.com\/blog\/wp-content\/uploads\/2025\/02\/BLOG-4-131-300x177.jpg 300w\" data-sizes=\"(max-width: 600px) 100vw, 600px\" src=\"data:image\/svg+xml;base64,PHN2ZyB3aWR0aD0iMSIgaGVpZ2h0PSIxIiB4bWxucz0iaHR0cDovL3d3dy53My5vcmcvMjAwMC9zdmciPjwvc3ZnPg==\" style=\"--smush-placeholder-width: 600px; --smush-placeholder-aspect-ratio: 600\/353;\" \/><\/p>\n<p>O Pal\u00e1cio de Dom Manuel \u00e9 um dos \u00faltimos vest\u00edgios do antigo Pa\u00e7o Real de \u00c9vora, onde monarcas portugueses residiram durante o per\u00edodo medieval e renascentista. O que resta hoje do pal\u00e1cio \u00e9 a Galeria das Damas, um elegante edif\u00edcio com influ\u00eancias g\u00f3ticas e mud\u00e9jares, cercado pelo Jardim P\u00fablico de \u00c9vora.<\/p>\n<p>\u00c9 um excelente local para um passeio tranquilo, oferecendo um ref\u00fagio verde dentro da cidade.<\/p>\n<h2>8. Cromeleque dos Almendres<\/h2>\n<p><img decoding=\"async\" class=\"alignnone wp-image-4972 size-full lazyload\" data-src=\"https:\/\/celina-tours.com\/blog\/wp-content\/uploads\/2025\/02\/BLOG-4-132.jpg\" alt=\"\" width=\"600\" height=\"353\" data-srcset=\"https:\/\/celina-tours.com\/blog\/wp-content\/uploads\/2025\/02\/BLOG-4-132.jpg 600w, https:\/\/celina-tours.com\/blog\/wp-content\/uploads\/2025\/02\/BLOG-4-132-300x177.jpg 300w\" data-sizes=\"(max-width: 600px) 100vw, 600px\" src=\"data:image\/svg+xml;base64,PHN2ZyB3aWR0aD0iMSIgaGVpZ2h0PSIxIiB4bWxucz0iaHR0cDovL3d3dy53My5vcmcvMjAwMC9zdmciPjwvc3ZnPg==\" style=\"--smush-placeholder-width: 600px; --smush-placeholder-aspect-ratio: 600\/353;\" \/><\/p>\n<p>Para quem deseja explorar um lado mais antigo e misterioso da regi\u00e3o, o Cromeleque dos Almendres \u00e9 uma visita obrigat\u00f3ria. Situado a cerca de 15 km de \u00c9vora, esse s\u00edtio arqueol\u00f3gico pr\u00e9-hist\u00f3rico \u00e9 o maior conjunto de menires da Pen\u00ednsula Ib\u00e9rica e um dos mais importantes da Europa.<\/p>\n<p>Datado de aproximadamente 6000 a.C., o cromeleque \u00e9 um alinhamento de pedras erguidas em padr\u00f5es circulares, possivelmente utilizado para rituais religiosos ou astron\u00f4micos. \u00c9 uma experi\u00eancia \u00fanica caminhar entre essas estruturas e imaginar as civiliza\u00e7\u00f5es antigas que ali viveram.<\/p>\n<p>&nbsp;<\/p>\n<table style=\"width: 732px; height: 210px;\">\n<tbody>\n<tr>\n<td style=\"width: 644.8px;\">\n<h3><img decoding=\"async\" class=\"alignleft wp-image-3974 lazyload\" data-src=\"https:\/\/celina-tours.com\/blog\/wp-content\/uploads\/2025\/02\/arrabida.jpg\" alt=\"\" width=\"182\" height=\"182\" src=\"data:image\/svg+xml;base64,PHN2ZyB3aWR0aD0iMSIgaGVpZ2h0PSIxIiB4bWxucz0iaHR0cDovL3d3dy53My5vcmcvMjAwMC9zdmciPjwvc3ZnPg==\" style=\"--smush-placeholder-width: 182px; --smush-placeholder-aspect-ratio: 182\/182;\" \/><br \/>\nTOUR PRIVADO ARRABIDA<\/h3>\n<p><a href=\"https:\/\/celina-tours.com\/excursao-privada-arrabida-tours-lisboa.php\" target=\"_blank\" rel=\"noopener\">Tour Privado Arrabida com prova Vinhos&gt;&gt;&gt;<\/a><\/td>\n<\/tr>\n<\/tbody>\n<\/table>\n<p>&nbsp;<\/p>\n<h2>9. Prova de Vinhos<\/h2>\n<p><img decoding=\"async\" class=\"alignnone wp-image-4976 size-full lazyload\" data-src=\"https:\/\/celina-tours.com\/blog\/wp-content\/uploads\/2025\/02\/BLOG-4-134.jpg\" alt=\"\" width=\"600\" height=\"353\" data-srcset=\"https:\/\/celina-tours.com\/blog\/wp-content\/uploads\/2025\/02\/BLOG-4-134.jpg 600w, https:\/\/celina-tours.com\/blog\/wp-content\/uploads\/2025\/02\/BLOG-4-134-300x177.jpg 300w\" data-sizes=\"(max-width: 600px) 100vw, 600px\" src=\"data:image\/svg+xml;base64,PHN2ZyB3aWR0aD0iMSIgaGVpZ2h0PSIxIiB4bWxucz0iaHR0cDovL3d3dy53My5vcmcvMjAwMC9zdmciPjwvc3ZnPg==\" style=\"--smush-placeholder-width: 600px; --smush-placeholder-aspect-ratio: 600\/353;\" \/><\/p>\n<p>A Adega Cartuxa, localizada na Quinta de Valbom, a apenas 2 km do centro hist\u00f3rico de \u00c9vora, oferece experi\u00eancias de enoturismo que combinam hist\u00f3ria e degusta\u00e7\u00e3o de vinhos de alta qualidade. As visitas guiadas incluem uma explora\u00e7\u00e3o das instala\u00e7\u00f5es hist\u00f3ricas e provas de vinhos selecionados. Recomenda-se agendar previamente, especialmente durante per\u00edodos de maior aflu\u00eancia, para garantir disponibilidade e uma experi\u00eancia personalizada. Para reservas e informa\u00e7\u00f5es adicionais, visite o site oficial da Cartuxa<\/p>\n<h2>10. Gastronomia de \u00c9vora<\/h2>\n<p><img decoding=\"async\" class=\"alignnone wp-image-4973 size-full lazyload\" data-src=\"https:\/\/celina-tours.com\/blog\/wp-content\/uploads\/2025\/02\/BLOG-4-133.jpg\" alt=\"\" width=\"600\" height=\"353\" data-srcset=\"https:\/\/celina-tours.com\/blog\/wp-content\/uploads\/2025\/02\/BLOG-4-133.jpg 600w, https:\/\/celina-tours.com\/blog\/wp-content\/uploads\/2025\/02\/BLOG-4-133-300x177.jpg 300w\" data-sizes=\"(max-width: 600px) 100vw, 600px\" src=\"data:image\/svg+xml;base64,PHN2ZyB3aWR0aD0iMSIgaGVpZ2h0PSIxIiB4bWxucz0iaHR0cDovL3d3dy53My5vcmcvMjAwMC9zdmciPjwvc3ZnPg==\" style=\"--smush-placeholder-width: 600px; --smush-placeholder-aspect-ratio: 600\/353;\" \/><\/p>\n<p>Nenhuma visita a \u00c9vora estaria completa sem provar a deliciosa gastronomia alentejana. Alguns pratos t\u00edpicos que voc\u00ea n\u00e3o pode deixar de experimentar:<\/p>\n<p>Migas Alentejanas \u2013 prato feito com p\u00e3o, alho, azeite e carne de porco.<br \/>\nA\u00e7orda Alentejana \u2013 sopa r\u00fastica de p\u00e3o, coentro, alho e ovo escalfado.<br \/>\nEnsopado de Borrego \u2013 carne de cordeiro cozida lentamente com ervas arom\u00e1ticas.<br \/>\nQueijo de \u00c9vora \u2013 queijo de ovelha curado, com sabor forte e levemente picante.<br \/>\nVinhos do Alentejo \u2013 tanto os tintos encorpados quanto os brancos frescos s\u00e3o uma excelente escolha.<\/p>\n<p>Restaurantes recomendados: Fialho, Taberna T\u00edpica Quarta-Feira, e Dom Joaquim.<\/p>\n<h2>Conclus\u00e3o<\/h2>\n<p>\u00c9vora \u00e9 uma cidade que combina hist\u00f3ria, cultura e boa gastronomia, sendo um dos destinos mais encantadores de Portugal. Com sua rica heran\u00e7a romana, medieval e renascentista, cada canto da cidade revela um novo detalhe a ser explorado. Seja para um passeio de um dia ou uma estadia mais longa, \u00c9vora promete uma experi\u00eancia inesquec\u00edvel.<\/p>\n<p>Se voc\u00ea est\u00e1 planejando uma viagem a Portugal, n\u00e3o deixe \u00c9vora fora do seu roteiro! \ud83d\udeb6\u200d\u2642\ufe0f\ud83c\udf77<\/p>\n","protected":false},"excerpt":{"rendered":"<p>\u00c9vora: O Cora\u00e7\u00e3o Hist\u00f3rico do Alentejo \u00c9vora \u00e9 uma das cidades mais fascinantes de Portugal, um verdadeiro museu a c\u00e9u&hellip;<\/p>\n","protected":false},"author":1,"featured_media":4769,"comment_status":"closed","ping_status":"closed","sticky":false,"template":"","format":"standard","meta":{"om_disable_all_campaigns":false,"footnotes":""},"categories":[32],"tags":[],"class_list":["post-4956","post","type-post","status-publish","format-standard","has-post-thumbnail","hentry","category-sul-portugal"],"yoast_head":"<!-- This site is optimized with the Yoast SEO plugin v27.0 - https:\/\/yoast.com\/product\/yoast-seo-wordpress\/ -->\n<title>O que Visitar e Fazer em \u00c9vora num dia ? -<\/title>\n<meta name=\"description\" content=\"\u00c9vora, O Cora\u00e7\u00e3o Hist\u00f3rico do Alentejo \u00c9vora \u00e9 uma das cidades mais fascinantes de Portugal, Templo de Diana Capela dos Ossos, Prova Vinhos\" \/>\n<meta name=\"robots\" content=\"index, follow, max-snippet:-1, max-image-preview:large, max-video-preview:-1\" \/>\n<link rel=\"canonical\" href=\"https:\/\/celina-tours.com\/blog\/pt\/o-que-visitar-fazer-evora-num-dia\/\" \/>\n<meta property=\"og:locale\" content=\"pt_PT\" \/>\n<meta property=\"og:type\" content=\"article\" \/>\n<meta property=\"og:title\" content=\"O que Visitar e Fazer em \u00c9vora num dia ? -\" \/>\n<meta property=\"og:description\" content=\"\u00c9vora, O Cora\u00e7\u00e3o Hist\u00f3rico do Alentejo \u00c9vora \u00e9 uma das cidades mais fascinantes de Portugal, Templo de Diana Capela dos Ossos, Prova Vinhos\" \/>\n<meta property=\"og:url\" content=\"https:\/\/celina-tours.com\/blog\/pt\/o-que-visitar-fazer-evora-num-dia\/\" \/>\n<meta property=\"article:publisher\" content=\"https:\/\/www.instagram.com\/celinatourspt\/\" \/>\n<meta property=\"article:published_time\" content=\"2025-02-16T09:30:03+00:00\" \/>\n<meta property=\"article:modified_time\" content=\"2025-02-16T09:59:23+00:00\" \/>\n<meta property=\"og:image\" content=\"https:\/\/celina-tours.com\/blog\/wp-content\/uploads\/2025\/02\/BLOG-4-91.jpg\" \/>\n\t<meta property=\"og:image:width\" content=\"600\" \/>\n\t<meta property=\"og:image:height\" content=\"353\" \/>\n\t<meta property=\"og:image:type\" content=\"image\/jpeg\" \/>\n<meta name=\"author\" content=\"ctours_blog\" \/>\n<meta name=\"twitter:card\" content=\"summary_large_image\" \/>\n<meta name=\"twitter:label1\" content=\"Escrito por\" \/>\n\t<meta name=\"twitter:data1\" content=\"ctours_blog\" \/>\n\t<meta name=\"twitter:label2\" content=\"Tempo estimado de leitura\" \/>\n\t<meta name=\"twitter:data2\" content=\"11 minutos\" \/>\n<script type=\"application\/ld+json\" class=\"yoast-schema-graph\">{\"@context\":\"https:\/\/schema.org\",\"@graph\":[{\"@type\":\"Article\",\"@id\":\"https:\/\/celina-tours.com\/blog\/pt\/o-que-visitar-fazer-evora-num-dia\/#article\",\"isPartOf\":{\"@id\":\"https:\/\/celina-tours.com\/blog\/pt\/o-que-visitar-fazer-evora-num-dia\/\"},\"author\":{\"name\":\"ctours_blog\",\"@id\":\"https:\/\/celina-tours.com\/blog\/#\/schema\/person\/e4611dfff819107474e643eb3c25e040\"},\"headline\":\"O que Visitar e Fazer em \u00c9vora num dia ?\",\"datePublished\":\"2025-02-16T09:30:03+00:00\",\"dateModified\":\"2025-02-16T09:59:23+00:00\",\"mainEntityOfPage\":{\"@id\":\"https:\/\/celina-tours.com\/blog\/pt\/o-que-visitar-fazer-evora-num-dia\/\"},\"wordCount\":1464,\"publisher\":{\"@id\":\"https:\/\/celina-tours.com\/blog\/#organization\"},\"image\":{\"@id\":\"https:\/\/celina-tours.com\/blog\/pt\/o-que-visitar-fazer-evora-num-dia\/#primaryimage\"},\"thumbnailUrl\":\"https:\/\/celina-tours.com\/blog\/wp-content\/uploads\/2025\/02\/BLOG-4-91.jpg\",\"articleSection\":[\"Sul de Portugal\"],\"inLanguage\":\"pt-PT\"},{\"@type\":\"WebPage\",\"@id\":\"https:\/\/celina-tours.com\/blog\/pt\/o-que-visitar-fazer-evora-num-dia\/\",\"url\":\"https:\/\/celina-tours.com\/blog\/pt\/o-que-visitar-fazer-evora-num-dia\/\",\"name\":\"O que Visitar e Fazer em \u00c9vora num dia ? -\",\"isPartOf\":{\"@id\":\"https:\/\/celina-tours.com\/blog\/#website\"},\"primaryImageOfPage\":{\"@id\":\"https:\/\/celina-tours.com\/blog\/pt\/o-que-visitar-fazer-evora-num-dia\/#primaryimage\"},\"image\":{\"@id\":\"https:\/\/celina-tours.com\/blog\/pt\/o-que-visitar-fazer-evora-num-dia\/#primaryimage\"},\"thumbnailUrl\":\"https:\/\/celina-tours.com\/blog\/wp-content\/uploads\/2025\/02\/BLOG-4-91.jpg\",\"datePublished\":\"2025-02-16T09:30:03+00:00\",\"dateModified\":\"2025-02-16T09:59:23+00:00\",\"description\":\"\u00c9vora, O Cora\u00e7\u00e3o Hist\u00f3rico do Alentejo \u00c9vora \u00e9 uma das cidades mais fascinantes de Portugal, Templo de Diana Capela dos Ossos, Prova Vinhos\",\"breadcrumb\":{\"@id\":\"https:\/\/celina-tours.com\/blog\/pt\/o-que-visitar-fazer-evora-num-dia\/#breadcrumb\"},\"inLanguage\":\"pt-PT\",\"potentialAction\":[{\"@type\":\"ReadAction\",\"target\":[\"https:\/\/celina-tours.com\/blog\/pt\/o-que-visitar-fazer-evora-num-dia\/\"]}]},{\"@type\":\"ImageObject\",\"inLanguage\":\"pt-PT\",\"@id\":\"https:\/\/celina-tours.com\/blog\/pt\/o-que-visitar-fazer-evora-num-dia\/#primaryimage\",\"url\":\"https:\/\/celina-tours.com\/blog\/wp-content\/uploads\/2025\/02\/BLOG-4-91.jpg\",\"contentUrl\":\"https:\/\/celina-tours.com\/blog\/wp-content\/uploads\/2025\/02\/BLOG-4-91.jpg\",\"width\":600,\"height\":353},{\"@type\":\"BreadcrumbList\",\"@id\":\"https:\/\/celina-tours.com\/blog\/pt\/o-que-visitar-fazer-evora-num-dia\/#breadcrumb\",\"itemListElement\":[{\"@type\":\"ListItem\",\"position\":1,\"name\":\"In\u00edcio\",\"item\":\"https:\/\/celina-tours.com\/blog\/pt\/\"},{\"@type\":\"ListItem\",\"position\":2,\"name\":\"O que Visitar e Fazer em \u00c9vora num dia ?\"}]},{\"@type\":\"WebSite\",\"@id\":\"https:\/\/celina-tours.com\/blog\/#website\",\"url\":\"https:\/\/celina-tours.com\/blog\/\",\"name\":\"Celina Tours\",\"description\":\"\",\"publisher\":{\"@id\":\"https:\/\/celina-tours.com\/blog\/#organization\"},\"potentialAction\":[{\"@type\":\"SearchAction\",\"target\":{\"@type\":\"EntryPoint\",\"urlTemplate\":\"https:\/\/celina-tours.com\/blog\/?s={search_term_string}\"},\"query-input\":{\"@type\":\"PropertyValueSpecification\",\"valueRequired\":true,\"valueName\":\"search_term_string\"}}],\"inLanguage\":\"pt-PT\"},{\"@type\":\"Organization\",\"@id\":\"https:\/\/celina-tours.com\/blog\/#organization\",\"name\":\"Celina Tours\",\"url\":\"https:\/\/celina-tours.com\/blog\/\",\"logo\":{\"@type\":\"ImageObject\",\"inLanguage\":\"pt-PT\",\"@id\":\"https:\/\/celina-tours.com\/blog\/#\/schema\/logo\/image\/\",\"url\":\"https:\/\/celina-tours.com\/blog\/wp-content\/uploads\/2025\/01\/cropped-1-1.png\",\"contentUrl\":\"https:\/\/celina-tours.com\/blog\/wp-content\/uploads\/2025\/01\/cropped-1-1.png\",\"width\":300,\"height\":94,\"caption\":\"Celina Tours\"},\"image\":{\"@id\":\"https:\/\/celina-tours.com\/blog\/#\/schema\/logo\/image\/\"},\"sameAs\":[\"https:\/\/www.instagram.com\/celinatourspt\/\"]},{\"@type\":\"Person\",\"@id\":\"https:\/\/celina-tours.com\/blog\/#\/schema\/person\/e4611dfff819107474e643eb3c25e040\",\"name\":\"ctours_blog\",\"sameAs\":[\"https:\/\/celina-tours.com\/blog\"],\"url\":\"https:\/\/celina-tours.com\/blog\/author\/ctours_blog\/\"}]}<\/script>\n<!-- \/ Yoast SEO plugin. -->","yoast_head_json":{"title":"O que Visitar e Fazer em \u00c9vora num dia ? -","description":"\u00c9vora, O Cora\u00e7\u00e3o Hist\u00f3rico do Alentejo \u00c9vora \u00e9 uma das cidades mais fascinantes de Portugal, Templo de Diana Capela dos Ossos, Prova Vinhos","robots":{"index":"index","follow":"follow","max-snippet":"max-snippet:-1","max-image-preview":"max-image-preview:large","max-video-preview":"max-video-preview:-1"},"canonical":"https:\/\/celina-tours.com\/blog\/pt\/o-que-visitar-fazer-evora-num-dia\/","og_locale":"pt_PT","og_type":"article","og_title":"O que Visitar e Fazer em \u00c9vora num dia ? -","og_description":"\u00c9vora, O Cora\u00e7\u00e3o Hist\u00f3rico do Alentejo \u00c9vora \u00e9 uma das cidades mais fascinantes de Portugal, Templo de Diana Capela dos Ossos, Prova Vinhos","og_url":"https:\/\/celina-tours.com\/blog\/pt\/o-que-visitar-fazer-evora-num-dia\/","article_publisher":"https:\/\/www.instagram.com\/celinatourspt\/","article_published_time":"2025-02-16T09:30:03+00:00","article_modified_time":"2025-02-16T09:59:23+00:00","og_image":[{"width":600,"height":353,"url":"https:\/\/celina-tours.com\/blog\/wp-content\/uploads\/2025\/02\/BLOG-4-91.jpg","type":"image\/jpeg"}],"author":"ctours_blog","twitter_card":"summary_large_image","twitter_misc":{"Escrito por":"ctours_blog","Tempo estimado de leitura":"11 minutos"},"schema":{"@context":"https:\/\/schema.org","@graph":[{"@type":"Article","@id":"https:\/\/celina-tours.com\/blog\/pt\/o-que-visitar-fazer-evora-num-dia\/#article","isPartOf":{"@id":"https:\/\/celina-tours.com\/blog\/pt\/o-que-visitar-fazer-evora-num-dia\/"},"author":{"name":"ctours_blog","@id":"https:\/\/celina-tours.com\/blog\/#\/schema\/person\/e4611dfff819107474e643eb3c25e040"},"headline":"O que Visitar e Fazer em \u00c9vora num dia ?","datePublished":"2025-02-16T09:30:03+00:00","dateModified":"2025-02-16T09:59:23+00:00","mainEntityOfPage":{"@id":"https:\/\/celina-tours.com\/blog\/pt\/o-que-visitar-fazer-evora-num-dia\/"},"wordCount":1464,"publisher":{"@id":"https:\/\/celina-tours.com\/blog\/#organization"},"image":{"@id":"https:\/\/celina-tours.com\/blog\/pt\/o-que-visitar-fazer-evora-num-dia\/#primaryimage"},"thumbnailUrl":"https:\/\/celina-tours.com\/blog\/wp-content\/uploads\/2025\/02\/BLOG-4-91.jpg","articleSection":["Sul de Portugal"],"inLanguage":"pt-PT"},{"@type":"WebPage","@id":"https:\/\/celina-tours.com\/blog\/pt\/o-que-visitar-fazer-evora-num-dia\/","url":"https:\/\/celina-tours.com\/blog\/pt\/o-que-visitar-fazer-evora-num-dia\/","name":"O que Visitar e Fazer em \u00c9vora num dia ? -","isPartOf":{"@id":"https:\/\/celina-tours.com\/blog\/#website"},"primaryImageOfPage":{"@id":"https:\/\/celina-tours.com\/blog\/pt\/o-que-visitar-fazer-evora-num-dia\/#primaryimage"},"image":{"@id":"https:\/\/celina-tours.com\/blog\/pt\/o-que-visitar-fazer-evora-num-dia\/#primaryimage"},"thumbnailUrl":"https:\/\/celina-tours.com\/blog\/wp-content\/uploads\/2025\/02\/BLOG-4-91.jpg","datePublished":"2025-02-16T09:30:03+00:00","dateModified":"2025-02-16T09:59:23+00:00","description":"\u00c9vora, O Cora\u00e7\u00e3o Hist\u00f3rico do Alentejo \u00c9vora \u00e9 uma das cidades mais fascinantes de Portugal, Templo de Diana Capela dos Ossos, Prova Vinhos","breadcrumb":{"@id":"https:\/\/celina-tours.com\/blog\/pt\/o-que-visitar-fazer-evora-num-dia\/#breadcrumb"},"inLanguage":"pt-PT","potentialAction":[{"@type":"ReadAction","target":["https:\/\/celina-tours.com\/blog\/pt\/o-que-visitar-fazer-evora-num-dia\/"]}]},{"@type":"ImageObject","inLanguage":"pt-PT","@id":"https:\/\/celina-tours.com\/blog\/pt\/o-que-visitar-fazer-evora-num-dia\/#primaryimage","url":"https:\/\/celina-tours.com\/blog\/wp-content\/uploads\/2025\/02\/BLOG-4-91.jpg","contentUrl":"https:\/\/celina-tours.com\/blog\/wp-content\/uploads\/2025\/02\/BLOG-4-91.jpg","width":600,"height":353},{"@type":"BreadcrumbList","@id":"https:\/\/celina-tours.com\/blog\/pt\/o-que-visitar-fazer-evora-num-dia\/#breadcrumb","itemListElement":[{"@type":"ListItem","position":1,"name":"In\u00edcio","item":"https:\/\/celina-tours.com\/blog\/pt\/"},{"@type":"ListItem","position":2,"name":"O que Visitar e Fazer em \u00c9vora num dia ?"}]},{"@type":"WebSite","@id":"https:\/\/celina-tours.com\/blog\/#website","url":"https:\/\/celina-tours.com\/blog\/","name":"Celina Tours","description":"","publisher":{"@id":"https:\/\/celina-tours.com\/blog\/#organization"},"potentialAction":[{"@type":"SearchAction","target":{"@type":"EntryPoint","urlTemplate":"https:\/\/celina-tours.com\/blog\/?s={search_term_string}"},"query-input":{"@type":"PropertyValueSpecification","valueRequired":true,"valueName":"search_term_string"}}],"inLanguage":"pt-PT"},{"@type":"Organization","@id":"https:\/\/celina-tours.com\/blog\/#organization","name":"Celina Tours","url":"https:\/\/celina-tours.com\/blog\/","logo":{"@type":"ImageObject","inLanguage":"pt-PT","@id":"https:\/\/celina-tours.com\/blog\/#\/schema\/logo\/image\/","url":"https:\/\/celina-tours.com\/blog\/wp-content\/uploads\/2025\/01\/cropped-1-1.png","contentUrl":"https:\/\/celina-tours.com\/blog\/wp-content\/uploads\/2025\/01\/cropped-1-1.png","width":300,"height":94,"caption":"Celina Tours"},"image":{"@id":"https:\/\/celina-tours.com\/blog\/#\/schema\/logo\/image\/"},"sameAs":["https:\/\/www.instagram.com\/celinatourspt\/"]},{"@type":"Person","@id":"https:\/\/celina-tours.com\/blog\/#\/schema\/person\/e4611dfff819107474e643eb3c25e040","name":"ctours_blog","sameAs":["https:\/\/celina-tours.com\/blog"],"url":"https:\/\/celina-tours.com\/blog\/author\/ctours_blog\/"}]}},"_links":{"self":[{"href":"https:\/\/celina-tours.com\/blog\/wp-json\/wp\/v2\/posts\/4956","targetHints":{"allow":["GET"]}}],"collection":[{"href":"https:\/\/celina-tours.com\/blog\/wp-json\/wp\/v2\/posts"}],"about":[{"href":"https:\/\/celina-tours.com\/blog\/wp-json\/wp\/v2\/types\/post"}],"author":[{"embeddable":true,"href":"https:\/\/celina-tours.com\/blog\/wp-json\/wp\/v2\/users\/1"}],"replies":[{"embeddable":true,"href":"https:\/\/celina-tours.com\/blog\/wp-json\/wp\/v2\/comments?post=4956"}],"version-history":[{"count":8,"href":"https:\/\/celina-tours.com\/blog\/wp-json\/wp\/v2\/posts\/4956\/revisions"}],"predecessor-version":[{"id":4993,"href":"https:\/\/celina-tours.com\/blog\/wp-json\/wp\/v2\/posts\/4956\/revisions\/4993"}],"wp:featuredmedia":[{"embeddable":true,"href":"https:\/\/celina-tours.com\/blog\/wp-json\/wp\/v2\/media\/4769"}],"wp:attachment":[{"href":"https:\/\/celina-tours.com\/blog\/wp-json\/wp\/v2\/media?parent=4956"}],"wp:term":[{"taxonomy":"category","embeddable":true,"href":"https:\/\/celina-tours.com\/blog\/wp-json\/wp\/v2\/categories?post=4956"},{"taxonomy":"post_tag","embeddable":true,"href":"https:\/\/celina-tours.com\/blog\/wp-json\/wp\/v2\/tags?post=4956"}],"curies":[{"name":"wp","href":"https:\/\/api.w.org\/{rel}","templated":true}]}}