{"id":4825,"date":"2025-02-13T15:17:00","date_gmt":"2025-02-13T15:17:00","guid":{"rendered":"https:\/\/celina-tours.com\/blog\/?p=4825"},"modified":"2025-02-27T09:30:21","modified_gmt":"2025-02-27T09:30:21","slug":"visite-pour-une-journee-lisbonne-meilluer-lisbonne","status":"publish","type":"post","link":"https:\/\/celina-tours.com\/blog\/fr\/visite-pour-une-journee-lisbonne-meilluer-lisbonne\/","title":{"rendered":"Visite pour une Journ\u00e9e \u00e0 Lisbonne le meilleur de Lisbonne"},"content":{"rendered":"<h2>Itin\u00e9raire pour une Journ\u00e9e \u00e0 Lisbonne en Van (8 places) \u2013 D\u00e9couverte Incontournable<\/h2>\n<p>Lisbonne, capitale envo\u00fbtante du Portugal, regorge d\u2019histoire, de culture et de paysages \u00e0 couper le souffle. En une seule journ\u00e9e, il est possible d\u2019explorer ses principaux sites touristiques confortablement gr\u00e2ce \u00e0 un van de 8 places. Ce circuit a \u00e9t\u00e9 con\u00e7u pour optimiser le temps et offrir une exp\u00e9rience compl\u00e8te, alliant histoire, architecture, gastronomie et panoramas magnifiques.<\/p>\n<h2>\ud83d\udccd Aper\u00e7u du Tour : Le Meilleur de Lisbonne en 1 Jour<\/h2>\n<p>\u23f0 08h30 \u2013 Prise en charge \u00e0 l\u2019h\u00f4tel \/ Point de rencontre<\/p>\n<p>Le van r\u00e9cup\u00e8re les passagers \u00e0 leur h\u00f4tel ou \u00e0 un point de rendez-vous central. D\u00e9part matinal pour profiter pleinement de la journ\u00e9e.<\/p>\n<h3>Miradouro da Senhora do Monte<\/h3>\n<p><img decoding=\"async\" class=\"alignnone wp-image-4622 size-full lazyload\" data-src=\"https:\/\/celina-tours.com\/blog\/wp-content\/uploads\/2025\/02\/BLOG-4-69.jpg\" alt=\"\" width=\"600\" height=\"353\" data-srcset=\"https:\/\/celina-tours.com\/blog\/wp-content\/uploads\/2025\/02\/BLOG-4-69.jpg 600w, https:\/\/celina-tours.com\/blog\/wp-content\/uploads\/2025\/02\/BLOG-4-69-300x177.jpg 300w\" data-sizes=\"(max-width: 600px) 100vw, 600px\" src=\"data:image\/svg+xml;base64,PHN2ZyB3aWR0aD0iMSIgaGVpZ2h0PSIxIiB4bWxucz0iaHR0cDovL3d3dy53My5vcmcvMjAwMC9zdmciPjwvc3ZnPg==\" style=\"--smush-placeholder-width: 600px; --smush-placeholder-aspect-ratio: 600\/353;\" \/><\/p>\n<p>Premier arr\u00eat : l\u2019un des plus beaux miradouros de Lisbonne. Situ\u00e9 dans le quartier de la Gra\u00e7a, il offre une vue panoramique exceptionnelle sur le Castelo de S\u00e3o Jorge, le fleuve Tage et le centre historique. Id\u00e9al pour commencer la journ\u00e9e en beaut\u00e9 et prendre de superbes photos.<\/p>\n<h3>Quartier d\u2019Alfama et Cath\u00e9drale de Lisbonne<\/h3>\n<p>Direction Alfama, le quartier le plus ancien et le plus pittoresque de Lisbonne. Ses ruelles sinueuses et color\u00e9es regorgent d\u2019histoire. Arr\u00eat \u00e0 la S\u00e9 de Lisboa, la cath\u00e9drale m\u00e9di\u00e9vale datant du XII\u1d49 si\u00e8cle.<\/p>\n<h3>Place du Commerce et Baixa Pombalina<\/h3>\n<p><img decoding=\"async\" class=\"alignnone wp-image-4839 size-full lazyload\" data-src=\"https:\/\/celina-tours.com\/blog\/wp-content\/uploads\/2025\/02\/BLOG-4-108.jpg\" alt=\"\" width=\"600\" height=\"353\" data-srcset=\"https:\/\/celina-tours.com\/blog\/wp-content\/uploads\/2025\/02\/BLOG-4-108.jpg 600w, https:\/\/celina-tours.com\/blog\/wp-content\/uploads\/2025\/02\/BLOG-4-108-300x177.jpg 300w\" data-sizes=\"(max-width: 600px) 100vw, 600px\" src=\"data:image\/svg+xml;base64,PHN2ZyB3aWR0aD0iMSIgaGVpZ2h0PSIxIiB4bWxucz0iaHR0cDovL3d3dy53My5vcmcvMjAwMC9zdmciPjwvc3ZnPg==\" style=\"--smush-placeholder-width: 600px; --smush-placeholder-aspect-ratio: 600\/353;\" \/><\/p>\n<p>Nous rejoignons ensuite la majestueuse Pra\u00e7a do Com\u00e9rcio, l\u2019une des plus belles places d\u2019Europe, bord\u00e9e par le fleuve. Petite balade sous l\u2019Arco da Rua Augusta et d\u00e9couverte de la Baixa Pombalina, un quartier embl\u00e9matique reconstruit apr\u00e8s le tremblement de terre de 1755.<\/p>\n<h3>Ascenseur de Santa Justa et Couvent des Carmes<\/h3>\n<p>Arr\u00eat \u00e0 l\u2019Elevador de Santa Justa, une prouesse architecturale du XIX\u1d49 si\u00e8cle offrant une vue imprenable sur la ville. \u00c0 proximit\u00e9, visite des ruines du Couvent des Carmes, vestige poignant du s\u00e9isme de 1755.<\/p>\n<table style=\"width: 732px; height: 210px;\">\n<tbody>\n<tr>\n<td style=\"width: 644.8px;\">\n<h3><img decoding=\"async\" class=\"wp-image-3974 alignleft lazyload\" data-src=\"https:\/\/celina-tours.com\/blog\/wp-content\/uploads\/2025\/01\/lisboa.jpg\" data-sizes=\"auto, (max-width: 182px) 100vw, 182px\" data-srcset=\"https:\/\/celina-tours.com\/blog\/wp-content\/uploads\/2025\/01\/lisboa.jpg 194w, https:\/\/celina-tours.com\/blog\/wp-content\/uploads\/2025\/01\/lisboa-150x150.jpg 150w\" alt=\"\" width=\"182\" height=\"182\" src=\"data:image\/svg+xml;base64,PHN2ZyB3aWR0aD0iMSIgaGVpZ2h0PSIxIiB4bWxucz0iaHR0cDovL3d3dy53My5vcmcvMjAwMC9zdmciPjwvc3ZnPg==\" style=\"--smush-placeholder-width: 182px; --smush-placeholder-aspect-ratio: 182\/182;\" \/><br \/>\nVISITE \u00c0 LISBONNE<\/h3>\n<p><a href=\"https:\/\/celina-tours.com\/fr-visite-privee-lisbonne.php\" target=\"_blank\" rel=\"noopener\">Visite Priv\u00e9e Lisbonne Ici &gt;&gt;&gt;<\/a><\/p>\n<p><a href=\"https:\/\/celina-tours.com\/fr-visite-lisbonne-une-journee.php\" target=\"_blank\" rel=\"noopener\">Visite en Group Lisboone Ici\u00a0 &gt;&gt;&gt;<\/a><\/td>\n<\/tr>\n<\/tbody>\n<\/table>\n<h3>Chiado et Bairro Alto<\/h3>\n<p>Nous rejoignons le Chiado, l\u2019un des quartiers les plus \u00e9l\u00e9gants et culturels de Lisbonne. Passage devant le c\u00e9l\u00e8bre Caf\u00e9 A Brasileira, o\u00f9 tr\u00f4ne la statue de Fernando Pessoa. Ensuite, direction le Bairro Alto, quartier boh\u00e8me r\u00e9put\u00e9 pour son atmosph\u00e8re unique.<\/p>\n<p>&nbsp;<\/p>\n<p><a href=\"https:\/\/celina-tours.com\/blog\/fr\/visites-au-depart-de-lisbonne-un-itineraire-de-3-jours-parfait\/\"><strong>Lire aussi<\/strong><\/a><br \/>\nVisites au D\u00e9part de Lisbonne : Un Itin\u00e9raire de 3 Jours Parfait<br \/>\n<a href=\"https:\/\/celina-tours.com\/blog\/fr\/comment-aller-de-lisbonne-a-sintra\/\">Comment aller de Lisbonne \u00e0 Sintra ?<\/a><br \/>\n<a href=\"https:\/\/celina-tours.com\/blog\/fr\/delicieux-pasteis-de-belem-licone-de-la-patisserie-portugaise-qui-seduit-le-monde\/\">D\u00e9licieux Past\u00e9is de Bel\u00e9m : L\u2019ic\u00f4ne de la p\u00e2tisserie portugaise qui s\u00e9duit le monde<\/a><\/p>\n<p>&nbsp;<\/p>\n<h3>D\u00e9jeuner \u00e0 Bel\u00e9m \ud83c\udf7d\ufe0f<\/h3>\n<p>Cap sur Bel\u00e9m, un quartier riche en histoire maritime. Pause d\u00e9jeuner dans un restaurant traditionnel. Suggestions :<\/p>\n<p>&#8220;O Frade&#8221; \u2013 Petit restaurant convivial avec une cuisine typique de l\u2019Alentejo.<br \/>\n&#8220;Enoteca de Bel\u00e9m&#8221; \u2013 Parfait pour les amateurs de vin et de gastronomie raffin\u00e9e.<br \/>\n&#8220;P\u00e1teo de Bel\u00e9m&#8221; \u2013 Un classique portugais proposant des plats comme la morue \u00e0 la Br\u00e1s et le poulpe \u00e0 lagareiro.<\/p>\n<p>&nbsp;<\/p>\n<h3>Monast\u00e8re des Hi\u00e9ronymites<\/h3>\n<p>Apr\u00e8s le repas, visite du Mosteiro dos Jer\u00f3nimos, un chef-d&#8217;\u0153uvre de l\u2019architecture manu\u00e9line, class\u00e9 au patrimoine mondial de l\u2019UNESCO. Son clo\u00eetre est l\u2019un des plus beaux du pays.<\/p>\n<h3>D\u00e9gustation des Past\u00e9is de Bel\u00e9m<\/h3>\n<p>Impossible de visiter Lisbonne sans go\u00fbter les Past\u00e9is de Bel\u00e9m, c\u00e9l\u00e8bres tartelettes \u00e0 la cr\u00e8me, pr\u00e9par\u00e9es selon une recette secr\u00e8te transmise par les moines du monast\u00e8re.<\/p>\n<h3>Tour de Bel\u00e9m et Monument des D\u00e9couvertes<\/h3>\n<p><img decoding=\"async\" class=\"alignnone wp-image-4619 size-full lazyload\" data-src=\"https:\/\/celina-tours.com\/blog\/wp-content\/uploads\/2025\/02\/BLOG-4-66.jpg\" alt=\"\" width=\"600\" height=\"353\" data-srcset=\"https:\/\/celina-tours.com\/blog\/wp-content\/uploads\/2025\/02\/BLOG-4-66.jpg 600w, https:\/\/celina-tours.com\/blog\/wp-content\/uploads\/2025\/02\/BLOG-4-66-300x177.jpg 300w\" data-sizes=\"(max-width: 600px) 100vw, 600px\" src=\"data:image\/svg+xml;base64,PHN2ZyB3aWR0aD0iMSIgaGVpZ2h0PSIxIiB4bWxucz0iaHR0cDovL3d3dy53My5vcmcvMjAwMC9zdmciPjwvc3ZnPg==\" style=\"--smush-placeholder-width: 600px; --smush-placeholder-aspect-ratio: 600\/353;\" \/><\/p>\n<p>Nous faisons un arr\u00eat \u00e0 la Torre de Bel\u00e9m, ancienne forteresse et symbole des Grandes D\u00e9couvertes portugaises. Ensuite, passage au Padr\u00e3o dos Descobrimentos, qui rend hommage aux navigateurs portugais.<\/p>\n<h3>Pont du 25 Avril et Cristo Rei<\/h3>\n<p><img decoding=\"async\" class=\"alignnone wp-image-4843 size-full lazyload\" data-src=\"https:\/\/celina-tours.com\/blog\/wp-content\/uploads\/2025\/02\/BLOG-4-109.jpg\" alt=\"\" width=\"600\" height=\"353\" data-srcset=\"https:\/\/celina-tours.com\/blog\/wp-content\/uploads\/2025\/02\/BLOG-4-109.jpg 600w, https:\/\/celina-tours.com\/blog\/wp-content\/uploads\/2025\/02\/BLOG-4-109-300x177.jpg 300w\" data-sizes=\"(max-width: 600px) 100vw, 600px\" src=\"data:image\/svg+xml;base64,PHN2ZyB3aWR0aD0iMSIgaGVpZ2h0PSIxIiB4bWxucz0iaHR0cDovL3d3dy53My5vcmcvMjAwMC9zdmciPjwvc3ZnPg==\" style=\"--smush-placeholder-width: 600px; --smush-placeholder-aspect-ratio: 600\/353;\" \/><\/p>\n<p>Si le temps le permet, nous traversons le Pont du 25 Avril, qui rappelle le Golden Gate de San Francisco, pour rejoindre le Cristo Rei, statue inspir\u00e9e du Christ R\u00e9dempteur de Rio, offrant une vue imprenable sur la ville.<\/p>\n<h3>Parc Eduardo VII et Place Marqu\u00eas de Pombal<\/h3>\n<p>Retour en ville avec un passage par le Parque Eduardo VII, l\u2019un des plus beaux espaces verts de Lisbonne. Nous terminons par un arr\u00eat \u00e0 la Pra\u00e7a Marqu\u00eas de Pombal, symbole de la modernisation de la ville.<\/p>\n<h3>Fin de la visite<\/h3>\n<p>Retour \u00e0 l\u2019h\u00f4tel ou d\u00e9pose des passagers dans un lieu central pour ceux qui souhaitent poursuivre leur exploration de la ville.<\/p>\n<h2>D\u00e9tail du Circuit<\/h2>\n<h3>1. Miradouro da Senhora do Monte<\/h3>\n<p>Vue panoramique exceptionnelle sur Lisbonne, un lieu id\u00e9al pour commencer la journ\u00e9e.<\/p>\n<h3>2. Alfama et Cath\u00e9drale de Lisbonne<\/h3>\n<p><img decoding=\"async\" class=\"alignnone wp-image-4838 size-full lazyload\" data-src=\"https:\/\/celina-tours.com\/blog\/wp-content\/uploads\/2025\/02\/BLOG-4-107.jpg\" alt=\"\" width=\"600\" height=\"353\" data-srcset=\"https:\/\/celina-tours.com\/blog\/wp-content\/uploads\/2025\/02\/BLOG-4-107.jpg 600w, https:\/\/celina-tours.com\/blog\/wp-content\/uploads\/2025\/02\/BLOG-4-107-300x177.jpg 300w\" data-sizes=\"(max-width: 600px) 100vw, 600px\" src=\"data:image\/svg+xml;base64,PHN2ZyB3aWR0aD0iMSIgaGVpZ2h0PSIxIiB4bWxucz0iaHR0cDovL3d3dy53My5vcmcvMjAwMC9zdmciPjwvc3ZnPg==\" style=\"--smush-placeholder-width: 600px; --smush-placeholder-aspect-ratio: 600\/353;\" \/><\/p>\n<p>Balade dans le quartier historique d\u2019Alfama, avec une visite de la S\u00e9 de Lisboa, la plus ancienne \u00e9glise de la ville.<\/p>\n<h3>3. Place du Commerce et Baixa Pombalina<\/h3>\n<p>D\u00e9couverte de la Pra\u00e7a do Com\u00e9rcio, grandiose et ouverte sur le Tage, puis exploration de la Baixa, quartier reconstruit apr\u00e8s le s\u00e9isme de 1755.<\/p>\n<p>&nbsp;<\/p>\n<table style=\"width: 732px; height: 210px;\">\n<tbody>\n<tr>\n<td style=\"width: 644.8px;\">\n<h3><img decoding=\"async\" class=\"alignleft wp-image-3974 lazyload\" data-src=\"https:\/\/celina-tours.com\/blog\/wp-content\/uploads\/2025\/02\/sintra.jpg\" alt=\"\" width=\"182\" height=\"182\" src=\"data:image\/svg+xml;base64,PHN2ZyB3aWR0aD0iMSIgaGVpZ2h0PSIxIiB4bWxucz0iaHR0cDovL3d3dy53My5vcmcvMjAwMC9zdmciPjwvc3ZnPg==\" style=\"--smush-placeholder-width: 182px; --smush-placeholder-aspect-ratio: 182\/182;\" \/><br \/>\nVISITES DE SINTRA CASCAIS<\/h3>\n<p><a href=\"https:\/\/celina-tours.com\/fr-visite-privee-sintra-excursion-lisbonne.php\" target=\"_blank\" rel=\"noopener\">Visiste Priv\u00e9e Sintra Cascais &gt;&gt;&gt;<\/a><\/p>\n<p><a href=\"https:\/\/celina-tours.com\/fr-visite-sintra-excursion-sintra-lisbonne.php\" target=\"_blank\" rel=\"noopener\">Visite en Groupe Sintra Cascais &gt;&gt;&gt;<\/a><\/td>\n<\/tr>\n<\/tbody>\n<\/table>\n<p>&nbsp;<\/p>\n<h3>4. Ascenseur de Santa Justa et Couvent des Carmes<\/h3>\n<p><img decoding=\"async\" class=\"alignnone wp-image-4788 size-full lazyload\" data-src=\"https:\/\/celina-tours.com\/blog\/wp-content\/uploads\/2025\/02\/BLOG-4-101.jpg\" alt=\"\" width=\"600\" height=\"353\" data-srcset=\"https:\/\/celina-tours.com\/blog\/wp-content\/uploads\/2025\/02\/BLOG-4-101.jpg 600w, https:\/\/celina-tours.com\/blog\/wp-content\/uploads\/2025\/02\/BLOG-4-101-300x177.jpg 300w\" data-sizes=\"(max-width: 600px) 100vw, 600px\" src=\"data:image\/svg+xml;base64,PHN2ZyB3aWR0aD0iMSIgaGVpZ2h0PSIxIiB4bWxucz0iaHR0cDovL3d3dy53My5vcmcvMjAwMC9zdmciPjwvc3ZnPg==\" style=\"--smush-placeholder-width: 600px; --smush-placeholder-aspect-ratio: 600\/353;\" \/><\/p>\n<p>Ascension en Elevador de Santa Justa pour une vue inoubliable, suivie d\u2019une visite du Couvent des Carmes, dont les ruines t\u00e9moignent du tremblement de terre.<\/p>\n<h3>5. Chiado et Bairro Alto (12h00 &#8211; 12h45)<\/h3>\n<p>Exploration du Chiado, quartier chic aux caf\u00e9s historiques et librairies anciennes, puis du Bairro Alto, connu pour son ambiance boh\u00e8me.<\/p>\n<h3>6. D\u00e9jeuner \u00e0 Bel\u00e9m<\/h3>\n<p>D\u00e9tente et d\u00e9gustation d\u2019un repas portugais authentique.<\/p>\n<h3>7. Monast\u00e8re des Hi\u00e9ronymites<\/h3>\n<p><img decoding=\"async\" class=\"alignnone wp-image-4620 size-full lazyload\" data-src=\"https:\/\/celina-tours.com\/blog\/wp-content\/uploads\/2025\/02\/BLOG-4-67.jpg\" alt=\"\" width=\"600\" height=\"353\" data-srcset=\"https:\/\/celina-tours.com\/blog\/wp-content\/uploads\/2025\/02\/BLOG-4-67.jpg 600w, https:\/\/celina-tours.com\/blog\/wp-content\/uploads\/2025\/02\/BLOG-4-67-300x177.jpg 300w\" data-sizes=\"(max-width: 600px) 100vw, 600px\" src=\"data:image\/svg+xml;base64,PHN2ZyB3aWR0aD0iMSIgaGVpZ2h0PSIxIiB4bWxucz0iaHR0cDovL3d3dy53My5vcmcvMjAwMC9zdmciPjwvc3ZnPg==\" style=\"--smush-placeholder-width: 600px; --smush-placeholder-aspect-ratio: 600\/353;\" \/><\/p>\n<p>Visite de ce chef-d&#8217;\u0153uvre de l\u2019architecture manu\u00e9line, un incontournable \u00e0 Lisbonne.<\/p>\n<h3><span class=\"HwtZe\" lang=\"fr\"><span class=\"jCAhz ChMk0b\"><span class=\"ryNqvb\">Nos suggestions<\/span><\/span><\/span><\/h3>\n<div data-vi-partner-id=\"P00241970\" data-vi-widget-ref=\"W-073a4891-72a0-4d1e-9b24-853fadae4def\"><\/div>\n<p><script async src=\"https:\/\/www.viator.com\/orion\/partner\/widget.js\"><\/script><\/p>\n<p>&nbsp;<\/p>\n<h3>8. Past\u00e9is de Bel\u00e9m<\/h3>\n<p><img decoding=\"async\" class=\"alignnone wp-image-4474 size-full lazyload\" data-src=\"https:\/\/celina-tours.com\/blog\/wp-content\/uploads\/2025\/02\/BLOG-4-46.jpg\" alt=\"\" width=\"600\" height=\"353\" data-srcset=\"https:\/\/celina-tours.com\/blog\/wp-content\/uploads\/2025\/02\/BLOG-4-46.jpg 600w, https:\/\/celina-tours.com\/blog\/wp-content\/uploads\/2025\/02\/BLOG-4-46-300x177.jpg 300w\" data-sizes=\"(max-width: 600px) 100vw, 600px\" src=\"data:image\/svg+xml;base64,PHN2ZyB3aWR0aD0iMSIgaGVpZ2h0PSIxIiB4bWxucz0iaHR0cDovL3d3dy53My5vcmcvMjAwMC9zdmciPjwvc3ZnPg==\" style=\"--smush-placeholder-width: 600px; --smush-placeholder-aspect-ratio: 600\/353;\" \/><\/p>\n<p>D\u00e9gustation du c\u00e9l\u00e8bre Pastel de Bel\u00e9m, servi chaud, saupoudr\u00e9 de sucre et de cannelle.<\/p>\n<h3>9. Tour de Bel\u00e9m et Monument des D\u00e9couvertes<\/h3>\n<p>Visite de la Tour de Bel\u00e9m et du Monument des D\u00e9couvertes, embl\u00e8mes de l\u2019histoire maritime du Portugal.<\/p>\n<h3>10. Pont du 25 Avril et Cristo Rei (optionnel)<\/h3>\n<p>Travers\u00e9e du pont suspendu pour admirer Lisbonne depuis le Cristo Rei.<\/p>\n<h3>11. Parc Eduardo VII et Place Marqu\u00eas de Pombal<\/h3>\n<p>Balade au Parc Eduardo VII, avant un passage \u00e0 la Place Marqu\u00eas de Pombal, symbole du renouveau de la ville.<\/p>\n<h2>Conclusion<\/h2>\n<p>Ce circuit d\u2019une journ\u00e9e permet de d\u00e9couvrir les incontournables de Lisbonne, en alliant histoire, culture et gastronomie. Gr\u00e2ce au van, le trajet est fluide et confortable, garantissant une exp\u00e9rience inoubliable. \ud83d\ude90\ud83c\uddf5\ud83c\uddf9<\/p>\n<p>Souhaitez-vous personnaliser l\u2019itin\u00e9raire ? Faites-moi part de vos pr\u00e9f\u00e9rences ! \ud83d\ude09<\/p>\n","protected":false},"excerpt":{"rendered":"<p>Itin\u00e9raire pour une Journ\u00e9e \u00e0 Lisbonne en Van (8 places) \u2013 D\u00e9couverte Incontournable Lisbonne, capitale envo\u00fbtante du Portugal, regorge d\u2019histoire,&hellip;<\/p>\n","protected":false},"author":1,"featured_media":4838,"comment_status":"closed","ping_status":"closed","sticky":false,"template":"","format":"standard","meta":{"om_disable_all_campaigns":false,"footnotes":""},"categories":[201],"tags":[],"class_list":["post-4825","post","type-post","status-publish","format-standard","has-post-thumbnail","hentry","category-autres-informations"],"yoast_head":"<!-- This site is optimized with the Yoast SEO plugin v27.0 - https:\/\/yoast.com\/product\/yoast-seo-wordpress\/ -->\n<title>Visite une Journ\u00e9e Lisbonne Que Voir \u00e0 Lisbonne en 1 Jour<\/title>\n<meta name=\"description\" content=\"Visite d&#039;une journ\u00e9e \u00e0 Lisbonne, visitez le meilleur de Lisbonne, d\u00e9couvrez Belem, Alfama, en une journ\u00e9e, vous pouvez visiter Lisbonne Jour\" \/>\n<meta name=\"robots\" content=\"index, follow, max-snippet:-1, max-image-preview:large, max-video-preview:-1\" \/>\n<link rel=\"canonical\" href=\"https:\/\/celina-tours.com\/blog\/fr\/visite-pour-une-journee-lisbonne-meilluer-lisbonne\/\" \/>\n<meta property=\"og:locale\" content=\"pt_PT\" \/>\n<meta property=\"og:type\" content=\"article\" \/>\n<meta property=\"og:title\" content=\"Visite une Journ\u00e9e Lisbonne Que Voir \u00e0 Lisbonne en 1 Jour\" \/>\n<meta property=\"og:description\" content=\"Visite d&#039;une journ\u00e9e \u00e0 Lisbonne, visitez le meilleur de Lisbonne, d\u00e9couvrez Belem, Alfama, en une journ\u00e9e, vous pouvez visiter Lisbonne Jour\" \/>\n<meta property=\"og:url\" content=\"https:\/\/celina-tours.com\/blog\/fr\/visite-pour-une-journee-lisbonne-meilluer-lisbonne\/\" \/>\n<meta property=\"article:publisher\" content=\"https:\/\/www.instagram.com\/celinatourspt\/\" \/>\n<meta property=\"article:published_time\" content=\"2025-02-13T15:17:00+00:00\" \/>\n<meta property=\"article:modified_time\" content=\"2025-02-27T09:30:21+00:00\" \/>\n<meta property=\"og:image\" content=\"https:\/\/celina-tours.com\/blog\/wp-content\/uploads\/2025\/02\/BLOG-4-107.jpg\" \/>\n\t<meta property=\"og:image:width\" content=\"600\" \/>\n\t<meta property=\"og:image:height\" content=\"353\" \/>\n\t<meta property=\"og:image:type\" content=\"image\/jpeg\" \/>\n<meta name=\"author\" content=\"ctours_blog\" \/>\n<meta name=\"twitter:card\" content=\"summary_large_image\" \/>\n<meta name=\"twitter:label1\" content=\"Escrito por\" \/>\n\t<meta name=\"twitter:data1\" content=\"ctours_blog\" \/>\n\t<meta name=\"twitter:label2\" content=\"Tempo estimado de leitura\" \/>\n\t<meta name=\"twitter:data2\" content=\"8 minutos\" \/>\n<script type=\"application\/ld+json\" class=\"yoast-schema-graph\">{\"@context\":\"https:\/\/schema.org\",\"@graph\":[{\"@type\":\"Article\",\"@id\":\"https:\/\/celina-tours.com\/blog\/fr\/visite-pour-une-journee-lisbonne-meilluer-lisbonne\/#article\",\"isPartOf\":{\"@id\":\"https:\/\/celina-tours.com\/blog\/fr\/visite-pour-une-journee-lisbonne-meilluer-lisbonne\/\"},\"author\":{\"name\":\"ctours_blog\",\"@id\":\"https:\/\/celina-tours.com\/blog\/#\/schema\/person\/e4611dfff819107474e643eb3c25e040\"},\"headline\":\"Visite pour une Journ\u00e9e \u00e0 Lisbonne le meilleur de Lisbonne\",\"datePublished\":\"2025-02-13T15:17:00+00:00\",\"dateModified\":\"2025-02-27T09:30:21+00:00\",\"mainEntityOfPage\":{\"@id\":\"https:\/\/celina-tours.com\/blog\/fr\/visite-pour-une-journee-lisbonne-meilluer-lisbonne\/\"},\"wordCount\":1119,\"publisher\":{\"@id\":\"https:\/\/celina-tours.com\/blog\/#organization\"},\"image\":{\"@id\":\"https:\/\/celina-tours.com\/blog\/fr\/visite-pour-une-journee-lisbonne-meilluer-lisbonne\/#primaryimage\"},\"thumbnailUrl\":\"https:\/\/celina-tours.com\/blog\/wp-content\/uploads\/2025\/02\/BLOG-4-107.jpg\",\"articleSection\":[\"Autres informations\"],\"inLanguage\":\"pt-PT\"},{\"@type\":\"WebPage\",\"@id\":\"https:\/\/celina-tours.com\/blog\/fr\/visite-pour-une-journee-lisbonne-meilluer-lisbonne\/\",\"url\":\"https:\/\/celina-tours.com\/blog\/fr\/visite-pour-une-journee-lisbonne-meilluer-lisbonne\/\",\"name\":\"Visite une Journ\u00e9e Lisbonne Que Voir \u00e0 Lisbonne en 1 Jour\",\"isPartOf\":{\"@id\":\"https:\/\/celina-tours.com\/blog\/#website\"},\"primaryImageOfPage\":{\"@id\":\"https:\/\/celina-tours.com\/blog\/fr\/visite-pour-une-journee-lisbonne-meilluer-lisbonne\/#primaryimage\"},\"image\":{\"@id\":\"https:\/\/celina-tours.com\/blog\/fr\/visite-pour-une-journee-lisbonne-meilluer-lisbonne\/#primaryimage\"},\"thumbnailUrl\":\"https:\/\/celina-tours.com\/blog\/wp-content\/uploads\/2025\/02\/BLOG-4-107.jpg\",\"datePublished\":\"2025-02-13T15:17:00+00:00\",\"dateModified\":\"2025-02-27T09:30:21+00:00\",\"description\":\"Visite d'une journ\u00e9e \u00e0 Lisbonne, visitez le meilleur de Lisbonne, d\u00e9couvrez Belem, Alfama, en une journ\u00e9e, vous pouvez visiter Lisbonne Jour\",\"breadcrumb\":{\"@id\":\"https:\/\/celina-tours.com\/blog\/fr\/visite-pour-une-journee-lisbonne-meilluer-lisbonne\/#breadcrumb\"},\"inLanguage\":\"pt-PT\",\"potentialAction\":[{\"@type\":\"ReadAction\",\"target\":[\"https:\/\/celina-tours.com\/blog\/fr\/visite-pour-une-journee-lisbonne-meilluer-lisbonne\/\"]}]},{\"@type\":\"ImageObject\",\"inLanguage\":\"pt-PT\",\"@id\":\"https:\/\/celina-tours.com\/blog\/fr\/visite-pour-une-journee-lisbonne-meilluer-lisbonne\/#primaryimage\",\"url\":\"https:\/\/celina-tours.com\/blog\/wp-content\/uploads\/2025\/02\/BLOG-4-107.jpg\",\"contentUrl\":\"https:\/\/celina-tours.com\/blog\/wp-content\/uploads\/2025\/02\/BLOG-4-107.jpg\",\"width\":600,\"height\":353},{\"@type\":\"BreadcrumbList\",\"@id\":\"https:\/\/celina-tours.com\/blog\/fr\/visite-pour-une-journee-lisbonne-meilluer-lisbonne\/#breadcrumb\",\"itemListElement\":[{\"@type\":\"ListItem\",\"position\":1,\"name\":\"In\u00edcio\",\"item\":\"https:\/\/celina-tours.com\/blog\/pt\/\"},{\"@type\":\"ListItem\",\"position\":2,\"name\":\"Visite pour une Journ\u00e9e \u00e0 Lisbonne le meilleur de Lisbonne\"}]},{\"@type\":\"WebSite\",\"@id\":\"https:\/\/celina-tours.com\/blog\/#website\",\"url\":\"https:\/\/celina-tours.com\/blog\/\",\"name\":\"Celina Tours\",\"description\":\"\",\"publisher\":{\"@id\":\"https:\/\/celina-tours.com\/blog\/#organization\"},\"potentialAction\":[{\"@type\":\"SearchAction\",\"target\":{\"@type\":\"EntryPoint\",\"urlTemplate\":\"https:\/\/celina-tours.com\/blog\/?s={search_term_string}\"},\"query-input\":{\"@type\":\"PropertyValueSpecification\",\"valueRequired\":true,\"valueName\":\"search_term_string\"}}],\"inLanguage\":\"pt-PT\"},{\"@type\":\"Organization\",\"@id\":\"https:\/\/celina-tours.com\/blog\/#organization\",\"name\":\"Celina Tours\",\"url\":\"https:\/\/celina-tours.com\/blog\/\",\"logo\":{\"@type\":\"ImageObject\",\"inLanguage\":\"pt-PT\",\"@id\":\"https:\/\/celina-tours.com\/blog\/#\/schema\/logo\/image\/\",\"url\":\"https:\/\/celina-tours.com\/blog\/wp-content\/uploads\/2025\/01\/cropped-1-1.png\",\"contentUrl\":\"https:\/\/celina-tours.com\/blog\/wp-content\/uploads\/2025\/01\/cropped-1-1.png\",\"width\":300,\"height\":94,\"caption\":\"Celina Tours\"},\"image\":{\"@id\":\"https:\/\/celina-tours.com\/blog\/#\/schema\/logo\/image\/\"},\"sameAs\":[\"https:\/\/www.instagram.com\/celinatourspt\/\"]},{\"@type\":\"Person\",\"@id\":\"https:\/\/celina-tours.com\/blog\/#\/schema\/person\/e4611dfff819107474e643eb3c25e040\",\"name\":\"ctours_blog\",\"sameAs\":[\"https:\/\/celina-tours.com\/blog\"],\"url\":\"https:\/\/celina-tours.com\/blog\/author\/ctours_blog\/\"}]}<\/script>\n<!-- \/ Yoast SEO plugin. -->","yoast_head_json":{"title":"Visite une Journ\u00e9e Lisbonne Que Voir \u00e0 Lisbonne en 1 Jour","description":"Visite d'une journ\u00e9e \u00e0 Lisbonne, visitez le meilleur de Lisbonne, d\u00e9couvrez Belem, Alfama, en une journ\u00e9e, vous pouvez visiter Lisbonne Jour","robots":{"index":"index","follow":"follow","max-snippet":"max-snippet:-1","max-image-preview":"max-image-preview:large","max-video-preview":"max-video-preview:-1"},"canonical":"https:\/\/celina-tours.com\/blog\/fr\/visite-pour-une-journee-lisbonne-meilluer-lisbonne\/","og_locale":"pt_PT","og_type":"article","og_title":"Visite une Journ\u00e9e Lisbonne Que Voir \u00e0 Lisbonne en 1 Jour","og_description":"Visite d'une journ\u00e9e \u00e0 Lisbonne, visitez le meilleur de Lisbonne, d\u00e9couvrez Belem, Alfama, en une journ\u00e9e, vous pouvez visiter Lisbonne Jour","og_url":"https:\/\/celina-tours.com\/blog\/fr\/visite-pour-une-journee-lisbonne-meilluer-lisbonne\/","article_publisher":"https:\/\/www.instagram.com\/celinatourspt\/","article_published_time":"2025-02-13T15:17:00+00:00","article_modified_time":"2025-02-27T09:30:21+00:00","og_image":[{"width":600,"height":353,"url":"https:\/\/celina-tours.com\/blog\/wp-content\/uploads\/2025\/02\/BLOG-4-107.jpg","type":"image\/jpeg"}],"author":"ctours_blog","twitter_card":"summary_large_image","twitter_misc":{"Escrito por":"ctours_blog","Tempo estimado de leitura":"8 minutos"},"schema":{"@context":"https:\/\/schema.org","@graph":[{"@type":"Article","@id":"https:\/\/celina-tours.com\/blog\/fr\/visite-pour-une-journee-lisbonne-meilluer-lisbonne\/#article","isPartOf":{"@id":"https:\/\/celina-tours.com\/blog\/fr\/visite-pour-une-journee-lisbonne-meilluer-lisbonne\/"},"author":{"name":"ctours_blog","@id":"https:\/\/celina-tours.com\/blog\/#\/schema\/person\/e4611dfff819107474e643eb3c25e040"},"headline":"Visite pour une Journ\u00e9e \u00e0 Lisbonne le meilleur de Lisbonne","datePublished":"2025-02-13T15:17:00+00:00","dateModified":"2025-02-27T09:30:21+00:00","mainEntityOfPage":{"@id":"https:\/\/celina-tours.com\/blog\/fr\/visite-pour-une-journee-lisbonne-meilluer-lisbonne\/"},"wordCount":1119,"publisher":{"@id":"https:\/\/celina-tours.com\/blog\/#organization"},"image":{"@id":"https:\/\/celina-tours.com\/blog\/fr\/visite-pour-une-journee-lisbonne-meilluer-lisbonne\/#primaryimage"},"thumbnailUrl":"https:\/\/celina-tours.com\/blog\/wp-content\/uploads\/2025\/02\/BLOG-4-107.jpg","articleSection":["Autres informations"],"inLanguage":"pt-PT"},{"@type":"WebPage","@id":"https:\/\/celina-tours.com\/blog\/fr\/visite-pour-une-journee-lisbonne-meilluer-lisbonne\/","url":"https:\/\/celina-tours.com\/blog\/fr\/visite-pour-une-journee-lisbonne-meilluer-lisbonne\/","name":"Visite une Journ\u00e9e Lisbonne Que Voir \u00e0 Lisbonne en 1 Jour","isPartOf":{"@id":"https:\/\/celina-tours.com\/blog\/#website"},"primaryImageOfPage":{"@id":"https:\/\/celina-tours.com\/blog\/fr\/visite-pour-une-journee-lisbonne-meilluer-lisbonne\/#primaryimage"},"image":{"@id":"https:\/\/celina-tours.com\/blog\/fr\/visite-pour-une-journee-lisbonne-meilluer-lisbonne\/#primaryimage"},"thumbnailUrl":"https:\/\/celina-tours.com\/blog\/wp-content\/uploads\/2025\/02\/BLOG-4-107.jpg","datePublished":"2025-02-13T15:17:00+00:00","dateModified":"2025-02-27T09:30:21+00:00","description":"Visite d'une journ\u00e9e \u00e0 Lisbonne, visitez le meilleur de Lisbonne, d\u00e9couvrez Belem, Alfama, en une journ\u00e9e, vous pouvez visiter Lisbonne Jour","breadcrumb":{"@id":"https:\/\/celina-tours.com\/blog\/fr\/visite-pour-une-journee-lisbonne-meilluer-lisbonne\/#breadcrumb"},"inLanguage":"pt-PT","potentialAction":[{"@type":"ReadAction","target":["https:\/\/celina-tours.com\/blog\/fr\/visite-pour-une-journee-lisbonne-meilluer-lisbonne\/"]}]},{"@type":"ImageObject","inLanguage":"pt-PT","@id":"https:\/\/celina-tours.com\/blog\/fr\/visite-pour-une-journee-lisbonne-meilluer-lisbonne\/#primaryimage","url":"https:\/\/celina-tours.com\/blog\/wp-content\/uploads\/2025\/02\/BLOG-4-107.jpg","contentUrl":"https:\/\/celina-tours.com\/blog\/wp-content\/uploads\/2025\/02\/BLOG-4-107.jpg","width":600,"height":353},{"@type":"BreadcrumbList","@id":"https:\/\/celina-tours.com\/blog\/fr\/visite-pour-une-journee-lisbonne-meilluer-lisbonne\/#breadcrumb","itemListElement":[{"@type":"ListItem","position":1,"name":"In\u00edcio","item":"https:\/\/celina-tours.com\/blog\/pt\/"},{"@type":"ListItem","position":2,"name":"Visite pour une Journ\u00e9e \u00e0 Lisbonne le meilleur de Lisbonne"}]},{"@type":"WebSite","@id":"https:\/\/celina-tours.com\/blog\/#website","url":"https:\/\/celina-tours.com\/blog\/","name":"Celina Tours","description":"","publisher":{"@id":"https:\/\/celina-tours.com\/blog\/#organization"},"potentialAction":[{"@type":"SearchAction","target":{"@type":"EntryPoint","urlTemplate":"https:\/\/celina-tours.com\/blog\/?s={search_term_string}"},"query-input":{"@type":"PropertyValueSpecification","valueRequired":true,"valueName":"search_term_string"}}],"inLanguage":"pt-PT"},{"@type":"Organization","@id":"https:\/\/celina-tours.com\/blog\/#organization","name":"Celina Tours","url":"https:\/\/celina-tours.com\/blog\/","logo":{"@type":"ImageObject","inLanguage":"pt-PT","@id":"https:\/\/celina-tours.com\/blog\/#\/schema\/logo\/image\/","url":"https:\/\/celina-tours.com\/blog\/wp-content\/uploads\/2025\/01\/cropped-1-1.png","contentUrl":"https:\/\/celina-tours.com\/blog\/wp-content\/uploads\/2025\/01\/cropped-1-1.png","width":300,"height":94,"caption":"Celina Tours"},"image":{"@id":"https:\/\/celina-tours.com\/blog\/#\/schema\/logo\/image\/"},"sameAs":["https:\/\/www.instagram.com\/celinatourspt\/"]},{"@type":"Person","@id":"https:\/\/celina-tours.com\/blog\/#\/schema\/person\/e4611dfff819107474e643eb3c25e040","name":"ctours_blog","sameAs":["https:\/\/celina-tours.com\/blog"],"url":"https:\/\/celina-tours.com\/blog\/author\/ctours_blog\/"}]}},"_links":{"self":[{"href":"https:\/\/celina-tours.com\/blog\/wp-json\/wp\/v2\/posts\/4825","targetHints":{"allow":["GET"]}}],"collection":[{"href":"https:\/\/celina-tours.com\/blog\/wp-json\/wp\/v2\/posts"}],"about":[{"href":"https:\/\/celina-tours.com\/blog\/wp-json\/wp\/v2\/types\/post"}],"author":[{"embeddable":true,"href":"https:\/\/celina-tours.com\/blog\/wp-json\/wp\/v2\/users\/1"}],"replies":[{"embeddable":true,"href":"https:\/\/celina-tours.com\/blog\/wp-json\/wp\/v2\/comments?post=4825"}],"version-history":[{"count":7,"href":"https:\/\/celina-tours.com\/blog\/wp-json\/wp\/v2\/posts\/4825\/revisions"}],"predecessor-version":[{"id":5513,"href":"https:\/\/celina-tours.com\/blog\/wp-json\/wp\/v2\/posts\/4825\/revisions\/5513"}],"wp:featuredmedia":[{"embeddable":true,"href":"https:\/\/celina-tours.com\/blog\/wp-json\/wp\/v2\/media\/4838"}],"wp:attachment":[{"href":"https:\/\/celina-tours.com\/blog\/wp-json\/wp\/v2\/media?parent=4825"}],"wp:term":[{"taxonomy":"category","embeddable":true,"href":"https:\/\/celina-tours.com\/blog\/wp-json\/wp\/v2\/categories?post=4825"},{"taxonomy":"post_tag","embeddable":true,"href":"https:\/\/celina-tours.com\/blog\/wp-json\/wp\/v2\/tags?post=4825"}],"curies":[{"name":"wp","href":"https:\/\/api.w.org\/{rel}","templated":true}]}}