{"id":4761,"date":"2025-02-12T15:08:28","date_gmt":"2025-02-12T15:08:28","guid":{"rendered":"https:\/\/celina-tours.com\/blog\/?p=4761"},"modified":"2025-02-12T15:15:01","modified_gmt":"2025-02-12T15:15:01","slug":"que-visiter-dans-le-sud-du-portugal","status":"publish","type":"post","link":"https:\/\/celina-tours.com\/blog\/fr\/que-visiter-dans-le-sud-du-portugal\/","title":{"rendered":"Que Visiter dans le Sud du Portugal"},"content":{"rendered":"<h2>Que Visiter dans le Sud du Portugal : Un Guide Complet<\/h2>\n<p>Le sud du Portugal est une destination de r\u00eave, offrant une combinaison parfaite de plages paradisiaques, de villes historiques, de paysages \u00e0 couper le souffle et d\u2019une gastronomie riche. Cette r\u00e9gion comprend principalement l\u2019Alentejo et l\u2019Algarve, deux zones qui s\u00e9duisent les voyageurs par leur authenticit\u00e9 et leur diversit\u00e9.<\/p>\n<p>Que vous soyez passionn\u00e9 d\u2019histoire, amateur de farniente sur des plages dor\u00e9es ou curieux de d\u00e9couvrir les saveurs locales, le sud du Portugal a tout pour vous s\u00e9duire. Dans ce guide, nous vous emm\u00e8nerons \u00e0 la d\u00e9couverte des meilleurs endroits \u00e0 visiter, des sites incontournables aux tr\u00e9sors cach\u00e9s.<\/p>\n<h2>1. L\u2019Alentejo : Terre de Vins, de Ch\u00e2teaux et de Paysages Intemporels<\/h2>\n<p>L\u2019Alentejo est une r\u00e9gion de plaines dor\u00e9es, de villages blancs perch\u00e9s et de vignobles \u00e0 perte de vue. C\u2019est une destination id\u00e9ale pour les amateurs de culture, de gastronomie et de nature.<\/p>\n<h3>1.1 \u00c9vora : Une Ville au C\u0153ur de l\u2019Histoire<\/h3>\n<p><img decoding=\"async\" class=\"alignnone wp-image-4769 size-full lazyload\" data-src=\"https:\/\/celina-tours.com\/blog\/wp-content\/uploads\/2025\/02\/BLOG-4-91.jpg\" alt=\"\" width=\"600\" height=\"353\" data-srcset=\"https:\/\/celina-tours.com\/blog\/wp-content\/uploads\/2025\/02\/BLOG-4-91.jpg 600w, https:\/\/celina-tours.com\/blog\/wp-content\/uploads\/2025\/02\/BLOG-4-91-300x177.jpg 300w\" data-sizes=\"(max-width: 600px) 100vw, 600px\" src=\"data:image\/svg+xml;base64,PHN2ZyB3aWR0aD0iMSIgaGVpZ2h0PSIxIiB4bWxucz0iaHR0cDovL3d3dy53My5vcmcvMjAwMC9zdmciPjwvc3ZnPg==\" style=\"--smush-placeholder-width: 600px; --smush-placeholder-aspect-ratio: 600\/353;\" \/><\/p>\n<p>Class\u00e9e au patrimoine mondial de l\u2019UNESCO, \u00c9vora est une ville fascinante qui regorge de vestiges historiques. Parmi les sites \u00e0 ne pas manquer :<\/p>\n<p>Temple romain d\u2019\u00c9vora (Temple de Diane) \u2013 Un des monuments romains les mieux conserv\u00e9s de la p\u00e9ninsule ib\u00e9rique.<br \/>\nChapelle des Os (Capela dos Ossos) \u2013 Une chapelle \u00e9tonnante o\u00f9 les murs sont recouverts de cr\u00e2nes et d\u2019os humains.<br \/>\nCath\u00e9drale d\u2019\u00c9vora (S\u00e9 de \u00c9vora) \u2013 La plus grande cath\u00e9drale m\u00e9di\u00e9vale du Portugal, offrant une vue imprenable sur la ville.<br \/>\nPlace Giraldo (Pra\u00e7a do Giraldo) \u2013 Le centre n\u00e9vralgique d\u2019\u00c9vora, entour\u00e9 de b\u00e2timents historiques.<br \/>\nUniversit\u00e9 d\u2019\u00c9vora \u2013 Fond\u00e9e en 1559, c\u2019est l\u2019une des plus anciennes universit\u00e9s du pays.<\/p>\n<p>\u00c9vora est \u00e9galement une ville gastronomique. Ne partez pas sans avoir go\u00fbt\u00e9 \u00e0 l\u2019a\u00e7orda alentejana (soupe \u00e0 l\u2019ail et au pain) ou au porc noir ib\u00e9rique, accompagn\u00e9 d\u2019un vin rouge local.<\/p>\n<table style=\"width: 732px; height: 210px;\">\n<tbody>\n<tr>\n<td style=\"width: 644.8px;\">\n<h3><img decoding=\"async\" class=\"alignleft wp-image-3974 lazyload\" data-src=\"https:\/\/celina-tours.com\/blog\/wp-content\/uploads\/2025\/02\/evora.jpg\" alt=\"\" width=\"182\" height=\"182\" src=\"data:image\/svg+xml;base64,PHN2ZyB3aWR0aD0iMSIgaGVpZ2h0PSIxIiB4bWxucz0iaHR0cDovL3d3dy53My5vcmcvMjAwMC9zdmciPjwvc3ZnPg==\" style=\"--smush-placeholder-width: 182px; --smush-placeholder-aspect-ratio: 182\/182;\" \/><br \/>\nVISITES PRIV\u00c9E EVORA<\/h3>\n<p><a href=\"https:\/\/celina-tours.com\/fr-visite-privee-evora-excursion-lisbonne.php\" target=\"_blank\" rel=\"noopener\">Visite Priv\u00e9e &#8211; \u00c9vora et d\u00e9gustation de vins &gt;&gt;&gt;<\/a><\/td>\n<\/tr>\n<\/tbody>\n<\/table>\n<p>&nbsp;<\/p>\n<h3>1.2 Monsaraz : Un Village M\u00e9di\u00e9val Suspendu dans le Temps<\/h3>\n<p><img decoding=\"async\" class=\"alignnone wp-image-4770 size-full lazyload\" data-src=\"https:\/\/celina-tours.com\/blog\/wp-content\/uploads\/2025\/02\/BLOG-4-92.jpg\" alt=\"\" width=\"600\" height=\"353\" data-srcset=\"https:\/\/celina-tours.com\/blog\/wp-content\/uploads\/2025\/02\/BLOG-4-92.jpg 600w, https:\/\/celina-tours.com\/blog\/wp-content\/uploads\/2025\/02\/BLOG-4-92-300x177.jpg 300w\" data-sizes=\"(max-width: 600px) 100vw, 600px\" src=\"data:image\/svg+xml;base64,PHN2ZyB3aWR0aD0iMSIgaGVpZ2h0PSIxIiB4bWxucz0iaHR0cDovL3d3dy53My5vcmcvMjAwMC9zdmciPjwvc3ZnPg==\" style=\"--smush-placeholder-width: 600px; --smush-placeholder-aspect-ratio: 600\/353;\" \/><\/p>\n<p>Perch\u00e9 sur une colline surplombant le lac d\u2019Alqueva, Monsaraz est un village fortifi\u00e9 o\u00f9 le temps semble s\u2019\u00eatre arr\u00eat\u00e9. Ses ruelles pav\u00e9es et son ch\u00e2teau offrent un cadre unique.<\/p>\n<p>\u00c0 voir absolument :<\/p>\n<p>Ch\u00e2teau de Monsaraz \u2013 Une forteresse m\u00e9di\u00e9vale avec une vue magnifique sur la campagne alentour.<br \/>\nRua Direita \u2013 La rue principale du village, bord\u00e9e de boutiques d\u2019artisanat et de restaurants typiques.<br \/>\nObservation des \u00e9toiles \u2013 Gr\u00e2ce \u00e0 la faible pollution lumineuse, Monsaraz est un des meilleurs endroits du Portugal pour admirer le ciel nocturne.<\/p>\n<h3>1.3 Marv\u00e3o : Une Forteresse dans les Nuages<\/h3>\n<p><img decoding=\"async\" class=\"alignnone wp-image-4771 size-full lazyload\" data-src=\"https:\/\/celina-tours.com\/blog\/wp-content\/uploads\/2025\/02\/BLOG-4-93.jpg\" alt=\"\" width=\"600\" height=\"353\" data-srcset=\"https:\/\/celina-tours.com\/blog\/wp-content\/uploads\/2025\/02\/BLOG-4-93.jpg 600w, https:\/\/celina-tours.com\/blog\/wp-content\/uploads\/2025\/02\/BLOG-4-93-300x177.jpg 300w\" data-sizes=\"(max-width: 600px) 100vw, 600px\" src=\"data:image\/svg+xml;base64,PHN2ZyB3aWR0aD0iMSIgaGVpZ2h0PSIxIiB4bWxucz0iaHR0cDovL3d3dy53My5vcmcvMjAwMC9zdmciPjwvc3ZnPg==\" style=\"--smush-placeholder-width: 600px; --smush-placeholder-aspect-ratio: 600\/353;\" \/><\/p>\n<p>Situ\u00e9e \u00e0 la fronti\u00e8re espagnole, Marv\u00e3o est un village m\u00e9di\u00e9val perch\u00e9 \u00e0 plus de 800 m\u00e8tres d\u2019altitude.<\/p>\n<p>Les incontournables :<\/p>\n<p>Ch\u00e2teau de Marv\u00e3o \u2013 Un site impressionnant avec des vues panoramiques sur la r\u00e9gion.<br \/>\n\u00c9glise Santa Maria \u2013 Transform\u00e9e en mus\u00e9e d\u2019histoire locale.<br \/>\nBalade dans les ruelles \u2013 Ses maisons blanches et ses ruelles fleuries cr\u00e9ent une atmosph\u00e8re unique.<\/p>\n<h3>1.4 Vila Vi\u00e7osa : La Ville du Marbre<\/h3>\n<p>R\u00e9put\u00e9e pour ses carri\u00e8res de marbre, Vila Vi\u00e7osa est aussi connue pour son Palais ducal, ancienne r\u00e9sidence des ducs de Bragan\u00e7a.<\/p>\n<p>\u00c0 visiter :<\/p>\n<p>Palais ducal de Vila Vi\u00e7osa \u2013 Un impressionnant palais renaissance.<br \/>\nCh\u00e2teau de Vila Vi\u00e7osa \u2013 Une forteresse m\u00e9di\u00e9vale bien conserv\u00e9e.<br \/>\nMus\u00e9e du Marbre \u2013 D\u00e9di\u00e9 \u00e0 l\u2019industrie locale du marbre.<\/p>\n<h3>1.5 La C\u00f4te de l\u2019Alentejo : Plages Sauvages et Nature Pr\u00e9serv\u00e9e<\/h3>\n<p><img decoding=\"async\" class=\"alignnone wp-image-4772 size-full lazyload\" data-src=\"https:\/\/celina-tours.com\/blog\/wp-content\/uploads\/2025\/02\/BLOG-4-94.jpg\" alt=\"\" width=\"600\" height=\"353\" data-srcset=\"https:\/\/celina-tours.com\/blog\/wp-content\/uploads\/2025\/02\/BLOG-4-94.jpg 600w, https:\/\/celina-tours.com\/blog\/wp-content\/uploads\/2025\/02\/BLOG-4-94-300x177.jpg 300w\" data-sizes=\"(max-width: 600px) 100vw, 600px\" src=\"data:image\/svg+xml;base64,PHN2ZyB3aWR0aD0iMSIgaGVpZ2h0PSIxIiB4bWxucz0iaHR0cDovL3d3dy53My5vcmcvMjAwMC9zdmciPjwvc3ZnPg==\" style=\"--smush-placeholder-width: 600px; --smush-placeholder-aspect-ratio: 600\/353;\" \/><\/p>\n<p>Moins touristique que l\u2019Algarve, la c\u00f4te de l\u2019Alentejo regorge de plages magnifiques et de paysages sauvages. Parmi les plus belles plages :<\/p>\n<p>Plage de Comporta \u2013 Une destination chic pris\u00e9e des c\u00e9l\u00e9brit\u00e9s.<br \/>\nPlage de Carvalhal \u2013 Entour\u00e9e de dunes et de for\u00eats de pins.<br \/>\nPorto Covo \u2013 Un charmant village de p\u00eacheurs aux criques secr\u00e8tes.<br \/>\nVila Nova de Milfontes \u2013 Une station baln\u00e9aire id\u00e9ale pour les amateurs de plage et de gastronomie.<\/p>\n<h2>2. L\u2019Algarve : Un Paradis de Plages et de Falaises Spectaculaires<\/h2>\n<p><img decoding=\"async\" class=\"alignnone wp-image-4773 size-full lazyload\" data-src=\"https:\/\/celina-tours.com\/blog\/wp-content\/uploads\/2025\/02\/BLOG-4-95.jpg\" alt=\"\" width=\"600\" height=\"353\" data-srcset=\"https:\/\/celina-tours.com\/blog\/wp-content\/uploads\/2025\/02\/BLOG-4-95.jpg 600w, https:\/\/celina-tours.com\/blog\/wp-content\/uploads\/2025\/02\/BLOG-4-95-300x177.jpg 300w\" data-sizes=\"(max-width: 600px) 100vw, 600px\" src=\"data:image\/svg+xml;base64,PHN2ZyB3aWR0aD0iMSIgaGVpZ2h0PSIxIiB4bWxucz0iaHR0cDovL3d3dy53My5vcmcvMjAwMC9zdmciPjwvc3ZnPg==\" style=\"--smush-placeholder-width: 600px; --smush-placeholder-aspect-ratio: 600\/353;\" \/><\/p>\n<p>L\u2019Algarve est la r\u00e9gion la plus touristique du sud du Portugal, c\u00e9l\u00e8bre pour ses plages aux eaux cristallines, ses falaises impressionnantes et son climat ensoleill\u00e9 toute l\u2019ann\u00e9e.<\/p>\n<h3>2.1 Faro : La Porte d\u2019Entr\u00e9e de l\u2019Algarve<\/h3>\n<p>Capitale de l\u2019Algarve, Faro poss\u00e8de un centre historique charmant et un acc\u00e8s direct au Parc Naturel de la Ria Formosa.<\/p>\n<p>\u00c0 voir :<\/p>\n<p>Vieille ville de Faro (Cidade Velha) \u2013 Un d\u00e9dale de ruelles pav\u00e9es et d\u2019arcades pittoresques.<br \/>\nCath\u00e9drale de Faro \u2013 Offrant une vue imprenable sur la ville.<br \/>\n\u00cele D\u00e9serte (Ilha Deserta) \u2013 Une plage paradisiaque accessible en bateau.<\/p>\n<h3>2.2 Albufeira : La Ville Anim\u00e9e de l\u2019Algarve<\/h3>\n<p>Connue pour sa vie nocturne et ses plages spectaculaires, Albufeira est une des destinations les plus populaires.<\/p>\n<p>Les incontournables :<\/p>\n<p>Plage de la Fal\u00e9sia \u2013 Une des plus belles plages du Portugal, bord\u00e9e de falaises rouges.<br \/>\nPlage des P\u00eacheurs (Praia dos Pescadores) \u2013 Situ\u00e9e au c\u0153ur de la ville.<br \/>\nMarina d\u2019Albufeira \u2013 Point de d\u00e9part des excursions en bateau et des sports nautiques.<\/p>\n<h3>2.3 Lagos : Une Ville Historique et un Littoral de R\u00eave<\/h3>\n<p>Lagos combine un riche patrimoine avec des paysages \u00e0 couper le souffle.<\/p>\n<p>\u00c0 d\u00e9couvrir :<\/p>\n<p>Ponta da Piedade \u2013 Des falaises dor\u00e9es sculpt\u00e9es par l\u2019oc\u00e9an.<br \/>\nPlage de Camilo \u2013 Une crique idyllique accessible par un escalier en bois.<br \/>\nForteresse de Lagos \u2013 T\u00e9moignage de l\u2019histoire maritime du Portugal.<\/p>\n<h3>2.4 Carvoeiro et la Grotte de Benagil<\/h3>\n<p>Carvoeiro est une station baln\u00e9aire charmante, c\u00e9l\u00e8bre pour la grotte de Benagil, une merveille naturelle accessible en bateau ou en kayak.<\/p>\n<h3>2.5 Tavira : La Plus Belle Ville de l\u2019Algarve<\/h3>\n<p><img decoding=\"async\" class=\"alignnone wp-image-4774 size-full lazyload\" data-src=\"https:\/\/celina-tours.com\/blog\/wp-content\/uploads\/2025\/02\/BLOG-4-96.jpg\" alt=\"\" width=\"600\" height=\"353\" data-srcset=\"https:\/\/celina-tours.com\/blog\/wp-content\/uploads\/2025\/02\/BLOG-4-96.jpg 600w, https:\/\/celina-tours.com\/blog\/wp-content\/uploads\/2025\/02\/BLOG-4-96-300x177.jpg 300w\" data-sizes=\"(max-width: 600px) 100vw, 600px\" src=\"data:image\/svg+xml;base64,PHN2ZyB3aWR0aD0iMSIgaGVpZ2h0PSIxIiB4bWxucz0iaHR0cDovL3d3dy53My5vcmcvMjAwMC9zdmciPjwvc3ZnPg==\" style=\"--smush-placeholder-width: 600px; --smush-placeholder-aspect-ratio: 600\/353;\" \/><\/p>\n<p>Avec ses maisons blanches et son ambiance paisible, Tavira est une des plus belles villes de la r\u00e9gion.<\/p>\n<p>\u00c0 voir :<\/p>\n<p>\u00cele de Tavira \u2013 Une plage sauvage de sable blanc.<br \/>\nCh\u00e2teau de Tavira \u2013 Offrant une belle vue panoramique.<br \/>\nPont romain \u2013 Un symbole de la ville.<\/p>\n<h3>2.6 Sagres : Le Bout du Monde<\/h3>\n<p><img decoding=\"async\" class=\"alignnone wp-image-4775 size-full lazyload\" data-src=\"https:\/\/celina-tours.com\/blog\/wp-content\/uploads\/2025\/02\/BLOG-4-97.jpg\" alt=\"\" width=\"600\" height=\"353\" data-srcset=\"https:\/\/celina-tours.com\/blog\/wp-content\/uploads\/2025\/02\/BLOG-4-97.jpg 600w, https:\/\/celina-tours.com\/blog\/wp-content\/uploads\/2025\/02\/BLOG-4-97-300x177.jpg 300w\" data-sizes=\"(max-width: 600px) 100vw, 600px\" src=\"data:image\/svg+xml;base64,PHN2ZyB3aWR0aD0iMSIgaGVpZ2h0PSIxIiB4bWxucz0iaHR0cDovL3d3dy53My5vcmcvMjAwMC9zdmciPjwvc3ZnPg==\" style=\"--smush-placeholder-width: 600px; --smush-placeholder-aspect-ratio: 600\/353;\" \/><\/p>\n<p>Sagres est un lieu sauvage, parfait pour les amoureux de la nature et du surf.<\/p>\n<p>\u00c0 ne pas manquer :<\/p>\n<p>Cap Saint-Vincent (Cabo de S\u00e3o Vicente) \u2013 Le point le plus au sud-ouest de l\u2019Europe.<br \/>\nForteresse de Sagres \u2013 Un site charg\u00e9 d\u2019histoire.<br \/>\nPlage de Tonel \u2013 Parfaite pour le surf.<\/p>\n<h2>Conclusion<\/h2>\n<p>Le sud du Portugal est une destination fascinante et vari\u00e9e. L\u2019Alentejo s\u00e9duira les amateurs de culture et de gastronomie, tandis que l\u2019Algarve ravira les passionn\u00e9s de plages et d\u2019aventure.<\/p>\n<p>Alors, o\u00f9 partirez-vous en premier ? \ud83d\ude80<\/p>\n","protected":false},"excerpt":{"rendered":"<p>Que Visiter dans le Sud du Portugal : Un Guide Complet Le sud du Portugal est une destination de r\u00eave,&hellip;<\/p>\n","protected":false},"author":1,"featured_media":4766,"comment_status":"closed","ping_status":"closed","sticky":false,"template":"","format":"standard","meta":{"om_disable_all_campaigns":false,"footnotes":""},"categories":[185],"tags":[],"class_list":["post-4761","post","type-post","status-publish","format-standard","has-post-thumbnail","hentry","category-sud-portugal"],"yoast_head":"<!-- This site is optimized with the Yoast SEO plugin v27.0 - https:\/\/yoast.com\/product\/yoast-seo-wordpress\/ -->\n<title>Que Visiter dans le Sud du Portugal -<\/title>\n<meta name=\"robots\" content=\"index, follow, max-snippet:-1, max-image-preview:large, max-video-preview:-1\" \/>\n<link rel=\"canonical\" href=\"https:\/\/celina-tours.com\/blog\/fr\/que-visiter-dans-le-sud-du-portugal\/\" \/>\n<meta property=\"og:locale\" content=\"pt_PT\" \/>\n<meta property=\"og:type\" content=\"article\" \/>\n<meta property=\"og:title\" content=\"Que Visiter dans le Sud du Portugal -\" \/>\n<meta property=\"og:description\" content=\"Que Visiter dans le Sud du Portugal : Un Guide Complet Le sud du Portugal est une destination de r\u00eave,&hellip;\" \/>\n<meta property=\"og:url\" content=\"https:\/\/celina-tours.com\/blog\/fr\/que-visiter-dans-le-sud-du-portugal\/\" \/>\n<meta property=\"article:publisher\" content=\"https:\/\/www.instagram.com\/celinatourspt\/\" \/>\n<meta property=\"article:published_time\" content=\"2025-02-12T15:08:28+00:00\" \/>\n<meta property=\"article:modified_time\" content=\"2025-02-12T15:15:01+00:00\" \/>\n<meta property=\"og:image\" content=\"https:\/\/celina-tours.com\/blog\/wp-content\/uploads\/2025\/02\/BLOG-4-90.jpg\" \/>\n\t<meta property=\"og:image:width\" content=\"600\" \/>\n\t<meta property=\"og:image:height\" content=\"353\" \/>\n\t<meta property=\"og:image:type\" content=\"image\/jpeg\" \/>\n<meta name=\"author\" content=\"ctours_blog\" \/>\n<meta name=\"twitter:card\" content=\"summary_large_image\" \/>\n<meta name=\"twitter:label1\" content=\"Escrito por\" \/>\n\t<meta name=\"twitter:data1\" content=\"ctours_blog\" \/>\n\t<meta name=\"twitter:label2\" content=\"Tempo estimado de leitura\" \/>\n\t<meta name=\"twitter:data2\" content=\"8 minutos\" \/>\n<script type=\"application\/ld+json\" class=\"yoast-schema-graph\">{\"@context\":\"https:\/\/schema.org\",\"@graph\":[{\"@type\":\"Article\",\"@id\":\"https:\/\/celina-tours.com\/blog\/fr\/que-visiter-dans-le-sud-du-portugal\/#article\",\"isPartOf\":{\"@id\":\"https:\/\/celina-tours.com\/blog\/fr\/que-visiter-dans-le-sud-du-portugal\/\"},\"author\":{\"name\":\"ctours_blog\",\"@id\":\"https:\/\/celina-tours.com\/blog\/#\/schema\/person\/e4611dfff819107474e643eb3c25e040\"},\"headline\":\"Que Visiter dans le Sud du Portugal\",\"datePublished\":\"2025-02-12T15:08:28+00:00\",\"dateModified\":\"2025-02-12T15:15:01+00:00\",\"mainEntityOfPage\":{\"@id\":\"https:\/\/celina-tours.com\/blog\/fr\/que-visiter-dans-le-sud-du-portugal\/\"},\"wordCount\":1124,\"publisher\":{\"@id\":\"https:\/\/celina-tours.com\/blog\/#organization\"},\"image\":{\"@id\":\"https:\/\/celina-tours.com\/blog\/fr\/que-visiter-dans-le-sud-du-portugal\/#primaryimage\"},\"thumbnailUrl\":\"https:\/\/celina-tours.com\/blog\/wp-content\/uploads\/2025\/02\/BLOG-4-90.jpg\",\"articleSection\":[\"Sud du Portugal\"],\"inLanguage\":\"pt-PT\"},{\"@type\":\"WebPage\",\"@id\":\"https:\/\/celina-tours.com\/blog\/fr\/que-visiter-dans-le-sud-du-portugal\/\",\"url\":\"https:\/\/celina-tours.com\/blog\/fr\/que-visiter-dans-le-sud-du-portugal\/\",\"name\":\"Que Visiter dans le Sud du Portugal -\",\"isPartOf\":{\"@id\":\"https:\/\/celina-tours.com\/blog\/#website\"},\"primaryImageOfPage\":{\"@id\":\"https:\/\/celina-tours.com\/blog\/fr\/que-visiter-dans-le-sud-du-portugal\/#primaryimage\"},\"image\":{\"@id\":\"https:\/\/celina-tours.com\/blog\/fr\/que-visiter-dans-le-sud-du-portugal\/#primaryimage\"},\"thumbnailUrl\":\"https:\/\/celina-tours.com\/blog\/wp-content\/uploads\/2025\/02\/BLOG-4-90.jpg\",\"datePublished\":\"2025-02-12T15:08:28+00:00\",\"dateModified\":\"2025-02-12T15:15:01+00:00\",\"breadcrumb\":{\"@id\":\"https:\/\/celina-tours.com\/blog\/fr\/que-visiter-dans-le-sud-du-portugal\/#breadcrumb\"},\"inLanguage\":\"pt-PT\",\"potentialAction\":[{\"@type\":\"ReadAction\",\"target\":[\"https:\/\/celina-tours.com\/blog\/fr\/que-visiter-dans-le-sud-du-portugal\/\"]}]},{\"@type\":\"ImageObject\",\"inLanguage\":\"pt-PT\",\"@id\":\"https:\/\/celina-tours.com\/blog\/fr\/que-visiter-dans-le-sud-du-portugal\/#primaryimage\",\"url\":\"https:\/\/celina-tours.com\/blog\/wp-content\/uploads\/2025\/02\/BLOG-4-90.jpg\",\"contentUrl\":\"https:\/\/celina-tours.com\/blog\/wp-content\/uploads\/2025\/02\/BLOG-4-90.jpg\",\"width\":600,\"height\":353},{\"@type\":\"BreadcrumbList\",\"@id\":\"https:\/\/celina-tours.com\/blog\/fr\/que-visiter-dans-le-sud-du-portugal\/#breadcrumb\",\"itemListElement\":[{\"@type\":\"ListItem\",\"position\":1,\"name\":\"In\u00edcio\",\"item\":\"https:\/\/celina-tours.com\/blog\/pt\/\"},{\"@type\":\"ListItem\",\"position\":2,\"name\":\"Que Visiter dans le Sud du Portugal\"}]},{\"@type\":\"WebSite\",\"@id\":\"https:\/\/celina-tours.com\/blog\/#website\",\"url\":\"https:\/\/celina-tours.com\/blog\/\",\"name\":\"Celina Tours\",\"description\":\"\",\"publisher\":{\"@id\":\"https:\/\/celina-tours.com\/blog\/#organization\"},\"potentialAction\":[{\"@type\":\"SearchAction\",\"target\":{\"@type\":\"EntryPoint\",\"urlTemplate\":\"https:\/\/celina-tours.com\/blog\/?s={search_term_string}\"},\"query-input\":{\"@type\":\"PropertyValueSpecification\",\"valueRequired\":true,\"valueName\":\"search_term_string\"}}],\"inLanguage\":\"pt-PT\"},{\"@type\":\"Organization\",\"@id\":\"https:\/\/celina-tours.com\/blog\/#organization\",\"name\":\"Celina Tours\",\"url\":\"https:\/\/celina-tours.com\/blog\/\",\"logo\":{\"@type\":\"ImageObject\",\"inLanguage\":\"pt-PT\",\"@id\":\"https:\/\/celina-tours.com\/blog\/#\/schema\/logo\/image\/\",\"url\":\"https:\/\/celina-tours.com\/blog\/wp-content\/uploads\/2025\/01\/cropped-1-1.png\",\"contentUrl\":\"https:\/\/celina-tours.com\/blog\/wp-content\/uploads\/2025\/01\/cropped-1-1.png\",\"width\":300,\"height\":94,\"caption\":\"Celina Tours\"},\"image\":{\"@id\":\"https:\/\/celina-tours.com\/blog\/#\/schema\/logo\/image\/\"},\"sameAs\":[\"https:\/\/www.instagram.com\/celinatourspt\/\"]},{\"@type\":\"Person\",\"@id\":\"https:\/\/celina-tours.com\/blog\/#\/schema\/person\/e4611dfff819107474e643eb3c25e040\",\"name\":\"ctours_blog\",\"sameAs\":[\"https:\/\/celina-tours.com\/blog\"],\"url\":\"https:\/\/celina-tours.com\/blog\/author\/ctours_blog\/\"}]}<\/script>\n<!-- \/ Yoast SEO plugin. -->","yoast_head_json":{"title":"Que Visiter dans le Sud du Portugal -","robots":{"index":"index","follow":"follow","max-snippet":"max-snippet:-1","max-image-preview":"max-image-preview:large","max-video-preview":"max-video-preview:-1"},"canonical":"https:\/\/celina-tours.com\/blog\/fr\/que-visiter-dans-le-sud-du-portugal\/","og_locale":"pt_PT","og_type":"article","og_title":"Que Visiter dans le Sud du Portugal -","og_description":"Que Visiter dans le Sud du Portugal : Un Guide Complet Le sud du Portugal est une destination de r\u00eave,&hellip;","og_url":"https:\/\/celina-tours.com\/blog\/fr\/que-visiter-dans-le-sud-du-portugal\/","article_publisher":"https:\/\/www.instagram.com\/celinatourspt\/","article_published_time":"2025-02-12T15:08:28+00:00","article_modified_time":"2025-02-12T15:15:01+00:00","og_image":[{"width":600,"height":353,"url":"https:\/\/celina-tours.com\/blog\/wp-content\/uploads\/2025\/02\/BLOG-4-90.jpg","type":"image\/jpeg"}],"author":"ctours_blog","twitter_card":"summary_large_image","twitter_misc":{"Escrito por":"ctours_blog","Tempo estimado de leitura":"8 minutos"},"schema":{"@context":"https:\/\/schema.org","@graph":[{"@type":"Article","@id":"https:\/\/celina-tours.com\/blog\/fr\/que-visiter-dans-le-sud-du-portugal\/#article","isPartOf":{"@id":"https:\/\/celina-tours.com\/blog\/fr\/que-visiter-dans-le-sud-du-portugal\/"},"author":{"name":"ctours_blog","@id":"https:\/\/celina-tours.com\/blog\/#\/schema\/person\/e4611dfff819107474e643eb3c25e040"},"headline":"Que Visiter dans le Sud du Portugal","datePublished":"2025-02-12T15:08:28+00:00","dateModified":"2025-02-12T15:15:01+00:00","mainEntityOfPage":{"@id":"https:\/\/celina-tours.com\/blog\/fr\/que-visiter-dans-le-sud-du-portugal\/"},"wordCount":1124,"publisher":{"@id":"https:\/\/celina-tours.com\/blog\/#organization"},"image":{"@id":"https:\/\/celina-tours.com\/blog\/fr\/que-visiter-dans-le-sud-du-portugal\/#primaryimage"},"thumbnailUrl":"https:\/\/celina-tours.com\/blog\/wp-content\/uploads\/2025\/02\/BLOG-4-90.jpg","articleSection":["Sud du Portugal"],"inLanguage":"pt-PT"},{"@type":"WebPage","@id":"https:\/\/celina-tours.com\/blog\/fr\/que-visiter-dans-le-sud-du-portugal\/","url":"https:\/\/celina-tours.com\/blog\/fr\/que-visiter-dans-le-sud-du-portugal\/","name":"Que Visiter dans le Sud du Portugal -","isPartOf":{"@id":"https:\/\/celina-tours.com\/blog\/#website"},"primaryImageOfPage":{"@id":"https:\/\/celina-tours.com\/blog\/fr\/que-visiter-dans-le-sud-du-portugal\/#primaryimage"},"image":{"@id":"https:\/\/celina-tours.com\/blog\/fr\/que-visiter-dans-le-sud-du-portugal\/#primaryimage"},"thumbnailUrl":"https:\/\/celina-tours.com\/blog\/wp-content\/uploads\/2025\/02\/BLOG-4-90.jpg","datePublished":"2025-02-12T15:08:28+00:00","dateModified":"2025-02-12T15:15:01+00:00","breadcrumb":{"@id":"https:\/\/celina-tours.com\/blog\/fr\/que-visiter-dans-le-sud-du-portugal\/#breadcrumb"},"inLanguage":"pt-PT","potentialAction":[{"@type":"ReadAction","target":["https:\/\/celina-tours.com\/blog\/fr\/que-visiter-dans-le-sud-du-portugal\/"]}]},{"@type":"ImageObject","inLanguage":"pt-PT","@id":"https:\/\/celina-tours.com\/blog\/fr\/que-visiter-dans-le-sud-du-portugal\/#primaryimage","url":"https:\/\/celina-tours.com\/blog\/wp-content\/uploads\/2025\/02\/BLOG-4-90.jpg","contentUrl":"https:\/\/celina-tours.com\/blog\/wp-content\/uploads\/2025\/02\/BLOG-4-90.jpg","width":600,"height":353},{"@type":"BreadcrumbList","@id":"https:\/\/celina-tours.com\/blog\/fr\/que-visiter-dans-le-sud-du-portugal\/#breadcrumb","itemListElement":[{"@type":"ListItem","position":1,"name":"In\u00edcio","item":"https:\/\/celina-tours.com\/blog\/pt\/"},{"@type":"ListItem","position":2,"name":"Que Visiter dans le Sud du Portugal"}]},{"@type":"WebSite","@id":"https:\/\/celina-tours.com\/blog\/#website","url":"https:\/\/celina-tours.com\/blog\/","name":"Celina Tours","description":"","publisher":{"@id":"https:\/\/celina-tours.com\/blog\/#organization"},"potentialAction":[{"@type":"SearchAction","target":{"@type":"EntryPoint","urlTemplate":"https:\/\/celina-tours.com\/blog\/?s={search_term_string}"},"query-input":{"@type":"PropertyValueSpecification","valueRequired":true,"valueName":"search_term_string"}}],"inLanguage":"pt-PT"},{"@type":"Organization","@id":"https:\/\/celina-tours.com\/blog\/#organization","name":"Celina Tours","url":"https:\/\/celina-tours.com\/blog\/","logo":{"@type":"ImageObject","inLanguage":"pt-PT","@id":"https:\/\/celina-tours.com\/blog\/#\/schema\/logo\/image\/","url":"https:\/\/celina-tours.com\/blog\/wp-content\/uploads\/2025\/01\/cropped-1-1.png","contentUrl":"https:\/\/celina-tours.com\/blog\/wp-content\/uploads\/2025\/01\/cropped-1-1.png","width":300,"height":94,"caption":"Celina Tours"},"image":{"@id":"https:\/\/celina-tours.com\/blog\/#\/schema\/logo\/image\/"},"sameAs":["https:\/\/www.instagram.com\/celinatourspt\/"]},{"@type":"Person","@id":"https:\/\/celina-tours.com\/blog\/#\/schema\/person\/e4611dfff819107474e643eb3c25e040","name":"ctours_blog","sameAs":["https:\/\/celina-tours.com\/blog"],"url":"https:\/\/celina-tours.com\/blog\/author\/ctours_blog\/"}]}},"_links":{"self":[{"href":"https:\/\/celina-tours.com\/blog\/wp-json\/wp\/v2\/posts\/4761","targetHints":{"allow":["GET"]}}],"collection":[{"href":"https:\/\/celina-tours.com\/blog\/wp-json\/wp\/v2\/posts"}],"about":[{"href":"https:\/\/celina-tours.com\/blog\/wp-json\/wp\/v2\/types\/post"}],"author":[{"embeddable":true,"href":"https:\/\/celina-tours.com\/blog\/wp-json\/wp\/v2\/users\/1"}],"replies":[{"embeddable":true,"href":"https:\/\/celina-tours.com\/blog\/wp-json\/wp\/v2\/comments?post=4761"}],"version-history":[{"count":4,"href":"https:\/\/celina-tours.com\/blog\/wp-json\/wp\/v2\/posts\/4761\/revisions"}],"predecessor-version":[{"id":4779,"href":"https:\/\/celina-tours.com\/blog\/wp-json\/wp\/v2\/posts\/4761\/revisions\/4779"}],"wp:featuredmedia":[{"embeddable":true,"href":"https:\/\/celina-tours.com\/blog\/wp-json\/wp\/v2\/media\/4766"}],"wp:attachment":[{"href":"https:\/\/celina-tours.com\/blog\/wp-json\/wp\/v2\/media?parent=4761"}],"wp:term":[{"taxonomy":"category","embeddable":true,"href":"https:\/\/celina-tours.com\/blog\/wp-json\/wp\/v2\/categories?post=4761"},{"taxonomy":"post_tag","embeddable":true,"href":"https:\/\/celina-tours.com\/blog\/wp-json\/wp\/v2\/tags?post=4761"}],"curies":[{"name":"wp","href":"https:\/\/api.w.org\/{rel}","templated":true}]}}