{"id":4552,"date":"2025-02-10T08:40:52","date_gmt":"2025-02-10T08:40:52","guid":{"rendered":"https:\/\/celina-tours.com\/blog\/?p=4552"},"modified":"2025-02-27T09:23:08","modified_gmt":"2025-02-27T09:23:08","slug":"trois-monuments-importants-a-visiter-a-porto","status":"publish","type":"post","link":"https:\/\/celina-tours.com\/blog\/fr\/trois-monuments-importants-a-visiter-a-porto\/","title":{"rendered":"Trois monuments importants \u00e0 visiter \u00e0 Porto"},"content":{"rendered":"<h2>Trois monuments importants \u00e0 visiter \u00e0 Porto<\/h2>\n<p>Porto, la deuxi\u00e8me plus grande ville du Portugal, est une destination fascinante qui allie histoire, architecture et culture. Situ\u00e9e sur les rives du fleuve Douro, elle est c\u00e9l\u00e8bre pour son centre historique class\u00e9 au patrimoine mondial de l\u2019UNESCO, ses b\u00e2timents anciens et, bien s\u00fbr, son c\u00e9l\u00e8bre vin de Porto.<\/p>\n<p>La ville regorge de monuments remarquables qui t\u00e9moignent de son riche pass\u00e9, mais trois d\u2019entre eux se distinguent par leur importance architecturale, historique et culturelle : la Tour des Cl\u00e9rigos, la Cath\u00e9drale de Porto (S\u00e9 do Porto) et le Pont Dom Lu\u00eds I. Ces trois monuments embl\u00e9matiques offrent aux visiteurs une immersion unique dans le patrimoine de Porto.<\/p>\n<h2>1. La Tour des Cl\u00e9rigos : le symbole du ciel de Porto<\/h2>\n<h3><img decoding=\"async\" class=\"alignnone wp-image-4563 size-full lazyload\" data-src=\"https:\/\/celina-tours.com\/blog\/wp-content\/uploads\/2025\/02\/BLOG-4-57.jpg\" alt=\"\" width=\"600\" height=\"353\" data-srcset=\"https:\/\/celina-tours.com\/blog\/wp-content\/uploads\/2025\/02\/BLOG-4-57.jpg 600w, https:\/\/celina-tours.com\/blog\/wp-content\/uploads\/2025\/02\/BLOG-4-57-300x177.jpg 300w\" data-sizes=\"(max-width: 600px) 100vw, 600px\" src=\"data:image\/svg+xml;base64,PHN2ZyB3aWR0aD0iMSIgaGVpZ2h0PSIxIiB4bWxucz0iaHR0cDovL3d3dy53My5vcmcvMjAwMC9zdmciPjwvc3ZnPg==\" style=\"--smush-placeholder-width: 600px; --smush-placeholder-aspect-ratio: 600\/353;\" \/><\/h3>\n<h3>Histoire et construction<\/h3>\n<p>La Tour des Cl\u00e9rigos (Torre dos Cl\u00e9rigos) est l\u2019un des monuments les plus c\u00e9l\u00e8bres de Porto et constitue un rep\u00e8re visuel incontournable dans la ville. Construite entre 1754 et 1763, elle a \u00e9t\u00e9 con\u00e7ue par l\u2019architecte italien Nicolau Nasoni, qui a laiss\u00e9 une empreinte durable sur l\u2019architecture de Porto.<\/p>\n<p>La tour fait partie du complexe de l\u2019\u00e9glise des Cl\u00e9rigos, un \u00e9difice baroque command\u00e9 par la Confr\u00e9rie des Clercs Pauvres (Irmandade dos Cl\u00e9rigos Pobres), une organisation religieuse locale. Son architecture \u00e9l\u00e9gante et imposante t\u00e9moigne du g\u00e9nie de Nasoni, qui a \u00e9galement travaill\u00e9 sur plusieurs autres monuments prestigieux de la ville, comme l\u2019\u00e9glise de la Mis\u00e9ricorde et le Palais \u00c9piscopal.<\/p>\n<h3>Architecture et caract\u00e9ristiques<\/h3>\n<p>Avec ses 75 m\u00e8tres de hauteur, la Tour des Cl\u00e9rigos est l\u2019un des plus hauts \u00e9difices du Portugal. Elle est compos\u00e9e de six niveaux accessibles par un escalier en colima\u00e7on de 240 marches.<\/p>\n<p>Le style baroque de la tour se distingue par son \u00e9l\u00e9gance, ses courbes dynamiques et ses d\u00e9tails d\u00e9coratifs raffin\u00e9s. L\u2019\u00e9glise attenante, \u00e9galement de style baroque, poss\u00e8de une fa\u00e7ade sculpt\u00e9e richement orn\u00e9e et un int\u00e9rieur somptueux avec des autels dor\u00e9s.<br \/>\nImportance culturelle et touristique<\/p>\n<p>Aujourd\u2019hui, la Tour des Cl\u00e9rigos est l\u2019un des sites les plus visit\u00e9s de Porto. L\u2019ascension des 240 marches est r\u00e9compens\u00e9e par une vue panoramique \u00e0 couper le souffle sur la ville, le fleuve Douro et les ponts embl\u00e9matiques reliant Porto \u00e0 Vila Nova de Gaia.<\/p>\n<p>Le monument accueille \u00e9galement des expositions, des concerts et des \u00e9v\u00e9nements culturels, contribuant ainsi \u00e0 la vie artistique de la ville.<\/p>\n<p>&nbsp;<\/p>\n<table style=\"width: 732px; height: 210px;\">\n<tbody>\n<tr>\n<td style=\"width: 644.8px;\">\n<h3><img decoding=\"async\" class=\"alignleft wp-image-3974 lazyload\" data-src=\"https:\/\/celina-tours.com\/blog\/wp-content\/uploads\/2025\/02\/porto.jpg\" alt=\"\" width=\"182\" height=\"182\" src=\"data:image\/svg+xml;base64,PHN2ZyB3aWR0aD0iMSIgaGVpZ2h0PSIxIiB4bWxucz0iaHR0cDovL3d3dy53My5vcmcvMjAwMC9zdmciPjwvc3ZnPg==\" style=\"--smush-placeholder-width: 182px; --smush-placeholder-aspect-ratio: 182\/182;\" \/><br \/>\nVISITES PRIV\u00c9E PORTO<\/h3>\n<p><a href=\"https:\/\/celina-tours.com\/fr-visite-privee-porto.php\" target=\"_blank\" rel=\"noopener\">Visite Priv\u00e9e &#8211; PORTO et d\u00e9gustation de vins &gt;&gt;&gt;<\/a><\/td>\n<\/tr>\n<\/tbody>\n<\/table>\n<p>&nbsp;<\/p>\n<h2>2. La Cath\u00e9drale de Porto : une forteresse spirituelle<\/h2>\n<h3><img decoding=\"async\" class=\"alignnone wp-image-4565 size-full lazyload\" data-src=\"https:\/\/celina-tours.com\/blog\/wp-content\/uploads\/2025\/02\/BLOG-4-58.jpg\" alt=\"\" width=\"600\" height=\"353\" data-srcset=\"https:\/\/celina-tours.com\/blog\/wp-content\/uploads\/2025\/02\/BLOG-4-58.jpg 600w, https:\/\/celina-tours.com\/blog\/wp-content\/uploads\/2025\/02\/BLOG-4-58-300x177.jpg 300w\" data-sizes=\"(max-width: 600px) 100vw, 600px\" src=\"data:image\/svg+xml;base64,PHN2ZyB3aWR0aD0iMSIgaGVpZ2h0PSIxIiB4bWxucz0iaHR0cDovL3d3dy53My5vcmcvMjAwMC9zdmciPjwvc3ZnPg==\" style=\"--smush-placeholder-width: 600px; --smush-placeholder-aspect-ratio: 600\/353;\" \/><\/h3>\n<h3>Origine et d\u00e9veloppement historique<\/h3>\n<p>La Cath\u00e9drale de Porto (S\u00e9 do Porto) est l\u2019un des monuments religieux les plus anciens et les plus importants de la ville. Sa construction a d\u00e9but\u00e9 au XIIe si\u00e8cle, \u00e0 l\u2019\u00e9poque o\u00f9 le Portugal venait d\u2019\u00eatre fond\u00e9, et s\u2019est poursuivie sur plusieurs si\u00e8cles, int\u00e9grant divers styles architecturaux.<\/p>\n<p>Ce lieu embl\u00e9matique a jou\u00e9 un r\u00f4le fondamental dans l\u2019histoire portugaise. C\u2019est dans cette cath\u00e9drale qu\u2019a eu lieu en 1387 le mariage du roi Jean Ier (Dom Jo\u00e3o I) avec Philippa de Lancastre, une union qui a renforc\u00e9 l\u2019alliance entre le Portugal et l\u2019Angleterre.<br \/>\nArchitecture et transformations<\/p>\n<p>La cath\u00e9drale est un fascinant m\u00e9lange de styles roman, gothique et baroque :<\/p>\n<p>Style roman : Les premi\u00e8res parties de la cath\u00e9drale, notamment ses murs massifs et ses fen\u00eatres \u00e9troites, refl\u00e8tent le style roman m\u00e9di\u00e9val, inspir\u00e9 des forteresses.<br \/>\nStyle gothique : Le clo\u00eetre, ajout\u00e9 au XIVe si\u00e8cle, est une merveille du style gothique portugais, avec ses arcades \u00e9l\u00e9gantes et ses azulejos traditionnels (carreaux de fa\u00efence peints).<br \/>\nStyle baroque : Au XVIIIe si\u00e8cle, des ajouts baroques ont enrichi l\u2019int\u00e9rieur et la fa\u00e7ade de la cath\u00e9drale, lui conf\u00e9rant plus d\u2019opulence.<\/p>\n<p>L\u2019un des \u00e9l\u00e9ments les plus impressionnants de la cath\u00e9drale est sa grande rosace, un chef-d\u2019\u0153uvre d\u2019architecture m\u00e9di\u00e9vale.<\/p>\n<h3>La cath\u00e9drale et la ville<\/h3>\n<p>Situ\u00e9e sur une colline, la cath\u00e9drale offre une vue imprenable sur le centre historique de Porto et le Douro. La place devant la cath\u00e9drale est un lieu id\u00e9al pour admirer la ville et prendre des photos.<\/p>\n<p>De plus, la cath\u00e9drale est un point de d\u00e9part pour les p\u00e8lerins du Chemin de Saint-Jacques-de-Compostelle, qui traverse le nord de l\u2019Espagne jusqu\u2019\u00e0 Saint-Jacques-de-Compostelle.<\/p>\n<h2>3. Le Pont Dom Lu\u00eds I : une prouesse d\u2019ing\u00e9nierie<\/h2>\n<h3><img decoding=\"async\" class=\"alignnone wp-image-4566 size-full lazyload\" data-src=\"https:\/\/celina-tours.com\/blog\/wp-content\/uploads\/2025\/02\/BLOG-4-59.jpg\" alt=\"\" width=\"600\" height=\"353\" data-srcset=\"https:\/\/celina-tours.com\/blog\/wp-content\/uploads\/2025\/02\/BLOG-4-59.jpg 600w, https:\/\/celina-tours.com\/blog\/wp-content\/uploads\/2025\/02\/BLOG-4-59-300x177.jpg 300w\" data-sizes=\"(max-width: 600px) 100vw, 600px\" src=\"data:image\/svg+xml;base64,PHN2ZyB3aWR0aD0iMSIgaGVpZ2h0PSIxIiB4bWxucz0iaHR0cDovL3d3dy53My5vcmcvMjAwMC9zdmciPjwvc3ZnPg==\" style=\"--smush-placeholder-width: 600px; --smush-placeholder-aspect-ratio: 600\/353;\" \/><\/h3>\n<h3>Contexte historique et construction<\/h3>\n<p>Le Pont Dom Lu\u00eds I est l\u2019un des symboles les plus embl\u00e9matiques de Porto. Construit entre 1881 et 1886, il a \u00e9t\u00e9 con\u00e7u par l\u2019ing\u00e9nieur belge Th\u00e9ophile Seyrig, un disciple de Gustave Eiffel. Ce pont a remplac\u00e9 un ancien pont suspendu et est devenu un t\u00e9moignage du progr\u00e8s technologique du XIXe si\u00e8cle.<\/p>\n<p>Le pont doit son nom au roi Dom Lu\u00eds I, qui r\u00e9gnait sur le Portugal \u00e0 l\u2019\u00e9poque de sa construction. Son architecture m\u00e9tallique et sa structure imposante sont inspir\u00e9es des avanc\u00e9es de l\u2019ing\u00e9nierie industrielle.<\/p>\n<h3>Structure et design<\/h3>\n<p>Le pont Dom Lu\u00eds I traverse le Douro et relie Porto \u00e0 Vila Nova de Gaia. Il est constitu\u00e9 de deux tabliers :<\/p>\n<p>Le tablier sup\u00e9rieur : Aujourd\u2019hui utilis\u00e9 par le m\u00e9tro de Porto et les pi\u00e9tons. Il offre une vue panoramique imprenable sur la ville et le fleuve.<br \/>\nLe tablier inf\u00e9rieur : Destin\u00e9 aux voitures et aux pi\u00e9tons, il permet un acc\u00e8s direct aux quais de Porto et de Vila Nova de Gaia.<\/p>\n<p>L\u2019arche m\u00e9tallique du pont mesure 172 m\u00e8tres de long, ce qui en faisait l\u2019un des plus grands du monde \u00e0 l\u2019\u00e9poque de sa construction.<br \/>\nImportance touristique et culturelle<\/p>\n<p>Le pont Dom Lu\u00eds I est bien plus qu\u2019un simple moyen de traverser le Douro : il est un lieu de promenade tr\u00e8s appr\u00e9ci\u00e9. La travers\u00e9e du pont, en particulier par le tablier sup\u00e9rieur, est une exp\u00e9rience incontournable, notamment au coucher du soleil.<\/p>\n<p>Le pont relie directement le quartier historique de la Ribeira, un des endroits les plus pittoresques de Porto, aux caves \u00e0 vin de Vila Nova de Gaia, o\u00f9 l\u2019on peut d\u00e9guster le c\u00e9l\u00e8bre vin de Porto.<\/p>\n<p>Chaque ann\u00e9e, le pont devient un centre d\u2019animation lors des festivit\u00e9s de la Saint-Jean (S\u00e3o Jo\u00e3o), la plus grande f\u00eate populaire de Porto, o\u00f9 des milliers de personnes se rassemblent pour admirer les feux d\u2019artifice et c\u00e9l\u00e9brer avec des concerts et des danses traditionnelles.<\/p>\n<h2>Conclusion<\/h2>\n<p>Porto est une ville qui regorge de tr\u00e9sors architecturaux et culturels. Parmi les nombreux monuments historiques, la Tour des Cl\u00e9rigos, la Cath\u00e9drale de Porto et le Pont Dom Lu\u00eds I se distinguent comme des symboles majeurs de la ville.<\/p>\n<p>La Tour des Cl\u00e9rigos est un chef-d\u2019\u0153uvre baroque offrant une vue panoramique inoubliable.<br \/>\nLa Cath\u00e9drale de Porto est un joyau m\u00e9di\u00e9val m\u00ealant roman, gothique et baroque, tout en \u00e9tant un haut lieu spirituel.<br \/>\nLe Pont Dom Lu\u00eds I est une merveille d\u2019ing\u00e9nierie qui relie le pass\u00e9 et le pr\u00e9sent de Porto.<\/p>\n<p>Ces monuments embl\u00e9matiques font partie des exp\u00e9riences incontournables de Porto et permettent aux visiteurs de d\u00e9couvrir l\u2019histoire fascinante et le charme unique de cette ville magnifique.<\/p>\n","protected":false},"excerpt":{"rendered":"<p>Trois monuments importants \u00e0 visiter \u00e0 Porto Porto, la deuxi\u00e8me plus grande ville du Portugal, est une destination fascinante qui&hellip;<\/p>\n","protected":false},"author":1,"featured_media":4556,"comment_status":"closed","ping_status":"closed","sticky":false,"template":"","format":"standard","meta":{"om_disable_all_campaigns":false,"footnotes":""},"categories":[193],"tags":[],"class_list":["post-4552","post","type-post","status-publish","format-standard","has-post-thumbnail","hentry","category-nord-portugal"],"yoast_head":"<!-- This site is optimized with the Yoast SEO plugin v27.0 - https:\/\/yoast.com\/product\/yoast-seo-wordpress\/ -->\n<title>Trois monuments importants \u00e0 visiter \u00e0 Porto -<\/title>\n<meta name=\"robots\" content=\"index, follow, max-snippet:-1, max-image-preview:large, max-video-preview:-1\" \/>\n<link rel=\"canonical\" href=\"https:\/\/celina-tours.com\/blog\/fr\/trois-monuments-importants-a-visiter-a-porto\/\" \/>\n<meta property=\"og:locale\" content=\"pt_PT\" \/>\n<meta property=\"og:type\" content=\"article\" \/>\n<meta property=\"og:title\" content=\"Trois monuments importants \u00e0 visiter \u00e0 Porto -\" \/>\n<meta property=\"og:description\" content=\"Trois monuments importants \u00e0 visiter \u00e0 Porto Porto, la deuxi\u00e8me plus grande ville du Portugal, est une destination fascinante qui&hellip;\" \/>\n<meta property=\"og:url\" content=\"https:\/\/celina-tours.com\/blog\/fr\/trois-monuments-importants-a-visiter-a-porto\/\" \/>\n<meta property=\"article:publisher\" content=\"https:\/\/www.instagram.com\/celinatourspt\/\" \/>\n<meta property=\"article:published_time\" content=\"2025-02-10T08:40:52+00:00\" \/>\n<meta property=\"article:modified_time\" content=\"2025-02-27T09:23:08+00:00\" \/>\n<meta property=\"og:image\" content=\"https:\/\/celina-tours.com\/blog\/wp-content\/uploads\/2025\/02\/BLOG-4-56.jpg\" \/>\n\t<meta property=\"og:image:width\" content=\"600\" \/>\n\t<meta property=\"og:image:height\" content=\"353\" \/>\n\t<meta property=\"og:image:type\" content=\"image\/jpeg\" \/>\n<meta name=\"author\" content=\"ctours_blog\" \/>\n<meta name=\"twitter:card\" content=\"summary_large_image\" \/>\n<meta name=\"twitter:label1\" content=\"Escrito por\" \/>\n\t<meta name=\"twitter:data1\" content=\"ctours_blog\" \/>\n\t<meta name=\"twitter:label2\" content=\"Tempo estimado de leitura\" \/>\n\t<meta name=\"twitter:data2\" content=\"8 minutos\" \/>\n<script type=\"application\/ld+json\" class=\"yoast-schema-graph\">{\"@context\":\"https:\/\/schema.org\",\"@graph\":[{\"@type\":\"Article\",\"@id\":\"https:\/\/celina-tours.com\/blog\/fr\/trois-monuments-importants-a-visiter-a-porto\/#article\",\"isPartOf\":{\"@id\":\"https:\/\/celina-tours.com\/blog\/fr\/trois-monuments-importants-a-visiter-a-porto\/\"},\"author\":{\"name\":\"ctours_blog\",\"@id\":\"https:\/\/celina-tours.com\/blog\/#\/schema\/person\/e4611dfff819107474e643eb3c25e040\"},\"headline\":\"Trois monuments importants \u00e0 visiter \u00e0 Porto\",\"datePublished\":\"2025-02-10T08:40:52+00:00\",\"dateModified\":\"2025-02-27T09:23:08+00:00\",\"mainEntityOfPage\":{\"@id\":\"https:\/\/celina-tours.com\/blog\/fr\/trois-monuments-importants-a-visiter-a-porto\/\"},\"wordCount\":1281,\"publisher\":{\"@id\":\"https:\/\/celina-tours.com\/blog\/#organization\"},\"image\":{\"@id\":\"https:\/\/celina-tours.com\/blog\/fr\/trois-monuments-importants-a-visiter-a-porto\/#primaryimage\"},\"thumbnailUrl\":\"https:\/\/celina-tours.com\/blog\/wp-content\/uploads\/2025\/02\/BLOG-4-56.jpg\",\"articleSection\":[\"Nord du Portugal\"],\"inLanguage\":\"pt-PT\"},{\"@type\":\"WebPage\",\"@id\":\"https:\/\/celina-tours.com\/blog\/fr\/trois-monuments-importants-a-visiter-a-porto\/\",\"url\":\"https:\/\/celina-tours.com\/blog\/fr\/trois-monuments-importants-a-visiter-a-porto\/\",\"name\":\"Trois monuments importants \u00e0 visiter \u00e0 Porto -\",\"isPartOf\":{\"@id\":\"https:\/\/celina-tours.com\/blog\/#website\"},\"primaryImageOfPage\":{\"@id\":\"https:\/\/celina-tours.com\/blog\/fr\/trois-monuments-importants-a-visiter-a-porto\/#primaryimage\"},\"image\":{\"@id\":\"https:\/\/celina-tours.com\/blog\/fr\/trois-monuments-importants-a-visiter-a-porto\/#primaryimage\"},\"thumbnailUrl\":\"https:\/\/celina-tours.com\/blog\/wp-content\/uploads\/2025\/02\/BLOG-4-56.jpg\",\"datePublished\":\"2025-02-10T08:40:52+00:00\",\"dateModified\":\"2025-02-27T09:23:08+00:00\",\"breadcrumb\":{\"@id\":\"https:\/\/celina-tours.com\/blog\/fr\/trois-monuments-importants-a-visiter-a-porto\/#breadcrumb\"},\"inLanguage\":\"pt-PT\",\"potentialAction\":[{\"@type\":\"ReadAction\",\"target\":[\"https:\/\/celina-tours.com\/blog\/fr\/trois-monuments-importants-a-visiter-a-porto\/\"]}]},{\"@type\":\"ImageObject\",\"inLanguage\":\"pt-PT\",\"@id\":\"https:\/\/celina-tours.com\/blog\/fr\/trois-monuments-importants-a-visiter-a-porto\/#primaryimage\",\"url\":\"https:\/\/celina-tours.com\/blog\/wp-content\/uploads\/2025\/02\/BLOG-4-56.jpg\",\"contentUrl\":\"https:\/\/celina-tours.com\/blog\/wp-content\/uploads\/2025\/02\/BLOG-4-56.jpg\",\"width\":600,\"height\":353},{\"@type\":\"BreadcrumbList\",\"@id\":\"https:\/\/celina-tours.com\/blog\/fr\/trois-monuments-importants-a-visiter-a-porto\/#breadcrumb\",\"itemListElement\":[{\"@type\":\"ListItem\",\"position\":1,\"name\":\"In\u00edcio\",\"item\":\"https:\/\/celina-tours.com\/blog\/pt\/\"},{\"@type\":\"ListItem\",\"position\":2,\"name\":\"Trois monuments importants \u00e0 visiter \u00e0 Porto\"}]},{\"@type\":\"WebSite\",\"@id\":\"https:\/\/celina-tours.com\/blog\/#website\",\"url\":\"https:\/\/celina-tours.com\/blog\/\",\"name\":\"Celina Tours\",\"description\":\"\",\"publisher\":{\"@id\":\"https:\/\/celina-tours.com\/blog\/#organization\"},\"potentialAction\":[{\"@type\":\"SearchAction\",\"target\":{\"@type\":\"EntryPoint\",\"urlTemplate\":\"https:\/\/celina-tours.com\/blog\/?s={search_term_string}\"},\"query-input\":{\"@type\":\"PropertyValueSpecification\",\"valueRequired\":true,\"valueName\":\"search_term_string\"}}],\"inLanguage\":\"pt-PT\"},{\"@type\":\"Organization\",\"@id\":\"https:\/\/celina-tours.com\/blog\/#organization\",\"name\":\"Celina Tours\",\"url\":\"https:\/\/celina-tours.com\/blog\/\",\"logo\":{\"@type\":\"ImageObject\",\"inLanguage\":\"pt-PT\",\"@id\":\"https:\/\/celina-tours.com\/blog\/#\/schema\/logo\/image\/\",\"url\":\"https:\/\/celina-tours.com\/blog\/wp-content\/uploads\/2025\/01\/cropped-1-1.png\",\"contentUrl\":\"https:\/\/celina-tours.com\/blog\/wp-content\/uploads\/2025\/01\/cropped-1-1.png\",\"width\":300,\"height\":94,\"caption\":\"Celina Tours\"},\"image\":{\"@id\":\"https:\/\/celina-tours.com\/blog\/#\/schema\/logo\/image\/\"},\"sameAs\":[\"https:\/\/www.instagram.com\/celinatourspt\/\"]},{\"@type\":\"Person\",\"@id\":\"https:\/\/celina-tours.com\/blog\/#\/schema\/person\/e4611dfff819107474e643eb3c25e040\",\"name\":\"ctours_blog\",\"sameAs\":[\"https:\/\/celina-tours.com\/blog\"],\"url\":\"https:\/\/celina-tours.com\/blog\/author\/ctours_blog\/\"}]}<\/script>\n<!-- \/ Yoast SEO plugin. -->","yoast_head_json":{"title":"Trois monuments importants \u00e0 visiter \u00e0 Porto -","robots":{"index":"index","follow":"follow","max-snippet":"max-snippet:-1","max-image-preview":"max-image-preview:large","max-video-preview":"max-video-preview:-1"},"canonical":"https:\/\/celina-tours.com\/blog\/fr\/trois-monuments-importants-a-visiter-a-porto\/","og_locale":"pt_PT","og_type":"article","og_title":"Trois monuments importants \u00e0 visiter \u00e0 Porto -","og_description":"Trois monuments importants \u00e0 visiter \u00e0 Porto Porto, la deuxi\u00e8me plus grande ville du Portugal, est une destination fascinante qui&hellip;","og_url":"https:\/\/celina-tours.com\/blog\/fr\/trois-monuments-importants-a-visiter-a-porto\/","article_publisher":"https:\/\/www.instagram.com\/celinatourspt\/","article_published_time":"2025-02-10T08:40:52+00:00","article_modified_time":"2025-02-27T09:23:08+00:00","og_image":[{"width":600,"height":353,"url":"https:\/\/celina-tours.com\/blog\/wp-content\/uploads\/2025\/02\/BLOG-4-56.jpg","type":"image\/jpeg"}],"author":"ctours_blog","twitter_card":"summary_large_image","twitter_misc":{"Escrito por":"ctours_blog","Tempo estimado de leitura":"8 minutos"},"schema":{"@context":"https:\/\/schema.org","@graph":[{"@type":"Article","@id":"https:\/\/celina-tours.com\/blog\/fr\/trois-monuments-importants-a-visiter-a-porto\/#article","isPartOf":{"@id":"https:\/\/celina-tours.com\/blog\/fr\/trois-monuments-importants-a-visiter-a-porto\/"},"author":{"name":"ctours_blog","@id":"https:\/\/celina-tours.com\/blog\/#\/schema\/person\/e4611dfff819107474e643eb3c25e040"},"headline":"Trois monuments importants \u00e0 visiter \u00e0 Porto","datePublished":"2025-02-10T08:40:52+00:00","dateModified":"2025-02-27T09:23:08+00:00","mainEntityOfPage":{"@id":"https:\/\/celina-tours.com\/blog\/fr\/trois-monuments-importants-a-visiter-a-porto\/"},"wordCount":1281,"publisher":{"@id":"https:\/\/celina-tours.com\/blog\/#organization"},"image":{"@id":"https:\/\/celina-tours.com\/blog\/fr\/trois-monuments-importants-a-visiter-a-porto\/#primaryimage"},"thumbnailUrl":"https:\/\/celina-tours.com\/blog\/wp-content\/uploads\/2025\/02\/BLOG-4-56.jpg","articleSection":["Nord du Portugal"],"inLanguage":"pt-PT"},{"@type":"WebPage","@id":"https:\/\/celina-tours.com\/blog\/fr\/trois-monuments-importants-a-visiter-a-porto\/","url":"https:\/\/celina-tours.com\/blog\/fr\/trois-monuments-importants-a-visiter-a-porto\/","name":"Trois monuments importants \u00e0 visiter \u00e0 Porto -","isPartOf":{"@id":"https:\/\/celina-tours.com\/blog\/#website"},"primaryImageOfPage":{"@id":"https:\/\/celina-tours.com\/blog\/fr\/trois-monuments-importants-a-visiter-a-porto\/#primaryimage"},"image":{"@id":"https:\/\/celina-tours.com\/blog\/fr\/trois-monuments-importants-a-visiter-a-porto\/#primaryimage"},"thumbnailUrl":"https:\/\/celina-tours.com\/blog\/wp-content\/uploads\/2025\/02\/BLOG-4-56.jpg","datePublished":"2025-02-10T08:40:52+00:00","dateModified":"2025-02-27T09:23:08+00:00","breadcrumb":{"@id":"https:\/\/celina-tours.com\/blog\/fr\/trois-monuments-importants-a-visiter-a-porto\/#breadcrumb"},"inLanguage":"pt-PT","potentialAction":[{"@type":"ReadAction","target":["https:\/\/celina-tours.com\/blog\/fr\/trois-monuments-importants-a-visiter-a-porto\/"]}]},{"@type":"ImageObject","inLanguage":"pt-PT","@id":"https:\/\/celina-tours.com\/blog\/fr\/trois-monuments-importants-a-visiter-a-porto\/#primaryimage","url":"https:\/\/celina-tours.com\/blog\/wp-content\/uploads\/2025\/02\/BLOG-4-56.jpg","contentUrl":"https:\/\/celina-tours.com\/blog\/wp-content\/uploads\/2025\/02\/BLOG-4-56.jpg","width":600,"height":353},{"@type":"BreadcrumbList","@id":"https:\/\/celina-tours.com\/blog\/fr\/trois-monuments-importants-a-visiter-a-porto\/#breadcrumb","itemListElement":[{"@type":"ListItem","position":1,"name":"In\u00edcio","item":"https:\/\/celina-tours.com\/blog\/pt\/"},{"@type":"ListItem","position":2,"name":"Trois monuments importants \u00e0 visiter \u00e0 Porto"}]},{"@type":"WebSite","@id":"https:\/\/celina-tours.com\/blog\/#website","url":"https:\/\/celina-tours.com\/blog\/","name":"Celina Tours","description":"","publisher":{"@id":"https:\/\/celina-tours.com\/blog\/#organization"},"potentialAction":[{"@type":"SearchAction","target":{"@type":"EntryPoint","urlTemplate":"https:\/\/celina-tours.com\/blog\/?s={search_term_string}"},"query-input":{"@type":"PropertyValueSpecification","valueRequired":true,"valueName":"search_term_string"}}],"inLanguage":"pt-PT"},{"@type":"Organization","@id":"https:\/\/celina-tours.com\/blog\/#organization","name":"Celina Tours","url":"https:\/\/celina-tours.com\/blog\/","logo":{"@type":"ImageObject","inLanguage":"pt-PT","@id":"https:\/\/celina-tours.com\/blog\/#\/schema\/logo\/image\/","url":"https:\/\/celina-tours.com\/blog\/wp-content\/uploads\/2025\/01\/cropped-1-1.png","contentUrl":"https:\/\/celina-tours.com\/blog\/wp-content\/uploads\/2025\/01\/cropped-1-1.png","width":300,"height":94,"caption":"Celina Tours"},"image":{"@id":"https:\/\/celina-tours.com\/blog\/#\/schema\/logo\/image\/"},"sameAs":["https:\/\/www.instagram.com\/celinatourspt\/"]},{"@type":"Person","@id":"https:\/\/celina-tours.com\/blog\/#\/schema\/person\/e4611dfff819107474e643eb3c25e040","name":"ctours_blog","sameAs":["https:\/\/celina-tours.com\/blog"],"url":"https:\/\/celina-tours.com\/blog\/author\/ctours_blog\/"}]}},"_links":{"self":[{"href":"https:\/\/celina-tours.com\/blog\/wp-json\/wp\/v2\/posts\/4552","targetHints":{"allow":["GET"]}}],"collection":[{"href":"https:\/\/celina-tours.com\/blog\/wp-json\/wp\/v2\/posts"}],"about":[{"href":"https:\/\/celina-tours.com\/blog\/wp-json\/wp\/v2\/types\/post"}],"author":[{"embeddable":true,"href":"https:\/\/celina-tours.com\/blog\/wp-json\/wp\/v2\/users\/1"}],"replies":[{"embeddable":true,"href":"https:\/\/celina-tours.com\/blog\/wp-json\/wp\/v2\/comments?post=4552"}],"version-history":[{"count":4,"href":"https:\/\/celina-tours.com\/blog\/wp-json\/wp\/v2\/posts\/4552\/revisions"}],"predecessor-version":[{"id":5509,"href":"https:\/\/celina-tours.com\/blog\/wp-json\/wp\/v2\/posts\/4552\/revisions\/5509"}],"wp:featuredmedia":[{"embeddable":true,"href":"https:\/\/celina-tours.com\/blog\/wp-json\/wp\/v2\/media\/4556"}],"wp:attachment":[{"href":"https:\/\/celina-tours.com\/blog\/wp-json\/wp\/v2\/media?parent=4552"}],"wp:term":[{"taxonomy":"category","embeddable":true,"href":"https:\/\/celina-tours.com\/blog\/wp-json\/wp\/v2\/categories?post=4552"},{"taxonomy":"post_tag","embeddable":true,"href":"https:\/\/celina-tours.com\/blog\/wp-json\/wp\/v2\/tags?post=4552"}],"curies":[{"name":"wp","href":"https:\/\/api.w.org\/{rel}","templated":true}]}}