{"id":4391,"date":"2025-02-07T19:48:23","date_gmt":"2025-02-07T19:48:23","guid":{"rendered":"https:\/\/celina-tours.com\/blog\/?p=4391"},"modified":"2026-01-17T16:56:44","modified_gmt":"2026-01-17T16:56:44","slug":"quels-sont-les-visites-dune-journee-au-depart-de-lisbonne","status":"publish","type":"post","link":"https:\/\/celina-tours.com\/blog\/fr\/quels-sont-les-visites-dune-journee-au-depart-de-lisbonne\/","title":{"rendered":"Quels sont les Visites d&#8217;une journ\u00e9e au d\u00e9part de Lisbonne ?"},"content":{"rendered":"<h2>Excursions d&#8217;une Journ\u00e9e au D\u00e9part de Lisbonne : D\u00e9couvrez les Tr\u00e9sors du Portugal<\/h2>\n<p>Lisbonne est une ville fascinante, riche en histoire et en culture. Mais au-del\u00e0 de la capitale, le Portugal regorge de destinations magnifiques accessibles en une journ\u00e9e. Que vous soyez passionn\u00e9 par les ch\u00e2teaux m\u00e9di\u00e9vaux, les plages paradisiaques, les villages pittoresques ou la gastronomie locale, il existe une excursion parfaite pour vous.<\/p>\n<p>Dans cet article, nous allons explorer les meilleures excursions d\u2019une journ\u00e9e au d\u00e9part de Lisbonne, pour une exp\u00e9rience inoubliable.<\/p>\n<h2>1. Sintra, Cabo da Roca et Cascais : Un Voyage F\u00e9\u00e9rique<\/h2>\n<p><img decoding=\"async\" class=\"alignnone wp-image-4396 size-full lazyload\" data-src=\"https:\/\/celina-tours.com\/blog\/wp-content\/uploads\/2025\/02\/BLOG-4-27.jpg\" alt=\"\" width=\"600\" height=\"353\" data-srcset=\"https:\/\/celina-tours.com\/blog\/wp-content\/uploads\/2025\/02\/BLOG-4-27.jpg 600w, https:\/\/celina-tours.com\/blog\/wp-content\/uploads\/2025\/02\/BLOG-4-27-300x177.jpg 300w\" data-sizes=\"(max-width: 600px) 100vw, 600px\" src=\"data:image\/svg+xml;base64,PHN2ZyB3aWR0aD0iMSIgaGVpZ2h0PSIxIiB4bWxucz0iaHR0cDovL3d3dy53My5vcmcvMjAwMC9zdmciPjwvc3ZnPg==\" style=\"--smush-placeholder-width: 600px; --smush-placeholder-aspect-ratio: 600\/353;\" \/><\/p>\n<p>C\u2019est l\u2019une des excursions les plus populaires depuis Lisbonne. Elle combine les palais enchanteurs de Sintra, les falaises impressionnantes de Cabo da Roca et la station baln\u00e9aire \u00e9l\u00e9gante de Cascais.<\/p>\n<h3>Sintra : Un Monde de Contes de F\u00e9es<\/h3>\n<p>Sintra est class\u00e9e au patrimoine mondial de l\u2019UNESCO et offre une atmosph\u00e8re magique avec ses palais color\u00e9s et ses paysages verdoyants. \u00c0 ne pas manquer :<\/p>\n<p><strong>Palais de Pena<\/strong> \u2013 Un palais romantique aux couleurs vives, perch\u00e9 sur une colline avec une vue spectaculaire.<br \/>\n<strong>Ch\u00e2teau des Maures<\/strong> \u2013 Une forteresse m\u00e9di\u00e9vale du IXe si\u00e8cle offrant une vue imprenable sur la r\u00e9gion.<br \/>\n<strong>Quinta da Regaleira<\/strong> \u2013 Un manoir myst\u00e9rieux avec des jardins remplis de symboles \u00e9sot\u00e9riques et un c\u00e9l\u00e8bre puits initiatique.<br \/>\n<strong>Palais National de Sintra<\/strong> \u2013 Connu pour ses chemin\u00e9es jumelles et ses superbes azulejos.<\/p>\n<table style=\"width: 732px; height: 210px;\">\n<tbody>\n<tr>\n<td style=\"width: 644.8px;\">\n<h3><img decoding=\"async\" class=\"alignleft wp-image-3974 lazyload\" data-src=\"https:\/\/celina-tours.com\/blog\/wp-content\/uploads\/2025\/02\/sintra.jpg\" alt=\"\" width=\"182\" height=\"182\" src=\"data:image\/svg+xml;base64,PHN2ZyB3aWR0aD0iMSIgaGVpZ2h0PSIxIiB4bWxucz0iaHR0cDovL3d3dy53My5vcmcvMjAwMC9zdmciPjwvc3ZnPg==\" style=\"--smush-placeholder-width: 182px; --smush-placeholder-aspect-ratio: 182\/182;\" \/><br \/>\nD\u00c9COUVREZ NOS VISITES DE SINTRA CASCAIS<\/h3>\n<p><a href=\"https:\/\/celina-tours.com\/fr-visite-privee-sintra-excursion-lisbonne.php\" target=\"_blank\" rel=\"noopener\">Visiste Priv\u00e9e Sintra Cascais &gt;&gt;&gt;<\/a><\/p>\n<p><a href=\"https:\/\/celina-tours.com\/fr-visite-sintra-excursion-sintra-lisbonne.php\" target=\"_blank\" rel=\"noopener\">Visite en Groupe Sintra Cascais &gt;&gt;&gt;<\/a><\/td>\n<\/tr>\n<\/tbody>\n<\/table>\n<p>&nbsp;<\/p>\n<h3>Cabo da Roca : Le Bout de l\u2019Europe<\/h3>\n<p>Apr\u00e8s Sintra, direction Cabo da Roca, le point le plus occidental du continent europ\u00e9en. Du haut des falaises, vous pourrez admirer l\u2019oc\u00e9an Atlantique s\u2019\u00e9tendant \u00e0 perte de vue.<br \/>\nCascais : Une Ville \u00c9l\u00e9gante au Bord de la Mer<\/p>\n<p>Enfin, l\u2019excursion se termine \u00e0 Cascais, une charmante ville c\u00f4ti\u00e8re connue pour ses plages, ses ruelles pav\u00e9es et son ambiance d\u00e9contract\u00e9e. Profitez-en pour d\u00e9guster un d\u00e9licieux poisson grill\u00e9 et vous promener le long du front de mer.<\/p>\n<h2>2. F\u00e1tima, Batalha, Nazar\u00e9 et \u00d3bidos : Histoire et Spiritualit\u00e9<\/h2>\n<p><img decoding=\"async\" class=\"alignnone wp-image-4397 size-full lazyload\" data-src=\"https:\/\/celina-tours.com\/blog\/wp-content\/uploads\/2025\/02\/BLOG-4-28.jpg\" alt=\"\" width=\"600\" height=\"353\" data-srcset=\"https:\/\/celina-tours.com\/blog\/wp-content\/uploads\/2025\/02\/BLOG-4-28.jpg 600w, https:\/\/celina-tours.com\/blog\/wp-content\/uploads\/2025\/02\/BLOG-4-28-300x177.jpg 300w\" data-sizes=\"(max-width: 600px) 100vw, 600px\" src=\"data:image\/svg+xml;base64,PHN2ZyB3aWR0aD0iMSIgaGVpZ2h0PSIxIiB4bWxucz0iaHR0cDovL3d3dy53My5vcmcvMjAwMC9zdmciPjwvc3ZnPg==\" style=\"--smush-placeholder-width: 600px; --smush-placeholder-aspect-ratio: 600\/353;\" \/><\/p>\n<p>Cette excursion est parfaite pour ceux qui s\u2019int\u00e9ressent \u00e0 l\u2019histoire, la culture et la religion.<\/p>\n<h3>F\u00e1tima : Un Lieu de P\u00e8lerinage Sacr\u00e9<\/h3>\n<p>F\u00e1tima est l\u2019un des sanctuaires catholiques les plus importants du monde, o\u00f9 la Vierge Marie serait apparue en 1917. Les sites \u00e0 visiter incluent :<\/p>\n<p><strong>Le Sanctuaire de F\u00e1tima<\/strong> \u2013 Avec la Basilique Notre-Dame du Rosaire, la Basilique de la Sainte Trinit\u00e9 et la Chapelle des Apparitions.<br \/>\n<strong>Les Maisons des Bergers<\/strong> \u2013 \u00c0 Aljustrel, o\u00f9 vivaient les trois enfants \u00e0 qui la Vierge serait apparue.<\/p>\n<p>&nbsp;<\/p>\n<table style=\"width: 732px; height: 210px;\">\n<tbody>\n<tr>\n<td style=\"width: 644.8px;\">\n<h3><img decoding=\"async\" class=\"alignleft wp-image-3974 lazyload\" data-src=\"https:\/\/celina-tours.com\/blog\/wp-content\/uploads\/2025\/02\/fatima.jpg\" alt=\"\" width=\"182\" height=\"182\" src=\"data:image\/svg+xml;base64,PHN2ZyB3aWR0aD0iMSIgaGVpZ2h0PSIxIiB4bWxucz0iaHR0cDovL3d3dy53My5vcmcvMjAwMC9zdmciPjwvc3ZnPg==\" style=\"--smush-placeholder-width: 182px; --smush-placeholder-aspect-ratio: 182\/182;\" \/><br \/>\nD\u00c9COUVREZ NOS VISITES DE FATIMA BATALHA NAZARE ET \u00d3BIDOS<\/h3>\n<p><a href=\"https:\/\/celina-tours.com\/fr-visite-privee-fatima-depuis-lisbonne.php\" target=\"_blank\" rel=\"noopener\">Visiste Priv\u00e9e Fatima Batalha Nazare et \u00d3bidos &gt;&gt;&gt;<\/a><\/p>\n<p><a href=\"https:\/\/celina-tours.com\/fr-visite-fatima-excursion-fatima-lisbonne.php\" target=\"_blank\" rel=\"noopener\">Visite en Groupe Fatima Batalha Nazare et \u00d3bidos &gt;&gt;&gt;<\/a><\/td>\n<\/tr>\n<\/tbody>\n<\/table>\n<p>&nbsp;<\/p>\n<h3>Batalha : Un Chef-d\u2019\u0152uvre Gothique<\/h3>\n<p>Ensuite, direction Batalha pour d\u00e9couvrir son monast\u00e8re class\u00e9 \u00e0 l\u2019UNESCO, un chef-d&#8217;\u0153uvre de l\u2019architecture gothique et manu\u00e9line construit apr\u00e8s la victoire portugaise \u00e0 la bataille d\u2019Aljubarrota en 1385.<\/p>\n<h3>Nazar\u00e9 : Le Paradis des Surfeurs<\/h3>\n<p>Nazar\u00e9 est c\u00e9l\u00e8bre pour ses vagues gigantesques et son ambiance de village de p\u00eacheurs authentique. \u00c0 voir absolument :<\/p>\n<p><strong>Plage du Nord (Praia do Norte)<\/strong> \u2013 Connue pour ses vagues record de plus de 30 m\u00e8tres.<br \/>\n<strong>Fort de S\u00e3o Miguel Arcanjo<\/strong> \u2013 Un point d\u2019observation id\u00e9al pour admirer les surfeurs d\u00e9fiant l\u2019oc\u00e9an.<br \/>\n<strong>Le centre historique de Nazar\u00e9<\/strong> \u2013 Avec ses maisons traditionnelles et ses restaurants de fruits de mer.<\/p>\n<h3>\u00d3bidos : Une Ville M\u00e9di\u00e9vale Enchant\u00e9e<\/h3>\n<p>L\u2019excursion se termine par la visite d\u2019\u00d3bidos, une ville entour\u00e9e de remparts m\u00e9di\u00e9vaux parfaitement conserv\u00e9s. Fl\u00e2nez dans ses rues pittoresques et go\u00fbtez \u00e0 la c\u00e9l\u00e8bre Ginjinha, une liqueur de cerise servie dans un verre en chocolat.<\/p>\n<h2>3. \u00c9vora et Monsaraz : Voyage au C\u0153ur de l\u2019Alentejo<\/h2>\n<p>Si vous aimez l\u2019histoire, le vin et les paysages paisibles, cette excursion est id\u00e9ale.<\/p>\n<h3>\u00c9vora : Un Tr\u00e9sor Historique<\/h3>\n<p><img decoding=\"async\" class=\"alignnone wp-image-6168 size-full lazyload\" data-src=\"https:\/\/celina-tours.com\/blog\/wp-content\/uploads\/2025\/02\/BLOG-4-239.jpg\" alt=\"\" width=\"600\" height=\"353\" data-srcset=\"https:\/\/celina-tours.com\/blog\/wp-content\/uploads\/2025\/02\/BLOG-4-239.jpg 600w, https:\/\/celina-tours.com\/blog\/wp-content\/uploads\/2025\/02\/BLOG-4-239-300x177.jpg 300w\" data-sizes=\"(max-width: 600px) 100vw, 600px\" src=\"data:image\/svg+xml;base64,PHN2ZyB3aWR0aD0iMSIgaGVpZ2h0PSIxIiB4bWxucz0iaHR0cDovL3d3dy53My5vcmcvMjAwMC9zdmciPjwvc3ZnPg==\" style=\"--smush-placeholder-width: 600px; --smush-placeholder-aspect-ratio: 600\/353;\" \/><\/p>\n<p>Class\u00e9e au patrimoine mondial de l\u2019UNESCO, \u00c9vora regorge de monuments fascinants :<\/p>\n<p><strong>Temple Romain de Diane<\/strong> \u2013 Un temple romain du Ier si\u00e8cle parfaitement pr\u00e9serv\u00e9.<br \/>\n<strong>Chapelle des Ossements<\/strong> \u2013 Une chapelle d\u00e9cor\u00e9e avec des milliers d\u2019ossements humains, portant l\u2019inscription : &#8220;Nous, os qui sommes ici, attendons les v\u00f4tres&#8221;.<br \/>\n<strong>Cath\u00e9drale d\u2019\u00c9vora<\/strong> \u2013 Une magnifique cath\u00e9drale gothique offrant une vue panoramique sur la ville.<\/p>\n<p>&nbsp;<\/p>\n<table style=\"width: 732px; height: 210px;\">\n<tbody>\n<tr>\n<td style=\"width: 644.8px;\">\n<h3><img decoding=\"async\" class=\"alignleft wp-image-3974 lazyload\" data-src=\"https:\/\/celina-tours.com\/blog\/wp-content\/uploads\/2025\/02\/evora.jpg\" alt=\"\" width=\"182\" height=\"182\" src=\"data:image\/svg+xml;base64,PHN2ZyB3aWR0aD0iMSIgaGVpZ2h0PSIxIiB4bWxucz0iaHR0cDovL3d3dy53My5vcmcvMjAwMC9zdmciPjwvc3ZnPg==\" style=\"--smush-placeholder-width: 182px; --smush-placeholder-aspect-ratio: 182\/182;\" \/><br \/>\nD\u00c9COUVREZ NOS VISITES PRIV\u00c9E EVORA DEGUSTATION VINS<\/h3>\n<p><a href=\"https:\/\/celina-tours.com\/fr-visite-privee-evora-excursion-lisbonne.php\" target=\"_blank\" rel=\"noopener\">Visite Priv\u00e9e &#8211; \u00c9vora et d\u00e9gustation de vins &gt;&gt;&gt;<\/a><\/td>\n<\/tr>\n<\/tbody>\n<\/table>\n<p>&nbsp;<\/p>\n<h3>Monsaraz : Un Village M\u00e9di\u00e9val Perch\u00e9<\/h3>\n<p>Apr\u00e8s \u00c9vora, direction Monsaraz, un village m\u00e9di\u00e9val spectaculaire surplombant le Lac Alqueva, le plus grand lac artificiel d\u2019Europe. Ses maisons blanchies \u00e0 la chaux et son ch\u00e2teau offrent une ambiance unique.<\/p>\n<h2>4. Arr\u00e1bida et Set\u00fabal : Plages, Nature et Gastronomie<\/h2>\n<p><img decoding=\"async\" class=\"alignnone wp-image-4398 size-full lazyload\" data-src=\"https:\/\/celina-tours.com\/blog\/wp-content\/uploads\/2025\/02\/BLOG-4-29.jpg\" alt=\"\" width=\"600\" height=\"353\" data-srcset=\"https:\/\/celina-tours.com\/blog\/wp-content\/uploads\/2025\/02\/BLOG-4-29.jpg 600w, https:\/\/celina-tours.com\/blog\/wp-content\/uploads\/2025\/02\/BLOG-4-29-300x177.jpg 300w\" data-sizes=\"(max-width: 600px) 100vw, 600px\" src=\"data:image\/svg+xml;base64,PHN2ZyB3aWR0aD0iMSIgaGVpZ2h0PSIxIiB4bWxucz0iaHR0cDovL3d3dy53My5vcmcvMjAwMC9zdmciPjwvc3ZnPg==\" style=\"--smush-placeholder-width: 600px; --smush-placeholder-aspect-ratio: 600\/353;\" \/><\/p>\n<p>Une excursion parfaite pour les amoureux de la nature et de la bonne cuisine.<\/p>\n<h3>Le Parc Naturel d\u2019Arr\u00e1bida : Un Paradis Cach\u00e9<\/h3>\n<p>Le Parc Naturel d\u2019Arr\u00e1bida est c\u00e9l\u00e8bre pour ses plages paradisiaques et ses paysages spectaculaires. Parmi les plus belles plages :<\/p>\n<p><strong>Portinho da Arr\u00e1bida<\/strong> \u2013 Une baie secr\u00e8te aux eaux cristallines.<br \/>\n<strong>Plage de Galapinhos<\/strong> \u2013 \u00c9lue l\u2019une des plus belles plages d\u2019Europe.<br \/>\n<strong>Plage des Coelhos<\/strong> \u2013 Une petite crique pr\u00e9serv\u00e9e accessible apr\u00e8s une courte randonn\u00e9e.<\/p>\n<table style=\"width: 732px; height: 210px;\">\n<tbody>\n<tr>\n<td style=\"width: 644.8px;\">\n<h3><img decoding=\"async\" class=\"alignleft wp-image-3974 lazyload\" data-src=\"https:\/\/celina-tours.com\/blog\/wp-content\/uploads\/2025\/02\/arrabida.jpg\" alt=\"\" width=\"182\" height=\"182\" src=\"data:image\/svg+xml;base64,PHN2ZyB3aWR0aD0iMSIgaGVpZ2h0PSIxIiB4bWxucz0iaHR0cDovL3d3dy53My5vcmcvMjAwMC9zdmciPjwvc3ZnPg==\" style=\"--smush-placeholder-width: 182px; --smush-placeholder-aspect-ratio: 182\/182;\" \/><br \/>\nD\u00c9COUVREZ NOS VISITES PRIV\u00c9E ARRABIDA DEGUSTATION VINS<\/h3>\n<p><a href=\"https:\/\/celina-tours.com\/fr-visite-privee-arrabida-excursion-lisbonne.php\" target=\"_blank\" rel=\"noopener\">Visite Priv\u00e9e &#8211; Arr\u00e1bida et d\u00e9gustation de vins &gt;&gt;&gt;<\/a><\/td>\n<\/tr>\n<\/tbody>\n<\/table>\n<p>wqeqweqw<\/p>\n<h3>Set\u00fabal : Capitale du Choco Frito<\/h3>\n<p>Set\u00fabal est r\u00e9put\u00e9e pour sa gastronomie et ses excursions en bateau pour observer les dauphins. Les incontournables :<\/p>\n<p><strong>Le march\u00e9 de Livramento<\/strong> \u2013 Consid\u00e9r\u00e9 comme l\u2019un des plus beaux march\u00e9s du Portugal.<br \/>\n<strong>Choco Frito<\/strong> \u2013 Un plat traditionnel de seiche frite \u00e0 ne pas manquer.<br \/>\n<strong>Balade en bateau dans l\u2019estuaire du Sado<\/strong> \u2013 Pour admirer les dauphins sauvages.<\/p>\n<h2>5. Tomar et Almourol : Sur les Traces des Templiers<\/h2>\n<p><img decoding=\"async\" class=\"alignnone wp-image-4399 size-full lazyload\" data-src=\"https:\/\/celina-tours.com\/blog\/wp-content\/uploads\/2025\/02\/BLOG-4-30.jpg\" alt=\"\" width=\"600\" height=\"353\" data-srcset=\"https:\/\/celina-tours.com\/blog\/wp-content\/uploads\/2025\/02\/BLOG-4-30.jpg 600w, https:\/\/celina-tours.com\/blog\/wp-content\/uploads\/2025\/02\/BLOG-4-30-300x177.jpg 300w\" data-sizes=\"(max-width: 600px) 100vw, 600px\" src=\"data:image\/svg+xml;base64,PHN2ZyB3aWR0aD0iMSIgaGVpZ2h0PSIxIiB4bWxucz0iaHR0cDovL3d3dy53My5vcmcvMjAwMC9zdmciPjwvc3ZnPg==\" style=\"--smush-placeholder-width: 600px; --smush-placeholder-aspect-ratio: 600\/353;\" \/><\/p>\n<p>Pour les passionn\u00e9s d\u2019histoire m\u00e9di\u00e9vale, cette excursion explore l\u2019h\u00e9ritage des Chevaliers du Temple au Portugal.<\/p>\n<h3>Le Ch\u00e2teau d\u2019Almourol : Une Forteresse Isol\u00e9e<\/h3>\n<p>Situ\u00e9 sur une petite \u00eele au milieu du fleuve Tage, le ch\u00e2teau d\u2019Almourol est une forteresse myst\u00e9rieuse du XIIe si\u00e8cle qui offre des vues \u00e0 couper le souffle.<\/p>\n<table style=\"width: 732px; height: 210px;\">\n<tbody>\n<tr>\n<td style=\"width: 644.8px;\">\n<h3><img decoding=\"async\" class=\"alignleft wp-image-3974 lazyload\" data-src=\"https:\/\/celina-tours.com\/blog\/wp-content\/uploads\/2025\/02\/tomar.jpg\" alt=\"\" width=\"182\" height=\"182\" src=\"data:image\/svg+xml;base64,PHN2ZyB3aWR0aD0iMSIgaGVpZ2h0PSIxIiB4bWxucz0iaHR0cDovL3d3dy53My5vcmcvMjAwMC9zdmciPjwvc3ZnPg==\" style=\"--smush-placeholder-width: 182px; --smush-placeholder-aspect-ratio: 182\/182;\" \/><br \/>\nD\u00c9COUVREZ NOS VISITES PRIV\u00c9E TOMAR ROUTE DES TEMPLIERS<\/h3>\n<p><a href=\"https:\/\/celina-tours.com\/fr-visite-privee-tomar-excursion-lisbonne.php\" target=\"_blank\" rel=\"noopener\">Visite Priv\u00e9e &#8211; Tomar Route des Templiers<\/a><\/td>\n<\/tr>\n<\/tbody>\n<\/table>\n<p>wqeqweqw<\/p>\n<h3>Tomar : L\u2019Ancienne Cit\u00e9 des Templiers<\/h3>\n<p>Tomar \u00e9tait le si\u00e8ge des Templiers au Portugal. Son monument principal est :<\/p>\n<p><strong>Le Couvent du Christ<\/strong> \u2013 Un site class\u00e9 \u00e0 l\u2019UNESCO, c\u00e9l\u00e8bre pour son incroyable fen\u00eatre manu\u00e9line et son architecture exceptionnelle.<\/p>\n<h2>Conclusion<\/h2>\n<p>Que vous aimiez les ch\u00e2teaux m\u00e9di\u00e9vaux, les plages dor\u00e9es, la gastronomie locale ou les paysages naturels \u00e0 couper le souffle, ces excursions d&#8217;une journ\u00e9e au d\u00e9part de Lisbonne vous feront d\u00e9couvrir la diversit\u00e9 et la richesse du Portugal.<\/p>\n<p>Alors, quelle destination choisirez-vous pour votre prochaine aventure ? \ud83d\ude97\u2728<\/p>\n","protected":false},"excerpt":{"rendered":"<p>Excursions d&#8217;une Journ\u00e9e au D\u00e9part de Lisbonne : D\u00e9couvrez les Tr\u00e9sors du Portugal Lisbonne est une ville fascinante, riche en&hellip;<\/p>\n","protected":false},"author":1,"featured_media":4407,"comment_status":"closed","ping_status":"closed","sticky":false,"template":"","format":"standard","meta":{"om_disable_all_campaigns":false,"footnotes":""},"categories":[201],"tags":[],"class_list":["post-4391","post","type-post","status-publish","format-standard","has-post-thumbnail","hentry","category-autres-informations"],"yoast_head":"<!-- This site is optimized with the Yoast SEO plugin v27.0 - https:\/\/yoast.com\/product\/yoast-seo-wordpress\/ -->\n<title>Visites d&#039;une Journ\u00e9e au D\u00e9part de Lisbonne. Escursions Lisbonne<\/title>\n<meta name=\"description\" content=\"Excursions d&#039;une Journ\u00e9e au D\u00e9part de Lisbonne : D\u00e9couvrez les Tr\u00e9sors du Portugal, Sintra, Fatima, Evora, Arrabida et Tomar\" \/>\n<meta name=\"robots\" content=\"index, follow, max-snippet:-1, max-image-preview:large, max-video-preview:-1\" \/>\n<link rel=\"canonical\" href=\"https:\/\/celina-tours.com\/blog\/fr\/quels-sont-les-visites-dune-journee-au-depart-de-lisbonne\/\" \/>\n<meta property=\"og:locale\" content=\"pt_PT\" \/>\n<meta property=\"og:type\" content=\"article\" \/>\n<meta property=\"og:title\" content=\"Visites d&#039;une Journ\u00e9e au D\u00e9part de Lisbonne. Escursions Lisbonne\" \/>\n<meta property=\"og:description\" content=\"Excursions d&#039;une Journ\u00e9e au D\u00e9part de Lisbonne : D\u00e9couvrez les Tr\u00e9sors du Portugal, Sintra, Fatima, Evora, Arrabida et Tomar\" \/>\n<meta property=\"og:url\" content=\"https:\/\/celina-tours.com\/blog\/fr\/quels-sont-les-visites-dune-journee-au-depart-de-lisbonne\/\" \/>\n<meta property=\"article:publisher\" content=\"https:\/\/www.instagram.com\/celinatourspt\/\" \/>\n<meta property=\"article:published_time\" content=\"2025-02-07T19:48:23+00:00\" \/>\n<meta property=\"article:modified_time\" content=\"2026-01-17T16:56:44+00:00\" \/>\n<meta property=\"og:image\" content=\"https:\/\/celina-tours.com\/blog\/wp-content\/uploads\/2025\/02\/BLOG-4-31.jpg\" \/>\n\t<meta property=\"og:image:width\" content=\"600\" \/>\n\t<meta property=\"og:image:height\" content=\"353\" \/>\n\t<meta property=\"og:image:type\" content=\"image\/jpeg\" \/>\n<meta name=\"author\" content=\"ctours_blog\" \/>\n<meta name=\"twitter:card\" content=\"summary_large_image\" \/>\n<meta name=\"twitter:label1\" content=\"Escrito por\" \/>\n\t<meta name=\"twitter:data1\" content=\"ctours_blog\" \/>\n\t<meta name=\"twitter:label2\" content=\"Tempo estimado de leitura\" \/>\n\t<meta name=\"twitter:data2\" content=\"8 minutos\" \/>\n<script type=\"application\/ld+json\" class=\"yoast-schema-graph\">{\"@context\":\"https:\/\/schema.org\",\"@graph\":[{\"@type\":\"Article\",\"@id\":\"https:\/\/celina-tours.com\/blog\/fr\/quels-sont-les-visites-dune-journee-au-depart-de-lisbonne\/#article\",\"isPartOf\":{\"@id\":\"https:\/\/celina-tours.com\/blog\/fr\/quels-sont-les-visites-dune-journee-au-depart-de-lisbonne\/\"},\"author\":{\"name\":\"ctours_blog\",\"@id\":\"https:\/\/celina-tours.com\/blog\/#\/schema\/person\/e4611dfff819107474e643eb3c25e040\"},\"headline\":\"Quels sont les Visites d&#8217;une journ\u00e9e au d\u00e9part de Lisbonne ?\",\"datePublished\":\"2025-02-07T19:48:23+00:00\",\"dateModified\":\"2026-01-17T16:56:44+00:00\",\"mainEntityOfPage\":{\"@id\":\"https:\/\/celina-tours.com\/blog\/fr\/quels-sont-les-visites-dune-journee-au-depart-de-lisbonne\/\"},\"wordCount\":1212,\"publisher\":{\"@id\":\"https:\/\/celina-tours.com\/blog\/#organization\"},\"image\":{\"@id\":\"https:\/\/celina-tours.com\/blog\/fr\/quels-sont-les-visites-dune-journee-au-depart-de-lisbonne\/#primaryimage\"},\"thumbnailUrl\":\"https:\/\/celina-tours.com\/blog\/wp-content\/uploads\/2025\/02\/BLOG-4-31.jpg\",\"articleSection\":[\"Autres informations\"],\"inLanguage\":\"pt-PT\"},{\"@type\":\"WebPage\",\"@id\":\"https:\/\/celina-tours.com\/blog\/fr\/quels-sont-les-visites-dune-journee-au-depart-de-lisbonne\/\",\"url\":\"https:\/\/celina-tours.com\/blog\/fr\/quels-sont-les-visites-dune-journee-au-depart-de-lisbonne\/\",\"name\":\"Visites d'une Journ\u00e9e au D\u00e9part de Lisbonne. Escursions Lisbonne\",\"isPartOf\":{\"@id\":\"https:\/\/celina-tours.com\/blog\/#website\"},\"primaryImageOfPage\":{\"@id\":\"https:\/\/celina-tours.com\/blog\/fr\/quels-sont-les-visites-dune-journee-au-depart-de-lisbonne\/#primaryimage\"},\"image\":{\"@id\":\"https:\/\/celina-tours.com\/blog\/fr\/quels-sont-les-visites-dune-journee-au-depart-de-lisbonne\/#primaryimage\"},\"thumbnailUrl\":\"https:\/\/celina-tours.com\/blog\/wp-content\/uploads\/2025\/02\/BLOG-4-31.jpg\",\"datePublished\":\"2025-02-07T19:48:23+00:00\",\"dateModified\":\"2026-01-17T16:56:44+00:00\",\"description\":\"Excursions d'une Journ\u00e9e au D\u00e9part de Lisbonne : D\u00e9couvrez les Tr\u00e9sors du Portugal, Sintra, Fatima, Evora, Arrabida et Tomar\",\"breadcrumb\":{\"@id\":\"https:\/\/celina-tours.com\/blog\/fr\/quels-sont-les-visites-dune-journee-au-depart-de-lisbonne\/#breadcrumb\"},\"inLanguage\":\"pt-PT\",\"potentialAction\":[{\"@type\":\"ReadAction\",\"target\":[\"https:\/\/celina-tours.com\/blog\/fr\/quels-sont-les-visites-dune-journee-au-depart-de-lisbonne\/\"]}]},{\"@type\":\"ImageObject\",\"inLanguage\":\"pt-PT\",\"@id\":\"https:\/\/celina-tours.com\/blog\/fr\/quels-sont-les-visites-dune-journee-au-depart-de-lisbonne\/#primaryimage\",\"url\":\"https:\/\/celina-tours.com\/blog\/wp-content\/uploads\/2025\/02\/BLOG-4-31.jpg\",\"contentUrl\":\"https:\/\/celina-tours.com\/blog\/wp-content\/uploads\/2025\/02\/BLOG-4-31.jpg\",\"width\":600,\"height\":353},{\"@type\":\"BreadcrumbList\",\"@id\":\"https:\/\/celina-tours.com\/blog\/fr\/quels-sont-les-visites-dune-journee-au-depart-de-lisbonne\/#breadcrumb\",\"itemListElement\":[{\"@type\":\"ListItem\",\"position\":1,\"name\":\"In\u00edcio\",\"item\":\"https:\/\/celina-tours.com\/blog\/pt\/\"},{\"@type\":\"ListItem\",\"position\":2,\"name\":\"Quels sont les Visites d&#8217;une journ\u00e9e au d\u00e9part de Lisbonne ?\"}]},{\"@type\":\"WebSite\",\"@id\":\"https:\/\/celina-tours.com\/blog\/#website\",\"url\":\"https:\/\/celina-tours.com\/blog\/\",\"name\":\"Celina Tours\",\"description\":\"\",\"publisher\":{\"@id\":\"https:\/\/celina-tours.com\/blog\/#organization\"},\"potentialAction\":[{\"@type\":\"SearchAction\",\"target\":{\"@type\":\"EntryPoint\",\"urlTemplate\":\"https:\/\/celina-tours.com\/blog\/?s={search_term_string}\"},\"query-input\":{\"@type\":\"PropertyValueSpecification\",\"valueRequired\":true,\"valueName\":\"search_term_string\"}}],\"inLanguage\":\"pt-PT\"},{\"@type\":\"Organization\",\"@id\":\"https:\/\/celina-tours.com\/blog\/#organization\",\"name\":\"Celina Tours\",\"url\":\"https:\/\/celina-tours.com\/blog\/\",\"logo\":{\"@type\":\"ImageObject\",\"inLanguage\":\"pt-PT\",\"@id\":\"https:\/\/celina-tours.com\/blog\/#\/schema\/logo\/image\/\",\"url\":\"https:\/\/celina-tours.com\/blog\/wp-content\/uploads\/2025\/01\/cropped-1-1.png\",\"contentUrl\":\"https:\/\/celina-tours.com\/blog\/wp-content\/uploads\/2025\/01\/cropped-1-1.png\",\"width\":300,\"height\":94,\"caption\":\"Celina Tours\"},\"image\":{\"@id\":\"https:\/\/celina-tours.com\/blog\/#\/schema\/logo\/image\/\"},\"sameAs\":[\"https:\/\/www.instagram.com\/celinatourspt\/\"]},{\"@type\":\"Person\",\"@id\":\"https:\/\/celina-tours.com\/blog\/#\/schema\/person\/e4611dfff819107474e643eb3c25e040\",\"name\":\"ctours_blog\",\"sameAs\":[\"https:\/\/celina-tours.com\/blog\"],\"url\":\"https:\/\/celina-tours.com\/blog\/author\/ctours_blog\/\"}]}<\/script>\n<!-- \/ Yoast SEO plugin. -->","yoast_head_json":{"title":"Visites d'une Journ\u00e9e au D\u00e9part de Lisbonne. Escursions Lisbonne","description":"Excursions d'une Journ\u00e9e au D\u00e9part de Lisbonne : D\u00e9couvrez les Tr\u00e9sors du Portugal, Sintra, Fatima, Evora, Arrabida et Tomar","robots":{"index":"index","follow":"follow","max-snippet":"max-snippet:-1","max-image-preview":"max-image-preview:large","max-video-preview":"max-video-preview:-1"},"canonical":"https:\/\/celina-tours.com\/blog\/fr\/quels-sont-les-visites-dune-journee-au-depart-de-lisbonne\/","og_locale":"pt_PT","og_type":"article","og_title":"Visites d'une Journ\u00e9e au D\u00e9part de Lisbonne. Escursions Lisbonne","og_description":"Excursions d'une Journ\u00e9e au D\u00e9part de Lisbonne : D\u00e9couvrez les Tr\u00e9sors du Portugal, Sintra, Fatima, Evora, Arrabida et Tomar","og_url":"https:\/\/celina-tours.com\/blog\/fr\/quels-sont-les-visites-dune-journee-au-depart-de-lisbonne\/","article_publisher":"https:\/\/www.instagram.com\/celinatourspt\/","article_published_time":"2025-02-07T19:48:23+00:00","article_modified_time":"2026-01-17T16:56:44+00:00","og_image":[{"width":600,"height":353,"url":"https:\/\/celina-tours.com\/blog\/wp-content\/uploads\/2025\/02\/BLOG-4-31.jpg","type":"image\/jpeg"}],"author":"ctours_blog","twitter_card":"summary_large_image","twitter_misc":{"Escrito por":"ctours_blog","Tempo estimado de leitura":"8 minutos"},"schema":{"@context":"https:\/\/schema.org","@graph":[{"@type":"Article","@id":"https:\/\/celina-tours.com\/blog\/fr\/quels-sont-les-visites-dune-journee-au-depart-de-lisbonne\/#article","isPartOf":{"@id":"https:\/\/celina-tours.com\/blog\/fr\/quels-sont-les-visites-dune-journee-au-depart-de-lisbonne\/"},"author":{"name":"ctours_blog","@id":"https:\/\/celina-tours.com\/blog\/#\/schema\/person\/e4611dfff819107474e643eb3c25e040"},"headline":"Quels sont les Visites d&#8217;une journ\u00e9e au d\u00e9part de Lisbonne ?","datePublished":"2025-02-07T19:48:23+00:00","dateModified":"2026-01-17T16:56:44+00:00","mainEntityOfPage":{"@id":"https:\/\/celina-tours.com\/blog\/fr\/quels-sont-les-visites-dune-journee-au-depart-de-lisbonne\/"},"wordCount":1212,"publisher":{"@id":"https:\/\/celina-tours.com\/blog\/#organization"},"image":{"@id":"https:\/\/celina-tours.com\/blog\/fr\/quels-sont-les-visites-dune-journee-au-depart-de-lisbonne\/#primaryimage"},"thumbnailUrl":"https:\/\/celina-tours.com\/blog\/wp-content\/uploads\/2025\/02\/BLOG-4-31.jpg","articleSection":["Autres informations"],"inLanguage":"pt-PT"},{"@type":"WebPage","@id":"https:\/\/celina-tours.com\/blog\/fr\/quels-sont-les-visites-dune-journee-au-depart-de-lisbonne\/","url":"https:\/\/celina-tours.com\/blog\/fr\/quels-sont-les-visites-dune-journee-au-depart-de-lisbonne\/","name":"Visites d'une Journ\u00e9e au D\u00e9part de Lisbonne. Escursions Lisbonne","isPartOf":{"@id":"https:\/\/celina-tours.com\/blog\/#website"},"primaryImageOfPage":{"@id":"https:\/\/celina-tours.com\/blog\/fr\/quels-sont-les-visites-dune-journee-au-depart-de-lisbonne\/#primaryimage"},"image":{"@id":"https:\/\/celina-tours.com\/blog\/fr\/quels-sont-les-visites-dune-journee-au-depart-de-lisbonne\/#primaryimage"},"thumbnailUrl":"https:\/\/celina-tours.com\/blog\/wp-content\/uploads\/2025\/02\/BLOG-4-31.jpg","datePublished":"2025-02-07T19:48:23+00:00","dateModified":"2026-01-17T16:56:44+00:00","description":"Excursions d'une Journ\u00e9e au D\u00e9part de Lisbonne : D\u00e9couvrez les Tr\u00e9sors du Portugal, Sintra, Fatima, Evora, Arrabida et Tomar","breadcrumb":{"@id":"https:\/\/celina-tours.com\/blog\/fr\/quels-sont-les-visites-dune-journee-au-depart-de-lisbonne\/#breadcrumb"},"inLanguage":"pt-PT","potentialAction":[{"@type":"ReadAction","target":["https:\/\/celina-tours.com\/blog\/fr\/quels-sont-les-visites-dune-journee-au-depart-de-lisbonne\/"]}]},{"@type":"ImageObject","inLanguage":"pt-PT","@id":"https:\/\/celina-tours.com\/blog\/fr\/quels-sont-les-visites-dune-journee-au-depart-de-lisbonne\/#primaryimage","url":"https:\/\/celina-tours.com\/blog\/wp-content\/uploads\/2025\/02\/BLOG-4-31.jpg","contentUrl":"https:\/\/celina-tours.com\/blog\/wp-content\/uploads\/2025\/02\/BLOG-4-31.jpg","width":600,"height":353},{"@type":"BreadcrumbList","@id":"https:\/\/celina-tours.com\/blog\/fr\/quels-sont-les-visites-dune-journee-au-depart-de-lisbonne\/#breadcrumb","itemListElement":[{"@type":"ListItem","position":1,"name":"In\u00edcio","item":"https:\/\/celina-tours.com\/blog\/pt\/"},{"@type":"ListItem","position":2,"name":"Quels sont les Visites d&#8217;une journ\u00e9e au d\u00e9part de Lisbonne ?"}]},{"@type":"WebSite","@id":"https:\/\/celina-tours.com\/blog\/#website","url":"https:\/\/celina-tours.com\/blog\/","name":"Celina Tours","description":"","publisher":{"@id":"https:\/\/celina-tours.com\/blog\/#organization"},"potentialAction":[{"@type":"SearchAction","target":{"@type":"EntryPoint","urlTemplate":"https:\/\/celina-tours.com\/blog\/?s={search_term_string}"},"query-input":{"@type":"PropertyValueSpecification","valueRequired":true,"valueName":"search_term_string"}}],"inLanguage":"pt-PT"},{"@type":"Organization","@id":"https:\/\/celina-tours.com\/blog\/#organization","name":"Celina Tours","url":"https:\/\/celina-tours.com\/blog\/","logo":{"@type":"ImageObject","inLanguage":"pt-PT","@id":"https:\/\/celina-tours.com\/blog\/#\/schema\/logo\/image\/","url":"https:\/\/celina-tours.com\/blog\/wp-content\/uploads\/2025\/01\/cropped-1-1.png","contentUrl":"https:\/\/celina-tours.com\/blog\/wp-content\/uploads\/2025\/01\/cropped-1-1.png","width":300,"height":94,"caption":"Celina Tours"},"image":{"@id":"https:\/\/celina-tours.com\/blog\/#\/schema\/logo\/image\/"},"sameAs":["https:\/\/www.instagram.com\/celinatourspt\/"]},{"@type":"Person","@id":"https:\/\/celina-tours.com\/blog\/#\/schema\/person\/e4611dfff819107474e643eb3c25e040","name":"ctours_blog","sameAs":["https:\/\/celina-tours.com\/blog"],"url":"https:\/\/celina-tours.com\/blog\/author\/ctours_blog\/"}]}},"_links":{"self":[{"href":"https:\/\/celina-tours.com\/blog\/wp-json\/wp\/v2\/posts\/4391","targetHints":{"allow":["GET"]}}],"collection":[{"href":"https:\/\/celina-tours.com\/blog\/wp-json\/wp\/v2\/posts"}],"about":[{"href":"https:\/\/celina-tours.com\/blog\/wp-json\/wp\/v2\/types\/post"}],"author":[{"embeddable":true,"href":"https:\/\/celina-tours.com\/blog\/wp-json\/wp\/v2\/users\/1"}],"replies":[{"embeddable":true,"href":"https:\/\/celina-tours.com\/blog\/wp-json\/wp\/v2\/comments?post=4391"}],"version-history":[{"count":7,"href":"https:\/\/celina-tours.com\/blog\/wp-json\/wp\/v2\/posts\/4391\/revisions"}],"predecessor-version":[{"id":6172,"href":"https:\/\/celina-tours.com\/blog\/wp-json\/wp\/v2\/posts\/4391\/revisions\/6172"}],"wp:featuredmedia":[{"embeddable":true,"href":"https:\/\/celina-tours.com\/blog\/wp-json\/wp\/v2\/media\/4407"}],"wp:attachment":[{"href":"https:\/\/celina-tours.com\/blog\/wp-json\/wp\/v2\/media?parent=4391"}],"wp:term":[{"taxonomy":"category","embeddable":true,"href":"https:\/\/celina-tours.com\/blog\/wp-json\/wp\/v2\/categories?post=4391"},{"taxonomy":"post_tag","embeddable":true,"href":"https:\/\/celina-tours.com\/blog\/wp-json\/wp\/v2\/tags?post=4391"}],"curies":[{"name":"wp","href":"https:\/\/api.w.org\/{rel}","templated":true}]}}