{"id":4297,"date":"2025-02-06T14:00:09","date_gmt":"2025-02-06T14:00:09","guid":{"rendered":"https:\/\/celina-tours.com\/blog\/?p=4297"},"modified":"2025-02-07T13:53:09","modified_gmt":"2025-02-07T13:53:09","slug":"roteiro-com-saida-de-lisboa-o-que-visitar-em-3-dias","status":"publish","type":"post","link":"https:\/\/celina-tours.com\/blog\/pt\/roteiro-com-saida-de-lisboa-o-que-visitar-em-3-dias\/","title":{"rendered":"3 Tours com saida de Lisboa: O que visitar em 3 dias"},"content":{"rendered":"<h2>Melhores Tours a Partir de Lisboa: 3 Roteiros Imperd\u00edveis para Explorar em 3 Dias<\/h2>\n<p>Se voc\u00ea planeja passar tr\u00eas dias em Lisboa e quer aproveitar ao m\u00e1ximo sua estadia, incluir passeios de um dia para destinos pr\u00f3ximos \u00e9 uma excelente op\u00e7\u00e3o. A partir da capital portuguesa, \u00e9 poss\u00edvel visitar lugares incr\u00edveis, como Sintra, Cascais, F\u00e1tima, \u00d3bidos, \u00c9vora e Set\u00fabal, sem precisar viajar grandes dist\u00e2ncias.<\/p>\n<p>Neste artigo, sugerimos tr\u00eas tours saindo de Lisboa, ideais para quem deseja conhecer n\u00e3o apenas a cidade, mas tamb\u00e9m algumas das regi\u00f5es mais fascinantes de Portugal.<\/p>\n<h2>Dia 1: Tour a Sintra, Cabo da Roca e Cascais<\/h2>\n<p><img decoding=\"async\" class=\"alignnone wp-image-4307 size-full lazyload\" data-src=\"https:\/\/celina-tours.com\/blog\/wp-content\/uploads\/2025\/02\/BLOG-4-15.jpg\" alt=\"\" width=\"600\" height=\"353\" data-srcset=\"https:\/\/celina-tours.com\/blog\/wp-content\/uploads\/2025\/02\/BLOG-4-15.jpg 600w, https:\/\/celina-tours.com\/blog\/wp-content\/uploads\/2025\/02\/BLOG-4-15-300x177.jpg 300w\" data-sizes=\"(max-width: 600px) 100vw, 600px\" src=\"data:image\/svg+xml;base64,PHN2ZyB3aWR0aD0iMSIgaGVpZ2h0PSIxIiB4bWxucz0iaHR0cDovL3d3dy53My5vcmcvMjAwMC9zdmciPjwvc3ZnPg==\" style=\"--smush-placeholder-width: 600px; --smush-placeholder-aspect-ratio: 600\/353;\" \/><\/p>\n<p>O primeiro dia ser\u00e1 dedicado a uma das excurs\u00f5es mais populares entre os visitantes: Sintra, Cabo da Roca e Cascais. Este passeio oferece uma combina\u00e7\u00e3o perfeita de hist\u00f3ria, arquitetura deslumbrante e paisagens naturais de tirar o f\u00f4lego.<\/p>\n<h3>Parada 1: Sintra e seus Pal\u00e1cios Encantadores<\/h3>\n<p><img decoding=\"async\" class=\"alignnone wp-image-4240 size-full lazyload\" data-src=\"https:\/\/celina-tours.com\/blog\/wp-content\/uploads\/2025\/02\/BLOG-4-3.jpg\" alt=\"\" width=\"600\" height=\"353\" data-srcset=\"https:\/\/celina-tours.com\/blog\/wp-content\/uploads\/2025\/02\/BLOG-4-3.jpg 600w, https:\/\/celina-tours.com\/blog\/wp-content\/uploads\/2025\/02\/BLOG-4-3-300x177.jpg 300w\" data-sizes=\"(max-width: 600px) 100vw, 600px\" src=\"data:image\/svg+xml;base64,PHN2ZyB3aWR0aD0iMSIgaGVpZ2h0PSIxIiB4bWxucz0iaHR0cDovL3d3dy53My5vcmcvMjAwMC9zdmciPjwvc3ZnPg==\" style=\"--smush-placeholder-width: 600px; --smush-placeholder-aspect-ratio: 600\/353;\" \/><\/p>\n<p>Saindo de Lisboa pela manh\u00e3, a primeira parada \u00e9 Sintra, uma vila charmosa e repleta de pal\u00e1cios e castelos que parecem sa\u00eddos de um conto de fadas. Entre os principais pontos tur\u00edsticos, destacam-se:<\/p>\n<p><strong>Pal\u00e1cio Nacional da Pena<\/strong>: Um dos mais ic\u00f4nicos de Portugal, famoso por sua arquitetura colorida e vistas panor\u00e2micas deslumbrantes.<br \/>\n<strong>Quinta da Regaleira<\/strong>: Conhecida por seus jardins m\u00edsticos e o enigm\u00e1tico Po\u00e7o Inici\u00e1tico.<br \/>\n<strong>Pal\u00e1cio Nacional de Sintra:<\/strong> Um dos pal\u00e1cios mais antigos do pa\u00eds, com seus caracter\u00edsticos chamin\u00e9s c\u00f4nicas.<\/p>\n<table style=\"width: 732px; height: 210px;\">\n<tbody>\n<tr>\n<td style=\"width: 644.8px;\">\n<h3><img decoding=\"async\" class=\"alignleft wp-image-3974 lazyload\" data-src=\"https:\/\/celina-tours.com\/blog\/wp-content\/uploads\/2025\/02\/sintra.jpg\" alt=\"\" width=\"182\" height=\"182\" src=\"data:image\/svg+xml;base64,PHN2ZyB3aWR0aD0iMSIgaGVpZ2h0PSIxIiB4bWxucz0iaHR0cDovL3d3dy53My5vcmcvMjAwMC9zdmciPjwvc3ZnPg==\" style=\"--smush-placeholder-width: 182px; --smush-placeholder-aspect-ratio: 182\/182;\" \/><br \/>\nCONSULTE O NOSSO TOUR SINTRA CASCAIS<\/h3>\n<p><a href=\"https:\/\/celina-tours.com\/excursao-privada-sintra-cascais-tours.php\" target=\"_blank\" rel=\"noopener\">Tour Privado Sintra Cascais &gt;&gt;&gt;<\/a><\/p>\n<p><a href=\"https:\/\/celina-tours.com\/excursao-sintra-cascais-tours.php\" target=\"_blank\" rel=\"noopener\">Tour em Grupo Sintra Cascais &gt;&gt;&gt;<\/a><\/td>\n<\/tr>\n<\/tbody>\n<\/table>\n<p>Ap\u00f3s visitar os pal\u00e1cios, aproveite para passear pelo centro hist\u00f3rico de Sintra, onde voc\u00ea pode experimentar os tradicionais travesseiros e queijadas na famosa Piriquita.<\/p>\n<h3>Parada 2: Cabo da Roca \u2013 O Ponto Mais Ocidental da Europa<\/h3>\n<p>A pr\u00f3xima parada \u00e9 o Cabo da Roca, localizado a cerca de 18 km de Sintra. Este \u00e9 o ponto mais ocidental do continente europeu, oferecendo vistas espetaculares do Oceano Atl\u00e2ntico. O local \u00e9 perfeito para tirar fotos inesquec\u00edveis e sentir a for\u00e7a da natureza.<\/p>\n<h3>Parada 3: Cascais e Estoril \u2013 Charme \u00e0 Beira-Mar<\/h3>\n<p>Ap\u00f3s o Cabo da Roca, o tour segue para Cascais, uma vila costeira sofisticada, conhecida por suas praias e vida cultural vibrante. Caminhe pelo centro hist\u00f3rico, visite a Boca do Inferno e relaxe na Praia da Rainha.<\/p>\n<p>Se houver tempo, uma parada r\u00e1pida em Estoril tamb\u00e9m vale a pena. A cidade \u00e9 famosa pelo Cassino Estoril, um dos maiores da Europa, e por suas belas praias.<br \/>\nRetorno a Lisboa<\/p>\n<p>Ao final do dia, o retorno para Lisboa acontece pela estrada marginal, proporcionando uma vista deslumbrante do oceano ao longo do trajeto.<\/p>\n<h2>Dia 2: Tour a F\u00e1tima, Batalha, Nazar\u00e9 e \u00d3bidos<\/h2>\n<p><img decoding=\"async\" class=\"alignnone wp-image-4308 size-full lazyload\" data-src=\"https:\/\/celina-tours.com\/blog\/wp-content\/uploads\/2025\/02\/BLOG-4-16.jpg\" alt=\"\" width=\"600\" height=\"353\" data-srcset=\"https:\/\/celina-tours.com\/blog\/wp-content\/uploads\/2025\/02\/BLOG-4-16.jpg 600w, https:\/\/celina-tours.com\/blog\/wp-content\/uploads\/2025\/02\/BLOG-4-16-300x177.jpg 300w\" data-sizes=\"(max-width: 600px) 100vw, 600px\" src=\"data:image\/svg+xml;base64,PHN2ZyB3aWR0aD0iMSIgaGVpZ2h0PSIxIiB4bWxucz0iaHR0cDovL3d3dy53My5vcmcvMjAwMC9zdmciPjwvc3ZnPg==\" style=\"--smush-placeholder-width: 600px; --smush-placeholder-aspect-ratio: 600\/353;\" \/><\/p>\n<p>No segundo dia, recomendamos um tour cultural e religioso para conhecer F\u00e1tima, Batalha, Nazar\u00e9 e \u00d3bidos, quatro destinos imperd\u00edveis no centro de Portugal.<\/p>\n<h3>Parada 1: F\u00e1tima \u2013 O Centro da F\u00e9 Portuguesa<\/h3>\n<p>O dia come\u00e7a com uma visita ao Santu\u00e1rio de F\u00e1tima, um dos principais destinos religiosos do mundo. No local, \u00e9 poss\u00edvel conhecer:<\/p>\n<p><strong>Bas\u00edlica de Nossa Senhora do Ros\u00e1rio<\/strong><br \/>\n<strong>Capela das Apari\u00e7\u00f5es,<\/strong> onde a Virgem Maria teria aparecido aos tr\u00eas pastorinhos<br \/>\n<strong>Bas\u00edlica da Sant\u00edssima Trindade<\/strong>, uma das maiores igrejas cat\u00f3licas do mundo<\/p>\n<p>Se voc\u00ea tem interesse na hist\u00f3ria das apari\u00e7\u00f5es, tamb\u00e9m pode visitar Aljustrel, a aldeia onde viviam os pastorinhos.<\/p>\n<p>&nbsp;<\/p>\n<p><strong>Leia Tambem<\/strong><br \/>\n<a href=\"https:\/\/celina-tours.com\/blog\/dicas-como-ir-de-lisboa-a-sintra\/\">Como ir de Lisboa a Sintra<\/a><br \/>\n<a href=\"https:\/\/celina-tours.com\/blog\/dicas-para-aproveitar-a-viagem-no-eletrico-28\/\">Dicas Para Aproveitar a Viagem no El\u00e9trico 28<\/a><br \/>\n<a href=\"https:\/\/celina-tours.com\/blog\/os-monumentos-mais-importantes-para-visitar-em-sintra\/\">Os Monumentos Mais Importantes para Visitar em Sintra<\/a><\/p>\n<p>&nbsp;<\/p>\n<h3>Parada 2: Mosteiro da Batalha \u2013 Patrim\u00f4nio Mundial da UNESCO<\/h3>\n<p>A cerca de 20 minutos de F\u00e1tima est\u00e1 o Mosteiro da Batalha, uma joia da arquitetura g\u00f3tica portuguesa. O monumento foi constru\u00eddo para comemorar a vit\u00f3ria portuguesa na Batalha de Aljubarrota (1385) e impressiona pela sua grandiosidade.<\/p>\n<h3>Parada 3: Nazar\u00e9 \u2013 Para\u00edso dos Surfistas<\/h3>\n<p><img decoding=\"async\" class=\"alignnone wp-image-4311 size-full lazyload\" data-src=\"https:\/\/celina-tours.com\/blog\/wp-content\/uploads\/2025\/02\/BLOG-4-19.jpg\" alt=\"\" width=\"600\" height=\"353\" data-srcset=\"https:\/\/celina-tours.com\/blog\/wp-content\/uploads\/2025\/02\/BLOG-4-19.jpg 600w, https:\/\/celina-tours.com\/blog\/wp-content\/uploads\/2025\/02\/BLOG-4-19-300x177.jpg 300w\" data-sizes=\"(max-width: 600px) 100vw, 600px\" src=\"data:image\/svg+xml;base64,PHN2ZyB3aWR0aD0iMSIgaGVpZ2h0PSIxIiB4bWxucz0iaHR0cDovL3d3dy53My5vcmcvMjAwMC9zdmciPjwvc3ZnPg==\" style=\"--smush-placeholder-width: 600px; --smush-placeholder-aspect-ratio: 600\/353;\" \/><\/p>\n<p>Seguimos para Nazar\u00e9, uma vila piscat\u00f3ria que se tornou mundialmente famosa pelas suas ondas gigantes. O Forte de S\u00e3o Miguel Arcanjo oferece uma vista incr\u00edvel do mar e do famoso Canh\u00e3o da Nazar\u00e9, onde surfistas desafiam ondas de mais de 30 metros.<\/p>\n<table style=\"width: 732px; height: 210px;\">\n<tbody>\n<tr>\n<td style=\"width: 644.8px;\">\n<h3><img decoding=\"async\" class=\"alignleft wp-image-3974 lazyload\" data-src=\"https:\/\/celina-tours.com\/blog\/wp-content\/uploads\/2025\/02\/fatima.jpg\" alt=\"\" width=\"182\" height=\"182\" src=\"data:image\/svg+xml;base64,PHN2ZyB3aWR0aD0iMSIgaGVpZ2h0PSIxIiB4bWxucz0iaHR0cDovL3d3dy53My5vcmcvMjAwMC9zdmciPjwvc3ZnPg==\" style=\"--smush-placeholder-width: 182px; --smush-placeholder-aspect-ratio: 182\/182;\" \/><br \/>\nCONSULTE O NOSSO TOUR FATIMA BATALHA NAZAR\u00c9 E \u00d3BIDOS<\/h3>\n<p><a href=\"https:\/\/celina-tours.com\/excursao-privada-fatima-batalha-nazare-obidos-tours.php\" target=\"_blank\" rel=\"noopener\">Tour Privado Fatima Batalha NAzare e \u00d3bidos &gt;&gt;&gt;<\/a><\/p>\n<p><a href=\"https:\/\/celina-tours.com\/excursao-fatima-tour-fatima-saindo-lisboa.php\" target=\"_blank\" rel=\"noopener\">Tour em Grupo Fatima Batalha Nazare e \u00d3bidos &gt;&gt;&gt;<\/a><\/td>\n<\/tr>\n<\/tbody>\n<\/table>\n<p>Al\u00e9m das ondas, Nazar\u00e9 tem um ambiente agrad\u00e1vel, \u00f3timos restaurantes de frutos do mar e praias lind\u00edssimas.<\/p>\n<h3>Parada 4: \u00d3bidos \u2013 A Vila Medieval mais Charmosa de Portugal<\/h3>\n<p>Encerramos o dia em \u00d3bidos, uma vila medieval cercada por muralhas bem preservadas. Passeie por suas ruas de paralelep\u00edpedos, admire as casas brancas decoradas com flores e experimente a tradicional ginjinha servida em copo de chocolate.<\/p>\n<h3>Retorno a Lisboa<\/h3>\n<p>Ap\u00f3s um dia repleto de hist\u00f3ria, cultura e belas paisagens, retornamos a Lisboa \u00e0 noite.<\/p>\n<h2>Dia 3: Tour a \u00c9vora e Regi\u00e3o Vin\u00edcola do Alentejo<\/h2>\n<p><img decoding=\"async\" class=\"alignnone wp-image-4309 size-full lazyload\" data-src=\"https:\/\/celina-tours.com\/blog\/wp-content\/uploads\/2025\/02\/BLOG-4-17.jpg\" alt=\"\" width=\"600\" height=\"353\" data-srcset=\"https:\/\/celina-tours.com\/blog\/wp-content\/uploads\/2025\/02\/BLOG-4-17.jpg 600w, https:\/\/celina-tours.com\/blog\/wp-content\/uploads\/2025\/02\/BLOG-4-17-300x177.jpg 300w\" data-sizes=\"(max-width: 600px) 100vw, 600px\" src=\"data:image\/svg+xml;base64,PHN2ZyB3aWR0aD0iMSIgaGVpZ2h0PSIxIiB4bWxucz0iaHR0cDovL3d3dy53My5vcmcvMjAwMC9zdmciPjwvc3ZnPg==\" style=\"--smush-placeholder-width: 600px; --smush-placeholder-aspect-ratio: 600\/353;\" \/><\/p>\n<p>No terceiro e \u00faltimo dia, sugerimos um passeio pela regi\u00e3o do Alentejo, conhecida por suas vinhas, culin\u00e1ria t\u00edpica e s\u00edtios hist\u00f3ricos impressionantes.<\/p>\n<h3>Parada 1: \u00c9vora \u2013 Cidade Museu e Patrim\u00f4nio da UNESCO<\/h3>\n<p>A cidade de \u00c9vora, a cerca de 1h30 de Lisboa, \u00e9 um verdadeiro museu a c\u00e9u aberto. Os principais pontos tur\u00edsticos incluem:<\/p>\n<p><strong>Templo Romano de \u00c9vora<\/strong> (ou Templo de Diana), um dos vest\u00edgios romanos mais bem preservados da Pen\u00ednsula Ib\u00e9rica.<br \/>\n<strong>Capela dos Ossos<\/strong>, uma capela revestida com ossos humanos que traz a famosa inscri\u00e7\u00e3o: \u201cN\u00f3s ossos que aqui estamos pelos vossos esperamos\u201d.<br \/>\n<strong>S\u00e9 Catedral de \u00c9vora<\/strong>, a maior catedral medieval de Portugal.<\/p>\n<table style=\"width: 732px; height: 210px;\">\n<tbody>\n<tr>\n<td style=\"width: 644.8px;\">\n<h3><img decoding=\"async\" class=\"alignleft wp-image-3974 lazyload\" data-src=\"https:\/\/celina-tours.com\/blog\/wp-content\/uploads\/2025\/02\/evora.jpg\" alt=\"\" width=\"182\" height=\"182\" src=\"data:image\/svg+xml;base64,PHN2ZyB3aWR0aD0iMSIgaGVpZ2h0PSIxIiB4bWxucz0iaHR0cDovL3d3dy53My5vcmcvMjAwMC9zdmciPjwvc3ZnPg==\" style=\"--smush-placeholder-width: 182px; --smush-placeholder-aspect-ratio: 182\/182;\" \/><br \/>\nCONSULTE O NOSSO TOUR PRIVADO EVORA E PROVA VINHOS<\/h3>\n<p><a href=\"https:\/\/celina-tours.com\/excursao-privada-evora-tours.php\" target=\"_blank\" rel=\"noopener\">Tour Privado \u00c9vora com prova Vinhos&gt;&gt;&gt;<\/a><\/td>\n<\/tr>\n<\/tbody>\n<\/table>\n<h3>Parada 2: Vin\u00edcolas do Alentejo \u2013 Degusta\u00e7\u00e3o de Vinhos e Gastronomia<\/h3>\n<p><img decoding=\"async\" class=\"alignnone wp-image-4310 size-full lazyload\" data-src=\"https:\/\/celina-tours.com\/blog\/wp-content\/uploads\/2025\/02\/BLOG-4-18.jpg\" alt=\"\" width=\"600\" height=\"353\" data-srcset=\"https:\/\/celina-tours.com\/blog\/wp-content\/uploads\/2025\/02\/BLOG-4-18.jpg 600w, https:\/\/celina-tours.com\/blog\/wp-content\/uploads\/2025\/02\/BLOG-4-18-300x177.jpg 300w\" data-sizes=\"(max-width: 600px) 100vw, 600px\" src=\"data:image\/svg+xml;base64,PHN2ZyB3aWR0aD0iMSIgaGVpZ2h0PSIxIiB4bWxucz0iaHR0cDovL3d3dy53My5vcmcvMjAwMC9zdmciPjwvc3ZnPg==\" style=\"--smush-placeholder-width: 600px; --smush-placeholder-aspect-ratio: 600\/353;\" \/><\/p>\n<p>&nbsp;<\/p>\n<p>Depois de explorar \u00c9vora, seguimos para uma vin\u00edcola alentejana, onde \u00e9 poss\u00edvel fazer uma degusta\u00e7\u00e3o de vinhos renomados e aprender sobre a produ\u00e7\u00e3o local. Algumas das melhores vin\u00edcolas para visitar s\u00e3o:<\/p>\n<p><strong>Herdade do Espor\u00e3o<\/strong><br \/>\n<strong>Adega Cartuxa<\/strong><br \/>\n<strong>Monte da Ravasqueira<\/strong><\/p>\n<h3>Retorno a Lisboa<\/h3>\n<p>No final da tarde, retornamos a Lisboa, encerrando tr\u00eas dias de passeios inesquec\u00edveis por Portugal.<\/p>\n<h2>Conclus\u00e3o<\/h2>\n<p>Se voc\u00ea deseja aproveitar ao m\u00e1ximo sua estadia em Lisboa, esses tr\u00eas tours oferecem uma experi\u00eancia completa, combinando hist\u00f3ria, cultura, paisagens naturais e gastronomia.<br \/>\nResumo dos 3 Tours:<\/p>\n<p><strong>Dia 1: Sintra, Cabo da Roca e Cascais<\/strong> \u2013 Pal\u00e1cios, vilas charmosas e paisagens impressionantes.<br \/>\n<strong>Dia 2: F\u00e1tima, Batalha, Nazar\u00e9 e \u00d3bidos<\/strong> \u2013 Hist\u00f3ria, f\u00e9 e aldeias medievais encantadoras.<br \/>\n<strong>Dia 3: \u00c9vora e Vin\u00edcolas do Alentejo<\/strong> \u2013 Patrim\u00f4nio hist\u00f3rico e degusta\u00e7\u00e3o de vinhos.<\/p>\n<p>Independentemente da sua escolha, esses passeios ir\u00e3o transformar sua visita a Lisboa em uma experi\u00eancia inesquec\u00edvel.<\/p>\n<p>Se voc\u00ea gostou deste roteiro, compartilhe e comece a planejar sua viagem! \ud83d\ude80\u2708\ufe0f<\/p>\n","protected":false},"excerpt":{"rendered":"<p>Melhores Tours a Partir de Lisboa: 3 Roteiros Imperd\u00edveis para Explorar em 3 Dias Se voc\u00ea planeja passar tr\u00eas dias&hellip;<\/p>\n","protected":false},"author":1,"featured_media":4305,"comment_status":"closed","ping_status":"closed","sticky":false,"template":"","format":"standard","meta":{"om_disable_all_campaigns":false,"footnotes":""},"categories":[112],"tags":[],"class_list":["post-4297","post","type-post","status-publish","format-standard","has-post-thumbnail","hentry","category-informaces-diversas"],"yoast_head":"<!-- This site is optimized with the Yoast SEO plugin v27.0 - https:\/\/yoast.com\/product\/yoast-seo-wordpress\/ -->\n<title>Tours com saida de Lisboa: O que visitar em 3 dias<\/title>\n<meta name=\"robots\" content=\"index, follow, max-snippet:-1, max-image-preview:large, max-video-preview:-1\" \/>\n<link rel=\"canonical\" href=\"https:\/\/celina-tours.com\/blog\/pt\/roteiro-com-saida-de-lisboa-o-que-visitar-em-3-dias\/\" \/>\n<meta property=\"og:locale\" content=\"pt_PT\" \/>\n<meta property=\"og:type\" content=\"article\" \/>\n<meta property=\"og:title\" content=\"Tours com saida de Lisboa: O que visitar em 3 dias\" \/>\n<meta property=\"og:description\" content=\"Melhores Tours a Partir de Lisboa: 3 Roteiros Imperd\u00edveis para Explorar em 3 Dias Se voc\u00ea planeja passar tr\u00eas dias&hellip;\" \/>\n<meta property=\"og:url\" content=\"https:\/\/celina-tours.com\/blog\/pt\/roteiro-com-saida-de-lisboa-o-que-visitar-em-3-dias\/\" \/>\n<meta property=\"article:publisher\" content=\"https:\/\/www.instagram.com\/celinatourspt\/\" \/>\n<meta property=\"article:published_time\" content=\"2025-02-06T14:00:09+00:00\" \/>\n<meta property=\"article:modified_time\" content=\"2025-02-07T13:53:09+00:00\" \/>\n<meta property=\"og:image\" content=\"https:\/\/celina-tours.com\/blog\/wp-content\/uploads\/2025\/02\/BLOG-4-14.jpg\" \/>\n\t<meta property=\"og:image:width\" content=\"600\" \/>\n\t<meta property=\"og:image:height\" content=\"353\" \/>\n\t<meta property=\"og:image:type\" content=\"image\/jpeg\" \/>\n<meta name=\"author\" content=\"ctours_blog\" \/>\n<meta name=\"twitter:card\" content=\"summary_large_image\" \/>\n<meta name=\"twitter:label1\" content=\"Escrito por\" \/>\n\t<meta name=\"twitter:data1\" content=\"ctours_blog\" \/>\n\t<meta name=\"twitter:label2\" content=\"Tempo estimado de leitura\" \/>\n\t<meta name=\"twitter:data2\" content=\"8 minutos\" \/>\n<script type=\"application\/ld+json\" class=\"yoast-schema-graph\">{\"@context\":\"https:\/\/schema.org\",\"@graph\":[{\"@type\":\"Article\",\"@id\":\"https:\/\/celina-tours.com\/blog\/pt\/roteiro-com-saida-de-lisboa-o-que-visitar-em-3-dias\/#article\",\"isPartOf\":{\"@id\":\"https:\/\/celina-tours.com\/blog\/pt\/roteiro-com-saida-de-lisboa-o-que-visitar-em-3-dias\/\"},\"author\":{\"name\":\"ctours_blog\",\"@id\":\"https:\/\/celina-tours.com\/blog\/#\/schema\/person\/e4611dfff819107474e643eb3c25e040\"},\"headline\":\"3 Tours com saida de Lisboa: O que visitar em 3 dias\",\"datePublished\":\"2025-02-06T14:00:09+00:00\",\"dateModified\":\"2025-02-07T13:53:09+00:00\",\"mainEntityOfPage\":{\"@id\":\"https:\/\/celina-tours.com\/blog\/pt\/roteiro-com-saida-de-lisboa-o-que-visitar-em-3-dias\/\"},\"wordCount\":1158,\"publisher\":{\"@id\":\"https:\/\/celina-tours.com\/blog\/#organization\"},\"image\":{\"@id\":\"https:\/\/celina-tours.com\/blog\/pt\/roteiro-com-saida-de-lisboa-o-que-visitar-em-3-dias\/#primaryimage\"},\"thumbnailUrl\":\"https:\/\/celina-tours.com\/blog\/wp-content\/uploads\/2025\/02\/BLOG-4-14.jpg\",\"articleSection\":[\"Outras Informa\u00e7\u00f5es\"],\"inLanguage\":\"pt-PT\"},{\"@type\":\"WebPage\",\"@id\":\"https:\/\/celina-tours.com\/blog\/pt\/roteiro-com-saida-de-lisboa-o-que-visitar-em-3-dias\/\",\"url\":\"https:\/\/celina-tours.com\/blog\/pt\/roteiro-com-saida-de-lisboa-o-que-visitar-em-3-dias\/\",\"name\":\"Tours com saida de Lisboa: O que visitar em 3 dias\",\"isPartOf\":{\"@id\":\"https:\/\/celina-tours.com\/blog\/#website\"},\"primaryImageOfPage\":{\"@id\":\"https:\/\/celina-tours.com\/blog\/pt\/roteiro-com-saida-de-lisboa-o-que-visitar-em-3-dias\/#primaryimage\"},\"image\":{\"@id\":\"https:\/\/celina-tours.com\/blog\/pt\/roteiro-com-saida-de-lisboa-o-que-visitar-em-3-dias\/#primaryimage\"},\"thumbnailUrl\":\"https:\/\/celina-tours.com\/blog\/wp-content\/uploads\/2025\/02\/BLOG-4-14.jpg\",\"datePublished\":\"2025-02-06T14:00:09+00:00\",\"dateModified\":\"2025-02-07T13:53:09+00:00\",\"breadcrumb\":{\"@id\":\"https:\/\/celina-tours.com\/blog\/pt\/roteiro-com-saida-de-lisboa-o-que-visitar-em-3-dias\/#breadcrumb\"},\"inLanguage\":\"pt-PT\",\"potentialAction\":[{\"@type\":\"ReadAction\",\"target\":[\"https:\/\/celina-tours.com\/blog\/pt\/roteiro-com-saida-de-lisboa-o-que-visitar-em-3-dias\/\"]}]},{\"@type\":\"ImageObject\",\"inLanguage\":\"pt-PT\",\"@id\":\"https:\/\/celina-tours.com\/blog\/pt\/roteiro-com-saida-de-lisboa-o-que-visitar-em-3-dias\/#primaryimage\",\"url\":\"https:\/\/celina-tours.com\/blog\/wp-content\/uploads\/2025\/02\/BLOG-4-14.jpg\",\"contentUrl\":\"https:\/\/celina-tours.com\/blog\/wp-content\/uploads\/2025\/02\/BLOG-4-14.jpg\",\"width\":600,\"height\":353},{\"@type\":\"BreadcrumbList\",\"@id\":\"https:\/\/celina-tours.com\/blog\/pt\/roteiro-com-saida-de-lisboa-o-que-visitar-em-3-dias\/#breadcrumb\",\"itemListElement\":[{\"@type\":\"ListItem\",\"position\":1,\"name\":\"In\u00edcio\",\"item\":\"https:\/\/celina-tours.com\/blog\/pt\/\"},{\"@type\":\"ListItem\",\"position\":2,\"name\":\"3 Tours com saida de Lisboa: O que visitar em 3 dias\"}]},{\"@type\":\"WebSite\",\"@id\":\"https:\/\/celina-tours.com\/blog\/#website\",\"url\":\"https:\/\/celina-tours.com\/blog\/\",\"name\":\"Celina Tours\",\"description\":\"\",\"publisher\":{\"@id\":\"https:\/\/celina-tours.com\/blog\/#organization\"},\"potentialAction\":[{\"@type\":\"SearchAction\",\"target\":{\"@type\":\"EntryPoint\",\"urlTemplate\":\"https:\/\/celina-tours.com\/blog\/?s={search_term_string}\"},\"query-input\":{\"@type\":\"PropertyValueSpecification\",\"valueRequired\":true,\"valueName\":\"search_term_string\"}}],\"inLanguage\":\"pt-PT\"},{\"@type\":\"Organization\",\"@id\":\"https:\/\/celina-tours.com\/blog\/#organization\",\"name\":\"Celina Tours\",\"url\":\"https:\/\/celina-tours.com\/blog\/\",\"logo\":{\"@type\":\"ImageObject\",\"inLanguage\":\"pt-PT\",\"@id\":\"https:\/\/celina-tours.com\/blog\/#\/schema\/logo\/image\/\",\"url\":\"https:\/\/celina-tours.com\/blog\/wp-content\/uploads\/2025\/01\/cropped-1-1.png\",\"contentUrl\":\"https:\/\/celina-tours.com\/blog\/wp-content\/uploads\/2025\/01\/cropped-1-1.png\",\"width\":300,\"height\":94,\"caption\":\"Celina Tours\"},\"image\":{\"@id\":\"https:\/\/celina-tours.com\/blog\/#\/schema\/logo\/image\/\"},\"sameAs\":[\"https:\/\/www.instagram.com\/celinatourspt\/\"]},{\"@type\":\"Person\",\"@id\":\"https:\/\/celina-tours.com\/blog\/#\/schema\/person\/e4611dfff819107474e643eb3c25e040\",\"name\":\"ctours_blog\",\"sameAs\":[\"https:\/\/celina-tours.com\/blog\"],\"url\":\"https:\/\/celina-tours.com\/blog\/author\/ctours_blog\/\"}]}<\/script>\n<!-- \/ Yoast SEO plugin. -->","yoast_head_json":{"title":"Tours com saida de Lisboa: O que visitar em 3 dias","robots":{"index":"index","follow":"follow","max-snippet":"max-snippet:-1","max-image-preview":"max-image-preview:large","max-video-preview":"max-video-preview:-1"},"canonical":"https:\/\/celina-tours.com\/blog\/pt\/roteiro-com-saida-de-lisboa-o-que-visitar-em-3-dias\/","og_locale":"pt_PT","og_type":"article","og_title":"Tours com saida de Lisboa: O que visitar em 3 dias","og_description":"Melhores Tours a Partir de Lisboa: 3 Roteiros Imperd\u00edveis para Explorar em 3 Dias Se voc\u00ea planeja passar tr\u00eas dias&hellip;","og_url":"https:\/\/celina-tours.com\/blog\/pt\/roteiro-com-saida-de-lisboa-o-que-visitar-em-3-dias\/","article_publisher":"https:\/\/www.instagram.com\/celinatourspt\/","article_published_time":"2025-02-06T14:00:09+00:00","article_modified_time":"2025-02-07T13:53:09+00:00","og_image":[{"width":600,"height":353,"url":"https:\/\/celina-tours.com\/blog\/wp-content\/uploads\/2025\/02\/BLOG-4-14.jpg","type":"image\/jpeg"}],"author":"ctours_blog","twitter_card":"summary_large_image","twitter_misc":{"Escrito por":"ctours_blog","Tempo estimado de leitura":"8 minutos"},"schema":{"@context":"https:\/\/schema.org","@graph":[{"@type":"Article","@id":"https:\/\/celina-tours.com\/blog\/pt\/roteiro-com-saida-de-lisboa-o-que-visitar-em-3-dias\/#article","isPartOf":{"@id":"https:\/\/celina-tours.com\/blog\/pt\/roteiro-com-saida-de-lisboa-o-que-visitar-em-3-dias\/"},"author":{"name":"ctours_blog","@id":"https:\/\/celina-tours.com\/blog\/#\/schema\/person\/e4611dfff819107474e643eb3c25e040"},"headline":"3 Tours com saida de Lisboa: O que visitar em 3 dias","datePublished":"2025-02-06T14:00:09+00:00","dateModified":"2025-02-07T13:53:09+00:00","mainEntityOfPage":{"@id":"https:\/\/celina-tours.com\/blog\/pt\/roteiro-com-saida-de-lisboa-o-que-visitar-em-3-dias\/"},"wordCount":1158,"publisher":{"@id":"https:\/\/celina-tours.com\/blog\/#organization"},"image":{"@id":"https:\/\/celina-tours.com\/blog\/pt\/roteiro-com-saida-de-lisboa-o-que-visitar-em-3-dias\/#primaryimage"},"thumbnailUrl":"https:\/\/celina-tours.com\/blog\/wp-content\/uploads\/2025\/02\/BLOG-4-14.jpg","articleSection":["Outras Informa\u00e7\u00f5es"],"inLanguage":"pt-PT"},{"@type":"WebPage","@id":"https:\/\/celina-tours.com\/blog\/pt\/roteiro-com-saida-de-lisboa-o-que-visitar-em-3-dias\/","url":"https:\/\/celina-tours.com\/blog\/pt\/roteiro-com-saida-de-lisboa-o-que-visitar-em-3-dias\/","name":"Tours com saida de Lisboa: O que visitar em 3 dias","isPartOf":{"@id":"https:\/\/celina-tours.com\/blog\/#website"},"primaryImageOfPage":{"@id":"https:\/\/celina-tours.com\/blog\/pt\/roteiro-com-saida-de-lisboa-o-que-visitar-em-3-dias\/#primaryimage"},"image":{"@id":"https:\/\/celina-tours.com\/blog\/pt\/roteiro-com-saida-de-lisboa-o-que-visitar-em-3-dias\/#primaryimage"},"thumbnailUrl":"https:\/\/celina-tours.com\/blog\/wp-content\/uploads\/2025\/02\/BLOG-4-14.jpg","datePublished":"2025-02-06T14:00:09+00:00","dateModified":"2025-02-07T13:53:09+00:00","breadcrumb":{"@id":"https:\/\/celina-tours.com\/blog\/pt\/roteiro-com-saida-de-lisboa-o-que-visitar-em-3-dias\/#breadcrumb"},"inLanguage":"pt-PT","potentialAction":[{"@type":"ReadAction","target":["https:\/\/celina-tours.com\/blog\/pt\/roteiro-com-saida-de-lisboa-o-que-visitar-em-3-dias\/"]}]},{"@type":"ImageObject","inLanguage":"pt-PT","@id":"https:\/\/celina-tours.com\/blog\/pt\/roteiro-com-saida-de-lisboa-o-que-visitar-em-3-dias\/#primaryimage","url":"https:\/\/celina-tours.com\/blog\/wp-content\/uploads\/2025\/02\/BLOG-4-14.jpg","contentUrl":"https:\/\/celina-tours.com\/blog\/wp-content\/uploads\/2025\/02\/BLOG-4-14.jpg","width":600,"height":353},{"@type":"BreadcrumbList","@id":"https:\/\/celina-tours.com\/blog\/pt\/roteiro-com-saida-de-lisboa-o-que-visitar-em-3-dias\/#breadcrumb","itemListElement":[{"@type":"ListItem","position":1,"name":"In\u00edcio","item":"https:\/\/celina-tours.com\/blog\/pt\/"},{"@type":"ListItem","position":2,"name":"3 Tours com saida de Lisboa: O que visitar em 3 dias"}]},{"@type":"WebSite","@id":"https:\/\/celina-tours.com\/blog\/#website","url":"https:\/\/celina-tours.com\/blog\/","name":"Celina Tours","description":"","publisher":{"@id":"https:\/\/celina-tours.com\/blog\/#organization"},"potentialAction":[{"@type":"SearchAction","target":{"@type":"EntryPoint","urlTemplate":"https:\/\/celina-tours.com\/blog\/?s={search_term_string}"},"query-input":{"@type":"PropertyValueSpecification","valueRequired":true,"valueName":"search_term_string"}}],"inLanguage":"pt-PT"},{"@type":"Organization","@id":"https:\/\/celina-tours.com\/blog\/#organization","name":"Celina Tours","url":"https:\/\/celina-tours.com\/blog\/","logo":{"@type":"ImageObject","inLanguage":"pt-PT","@id":"https:\/\/celina-tours.com\/blog\/#\/schema\/logo\/image\/","url":"https:\/\/celina-tours.com\/blog\/wp-content\/uploads\/2025\/01\/cropped-1-1.png","contentUrl":"https:\/\/celina-tours.com\/blog\/wp-content\/uploads\/2025\/01\/cropped-1-1.png","width":300,"height":94,"caption":"Celina Tours"},"image":{"@id":"https:\/\/celina-tours.com\/blog\/#\/schema\/logo\/image\/"},"sameAs":["https:\/\/www.instagram.com\/celinatourspt\/"]},{"@type":"Person","@id":"https:\/\/celina-tours.com\/blog\/#\/schema\/person\/e4611dfff819107474e643eb3c25e040","name":"ctours_blog","sameAs":["https:\/\/celina-tours.com\/blog"],"url":"https:\/\/celina-tours.com\/blog\/author\/ctours_blog\/"}]}},"_links":{"self":[{"href":"https:\/\/celina-tours.com\/blog\/wp-json\/wp\/v2\/posts\/4297","targetHints":{"allow":["GET"]}}],"collection":[{"href":"https:\/\/celina-tours.com\/blog\/wp-json\/wp\/v2\/posts"}],"about":[{"href":"https:\/\/celina-tours.com\/blog\/wp-json\/wp\/v2\/types\/post"}],"author":[{"embeddable":true,"href":"https:\/\/celina-tours.com\/blog\/wp-json\/wp\/v2\/users\/1"}],"replies":[{"embeddable":true,"href":"https:\/\/celina-tours.com\/blog\/wp-json\/wp\/v2\/comments?post=4297"}],"version-history":[{"count":6,"href":"https:\/\/celina-tours.com\/blog\/wp-json\/wp\/v2\/posts\/4297\/revisions"}],"predecessor-version":[{"id":4348,"href":"https:\/\/celina-tours.com\/blog\/wp-json\/wp\/v2\/posts\/4297\/revisions\/4348"}],"wp:featuredmedia":[{"embeddable":true,"href":"https:\/\/celina-tours.com\/blog\/wp-json\/wp\/v2\/media\/4305"}],"wp:attachment":[{"href":"https:\/\/celina-tours.com\/blog\/wp-json\/wp\/v2\/media?parent=4297"}],"wp:term":[{"taxonomy":"category","embeddable":true,"href":"https:\/\/celina-tours.com\/blog\/wp-json\/wp\/v2\/categories?post=4297"},{"taxonomy":"post_tag","embeddable":true,"href":"https:\/\/celina-tours.com\/blog\/wp-json\/wp\/v2\/tags?post=4297"}],"curies":[{"name":"wp","href":"https:\/\/api.w.org\/{rel}","templated":true}]}}