{"id":4171,"date":"2025-02-01T12:57:05","date_gmt":"2025-02-01T12:57:05","guid":{"rendered":"https:\/\/celina-tours.com\/blog\/?p=4171"},"modified":"2025-02-12T13:03:01","modified_gmt":"2025-02-12T13:03:01","slug":"delicieux-pasteis-de-belem-licone-de-la-patisserie-portugaise-qui-seduit-le-monde","status":"publish","type":"post","link":"https:\/\/celina-tours.com\/blog\/fr\/delicieux-pasteis-de-belem-licone-de-la-patisserie-portugaise-qui-seduit-le-monde\/","title":{"rendered":"D\u00e9licieux Past\u00e9is de Bel\u00e9m : L&#8217;ic\u00f4ne de la p\u00e2tisserie portugaise qui s\u00e9duit le monde"},"content":{"rendered":"<p>Les Past\u00e9is de Bel\u00e9m sont l\u2019une des p\u00e2tisseries les plus c\u00e9l\u00e8bres du Portugal. Avec leur p\u00e2te feuillet\u00e9e croustillante et leur cr\u00e8me onctueuse et l\u00e9g\u00e8rement caram\u00e9lis\u00e9e, ces petits d\u00e9lices ont conquis des g\u00e9n\u00e9rations de gourmands depuis pr\u00e8s de deux si\u00e8cles.<\/p>\n<p>Si vous avez d\u00e9j\u00e0 go\u00fbt\u00e9 un pastel de nata, vous devez absolument d\u00e9couvrir l\u2019original : le Pastel de Bel\u00e9m. Fabriqu\u00e9 selon une recette secr\u00e8te, transmise de g\u00e9n\u00e9ration en g\u00e9n\u00e9ration, il est devenu un v\u00e9ritable symbole de la gastronomie portugaise et une attraction incontournable pour les visiteurs de Lisbonne.<\/p>\n<p>Dans cet article, nous explorerons l\u2019histoire, les secrets de fabrication, les diff\u00e9rences avec les past\u00e9is de nata, ainsi que des astuces pour les d\u00e9guster au mieux. Nous verrons aussi comment ces p\u00e2tisseries portugaises sont devenues un ph\u00e9nom\u00e8ne mondial.<\/p>\n<h2>L\u2019histoire des Past\u00e9is de Bel\u00e9m<\/h2>\n<p><img decoding=\"async\" class=\"alignnone wp-image-4180 size-full lazyload\" data-src=\"https:\/\/celina-tours.com\/blog\/wp-content\/uploads\/2025\/02\/BLOG-2.jpg\" alt=\"\" width=\"600\" height=\"353\" data-srcset=\"https:\/\/celina-tours.com\/blog\/wp-content\/uploads\/2025\/02\/BLOG-2.jpg 600w, https:\/\/celina-tours.com\/blog\/wp-content\/uploads\/2025\/02\/BLOG-2-300x177.jpg 300w\" data-sizes=\"(max-width: 600px) 100vw, 600px\" src=\"data:image\/svg+xml;base64,PHN2ZyB3aWR0aD0iMSIgaGVpZ2h0PSIxIiB4bWxucz0iaHR0cDovL3d3dy53My5vcmcvMjAwMC9zdmciPjwvc3ZnPg==\" style=\"--smush-placeholder-width: 600px; --smush-placeholder-aspect-ratio: 600\/353;\" \/><\/p>\n<p>L\u2019origine des Past\u00e9is de Bel\u00e9m remonte au d\u00e9but du XIX\u1d49 si\u00e8cle. En 1837, dans le quartier de Bel\u00e9m \u00e0 Lisbonne, les moines du Monast\u00e8re des Hi\u00e9ronymites ont commenc\u00e9 \u00e0 vendre ces p\u00e2tisseries pour financer leur monast\u00e8re apr\u00e8s la R\u00e9volution lib\u00e9rale de 1820, qui entra\u00eena la fermeture de nombreuses institutions religieuses.<\/p>\n<p>Lorsque le monast\u00e8re fut ferm\u00e9 en 1834, un moine transmit la recette secr\u00e8te \u00e0 un homme d\u2019affaires local, qui lan\u00e7a alors la production dans une petite fabrique proche du monast\u00e8re. C\u2019est ainsi qu\u2019est n\u00e9e la F\u00e1brica dos Past\u00e9is de Bel\u00e9m, o\u00f9 la recette est toujours pr\u00e9par\u00e9e selon la tradition.<\/p>\n<p>Aujourd\u2019hui, ces p\u00e2tisseries sont l\u2019un des plus grands symboles culinaires du Portugal et attirent des millions de visiteurs chaque ann\u00e9e \u00e0 Lisbonne.<\/p>\n<h2>Pastel de Bel\u00e9m vs. Pastel de Nata : Quelle est la diff\u00e9rence ?<\/h2>\n<p>Beaucoup de gens confondent les Past\u00e9is de Bel\u00e9m avec les past\u00e9is de nata, vendus dans les boulangeries portugaises et \u00e0 l\u2019\u00e9tranger. Pourtant, il y a une diff\u00e9rence essentielle :<\/p>\n<p>Les Past\u00e9is de Bel\u00e9m sont pr\u00e9par\u00e9s exclusivement dans la fabrique originale, selon une recette secr\u00e8te et artisanale transmise de g\u00e9n\u00e9ration en g\u00e9n\u00e9ration.<br \/>\nLes past\u00e9is de nata, en revanche, sont une version plus courante, produite dans diverses p\u00e2tisseries et boulangeries au Portugal et dans le monde entier.<\/p>\n<p>M\u00eame si les past\u00e9is de nata sont d\u00e9licieux, ils n\u2019ont pas exactement la m\u00eame texture ni le m\u00eame go\u00fbt que les Past\u00e9is de Bel\u00e9m, qui b\u00e9n\u00e9ficient d\u2019un savoir-faire unique et d\u2019une technique de cuisson sp\u00e9cifique.<\/p>\n<table style=\"width: 732px; height: 210px;\">\n<tbody>\n<tr>\n<td style=\"width: 644.8px;\">\n<h3><img decoding=\"async\" class=\"wp-image-3974 alignleft lazyload\" data-src=\"https:\/\/celina-tours.com\/blog\/wp-content\/uploads\/2025\/01\/lisboa.jpg\" data-sizes=\"auto, (max-width: 182px) 100vw, 182px\" data-srcset=\"https:\/\/celina-tours.com\/blog\/wp-content\/uploads\/2025\/01\/lisboa.jpg 194w, https:\/\/celina-tours.com\/blog\/wp-content\/uploads\/2025\/01\/lisboa-150x150.jpg 150w\" alt=\"\" width=\"182\" height=\"182\" src=\"data:image\/svg+xml;base64,PHN2ZyB3aWR0aD0iMSIgaGVpZ2h0PSIxIiB4bWxucz0iaHR0cDovL3d3dy53My5vcmcvMjAwMC9zdmciPjwvc3ZnPg==\" style=\"--smush-placeholder-width: 182px; --smush-placeholder-aspect-ratio: 182\/182;\" \/><br \/>\nCONSULTEZ NOTRE VISITE \u00c0 LISBONNE<\/h3>\n<p><a href=\"https:\/\/celina-tours.com\/fr-visite-privee-lisbonne.php\" target=\"_blank\" rel=\"noopener\">Visite Priv\u00e9e Lisbonne Ici &gt;&gt;&gt;<\/a><\/p>\n<p><a href=\"https:\/\/celina-tours.com\/fr-visite-lisbonne-une-journee.php\" target=\"_blank\" rel=\"noopener\">Visite en Group Lisboone Ici\u00a0 &gt;&gt;&gt;<\/a><\/td>\n<\/tr>\n<\/tbody>\n<\/table>\n<h2>Le secret de la recette des Past\u00e9is de Bel\u00e9m<\/h2>\n<p>La recette des Past\u00e9is de Bel\u00e9m est l\u2019un des secrets les mieux gard\u00e9s de la gastronomie mondiale. Seuls quelques ma\u00eetres p\u00e2tissiers connaissent la v\u00e9ritable formule, et leur pr\u00e9paration se fait dans une zone restreinte de la fabrique.<\/p>\n<p>N\u00e9anmoins, voici les principaux ingr\u00e9dients connus :<br \/>\n\u2714 Une p\u00e2te feuillet\u00e9e ultra-fine et croustillante<br \/>\n\u2714 Une cr\u00e8me \u00e0 base de jaunes d\u2019\u0153ufs, de sucre, de lait et de farine<br \/>\n\u2714 Une surface l\u00e9g\u00e8rement caram\u00e9lis\u00e9e pour un \u00e9quilibre parfait des saveurs<\/p>\n<p>La cuisson des Past\u00e9is de Bel\u00e9m se fait dans des fours extr\u00eamement chauds, ce qui leur donne cette cro\u00fbte croustillante et cette cr\u00e8me onctueuse avec une touche de caramel sur le dessus.<\/p>\n<p>Malgr\u00e9 les nombreuses tentatives pour reproduire la recette, seuls les v\u00e9ritables Past\u00e9is de Bel\u00e9m ont cette saveur unique et inimitable.<\/p>\n<h2>Comment savourer les Past\u00e9is de Bel\u00e9m ?<\/h2>\n<p><img decoding=\"async\" class=\"alignnone wp-image-4181 size-full lazyload\" data-src=\"https:\/\/celina-tours.com\/blog\/wp-content\/uploads\/2025\/02\/BLOG-3.jpg\" alt=\"\" width=\"600\" height=\"353\" data-srcset=\"https:\/\/celina-tours.com\/blog\/wp-content\/uploads\/2025\/02\/BLOG-3.jpg 600w, https:\/\/celina-tours.com\/blog\/wp-content\/uploads\/2025\/02\/BLOG-3-300x177.jpg 300w\" data-sizes=\"(max-width: 600px) 100vw, 600px\" src=\"data:image\/svg+xml;base64,PHN2ZyB3aWR0aD0iMSIgaGVpZ2h0PSIxIiB4bWxucz0iaHR0cDovL3d3dy53My5vcmcvMjAwMC9zdmciPjwvc3ZnPg==\" style=\"--smush-placeholder-width: 600px; --smush-placeholder-aspect-ratio: 600\/353;\" \/><\/p>\n<p>Pour une exp\u00e9rience optimale, voici les meilleures fa\u00e7ons de d\u00e9guster un authentique Pastel de Bel\u00e9m :<\/p>\n<p>1\ufe0f\u20e3 D\u00e9gustez-les chauds : Ils sont toujours servis fra\u00eechement sortis du four, pour une texture parfaite.<br \/>\n2\ufe0f\u20e3 Ajoutez de la cannelle et du sucre glace : C\u2019est la mani\u00e8re traditionnelle portugaise d\u2019appr\u00e9cier ces p\u00e2tisseries.<br \/>\n3\ufe0f\u20e3 Accompagnez-les d\u2019un caf\u00e9 ou d\u2019un vin de Porto : L\u2019amertume du caf\u00e9 ou la douceur du Porto se marie \u00e0 merveille avec la douceur du pastel.<br \/>\n4\ufe0f\u20e3 Essayez-les directement \u00e0 la fabrique : Rien ne remplace l\u2019exp\u00e9rience de les d\u00e9guster dans leur lieu d\u2019origine, \u00e0 la F\u00e1brica dos Past\u00e9is de Bel\u00e9m \u00e0 Lisbonne.<\/p>\n<p>En suivant ces conseils, vous profiterez pleinement de ce joyau de la p\u00e2tisserie portugaise.<\/p>\n<h2>Les Past\u00e9is de Bel\u00e9m : un succ\u00e8s international<\/h2>\n<p>Les Past\u00e9is de Bel\u00e9m sont bien plus qu\u2019une simple p\u00e2tisserie : ils sont un v\u00e9ritable ph\u00e9nom\u00e8ne mondial. Chaque jour, des milliers de touristes font la queue devant la fabrique pour go\u00fbter ces c\u00e9l\u00e8bres petits g\u00e2teaux.<\/p>\n<p>Gr\u00e2ce \u00e0 leur succ\u00e8s, de nombreuses p\u00e2tisseries dans le monde essaient de les reproduire, mais seuls les originaux de Bel\u00e9m conservent leur saveur authentique.<\/p>\n<p>M\u00eame les grands chefs \u00e9toil\u00e9s int\u00e8grent aujourd\u2019hui des variantes du pastel de nata dans leurs menus, prouvant ainsi que cette p\u00e2tisserie a conquis la gastronomie internationale.<\/p>\n<h2>Curiosit\u00e9s sur les Past\u00e9is de Bel\u00e9m<\/h2>\n<p><img decoding=\"async\" class=\"alignnone wp-image-4178 size-full lazyload\" data-src=\"https:\/\/celina-tours.com\/blog\/wp-content\/uploads\/2025\/02\/BLOG-1.jpg\" alt=\"\" width=\"600\" height=\"353\" data-srcset=\"https:\/\/celina-tours.com\/blog\/wp-content\/uploads\/2025\/02\/BLOG-1.jpg 600w, https:\/\/celina-tours.com\/blog\/wp-content\/uploads\/2025\/02\/BLOG-1-300x177.jpg 300w\" data-sizes=\"(max-width: 600px) 100vw, 600px\" src=\"data:image\/svg+xml;base64,PHN2ZyB3aWR0aD0iMSIgaGVpZ2h0PSIxIiB4bWxucz0iaHR0cDovL3d3dy53My5vcmcvMjAwMC9zdmciPjwvc3ZnPg==\" style=\"--smush-placeholder-width: 600px; --smush-placeholder-aspect-ratio: 600\/353;\" \/><\/p>\n<p>\u2705 Plus de 20 000 past\u00e9is vendus par jour : La F\u00e1brica dos Past\u00e9is de Bel\u00e9m produit et vend des milliers de p\u00e2tisseries chaque jour !<br \/>\n\u2705 Une recette secr\u00e8te depuis pr\u00e8s de 200 ans : Seuls quelques p\u00e2tissiers connaissent la formule exacte.<br \/>\n\u2705 Records de vente : Pendant les f\u00eates, la fabrique peut vendre plus de 50 000 past\u00e9is en une seule journ\u00e9e !<br \/>\n\u2705 Un tr\u00e9sor national : Les Past\u00e9is de Bel\u00e9m sont l\u2019un des plus grands symboles gastronomiques du Portugal.<\/p>\n<h2>Conclusion<\/h2>\n<p>Les Past\u00e9is de Bel\u00e9m sont bien plus qu\u2019une simple p\u00e2tisserie : ils sont un v\u00e9ritable patrimoine culinaire du Portugal. Avec une recette secr\u00e8te et un go\u00fbt inimitable, ces petites douceurs s\u00e9duisent les gourmands du monde entier.<\/p>\n<p>Si vous voyagez \u00e0 Lisbonne, ne manquez pas l\u2019occasion de go\u00fbter l\u2019original dans la fabrique historique. Et si vous \u00eates loin, essayez une version maison pour une exp\u00e9rience gourmande unique.<\/p>\n<p>Avez-vous d\u00e9j\u00e0 go\u00fbt\u00e9 un Pastel de Bel\u00e9m ? Partagez votre exp\u00e9rience en commentaire ! \ud83e\udd50\u2728<\/p>\n","protected":false},"excerpt":{"rendered":"<p>Les Past\u00e9is de Bel\u00e9m sont l\u2019une des p\u00e2tisseries les plus c\u00e9l\u00e8bres du Portugal. Avec leur p\u00e2te feuillet\u00e9e croustillante et leur&hellip;<\/p>\n","protected":false},"author":1,"featured_media":4176,"comment_status":"closed","ping_status":"closed","sticky":false,"template":"","format":"standard","meta":{"om_disable_all_campaigns":false,"footnotes":""},"categories":[179],"tags":[],"class_list":["post-4171","post","type-post","status-publish","format-standard","has-post-thumbnail","hentry","category-gastronomie"],"yoast_head":"<!-- This site is optimized with the Yoast SEO plugin v27.0 - https:\/\/yoast.com\/product\/yoast-seo-wordpress\/ -->\n<title>Past\u00e9is de Bel\u00e9m : L&#039;ic\u00f4ne de la p\u00e2tisserie portugais Lisbonne<\/title>\n<meta name=\"description\" content=\"Les Past\u00e9is de Bel\u00e9m, une d\u00e9licatesse traditionnelle de Lisbonne avec une p\u00e2te croustillante et une garniture cr\u00e9meuse. En savoir plus sur ici\" \/>\n<meta name=\"robots\" content=\"index, follow, max-snippet:-1, max-image-preview:large, max-video-preview:-1\" \/>\n<link rel=\"canonical\" href=\"https:\/\/celina-tours.com\/blog\/fr\/delicieux-pasteis-de-belem-licone-de-la-patisserie-portugaise-qui-seduit-le-monde\/\" \/>\n<meta property=\"og:locale\" content=\"pt_PT\" \/>\n<meta property=\"og:type\" content=\"article\" \/>\n<meta property=\"og:title\" content=\"Past\u00e9is de Bel\u00e9m : L&#039;ic\u00f4ne de la p\u00e2tisserie portugais Lisbonne\" \/>\n<meta property=\"og:description\" content=\"Les Past\u00e9is de Bel\u00e9m, une d\u00e9licatesse traditionnelle de Lisbonne avec une p\u00e2te croustillante et une garniture cr\u00e9meuse. En savoir plus sur ici\" \/>\n<meta property=\"og:url\" content=\"https:\/\/celina-tours.com\/blog\/fr\/delicieux-pasteis-de-belem-licone-de-la-patisserie-portugaise-qui-seduit-le-monde\/\" \/>\n<meta property=\"article:publisher\" content=\"https:\/\/www.instagram.com\/celinatourspt\/\" \/>\n<meta property=\"article:published_time\" content=\"2025-02-01T12:57:05+00:00\" \/>\n<meta property=\"article:modified_time\" content=\"2025-02-12T13:03:01+00:00\" \/>\n<meta property=\"og:image\" content=\"https:\/\/celina-tours.com\/blog\/wp-content\/uploads\/2025\/02\/BLOG.jpg\" \/>\n\t<meta property=\"og:image:width\" content=\"600\" \/>\n\t<meta property=\"og:image:height\" content=\"353\" \/>\n\t<meta property=\"og:image:type\" content=\"image\/jpeg\" \/>\n<meta name=\"author\" content=\"ctours_blog\" \/>\n<meta name=\"twitter:card\" content=\"summary_large_image\" \/>\n<meta name=\"twitter:label1\" content=\"Escrito por\" \/>\n\t<meta name=\"twitter:data1\" content=\"ctours_blog\" \/>\n\t<meta name=\"twitter:label2\" content=\"Tempo estimado de leitura\" \/>\n\t<meta name=\"twitter:data2\" content=\"6 minutos\" \/>\n<script type=\"application\/ld+json\" class=\"yoast-schema-graph\">{\"@context\":\"https:\/\/schema.org\",\"@graph\":[{\"@type\":\"Article\",\"@id\":\"https:\/\/celina-tours.com\/blog\/fr\/delicieux-pasteis-de-belem-licone-de-la-patisserie-portugaise-qui-seduit-le-monde\/#article\",\"isPartOf\":{\"@id\":\"https:\/\/celina-tours.com\/blog\/fr\/delicieux-pasteis-de-belem-licone-de-la-patisserie-portugaise-qui-seduit-le-monde\/\"},\"author\":{\"name\":\"ctours_blog\",\"@id\":\"https:\/\/celina-tours.com\/blog\/#\/schema\/person\/e4611dfff819107474e643eb3c25e040\"},\"headline\":\"D\u00e9licieux Past\u00e9is de Bel\u00e9m : L&#8217;ic\u00f4ne de la p\u00e2tisserie portugaise qui s\u00e9duit le monde\",\"datePublished\":\"2025-02-01T12:57:05+00:00\",\"dateModified\":\"2025-02-12T13:03:01+00:00\",\"mainEntityOfPage\":{\"@id\":\"https:\/\/celina-tours.com\/blog\/fr\/delicieux-pasteis-de-belem-licone-de-la-patisserie-portugaise-qui-seduit-le-monde\/\"},\"wordCount\":1098,\"publisher\":{\"@id\":\"https:\/\/celina-tours.com\/blog\/#organization\"},\"image\":{\"@id\":\"https:\/\/celina-tours.com\/blog\/fr\/delicieux-pasteis-de-belem-licone-de-la-patisserie-portugaise-qui-seduit-le-monde\/#primaryimage\"},\"thumbnailUrl\":\"https:\/\/celina-tours.com\/blog\/wp-content\/uploads\/2025\/02\/BLOG.jpg\",\"articleSection\":[\"Gastronomie\"],\"inLanguage\":\"pt-PT\"},{\"@type\":\"WebPage\",\"@id\":\"https:\/\/celina-tours.com\/blog\/fr\/delicieux-pasteis-de-belem-licone-de-la-patisserie-portugaise-qui-seduit-le-monde\/\",\"url\":\"https:\/\/celina-tours.com\/blog\/fr\/delicieux-pasteis-de-belem-licone-de-la-patisserie-portugaise-qui-seduit-le-monde\/\",\"name\":\"Past\u00e9is de Bel\u00e9m : L'ic\u00f4ne de la p\u00e2tisserie portugais Lisbonne\",\"isPartOf\":{\"@id\":\"https:\/\/celina-tours.com\/blog\/#website\"},\"primaryImageOfPage\":{\"@id\":\"https:\/\/celina-tours.com\/blog\/fr\/delicieux-pasteis-de-belem-licone-de-la-patisserie-portugaise-qui-seduit-le-monde\/#primaryimage\"},\"image\":{\"@id\":\"https:\/\/celina-tours.com\/blog\/fr\/delicieux-pasteis-de-belem-licone-de-la-patisserie-portugaise-qui-seduit-le-monde\/#primaryimage\"},\"thumbnailUrl\":\"https:\/\/celina-tours.com\/blog\/wp-content\/uploads\/2025\/02\/BLOG.jpg\",\"datePublished\":\"2025-02-01T12:57:05+00:00\",\"dateModified\":\"2025-02-12T13:03:01+00:00\",\"description\":\"Les Past\u00e9is de Bel\u00e9m, une d\u00e9licatesse traditionnelle de Lisbonne avec une p\u00e2te croustillante et une garniture cr\u00e9meuse. En savoir plus sur ici\",\"breadcrumb\":{\"@id\":\"https:\/\/celina-tours.com\/blog\/fr\/delicieux-pasteis-de-belem-licone-de-la-patisserie-portugaise-qui-seduit-le-monde\/#breadcrumb\"},\"inLanguage\":\"pt-PT\",\"potentialAction\":[{\"@type\":\"ReadAction\",\"target\":[\"https:\/\/celina-tours.com\/blog\/fr\/delicieux-pasteis-de-belem-licone-de-la-patisserie-portugaise-qui-seduit-le-monde\/\"]}]},{\"@type\":\"ImageObject\",\"inLanguage\":\"pt-PT\",\"@id\":\"https:\/\/celina-tours.com\/blog\/fr\/delicieux-pasteis-de-belem-licone-de-la-patisserie-portugaise-qui-seduit-le-monde\/#primaryimage\",\"url\":\"https:\/\/celina-tours.com\/blog\/wp-content\/uploads\/2025\/02\/BLOG.jpg\",\"contentUrl\":\"https:\/\/celina-tours.com\/blog\/wp-content\/uploads\/2025\/02\/BLOG.jpg\",\"width\":600,\"height\":353},{\"@type\":\"BreadcrumbList\",\"@id\":\"https:\/\/celina-tours.com\/blog\/fr\/delicieux-pasteis-de-belem-licone-de-la-patisserie-portugaise-qui-seduit-le-monde\/#breadcrumb\",\"itemListElement\":[{\"@type\":\"ListItem\",\"position\":1,\"name\":\"In\u00edcio\",\"item\":\"https:\/\/celina-tours.com\/blog\/pt\/\"},{\"@type\":\"ListItem\",\"position\":2,\"name\":\"D\u00e9licieux Past\u00e9is de Bel\u00e9m : L&rsquo;ic\u00f4ne de la p\u00e2tisserie portugaise qui s\u00e9duit le monde\"}]},{\"@type\":\"WebSite\",\"@id\":\"https:\/\/celina-tours.com\/blog\/#website\",\"url\":\"https:\/\/celina-tours.com\/blog\/\",\"name\":\"Celina Tours\",\"description\":\"\",\"publisher\":{\"@id\":\"https:\/\/celina-tours.com\/blog\/#organization\"},\"potentialAction\":[{\"@type\":\"SearchAction\",\"target\":{\"@type\":\"EntryPoint\",\"urlTemplate\":\"https:\/\/celina-tours.com\/blog\/?s={search_term_string}\"},\"query-input\":{\"@type\":\"PropertyValueSpecification\",\"valueRequired\":true,\"valueName\":\"search_term_string\"}}],\"inLanguage\":\"pt-PT\"},{\"@type\":\"Organization\",\"@id\":\"https:\/\/celina-tours.com\/blog\/#organization\",\"name\":\"Celina Tours\",\"url\":\"https:\/\/celina-tours.com\/blog\/\",\"logo\":{\"@type\":\"ImageObject\",\"inLanguage\":\"pt-PT\",\"@id\":\"https:\/\/celina-tours.com\/blog\/#\/schema\/logo\/image\/\",\"url\":\"https:\/\/celina-tours.com\/blog\/wp-content\/uploads\/2025\/01\/cropped-1-1.png\",\"contentUrl\":\"https:\/\/celina-tours.com\/blog\/wp-content\/uploads\/2025\/01\/cropped-1-1.png\",\"width\":300,\"height\":94,\"caption\":\"Celina Tours\"},\"image\":{\"@id\":\"https:\/\/celina-tours.com\/blog\/#\/schema\/logo\/image\/\"},\"sameAs\":[\"https:\/\/www.instagram.com\/celinatourspt\/\"]},{\"@type\":\"Person\",\"@id\":\"https:\/\/celina-tours.com\/blog\/#\/schema\/person\/e4611dfff819107474e643eb3c25e040\",\"name\":\"ctours_blog\",\"sameAs\":[\"https:\/\/celina-tours.com\/blog\"],\"url\":\"https:\/\/celina-tours.com\/blog\/author\/ctours_blog\/\"}]}<\/script>\n<!-- \/ Yoast SEO plugin. -->","yoast_head_json":{"title":"Past\u00e9is de Bel\u00e9m : L'ic\u00f4ne de la p\u00e2tisserie portugais Lisbonne","description":"Les Past\u00e9is de Bel\u00e9m, une d\u00e9licatesse traditionnelle de Lisbonne avec une p\u00e2te croustillante et une garniture cr\u00e9meuse. En savoir plus sur ici","robots":{"index":"index","follow":"follow","max-snippet":"max-snippet:-1","max-image-preview":"max-image-preview:large","max-video-preview":"max-video-preview:-1"},"canonical":"https:\/\/celina-tours.com\/blog\/fr\/delicieux-pasteis-de-belem-licone-de-la-patisserie-portugaise-qui-seduit-le-monde\/","og_locale":"pt_PT","og_type":"article","og_title":"Past\u00e9is de Bel\u00e9m : L'ic\u00f4ne de la p\u00e2tisserie portugais Lisbonne","og_description":"Les Past\u00e9is de Bel\u00e9m, une d\u00e9licatesse traditionnelle de Lisbonne avec une p\u00e2te croustillante et une garniture cr\u00e9meuse. En savoir plus sur ici","og_url":"https:\/\/celina-tours.com\/blog\/fr\/delicieux-pasteis-de-belem-licone-de-la-patisserie-portugaise-qui-seduit-le-monde\/","article_publisher":"https:\/\/www.instagram.com\/celinatourspt\/","article_published_time":"2025-02-01T12:57:05+00:00","article_modified_time":"2025-02-12T13:03:01+00:00","og_image":[{"width":600,"height":353,"url":"https:\/\/celina-tours.com\/blog\/wp-content\/uploads\/2025\/02\/BLOG.jpg","type":"image\/jpeg"}],"author":"ctours_blog","twitter_card":"summary_large_image","twitter_misc":{"Escrito por":"ctours_blog","Tempo estimado de leitura":"6 minutos"},"schema":{"@context":"https:\/\/schema.org","@graph":[{"@type":"Article","@id":"https:\/\/celina-tours.com\/blog\/fr\/delicieux-pasteis-de-belem-licone-de-la-patisserie-portugaise-qui-seduit-le-monde\/#article","isPartOf":{"@id":"https:\/\/celina-tours.com\/blog\/fr\/delicieux-pasteis-de-belem-licone-de-la-patisserie-portugaise-qui-seduit-le-monde\/"},"author":{"name":"ctours_blog","@id":"https:\/\/celina-tours.com\/blog\/#\/schema\/person\/e4611dfff819107474e643eb3c25e040"},"headline":"D\u00e9licieux Past\u00e9is de Bel\u00e9m : L&#8217;ic\u00f4ne de la p\u00e2tisserie portugaise qui s\u00e9duit le monde","datePublished":"2025-02-01T12:57:05+00:00","dateModified":"2025-02-12T13:03:01+00:00","mainEntityOfPage":{"@id":"https:\/\/celina-tours.com\/blog\/fr\/delicieux-pasteis-de-belem-licone-de-la-patisserie-portugaise-qui-seduit-le-monde\/"},"wordCount":1098,"publisher":{"@id":"https:\/\/celina-tours.com\/blog\/#organization"},"image":{"@id":"https:\/\/celina-tours.com\/blog\/fr\/delicieux-pasteis-de-belem-licone-de-la-patisserie-portugaise-qui-seduit-le-monde\/#primaryimage"},"thumbnailUrl":"https:\/\/celina-tours.com\/blog\/wp-content\/uploads\/2025\/02\/BLOG.jpg","articleSection":["Gastronomie"],"inLanguage":"pt-PT"},{"@type":"WebPage","@id":"https:\/\/celina-tours.com\/blog\/fr\/delicieux-pasteis-de-belem-licone-de-la-patisserie-portugaise-qui-seduit-le-monde\/","url":"https:\/\/celina-tours.com\/blog\/fr\/delicieux-pasteis-de-belem-licone-de-la-patisserie-portugaise-qui-seduit-le-monde\/","name":"Past\u00e9is de Bel\u00e9m : L'ic\u00f4ne de la p\u00e2tisserie portugais Lisbonne","isPartOf":{"@id":"https:\/\/celina-tours.com\/blog\/#website"},"primaryImageOfPage":{"@id":"https:\/\/celina-tours.com\/blog\/fr\/delicieux-pasteis-de-belem-licone-de-la-patisserie-portugaise-qui-seduit-le-monde\/#primaryimage"},"image":{"@id":"https:\/\/celina-tours.com\/blog\/fr\/delicieux-pasteis-de-belem-licone-de-la-patisserie-portugaise-qui-seduit-le-monde\/#primaryimage"},"thumbnailUrl":"https:\/\/celina-tours.com\/blog\/wp-content\/uploads\/2025\/02\/BLOG.jpg","datePublished":"2025-02-01T12:57:05+00:00","dateModified":"2025-02-12T13:03:01+00:00","description":"Les Past\u00e9is de Bel\u00e9m, une d\u00e9licatesse traditionnelle de Lisbonne avec une p\u00e2te croustillante et une garniture cr\u00e9meuse. En savoir plus sur ici","breadcrumb":{"@id":"https:\/\/celina-tours.com\/blog\/fr\/delicieux-pasteis-de-belem-licone-de-la-patisserie-portugaise-qui-seduit-le-monde\/#breadcrumb"},"inLanguage":"pt-PT","potentialAction":[{"@type":"ReadAction","target":["https:\/\/celina-tours.com\/blog\/fr\/delicieux-pasteis-de-belem-licone-de-la-patisserie-portugaise-qui-seduit-le-monde\/"]}]},{"@type":"ImageObject","inLanguage":"pt-PT","@id":"https:\/\/celina-tours.com\/blog\/fr\/delicieux-pasteis-de-belem-licone-de-la-patisserie-portugaise-qui-seduit-le-monde\/#primaryimage","url":"https:\/\/celina-tours.com\/blog\/wp-content\/uploads\/2025\/02\/BLOG.jpg","contentUrl":"https:\/\/celina-tours.com\/blog\/wp-content\/uploads\/2025\/02\/BLOG.jpg","width":600,"height":353},{"@type":"BreadcrumbList","@id":"https:\/\/celina-tours.com\/blog\/fr\/delicieux-pasteis-de-belem-licone-de-la-patisserie-portugaise-qui-seduit-le-monde\/#breadcrumb","itemListElement":[{"@type":"ListItem","position":1,"name":"In\u00edcio","item":"https:\/\/celina-tours.com\/blog\/pt\/"},{"@type":"ListItem","position":2,"name":"D\u00e9licieux Past\u00e9is de Bel\u00e9m : L&rsquo;ic\u00f4ne de la p\u00e2tisserie portugaise qui s\u00e9duit le monde"}]},{"@type":"WebSite","@id":"https:\/\/celina-tours.com\/blog\/#website","url":"https:\/\/celina-tours.com\/blog\/","name":"Celina Tours","description":"","publisher":{"@id":"https:\/\/celina-tours.com\/blog\/#organization"},"potentialAction":[{"@type":"SearchAction","target":{"@type":"EntryPoint","urlTemplate":"https:\/\/celina-tours.com\/blog\/?s={search_term_string}"},"query-input":{"@type":"PropertyValueSpecification","valueRequired":true,"valueName":"search_term_string"}}],"inLanguage":"pt-PT"},{"@type":"Organization","@id":"https:\/\/celina-tours.com\/blog\/#organization","name":"Celina Tours","url":"https:\/\/celina-tours.com\/blog\/","logo":{"@type":"ImageObject","inLanguage":"pt-PT","@id":"https:\/\/celina-tours.com\/blog\/#\/schema\/logo\/image\/","url":"https:\/\/celina-tours.com\/blog\/wp-content\/uploads\/2025\/01\/cropped-1-1.png","contentUrl":"https:\/\/celina-tours.com\/blog\/wp-content\/uploads\/2025\/01\/cropped-1-1.png","width":300,"height":94,"caption":"Celina Tours"},"image":{"@id":"https:\/\/celina-tours.com\/blog\/#\/schema\/logo\/image\/"},"sameAs":["https:\/\/www.instagram.com\/celinatourspt\/"]},{"@type":"Person","@id":"https:\/\/celina-tours.com\/blog\/#\/schema\/person\/e4611dfff819107474e643eb3c25e040","name":"ctours_blog","sameAs":["https:\/\/celina-tours.com\/blog"],"url":"https:\/\/celina-tours.com\/blog\/author\/ctours_blog\/"}]}},"_links":{"self":[{"href":"https:\/\/celina-tours.com\/blog\/wp-json\/wp\/v2\/posts\/4171","targetHints":{"allow":["GET"]}}],"collection":[{"href":"https:\/\/celina-tours.com\/blog\/wp-json\/wp\/v2\/posts"}],"about":[{"href":"https:\/\/celina-tours.com\/blog\/wp-json\/wp\/v2\/types\/post"}],"author":[{"embeddable":true,"href":"https:\/\/celina-tours.com\/blog\/wp-json\/wp\/v2\/users\/1"}],"replies":[{"embeddable":true,"href":"https:\/\/celina-tours.com\/blog\/wp-json\/wp\/v2\/comments?post=4171"}],"version-history":[{"count":4,"href":"https:\/\/celina-tours.com\/blog\/wp-json\/wp\/v2\/posts\/4171\/revisions"}],"predecessor-version":[{"id":4190,"href":"https:\/\/celina-tours.com\/blog\/wp-json\/wp\/v2\/posts\/4171\/revisions\/4190"}],"wp:featuredmedia":[{"embeddable":true,"href":"https:\/\/celina-tours.com\/blog\/wp-json\/wp\/v2\/media\/4176"}],"wp:attachment":[{"href":"https:\/\/celina-tours.com\/blog\/wp-json\/wp\/v2\/media?parent=4171"}],"wp:term":[{"taxonomy":"category","embeddable":true,"href":"https:\/\/celina-tours.com\/blog\/wp-json\/wp\/v2\/categories?post=4171"},{"taxonomy":"post_tag","embeddable":true,"href":"https:\/\/celina-tours.com\/blog\/wp-json\/wp\/v2\/tags?post=4171"}],"curies":[{"name":"wp","href":"https:\/\/api.w.org\/{rel}","templated":true}]}}